{"id":10462,"date":"2010-05-24T00:00:00","date_gmt":"2006-11-06T00:00:00","guid":{"rendered":"https:\/\/intervius.com\/index.html\/?p=10462"},"modified":"2006-11-06T00:00:00","modified_gmt":"2006-11-06T00:00:00","slug":"Jose_Samano10462","status":"publish","type":"post","link":"https:\/\/intervius.com\/index.html\/Jose_Samano10462\/","title":{"rendered":"Jos\u00e9 S\u00e1mano"},"content":{"rendered":"<p>Pregunta.- \u00bfQu\u00e9 le parece el debut esta temporada de Usain Bolt sobre 100 y 200 metros lisos? \u00bfVeremos alg\u00fan r\u00e9cord del mundo suyo este a\u00f1o? Quiz\u00e1 el de 300&#8230;<\/p>\n<p>Respuesta.- Hola, buenas tardes y gracias por vuestra visita. Con Bolt se me agotaron los adjetivos en Pek\u00edn y le agradezco que ahora nos d\u00e9 un respiro. Me parece que domina las dos distancias de tal forma que gestiona el crono como quiere, cuando quiere y donde quiere. Un d\u00eda se levantar\u00e1 animado, quitar\u00e1 freno de mano y caer\u00e1 otro r\u00e9cord. Esta temporada a\u00fan no ha acelerado. Los superdotados son as\u00ed.<\/p>\n<p>P.- Jos\u00e9 presiento que no te gusta mucho Fernando Torres, es as\u00ed? por qu\u00e9?<\/p>\n<p>R.- Vaya por delante que Torres me parece un jugadorazo (y un gran tipo, por cierto). Y lo digo sin matices y no por ir a favor de corriente. Pero todos somos un poco mani\u00e1ticos y me sumbliman los delanteros de golpeo preciso (Romario, Ronaldo), aquellos que llegan al gol como lechugas. De Torres admiro su potencia y su arranque, pero su tacto con la pelota no es precisamente su mejor cualidad. Hay veces que llega algo desenfrenado all\u00e1 donde otros encienden todas las luces. Insisto: un jugadorazo de primera, pero los gustos son los gustos. <\/p>\n<p>P.- \u00bfNo le parece absolutamente irresponsable prescindir de Senna para el mundial?<\/p>\n<p>R.- No, para nada. Como todas las decisiones que ha tomado, me parece que de nuevo Del Bosque ha sido coherente. Senna est\u00e1 a punto de cumplir 34 a\u00f1os, lleva muchas temporadas de gran desgaste y las lesiones le han azotado. Adem\u00e1s, hay relevo: Sergi Busquets, un jugador de aire barrial, de aquellos que conocen todos los entresijos del juego. Sabe c\u00f3mo encontrar a Xavi, Silva o Iniesta; en caso contrario, da lo que algunos t\u00e9cnicos llaman el pase de seguridad, hacia alguno de los centrales para dar de nuevo salida a la jugada. Pega y recibe, para el partido cuando debe y sabe c\u00f3mo buscar las cosquillas al adversario. Una garant\u00eda junto a Xabi Alonso.<\/p>\n<p>P.- Hola Jos\u00e9 \u00bfCrees que el Atl\u00e9tico ha vuelto a ser un grande o esto ha sido solo un espejismo y volver\u00e1 a ser un equipo de medio pelo el a\u00f1o que viene?<\/p>\n<p>R.- Dir\u00eda que lo mejor del Atl\u00e9tico de este curso han sido tres aspectos: la apuesta por Quique, las irrupciones de De Gea y Dom\u00ednguez y la continuidad de Ag\u00fcero y Forl\u00e1n. \u00bfQu\u00e9 tal si el club profundiza en esas tres v\u00edas y a\u00f1ade alg\u00fan fichaje puntual para el medio campo?<\/p>\n<p>P.- Buenas tardes. \u00bf Qu\u00e9 jugadores de la actual plantilla del R. Madrid no continuar\u00e1n con Mourinho? \u00bfAceptar\u00e1 un Parejo, P. Le\u00f3n o Javi Mart\u00ednez? \u00bfHabr\u00e1 algun espa\u00f1ol m\u00e1s en la plantilla? \u00bfNos traer\u00e1 jugadores de 30 a\u00f1os? Dudas, muchas dudas.Gracias.<\/p>\n<p>R.- Mou est\u00e1 acostumbrado a los grandes supermercados. Al margen de Maicon, no s\u00e9 qu\u00e9 m\u00e1s querr\u00e1. A tenor de su paso por el Chelsea y el Inter, me temo del tama\u00f1o de Parejo tuvo uno por equipo: Deco en el Oporto; Joe Cole en Londres y Sneijder en Mil\u00e1n. Pero Mou es camale\u00f3nico y se adaptar\u00e1. Javi Mart\u00ednez no le disgustar\u00e1. Mourinho&#8230; Comes a time&#8230;<\/p>\n<p>P.- Hola Jose, No te parece absolutamente incompatible el car\u00e1cter y las formas de Mourinho con los de alguien comoValdano? Piensas que podr\u00e1n convivir en un mismo club o Valdano tendr\u00e1 que morderse mucho la lengua? Gracias. Marcos.<\/p>\n<p>R.- Si alguien de los dos es capaz de morderse la lengua ser\u00e1 Valdano. No veo a Mou en la escuela diplom\u00e1tica. <\/p>\n<p>P.- \u00bfDebe el Bar\u00e7a traspasar a Ibra tras la llegada de Villa?<\/p>\n<p>R.- Al Bar\u00e7a le vendr\u00e1 de perlas tener mayor profundidad de plantilla para otra temporada muy asfixiante. Villa, como ya hace en la selecci\u00f3n y, en ocasiones, en ese confuso Valencia de los \u00faltimos tiempos, parte desde la izquierda. A Pep Guardiola le gustan los atacantes que pueden barrer todo el frente, que juegan al espacio, que se desmarcan sin demora. Ese es Villa. Ibra tendr\u00e1 que aceptar la pelea y, en muchos partidos, su juego ser\u00e1 muy \u00fatil si no se ofusca. El f\u00fatbol no es \u00e1lgebra: esta misma temporada, la mejora de Messi al jugar por el centro llev\u00f3 consigo el baj\u00f3n de Ibra. Guardiola ya lo sabe y tendr\u00e1 que manejar las competencias porque Pedro y Bojan llegar\u00e1n en alza.<\/p>\n<p>P.- Buenas tardes Jos\u00e9. Le he leido en varias ocasiones que Xavi Hernandez es el mejor jugador espa\u00f1ol que ha visto. Le agradecer\u00eda que me contestara y me dijese a que nivel respecto a otros centrocampistas extranjeros (Zidane, Mathaus,&#8230;&#8230;)lo situar\u00eda. Gracias y un saludo. <\/p>\n<p>R.- Desde luego muy por encima de Matthaeus, en mi opini\u00f3n sobrevalorado, y, para Espa\u00f1a, tan relevante como Zidane para Francia. <\/p>\n<p>P.- Veo las declaraciones de Maradona de hoy, y me acuerdo del art\u00edculo (%u201CMessi y Maradona en el div\u00e1n%u201D &#8211; John Carlin) sobre el subconsciente del seleccionador argentino. O mucho cambian las cosas (dif\u00edcil a estas alturas) o a Leo le costar\u00e1 levantar cabeza despu\u00e9s de este mundial. No es de recibo que un chaval como Messi tenga que cargar, de la forma que lo est\u00e1 haciendo, con toda la responsabilidad que unos incompetentes (AFA) y un necio enDIOSado se est\u00e1n sacando de encima. \u00bfLo compartes?<\/p>\n<p>R.- Hoy mismo Maradona ya ha salido con las comparaciones: &#8220;Messi est\u00e1 mejor arropado que yo en el 86&#8221;. \u00bfSe refiere a Bilardo, a que sus compa\u00f1eros de M\u00e9xico eran mucho peores? De la actitud de Maradona depende, en un porcentaje importante, el resultado del Mundial. Puede ser cicuta pura para un equipazo, para una selecci\u00f3n donde se prefiere a Heinze que a Gaby Milito, donde Jon\u00e1s adelanta a Javier Zanetti, donde&#8230;<\/p>\n<p>P.- Me he cansado de escuchar esta ma\u00f1ana en la oficina alabanzas al comportamiento de Verdasco, \u00bf\u00fanicamente me parece a mi que fue un p\u00e9simo ejemplo de mala educaci\u00f3n y, por muy espa\u00f1ol que sea, habr\u00eda que decirlo? \u00bfqu\u00e9 pasar\u00eda si este hombre fuera futbolista y tuviera que soportar ambientes como la cancha del boca, el berbabeu o el camp nou en un cl\u00e1sico? <\/p>\n<p>R.- Su comportamiento en Niza fue deplorable, impropio de un deportista q<\/p>\n<p>P.- Hola Jos\u00e9. Soy madrile\u00f1o, tengo 24 a\u00f1os, y soy del Bar\u00e7a. Quiz\u00e1s por eso entienda que diga que, para m\u00ed, Laporta ha sido el mejor presidente que he visto del Barcelona (s\u00f3lo recuerdo la \u00faltima \u00e9poca de N\u00fa\u00f1ez, y Gaspart) \u00bfC\u00f3mo valora usted la presidencia de Laporta?<\/p>\n<p>R.- Un excelente presidente deportivo al sus veleidades pol\u00edticas le hicieron perder en ocasiones el norte y, de paso, procurar un reduccionismo social que el Bar\u00e7a transfronterizo no merec\u00eda.<\/p>\n<p>P.- le parece \u00e9tico el comportmiento del Real Madrid y de Mourinho en todo este culebr\u00f3n???? Las dos partes han olvidado que el REAL MADRID todav\u00eda tiene un entrenador en vigor???No cree que es una falta de respeto hacia la afici\u00f3n que TODAV\u00cdA le est\u00e1 pagando la ausencia de &#8220;MOU&#8221; en Mil\u00e1n para celebrar la Champions con sus socios???<\/p>\n<p>R.- Mire, ante el aluvi\u00f3n de preguntas al respecto contesto para todos. En mi opini\u00f3n, Jos\u00e9 Mourinho se ha saltado todos los c\u00f3digos \u00e9ticos, deontol\u00f3gicos y deportivos. En vez de respetar al Inter que le paga y fijar todos los sentidos en el partido m\u00e1s importante de una instituci\u00f3n como la neroazzurra en 45 a\u00f1os, estuvo una semana hablando del Real Madrid y qui\u00e9n sabe si haciendo gui\u00f1os a Maicon y alg\u00fan otro en un momento en el que no eran convenientes los despistes. En vez de acompa\u00f1ar a su equipo en la vuelta tras la final y festejar la Copa con la hinchada que tanto le ha masajeado el ego, se qued\u00f3 a dormir en Madrid para perfilar su acuerdo con el Madrid. En vez de respetar a su predecesor y esperar la salida oficial de Manuel Pellegrini, ha ninguneado por completo la situaci\u00f3n de un colega. Era cuesti\u00f3n de paciencia, pero la vanidad engorda el ombligo. Al Madrid nada parece haberle molestado. <\/p>\n<p>P.- Buenas tardes. \u00bfCree que Vicente del Bosque puede alinear en un mismo partido Cesc, Xavi y Iniesta al mismo tiempo? \u00bfcree que estos tres jugadores pueden ser compatibles a la vez en mismo equipo? Saludos<\/p>\n<p>R.- Es dif\u00edcil. Cesc e Iniesta llegan tocados. Creo que Busquets, Alonso y Xavi llevan ventaja para el medio, con Silva y Villa por las bandas y Torres como \u00fanico punta. Esa ha sido la idea m\u00e1s sostenida por Del Bosque desde el partido en A Coru\u00f1a ante B\u00e9lgica.<\/p>\n<p>P.- Hola Jose, \u00bf qu\u00e9 opini\u00f3n te merece la actitud de Iv\u00e1n Basso? A mi me parece un tio que ama profundamente su deporte y en el que se cumple que todo el mundo tiene derecho a una segunda oprtunidad (excepto Pellegrini, claro) El par\u00e9ntesis es con ironia, triste pero ironia.<\/p>\n<p>R.- Ha cumplido su sanci\u00f3n, ha trabajado duro y ahora le toca demostrar que se puede ganar limpio. Merece la oportunidad. <\/p>\n<p>P.- \u00bfComo ve la seleccion Brasile\u00f1a de futbol? Con Kaka en horas bajas, no parece que haya gandres estrellas Basile\u00f1as en el fulbol brasile\u00f1o actual. Cree que es un equipo con opcioner reales de ganar el mundial?<\/p>\n<p>R.- Para Brasil no hay antes y despu\u00e9s de un Mundial, hay Mundial, as\u00ed de simple y rotundo. No hay evento que enganche m\u00e1s a un futbolista. Por lo habitual despierta a los &#8220;muertos&#8221; y los jugadores sufren repentinas mutaciones milagrosas. Veremos con Kak\u00e1, Luis Fabiano&#8230;<\/p>\n<p>P.- De nuevo cambio de entrenador en el Real Madrid. Se pierde por tanto la virtud de la continuidad, pero, \u00bfQu\u00e9 m\u00e1s se pierde echando a Pellerini? \u00bfQu\u00e9 hemos visto en este Madrid que no tuviese el de Juande, Schuster o anteriores, salvo que en ataque est\u00e1 CR9 y en defensa no est\u00e1 Cannavaro? <\/p>\n<p>R.- Hag\u00e1monos la pregunta de otro modo. \u00bfY qu\u00e9 se gana con el fichaje de Mourinho? \u00bfA un &#8220;ganador&#8221; que se ir\u00e1 con alguna Copa y ninguna semilla? \u00bfEs que Capello no era un ganador? \u00bfEs que no lo era alguien que adoraba la F\u00e1brica de la cantera y gan\u00f3 dos Ligas y dos Copas de Europa como Del Bosque? El Madrid hace tiempo que no sabe lo que quiere. Ni cuando gana: recuerdo que cayeron Capello y Schuster, y casi con seguridad Pellegrini hubiera sido fulminado aun ganando la Liga.<\/p>\n<p>P.- Hola Pepe. que te parece la lista de Del Bosque? A mi me encanta a no ser por Senna. No crees que hab\u00eda que llevarlo aunque est\u00e9 medio lesionado. El Madrid se estrope\u00f3 cuando vendi\u00f3 a Makelele, el Barca perdi\u00f3 en Milan porque falto Yaya Toure. Espero que Espa\u00f1a no se quede otra vez en cuartos por no tener un medio centro en condiciones<\/p>\n<p>R.- Para mi es una lista impecable. Est\u00e1n aquellos que mejor temporada han hecho. Como dijo el propio Del Bosque es una lista hecha con la cabeza, no con el coraz\u00f3n. Y, de paso, es un mensaje para todo el grupo. En los vestuarios, cuando el entrenador muestra sus debilidades su autoridad se resiente. \u00bfHay alguien que perciba en esta lista alg\u00fan caso como el de Henry y Heinze, por ejemplo, convocados sin m\u00e9ritos, sino por su pasado o relaciones personales?<\/p>\n<p>P.- Ya estamos en Segunda &#8230; !!!!! Que emoci\u00f3n Jos\u00e9 !!! <\/p>\n<p>R.- Enhorabuena. Recuerdo a aquel Granada de colores horizontales, el de Montero Castillo, Aguirre Su\u00e1rez, Izcoa, Falito, Fern\u00e1ndez, Due\u00f1as, Lis, \u00d1ito, Porta, Barrios, Ja\u00e9n&#8230; \u00a1Qu\u00e9 miedo! Ojal\u00e1 sea el primer paso de una gran aventura tras a\u00f1os de ostracismo. Los C\u00e1rmenes, \u00a1qu\u00e9 recuerdos!<\/p>\n<p>P.- Buenas tardes Jos\u00e9. Lorenzo o Pedrosa?<\/p>\n<p>R.- Lo siento, no soy un gran experto en motociclismo, pero me gusta la chispa de Lorenzo, sobre todo ahora que se ha mesurado un poco. Pedrosa me parece m\u00e1s met\u00f3dico. Ah, tambi\u00e9n adoro a Rossi, por cierto. <\/p>\n<p>P.- crees que bojan deber\u00eda haber estado en la selecci\u00f3n? <\/p>\n<p>R.- No, ha llegado tarde y Villa y Torres son cosa seria. Y Pedro tambi\u00e9n. <\/p>\n<p>P.- \u00bf Porqu\u00e9 informan tan poco de la Segunda Divisi\u00f3n ? Ahora mismo, cuando hay equipos de ciudades tan importantes como San Sebasti\u00e1n, Sevilla o Valencia jug\u00e1ndose el ascenso, con entradas de hasta 50.000 espectadores -Real Sociedad-Betis del domingo &#8211; s\u00f3lo merecen de EL PAIS que el resultado puro y duro ?<\/p>\n<p>R.- Ojal\u00e1 hubiera m\u00e1s p\u00e1ginas, pero la crisis aprieta y el papel se reduce. De aqu\u00ed al final de la temporada prometo poner mucho m\u00e1s el acento en la Segunda.<\/p>\n","protected":false},"excerpt":{"rendered":"<p>Tras la victoria del Barcelona en la Liga, se disputan los dos \u00faltimos t\u00edtulos de la temporada, la Copa del Rey y la final de la Liga de Campeones. El redactor Jefe de Deportes de EL PA\u00cdS, Jos\u00e9 S\u00e1mano, ha charlado con los lectores sobre estos dos partidos, as\u00ed como del resto de la actualidad deportiva.<br \/>\nARCHIVO DE ENTREVISTAS:<br \/>\n10 de mayo<br \/>\n3 de mayo &#8211; 26 de abril<br \/>\n19 de abril &#8211; 12 de abril<br \/>\n29 de marzo &#8211; 22 de marzo<br \/>\n15 de marzo &#8211; 8 de marzo<br \/>\n&#8211; 1 de marzo &#8211; 22 de febrero<br \/>\n&#8211; 15 de febrero 8 de febrero<br \/>\n&#8211; 1 de febrero &#8211; 18 de enero<br \/>\n11 de enero 21 de diciembre<br \/>\n14 de diciembre &#8211; 7 de diciembre<br \/>\n30 de noviembre &#8211; 23 de noviembre<br \/>\n&#8211; 16 de noviembre &#8211; 9 de noviembre<br \/>\n&#8211; 2 de noviembre -26 de octubre<br \/>\n&#8211; 26 de octubre -19 de octubre<br \/>\n&#8211; 5 de octubre &#8211; 28 de septiembre<br \/>\n&#8211; 21 de septiembre &#8211; 14 de septiembre<\/p>\n","protected":false},"author":1,"featured_media":0,"comment_status":"open","ping_status":"open","sticky":false,"template":"","format":"standard","meta":{"footnotes":""},"categories":[],"tags":[],"class_list":["post-10462","post","type-post","status-publish","format-standard","hentry"],"_links":{"self":[{"href":"https:\/\/intervius.com\/index.html\/wp-json\/wp\/v2\/posts\/10462","targetHints":{"allow":["GET"]}}],"collection":[{"href":"https:\/\/intervius.com\/index.html\/wp-json\/wp\/v2\/posts"}],"about":[{"href":"https:\/\/intervius.com\/index.html\/wp-json\/wp\/v2\/types\/post"}],"author":[{"embeddable":true,"href":"https:\/\/intervius.com\/index.html\/wp-json\/wp\/v2\/users\/1"}],"replies":[{"embeddable":true,"href":"https:\/\/intervius.com\/index.html\/wp-json\/wp\/v2\/comments?post=10462"}],"version-history":[{"count":0,"href":"https:\/\/intervius.com\/index.html\/wp-json\/wp\/v2\/posts\/10462\/revisions"}],"wp:attachment":[{"href":"https:\/\/intervius.com\/index.html\/wp-json\/wp\/v2\/media?parent=10462"}],"wp:term":[{"taxonomy":"category","embeddable":true,"href":"https:\/\/intervius.com\/index.html\/wp-json\/wp\/v2\/categories?post=10462"},{"taxonomy":"post_tag","embeddable":true,"href":"https:\/\/intervius.com\/index.html\/wp-json\/wp\/v2\/tags?post=10462"}],"curies":[{"name":"wp","href":"https:\/\/api.w.org\/{rel}","templated":true}]}}