{"id":10458,"date":"2010-05-21T00:00:00","date_gmt":"2006-11-06T00:00:00","guid":{"rendered":"https:\/\/intervius.com\/index.html\/?p=10458"},"modified":"2006-11-06T00:00:00","modified_gmt":"2006-11-06T00:00:00","slug":"Tomas_Guasch10458","status":"publish","type":"post","link":"https:\/\/intervius.com\/index.html\/Tomas_Guasch10458\/","title":{"rendered":"Tom\u00e1s Guasch"},"content":{"rendered":"<p>Pregunta.- Tom\u00e1s, estoy desolado, Obrevo se retira. \u00bfNo puedes llamarle tu y decirle que se lo piense?<\/p>\n<p>Respuesta.- Estoy en ello desde que conoc\u00ed tan triste noticia. Conf\u00edo en dar con \u00e9l en breve y convencerle de que no nos abandone. De momento te adelanto que las banderas en el Camp Nou ondean a media asta en se\u00f1al de duelo. \u00a1Algo se muere en el alma cuando un amigo se va&#8230;!<\/p>\n<p>P.- \u00bfA quien echa de menos en la lista para el Mundial? <\/p>\n<p>R.- A Bojan pues me parece que a d\u00eda de hoy en nuestro delantero m\u00e1s fresco e inspirado. Sentimentalmente a Marcos Senna, tambi\u00e9n a Cazorla. Pero lo de Bojan en primer lugar.<\/p>\n<p>P.- \u00bfCu\u00e1nto tiempo tardar\u00e1 Michel en entrenar al Real Madrid?<\/p>\n<p>R.- Pues no tengo ni idea. Espero que tarde un poquito a ver si Mourinho es el elegido por la Providencia para estar m\u00e1s de una temporada en el banquillo del Madrid, que ya toca. Y a M\u00edchel no se le pasa el arroz&#8230;<\/p>\n<p>P.- Hola Tom\u00e1s. Viendo el fichaje de Villa y el posible de Cesc por el Bar\u00e7a y si llega alg\u00fan refuerzo m\u00e1s para la defensa \u00bfTienes ya enchufado el cag\u00f3metro para el a\u00f1o que viene?. \u00bfDuermes bien pensando en ello?. Un saludo monstruo.<\/p>\n<p>R.- Totalmente enchufado: me temo que van a sumar 180 puntos, m\u00e1s de lo que estar\u00e1n en disputa. Duermo mal, para qu\u00e9 te voy a enga\u00f1ar. \u00a1Veremos c\u00f3mo contragolpea el Madrid! Pero que ese equipo del Bar\u00e7a da miedo, segur\u00edsimo.<\/p>\n<p>P.- Ayer un programa de Tv,lanzo la noticia de que Gonzalo Higuain lo tenia hecho con el Chelsea al 90%,\u00bfQue veracidad le da a esta noticia?.Gracias.<\/p>\n<p>R.- Pues desconozco el asunto, pero como el f\u00fatbol es loco tampoco me extra\u00f1ar\u00eda. Valdano dijo que el Pipa es intransferible, luego lo normal es que lo vendan. No s\u00e9, en serio, no me parece raro que lo quiera el Chelsea, m\u00e1s raro me parecer\u00eda que lo vendiera el Madrid. <\/p>\n<p>P.- Hola Tomas . Creo que la prueba de fuego de Florentino para ver si habia aprendido de sus errores o no era la continuidad de Pellegrini y la renovacion de Higuain .Pellegrini ya es historia y el Pipita tiene pie y medio fuera ,yo creo que Floren se esta cambando su propia tumba , hay multitud de foros y paginas en internet pidiendo la continuidad de ambos .\u00bf Es consciente Floren que otro a\u00f1o en blanco podria hacer todo saltar por los aires y llevarsele por delante ? <\/p>\n<p>R.- Pues me supongo que s\u00ed es consciente porque la apuesta es fuerte y si no resulta, miau. Ha perdido la confianza en el entrenador, no quiere mantenerlo y despedirlo en noviembre si las cosas se tuercen. Le pone Mourinho, que tengan suerte. Y sobre Higua\u00edn ya coment\u00e9 que me parecer\u00e1 raro que lo vendan. <\/p>\n<p>P.- Hola Tomas lo mismo que Messina esta pegando la petardada en baloncesto \u00bfve usted algun simil en el futuro madrid con Mou en el puesto de entrenador y haciendole un equipo a su gusto? un saludo&#8230;.<\/p>\n<p>R.- Pues no s\u00e9, son deportes distintos y es natural que un entrenador trate de hacer el equipo a su medida. Ah\u00ed est\u00e1 Guardiola y el n\u00famero Etoo-Ibra para acabar fichando a Villa. Lo sorprendente es lo del Madrid de baloncesto, eso s\u00ed que no lo entiende nadie.<\/p>\n<p>P.- Sobre la lista mundialista creo que, por primera vez desde que tengo uso de raz\u00f3n, el sr. Vicente del Bosque ha confeccionado un grupo de jugadores que ha puesto de acuerdo a la totalidad de los que seguimos el f\u00fatbol en el pa\u00eds. Creo que es dif\u00edcil encontrar un seguidor que no se llevar\u00eda como m\u00ednimo 20 de los jugadores que ha elegido Del Bosque. \u00bfQu\u00e9 opina usted?<\/p>\n<p>R.- Pues que estamos de acuerdo y te dir\u00e9 m\u00e1s, no discutir\u00edamos en 22. El que resta es ese jugador que nos permite a todos so\u00f1ar con que somos el seleccionador y llevar\u00edamos a Pepe en vez de a Juan. Pero s\u00ed, la lista es incuestionable.<\/p>\n<p>P.- posiblemente,es la mejor selecion de todos los tiempos. AUPA ESPA\u00d1A Y VIVA EXTREMADURA&#8230; <\/p>\n<p>R.- Sin duda que lo es. Nuestros mayores hablar\u00edan de la de Chile62, pero no result\u00f3. Es una grand\u00edsdima selecci\u00f3n, vivan Extremadura y sus colonias.<\/p>\n<p>P.- El actual presidente del Real Madrid habl\u00f3 de espa\u00f1olizar el equipo. La pasada temporada no se pudo fichar a Villa por 5 millones de \u20ac., que el pr\u00f3ximo a\u00f1o jugar\u00e1 en el Barcelona junto a Cesc y, a lo mejor, Torres. As\u00ed pues, \u00bfqueda alg\u00fan jugador espa\u00f1ol con suficiente categor\u00eda para jugar en el Real Madrid?<\/p>\n<p>R.- Silva y Javi Mart\u00ednez, por ejemplo. Que no son rusos precisamente. Sobre esos tres no hubo manera de arreglar con el Valencia, tampoco lo consigui\u00f3 el Bar\u00e7a, el a\u00f1o pasado y como lleg\u00f3 Benzema est\u00e1 claro que otro ariete o similar no cab\u00eda. Cesc quiere jugar en el Bar\u00e7a&#8230; y Torres y su entorno jam\u00e1s ir\u00edan al Madrid, al menos eso dicen. En estos dos, ni Florentino ni Bernab\u00e9u que volviera tendr\u00edan nada que rascar, me temo. <\/p>\n<p>P.- Hola Gran Guasch.\u00bfCuanto tiempo vamos a tardar el madridismo en darnos cuenta de que Florentino nos esta volviendo a enga\u00f1ar (Pellegrini, Messina, MOURINHO etc..)??\u00bfPor que hay tanto miedo en la prensa de aqui de Madrid a denunciar que ha fracasado??\u00bfTan poderoso es??\u00bfEl fichaje del portugues por el Madrid es un arma electoral de algun precandidato del Barsa??Saludos y que nos sea leve&#8230;<\/p>\n<p>R.- Hombre, no conozco un solo aficionado al baloncesto, empezando por m\u00ed mismo, que cuestionara la llegada de Messina. Que las cosas no le est\u00e1n saliendo bien, es evidente. Pero que estamos ante uno de los mejores entrenadores de Europa, amigo, eso no se discute. Y sobre Mourinho, pues vamos a ver. No pienso que se deba hablar de fracaso en el primer a\u00f1o de un mandato presidencial de cuatro. Que el Madrid no ha respondido a lo que se esperaba de \u00e9l lo admite incluso Florentino. Y a m\u00ed miedo me da mi mujer cuando se enfada, o sea que por ah\u00ed, tampoco. Que nos sea leve, dices. Por supuesto: el Madrid vuelve a reinventarse ante un Bar\u00e7a que se refuerza. Bonito y peligroso reto, claro. <\/p>\n<p>P.- \u00bfDentro de cu\u00e1ntas temporadas podremos disfrutar de un derby asturiano en Primera Divisi\u00f3n?<\/p>\n<p>R.- Pues si el Oviedo sube este a\u00f1o, uno menos que si no lo hace. Entre uno y dos a\u00f1os pienso yo, ya toca&#8230;<\/p>\n<p>P.- Buenos dias Tomas , Te vi cuando estubistes aqui en mi pueblo Olvera , Bueno a lo que iva ,\u00bf Como tiene el madrid la poca verguenza de presionar a una institucion madridista como raul ? Y ya espero que me resuelva esta gran duda que tengo , soy madridista ,y lo que esta pasando de que el madrid no gane titulos no es culpa ni de pellegrini , ni del presidente ni de nadie , es culpa de la aficion , que somos tan ignorantes que con un fichaje galactico que se aga nos olvidamos del fracaso de temporada que se ha hecho y alabamos a la direccion merengue por ese fichaje , pero la pregunta es : \u00bf vale ribery , silva o rooney , un alcorconazo, lyonazo y doble derrota ante el bar\u00e7a? Porque para mi no en desde luego, mas trabajadores y menos estrellitas <\/p>\n<p>R.- No estoy muy de acuerdo con eso de Ra\u00fal: \u00e9l ha dicho que esperar\u00e1 a saber qu\u00e9 pasa en el banquillo, hablar\u00e1 con el entrenador, o sea Mourinho, y decidir\u00e1. Y sobre lo dem\u00e1s, es una opini\u00f3n interesante, pero no creo que al Madrid de este a\u00f1o se le pueda acusar de estrellita, por m\u00e1s alcorconazo y lyonazo que padeciera. Le ha faltado algo, m\u00e1s calidad, para mejorar una temporada que es cierto no ha sido la que se esperaba. <\/p>\n<p>P.- Hola Tom\u00e1s, me interesar\u00eda saber tu opini\u00f3n sobre la campa\u00f1a anti-Pellegrini que se est\u00e1 haciendo, \u00bfNo crees que si le diesen continuidad y los refuerzos que \u00e9l pida, se le podr\u00eda dar otra oportunidad?, lo digo porque con una plantilla nueva y descompensada (recordemos que no tiene ni Lateral izquierdo ni un centro del campo de toque) ha batido record de puntos, de victorias y casi de goles&#8230;Gracias y un saludo (y sigue dando tanta ca\u00f1a!!!)<\/p>\n<p>R.- Sin duda que se le podr\u00eda dar, pero no lo ve as\u00ed el mando blanco. Seguro que con una plantilla m\u00e1s compensada, y espabilando los jugadores que este a\u00f1o han estado dormidos, la historia ser\u00eda otra. Ca\u00f1a y le\u00f1a al mono hasta que hable ingl\u00e9s.<\/p>\n<p>P.- Hola Tomas que jugador crees que le vendr\u00eda bien al Madrid para acompa\u00f1ar a Xabi Alonso en el centro del campo que no sean ni Silva ni Javi Martinez? Te gusta algun extranjero joven de estas caracter\u00edsticas? viva el espanyol y el madrid <\/p>\n<p>R.- \u00a1Viva! Yo es que creo que Xabi se basta en su posici\u00f3n y que lo que debe venir es gente pelotera, gente que aumente el nivel de juego del Madrid. Por ah\u00ed le duele al equipo. Y me gustar\u00eda m\u00e1s que fuera espa\u00f1ola esa gente. Veremos.<\/p>\n<p>P.- \u00bfTom\u00e1s crees que el Real Madrid necesita cambiar de t\u00e9cnico?<\/p>\n<p>R.- Pienso que no. Pero si el mando est\u00e1 convencido y dispuesto a hacer en oto\u00f1o lo que va a hacer ahopra porque no conf\u00eda en Pellegrini, que lo haga y no pierda mas tiempo.<\/p>\n<p>P.- Hola Tomas quiero saber tu opinion de si Drogba seria un buen fichaje para el Real Madrid este a\u00f1o<\/p>\n<p>R.- Para este a\u00f1o, para el anterior y para cuando le vi con el Marsella en el Bernab\u00e9u hace cinco o seis a\u00f1os. Palmaron 4-2 creo recordar en Champions, (o 4-1, no se) y coment\u00e9 que hab\u00eda visto un delantero con pinta magn\u00edfica: era \u00e9l&#8230; y se lo llev\u00f3 el Chelsea. Sin duda que soy el secretario t\u00e9cnico que necesita el Madrid desde hace 15 a\u00f1os, por no decir 30. Pero no me dan bola&#8230;<\/p>\n<p>P.- que hay de cierto de que el espanyol anda por fichar a Van Nilsteroy Visca lespanyol!!!!!<\/p>\n<p>R.- Pochettino me dijo ayer que por lo que cobra el holand\u00e9s habr\u00eda que vender el campo y volver a Montju\u00efc para pagarle: nada, l\u00edos de repersentantes.<\/p>\n<p>P.- Buenas Gran Guasch! Es un hecho q sin las ayudas arbitrales q le han dado unos 7 puntos ilegales al barca la liga la hubiera ganado el Madrid. \u00bfrealmente crees q el Madrid necesita tantos cambios con stos numeros sin ayudas?<\/p>\n<p>R.- Pues las ayudas han estado y estar\u00e1n, no tiene nada que ver con que el Madrid cambie un a\u00f1o y otro y otro de entrenador. Yo, lo que digo, es que alguno habr\u00e1 en el mundo, quiz\u00e1 Mourinho, capaz de estar 2\/3 a\u00f1os en el club. <\/p>\n<p>P.- buenas tom\u00e1s, mi pregunta es la siguiente. que te parece la nueva situacion del xerez cd?? nuevo culebron del verano??<\/p>\n<p>R.- Pues seguramente y es una pena porque el equipo demostr\u00f3 con su cuajo y verg\u00fcenza torera que merece un club estable y como Dios manda. Ojal\u00e1 todo evolucione para bien.<\/p>\n<p>P.- tomas unas palabritas para el rayo vallecano y su aficion<\/p>\n<p>R.- Pues aquella de \u00a1Vallecas naci\u00f3n, Rayo selecci\u00f3n! Siempre me parecisteis gente admirable, orgullosa de su historia y de su presente, es magn\u00edfica la labor del club en el f\u00fatbol base, con las chicas&#8230; El a\u00f1o no ha sido bueno para el primer equipo, pero el Rayo tiene base para pensar en tiempos deportivamente mejores. Su trabajo en el barrio es fenomenal, pienso que debeis estar muy orgullosos del club, desde do\u00f1a Teresa al \u00faltimo alev\u00edn y a toda esa buena gente que quiere tant\u00edsimo al club. Mucha suerte, de verdad.<\/p>\n<p>P.- Guasch.\u00bfPor qu\u00e9 no reconoce\u00eds que el verdadero ser superior es Joan Laporta?Van a pasar los a\u00f1os y vais a seguir teneindo pesadillas con \u00e9l.Qu\u00e9 presidente!<\/p>\n<p>R.- Pues yo, de pesadilla ni una. Admito que ha sido un magn\u00edfico presidente en la gesti\u00f3n deportiva, pero para nada el se\u00f1orazo que debe ser el presidente del Bar\u00e7a. F\u00edjate que muchos vicepresidentes que lo son o fueron se presentan a las elecciones y ninguno quiere asociarse al nombre de Laporta siendo como es el presidente m\u00e1s laureado de la historia del club en lo futbol\u00edstico. Le conoc\u00ed antes de serlo y me ha decepcionado much\u00edsimo. Y lo peor es que ha decepcionado a personas que le ayudaron decisivamente a ser eso, el presidente m\u00e1s laureado. Como dec\u00eda mi abuela, tanta gloria lleva como deja. <\/p>\n<p>P.- Gran Guasch, \u00bfes cierto que Baraja suena para el Valladolid?. Es viejo, pero lo considero lo suficientemente bueno como para jugar en un primera, ahora, si viene, \u00a1yo encantado!<\/p>\n<p>R.- Pues claro que encantado. Es un t\u00edo con experiencia, buena gente, con recorrido todav\u00eda. Si ficha ser\u00e1 un acierto.<\/p>\n<p>P.- a quien votarias para president del bar\u00e7a? se sabe a que dedicara el tiempo libre Laporta?<\/p>\n<p>R.- Yo votar\u00eda a Rosell. Y Laporta no se define al respecto, no acaba de entrar en pol\u00edtica, por ejemplo. Yo siempre le vi tratando de enchufarse en FIFA o UEFA, estirando el momio del f\u00fatbol. No tengo ni idea.<\/p>\n<p>P.- grande, grande Guasch. Vista la cl\u00e1usula de ese genio que es Javi Mart\u00ednez, \u00bfno podr\u00eda Florentino intentar falsificar la partida de nacimiento de Mamad\u00fa Diarraungoecheand\u00eda y coloc\u00e1rselo al Athletic de Bilbao en el traspaso? Tambi\u00e9n puede intentarlo con Gagondiaguren o Granerorena, a ver si cuelan. \u00bfNo es excesivo 30 millones por un chaval?<\/p>\n<p>R.- \u00a1Ja, ja! Pero no va a colar: los del Atheltic si una cosa tienen es un pelo de tontos. Trata de ofecerles a Kristiano Ronaldogabicaronatec\u00e9tera e igual pican. Pero lo otro&#8230; Y lo de los 30 millones me parece razonable: \u00a1haberlo fichado cuando estaba en Osasuna! Lo hizo el Athletic y es normal\u00edsimo que se asegure un dinero si el Madrid u otro lo quiere. Es el caso de Llorente tambi\u00e9n. Normal.<\/p>\n<p>P.- hola Tom\u00e1s, la operaci\u00f3n Mourinho, ficha e indemnizaci\u00f3n incluida, nos cuesta 50 millones de euros.\u00bfNo crees que es una pasada y que se le ficha m\u00e1s como un antidoto cul\u00e9 que por su filosof\u00eda futbol\u00edstica? Creo que Florentino nos lleva a un nuevo &#8220;GALACTICIDIO&#8221;.<\/p>\n<p>R.- El t\u00edo es caro, eso ya lo sab\u00edamos. Si ficha, acierta y el Madrid gana parecer\u00e1 barato, es lo de siempre. Y lo del ant\u00eddoto no es exclusiva suya: el entrenador del Madrid debe ser un ant\u00eddoto respecto al Bar\u00e7a y viceversa&#8230; y algo m\u00e1s: un se\u00f1or que haga que el Madrid juegue bien al f\u00fatbol. Pero que hablamos de una pasta gansa, segur\u00edsimo. <\/p>\n","protected":false},"excerpt":{"rendered":"<p>El subdirector del Diario As, Tom\u00e1s Guasch, ha charlado con los lectores sobre toda la actualidad futbol\u00edstica, poniendo especial atenci\u00f3n en la lista de 23 convocados por Del Bosque para el pr\u00f3ximo Mundial de Sud\u00e1frica <\/p>\n<p>ARCHIVO DE ENTREVISTAS:<br \/>\n06 de mayo &#8211; 30 de abril &#8211; 16 de abril &#8211; 09 de abril &#8211; 25 de marzo &#8211; 18 de marzo &#8211; 12 de marzo &#8211; 05 de marzo &#8211; 26 de febrero &#8211; 19 de febrero &#8211; 12 de febrero &#8211; 05 de febrero &#8211; 29 de enero &#8211; 22 de enero &#8211; 15 de enero &#8211; 08 de enero &#8211; 31 de diciembre &#8211; 23 de diciembre &#8211; 18 de diciembre &#8211; 27 de noviembre 13 de noviembre 5 de noviembre 30 de octubre 5 de noviembre 23de octubre 16de octubre 9 de octubre &#8211; 2 de octubre &#8211; 25 de septiembre &#8211; 16 de septiembre &#8211; 10 de septiembre &#8211; 04 de septiembre &#8211; 21 de agosto &#8211; 14 de agosto &#8211; 7 de agosto &#8211; 31 de julio &#8211; 23 de julio &#8211; 17 de julio &#8211; 10 de julio &#8211; 03 de julio &#8211; 26 de junio &#8211; 19 de junio &#8211; 12 de junio &#8211; 04 de junio &#8211; 29 de mayo &#8211; 22 de mayo &#8211; 15 de mayo &#8211; 08 de mayo &#8211; 30 de abril &#8211; 24 de abril &#8211; 17 de abril &#8211; 03 de abril &#8211; 27 de marzo &#8211; 20 de marzo &#8211; 13 de marzo &#8211; 6 de marzo &#8211; 20 de febrero &#8211; 23 de enero &#8211; 16 de enero &#8211; 9 de enero &#8211; 2 de enero &#8211; 26 de diciembre &#8211; 5 de diciembre &#8211; 28 de noviembre &#8211; 21 de noviembre &#8211; 14 de noviembre &#8211; 28 de junio &#8211; 25 de junio &#8211; 21 de junio &#8211; 17 de junio &#8211; 13 de junio &#8211; 9 de junio <\/p>\n","protected":false},"author":1,"featured_media":0,"comment_status":"open","ping_status":"open","sticky":false,"template":"","format":"standard","meta":{"footnotes":""},"categories":[],"tags":[],"class_list":["post-10458","post","type-post","status-publish","format-standard","hentry"],"_links":{"self":[{"href":"https:\/\/intervius.com\/index.html\/wp-json\/wp\/v2\/posts\/10458","targetHints":{"allow":["GET"]}}],"collection":[{"href":"https:\/\/intervius.com\/index.html\/wp-json\/wp\/v2\/posts"}],"about":[{"href":"https:\/\/intervius.com\/index.html\/wp-json\/wp\/v2\/types\/post"}],"author":[{"embeddable":true,"href":"https:\/\/intervius.com\/index.html\/wp-json\/wp\/v2\/users\/1"}],"replies":[{"embeddable":true,"href":"https:\/\/intervius.com\/index.html\/wp-json\/wp\/v2\/comments?post=10458"}],"version-history":[{"count":0,"href":"https:\/\/intervius.com\/index.html\/wp-json\/wp\/v2\/posts\/10458\/revisions"}],"wp:attachment":[{"href":"https:\/\/intervius.com\/index.html\/wp-json\/wp\/v2\/media?parent=10458"}],"wp:term":[{"taxonomy":"category","embeddable":true,"href":"https:\/\/intervius.com\/index.html\/wp-json\/wp\/v2\/categories?post=10458"},{"taxonomy":"post_tag","embeddable":true,"href":"https:\/\/intervius.com\/index.html\/wp-json\/wp\/v2\/tags?post=10458"}],"curies":[{"name":"wp","href":"https:\/\/api.w.org\/{rel}","templated":true}]}}