{"id":10432,"date":"2012-06-07T00:00:00","date_gmt":"2006-11-06T00:00:00","guid":{"rendered":"https:\/\/intervius.com\/index.html\/?p=10432"},"modified":"2006-11-06T00:00:00","modified_gmt":"2006-11-06T00:00:00","slug":"Angel_Corella10432","status":"publish","type":"post","link":"https:\/\/intervius.com\/index.html\/Angel_Corella10432\/","title":{"rendered":"\u00c1ngel Corella"},"content":{"rendered":"<p>Pregunta.- \u00bfPor qu\u00e9 el retiro si a\u00fan no has cumplido los 40? Te he visto bailar en el American Ballet y aun estas en plena forma. Otra pregunta: \u00bfPor qu\u00e9 dejaste ir a la bailarina Adyayris Almeida? Vi su &#8220;Bayadere&#8221; con tu compa\u00f1\u00eda y estuvo espectacular.<\/p>\n<p>Respuesta.- Hola a todos. Gracias por estar hoy aqu\u00ed conmigo. Tratar\u00e9 de contestar a todos con la mayor claridad. A tu primera pregunta. Despu\u00e9s de cuatro a\u00f1os de anadadura del Barcelona Ballet y tener que compaginar el dirigir, bailar, coreografiar y adem\u00e1s ser artista invitado de diferentes compa\u00f1\u00edas como el Royal Ballet, el Bolshoy, el Ballet de Australia, etc\u00e9tera y seguir siendo bailar\u00edan prinicipal del American Ballet, era muy dif\u00edcil continuar a ese ritmo. De todas fomas la compa\u00f1\u00eda lo ha entendido perfectamente. Me van a hacer una gran fiesta de despedida el 28 de junio en el Metropolitan de Nueva York bailando &#8220;El Lago de los cisnes&#8221;. <\/p>\n<p>P.- He visto el ensayo de tu compa\u00f1\u00eda y he comprobado la profesionalidad y el nivelazo de todo el elenco. Lo que m\u00e1s me ha sorprendido, sin embargo, es esa gran cristalera que permite ver la clase desde la calle y que es la mejor manera de sacar el ballet a la calle para que mucha gente lo descubra. Esto no es habitual. \u00bfCrees que en Barcelona las compa\u00f1\u00edas de danza se han cerrado demasiado en s\u00ed mismas y no han sabido conquistar nuevos p\u00fablicos?<\/p>\n<p>R.- A la segunda pregunta de nuestro primer amigo, en algunas ocasiones los bailarines toman decisiones personales que tienen que ver con su vida cotidiana y Adyaris, al ser pareja de Joseph Gatty, y su familia vivir en Estados Unidos quisieron estar cerca de sus familiares. No obstante, la relaci\u00f3n sigue siendo muy buena y tenemos grandes bailarinas dentro de la compa\u00f1\u00eda con gente queriendo audicionar diariamente. A la pregunta de Joaqu\u00edn, creo que es importante que la gente se sienta involucrada y descubra c\u00f3mo ha evolucionado la danza cl\u00e1sica en todas partes del mundo menos en Espa\u00f1a. La gran mayor\u00eda de las compa\u00f1\u00edas que se pod\u00edan ver eran danza contempor\u00e1nea y las instalaciones casi siempre est\u00e1n en estudios donde no hay acceso para poder verlas. Nosotros creemos que la compa\u00f1\u00eda tiene que estar cerca del p\u00fablico y de la gente de Barcelona. Y esta es sola la primera iniciativa que vamos a tener. Nuestro planteamiento es tratar de hacer espect\u00e1culos al aire libre abiertos al p\u00fablico y frente a edificios emblem\u00e1ticos donde la gente no solamente pueda disfrutar de la fant\u00e1stica arquitectura de Barcelona sino tambi\u00e9n de la belleza de la danza.<\/p>\n<p>P.- A d\u00eda de hoy muchas compa\u00f1\u00edas crean productos audiovisuales con los que presentarse al p\u00fablico, ya sea a trav\u00e9s del cine (como las retransmisiones en directo que organizan desde Par\u00eds, Londres o Mosc\u00fa&#8230;) o de las nuevas tecnolog\u00edas (a traves de Youtube). \u00bfCree que lo audiovisual puede ayudar a modernizar y, por qu\u00e9 no, mediatizar el ballet? \u00bfQu\u00e9 caracter\u00edsticas cree que tienen que tener estos productos para llegar al p\u00fablico?<\/p>\n<p>R.- Es muy importante que la danza est\u00e9 en todos los medios de comunicaci\u00f3n y sobre todo audiovisuales ya que la danza es primordialmente visual. pPl\u00edculas como &#8220;El cisne negro&#8221;, &#8220;El \u00faltimo bailar\u00edn de Mao&#8221;.. han hecho que la danza se descubra en Espa\u00f1a y que se cree mucho m\u00e1s p\u00fablico. En Estados Unidos se han realizado programas de televisi\u00f3n dedicados a la danza, como &#8220;Born to be wild&#8221; (los cuatro mejores bailarines del mundo, Ethan Stiefel, Johan Koborg, Nicolae Thechcaritza y yo) o &#8220;El Lago de los cisnes&#8221; del American Ballet con el que gan\u00e9 un premio Emy. <\/p>\n<p>P.- No le quiero preguntar, le quiero decir que NO SE RINDA. Luche con ese esp\u00edritu generoso y art\u00edstico, que ya llegar\u00e1 la ayuda. Qu\u00e9 bendici\u00f3n su equipo de bailarines que aceptan y soportan esta situaci\u00f3n junto a usted.<\/p>\n<p>R.- Muchas gracias. La verdad es que muchas veces uno quiere tirar la toalla sobre todo por la situaci\u00f3n por la que est\u00e1 pasando el pa\u00eds y el pedir ayudas a veces te hace sentir mal cuando se est\u00e1 recortando en educaci\u00f3n y medicina, pero creo que la danza es una de las artes m\u00e1s importantes y entra dentro de la educaci\u00f3n de un pa\u00eds. Adem\u00e1s, los bailarines tambi\u00e9n tenemos que comer y que pagar nuestros apartamentos y hasta el momento no hab\u00eda ninguna compa\u00f1\u00eda donde pudiesemos optar a un puesto de trabajo.<\/p>\n<p>P.- Hola \u00c1ngel. Admiro profundamente tu trabajo t\u00e9cnico como bailar\u00edn, pero sobretodo la pasi\u00f3n que le pones a cada rol que interpretas. Ver tu Sigfrido en &#8220;El Lago&#8221; con Murphy, es casi como ver una obra de teatro textual. Si la vida quiere puede ser que dentro de poco comience a formarme como bailar\u00edn. Tengo 22 a\u00f1os. \u00bfMerece la pena la decisi\u00f3n que puedo tomar? Saludos y \u00e9xitos.<\/p>\n<p>R.- Siempre merece la pena si tienes pasi\u00f3n por ello. Adem\u00e1s, no por hacer publicidad pero la hago el 3 de septiembre comenzamos con la Escuela Internacional de Danza en Barcelona donde impartiremos clases por la ma\u00f1ana para adultos de todas las edades y de todos los niveles. Adem\u00e1s de las clases, por la tarde para los chicos j\u00f3venes desde los 4 a\u00f1os. Tendremos un curso de verano donde se podr\u00e1 apuntar cualquier persona tambi\u00e9n de cualquier edad y ser\u00e1 todo el mes de julio. La escuela estar\u00e1 en los mismos estudios que tiene la compa\u00f1\u00eda en Barcelona, en la calle de Ortigosa, n\u00famero 10-12, detr\u00e1s del Palau de la M\u00fasica.<\/p>\n<p>P.- Muchos son los grandes recuerdos que nos deja a todos sus seguidores tras sus 17 a\u00f1os como primera figura del American Ballet Theatre, los que le hemos seguido temporada tras temporada en el Met le echaremos de menos. \u00bfQu\u00e9 se lleva usted de toda esta \u00e9poca? Thank you, Angel <\/p>\n<p>R.- Sobre todo, el cari\u00f1o incondicional del p\u00fablico y el haber aprendido todos estos grandes ballets de mano de grandes profesionales. Para mi siempre ser\u00e1 como mi segunda casa.<\/p>\n<p>P.- Se acaba de presentar en Estados Unidos con su compa\u00f1\u00eda, el Corella Ballet, \u00bfC\u00f3mo le ha ido?<\/p>\n<p>R.- El p\u00fablico estuvo puesto en pie todas las noches con los teatros llenos y con gran \u00e9xito de la cr\u00edtica. Casi todos los bailarines estaban entusiasmados ya que ninguno nos esper\u00e1bamos una reacci\u00f3n tan positiva. Ha sido un gran cambio el regresar a Estados Unidos con el nombre de Barcelona y con un repertorio que nos diferencia de todas las otras compa\u00f1\u00edas del mundo. Y nos hemos vuelto con otro contrato para regresar en 2013 a Nueva York, Detroit, Houston, Nueva Orleans y Los Angeles.<\/p>\n<p>P.- Eres uno de los mejores bailarines de ballet de los \u00faltimos 15 a\u00f1os, pero para llegar donde has llegado has tenido que trabajar diariamente desde muy peque\u00f1o muchas horas y muy duro, \u00bfen alg\u00fan momento has sentido la sensaci\u00f3n de que para llegar a donde has llegado has tenido que sacrificar demasiado?<\/p>\n<p>R.- Si te paras a pensar y a analizar si que ha habido muchas cosas que no he podido disfrutar sobre todo en mi adolescencia ya que pasaba todo el d\u00eda en los estudios pero cuando tienes una pasi\u00f3n tan grande por una profesi\u00f3n a la que adoras, la balanza siempre se inclina hacia el lado que siempre he deseado.<\/p>\n<p>P.- \u00bfQu\u00e9 es bailar para ti?<\/p>\n<p>R.- Para mi es todo. Es mi forma de expresarme.<\/p>\n<p>P.- Cuando \u00e9ramos ricos no conseguimos crear escuelas de calidad m\u00e1s all\u00e1 de la de M\u00fasica Reina Sof\u00eda de Madrid de las que puedan surgir grandes talentos art\u00edsticos de los que nutrirnos. Si finalmente consigue abrir la escuela de danza cl\u00e1sica en Figueras con la ambici\u00f3n que ha dicho pero no puede mantener la compa\u00f1\u00eda de ballet, \u00bfde qu\u00e9 nos servir\u00e1 tener una cantera de bailarines cl\u00e1sico con talento m\u00e1s que para exportarlos si no disponemos de ninguna compa\u00f1\u00eda en la que pued<\/p>\n<p>R.- Ese es el motivo por el que comenzamos con la compa\u00f1\u00eda para que todo el mundo se diese cuenta de lo importante que es tener una compa\u00f1\u00eda de danza cl\u00e1sica propia y que no haya que esperar a que vengan las de fuera que se nutren de nuestros bailarines formados en Espa\u00f1a y que teni\u00e9ndolos todos aqu\u00ed tenemos una de las mejores compa\u00f1\u00edas del mundo. Tambi\u00e9n para los teatros es una reducci\u00f3n de coste importante ya que no tendr\u00edan que costear billetes de avi\u00f3n, hoteles, escenograf\u00edas, cach\u00e9s&#8230;Tendr\u00e1n una compa\u00f1\u00eda en casa, con mayor nivel y con bailarines que el p\u00fablico conociese y que estuviese deseando que saliesen las entradas a la venta para ir a verlos y no bailarines que no se conocen y que pueden sorprenderte pero no siempre para bien.<\/p>\n<p>P.- \u00bfNo ser\u00e1 que Espa\u00f1a no es pa\u00eds para una compa\u00f1\u00eda de ballet cl\u00e1sico?<\/p>\n<p>R.- La Compa\u00f1\u00eda Nacional de Danza se transform\u00f3 en una compa\u00f1\u00eda de contempor\u00e1neo creyendo que el coste iba a ser menor y se ha mantenido la misma subvenci\u00f3n que antes del cambio. Es un esnobismo el pensar que en Espa\u00f1a no interesa una compa\u00f1\u00eda de danza cl\u00e1sica cuando en TODOS los paises y grandes teatros tienen una compa\u00f1\u00eda cl\u00e1sica. \u00bfQu\u00e9 nos hace diferentes?<\/p>\n<p>P.- \u00bfPeligra por la crisis econ\u00f3mica la escuela de ballet que ha revisto abrir en 2014 en Figueras?<\/p>\n<p>R.- No, sigue con su curso. El alcalde de Figueres, Santi Vila, nos est\u00e1 apoyando al cien por cien.<\/p>\n<p>P.- \u00bfEs el sino del bailar\u00edn espa\u00f1ol marchar al extranjero para poder trabajar en una buena y si es posible gran compa\u00f1\u00eda de ballet?<\/p>\n<p>R.- Hasta el momenro s\u00ed que era. Gracias a nuestra compa\u00f1\u00eda estamos tratando de que no sea as\u00ed. Nos encantar\u00eda poder acoger a todos los bailarines que terminan su formaci\u00f3n. Esperamos en un futuro poder hacerlo.<\/p>\n<p>P.- \u00bfQu\u00e9 opini\u00f3n te merecen programas como el americano &#8220;So you think you can dance&#8221; para impulsar la carrera de un bailar\u00edn? \u00bfTe hubieras presentado a un programa de este tipo en los inicios de tu carrera?<\/p>\n<p>R.- Me han invitado a ir a ese programa. Cualquier programa de televisi\u00f3n que trate con respeto el mundo de la danza puede ayudar. El problema con estos programas es que nunca tocan el mundo de la danza cl\u00e1sica ya que para bailar danza cl\u00e1sica se necesita un entrenamiento muy espec\u00edfico.<\/p>\n<p>P.- Se ha fogeado ya como core\u00f3grafo, \u00bfse siente bien en el papel de cara al futuro<\/p>\n<p>R.- Aunque he coreografiado en muchas ocasiones, prefiero dejar la oportunidad a otros core\u00f3grafos que tenemos dentro de la compa\u00f1\u00eda como Rusell Ducker o Kirill Radev o colaborar con core\u00f3grafos catalanes que puedan aportar ideas y enriquecer el repertorio de la compa\u00f1\u00eda.<\/p>\n<p>P.- \u00bfEligi\u00f3 usted el personaje de pr\u00edncipe Sigfried del &#8220;El lago de los cisnes&#8221; para despedirse del American Ballet? Si es as\u00ed, \u00bfpor qu\u00e9?<\/p>\n<p>R.- S\u00ed. &#8220;El Lago de los cisnes&#8221; es la pieza m\u00e1s simb\u00f3lica del repertorio cl\u00e1sico. Fue uno de los primeros ballets completos que hice en el Metropolitan de Nueva York ya que esta producci\u00f3n fue creada para mi. Tambi\u00e9n fue con la que gan\u00e9 el premio Emy y el despedirme con Paloma Herrera lo hacia a\u00fan m\u00e1s especial ya que ha sido la pareja con la que empec\u00e9 mi carrera.<\/p>\n<p>P.- \u00bfTe has sentido utilizado por la Junta de Castilla y Le\u00f3n y el Ayuntamiento de San Ildefonso en tu estancia y de tu compa\u00f1\u00eda en tierras castilloleonesas?<\/p>\n<p>R.- Para nada. Nos acogieron con mucho cari\u00f1o tanto el Ayuntamiento como la Junta de Castilla-Leon. Nuestra estancia all\u00ed fue muy agradable. Los recortes y la direcci\u00f3n de la nueva consejera de Cultura hicieron imposible el continuar.<\/p>\n<p>P.- Antes de que se instalara en el Real Sitito de San Idelfonso, en Segovia, se lleg\u00f3 a hablar de Sant Feliu de Gu\u00edxols, en Girona, como posible sede del Corella Ballet y que para ello contaba con el apoyo de la baronesa Thyssen. \u00bfQu\u00e9 sucedi\u00f3?<\/p>\n<p>R.- Desde la creaci\u00f3n de la fundaci\u00f3n en 2001 en Barcelona, hemos estado luchando para que la compa\u00f1\u00eda y la escuela tuviesen su sede en Barcelona y la escuela en alg\u00fan lugar de la comunidad. Se han barajado diferentes posibilidades y en su momento fue Sant Feliu de Gu\u00edxols donde la se\u00f1ora Thyssen ten\u00eda una casa y un posible museo en esa localidad. Ella siempre nos ha apoyado personalmente con su cari\u00f1o y en todo lo que estuviese en su mano.<\/p>\n<p>P.- \u00bfNo crees que es momento de hacer ballet a la americana, y no me refiero al escenario, sino a las oficinas. Implicar a los ciudadanos y a las &#8220;grandes fortunas&#8221; para financiar la cultura?<\/p>\n<p>R.- La Ley de mecenazgo va a hacer que cambie la situaci\u00f3n en el mundo del arte en Espa\u00f1a. Y que cualquier persona o entidad pueda elegir donde van dirigidos sus impuestos.<\/p>\n<p>P.- \u00c1ngel, \u00a1gracias por tu dedicacion a la preservaci\u00f3n y promoci\u00f3n del arte de la danza cl\u00e1sica en nuestro pa\u00eds! Te admiramos mucho. \u00a1Mi hija Paula (13 a\u00f1os) va a participar en tu curso de verano en agosto y esta super emocionada! \u00bfQu\u00e9 consejos tienes para estudiantes que quieren prepararse para ser bailarines profesionales?<\/p>\n<p>R.- Que si est\u00e1n decididos, lo tomen como una profesi\u00f3n y no como un hobby ya que cuando uno lo toma con esa mentalidad termina por hacerlo a medias tanto la dedicaci\u00f3n a la danza como cualquier otra profesi\u00f3n que quiera compaginar.<\/p>\n<p>P.- Hola, \u00c1ngel, antes que nada, decirte que me pareces guap\u00edsimo. No entiendo mucho de danza, pero una vez te vi en youtube en &#8220;El Corsario&#8221; y me qued\u00e9 estupefacto por el br\u00edo, la brabura&#8230; \u00bfHasta qu\u00e9 edad puede un bailar\u00edn desafiar a la gravedad de esa manera? Gracias.<\/p>\n<p>R.- Depende de como cuides tu cuerpo. Normalmente, un bailar\u00edn se puede mantener hasta los 40 a\u00f1os.<\/p>\n<p>P.- Hola s\u00faper \u00c1ngel, \u00bfPor qu\u00e9 elegiste Barcelona para instalar tu compa\u00f1\u00eda?<\/p>\n<p>R.- Desde los Juegos Ol\u00edmpicos, Barcelona es una de las ciudades espa\u00f1olas m\u00e1s conocidas del mundo. El turismo, la arquitectura, el Liceo de Barcelona, la playa, la monta\u00f1a&#8230; hacen que una compa\u00f1\u00eda de ballet se una a todas estas atracciones tur\u00edsticas y que a\u00f1ada la posibilidad de toda esta gente que le gusta la danza cl\u00e1sica despu\u00e9s de disfrutar durante el d\u00eda de esta gran ciudad y pueda gozar de esta gran compa\u00f1\u00eda por la noche.<\/p>\n<p>P.- \u00bfCu\u00e1ndo sue\u00f1as mientras duermes, tambi\u00e9n bailas? Un afectuoso saludo de alguien que te admira como artista y ser humano.<\/p>\n<p>R.- He so\u00f1ado en muchas ocasiones que saltaba y que nunca ca\u00eda. Girar no tanto ya que gracias a Dios siempre he tenido la habilidad de hacerlo despierto.<\/p>\n<p>P.- \u00c1ngel, \u00bfes cierto que llev\u00e1is una dieta tan estricta? \u00bfNunca com\u00e9is helados&#8230; como el resto de los humanos? Gracias<\/p>\n<p>R.- Al tener un trabajo tan intenso, solemos comer de todo. Es una leyenda urbana que los bailarines no comemos. Ser\u00eda imposible saltar o girar sin nada en tu cuerpo.<\/p>\n<p>P.- Despu\u00e9s de no percibir las subvenciones prometidas y, que son imprescindibles para poder llevar a cabo un espect\u00e1culo de esta magnitud y calidad. Me gustar\u00eda saber \u00bfqu\u00e9 planes tiene para poder continuar con la labor que ha iniciado en Espa\u00f1a y que por supuesto, entre otras, se encuentra la de dignificar la danza cl\u00e1sica, con la dignidad que esta merece \u00bfhay alguna posibilidad de mecenazgo privado? Muchas gracias <\/p>\n<p>R.- Tenemos que entender que estamos en una \u00e9poca muy dif\u00edcil para todos y que tenemos que agenciarnos la manera de poder sobrevivir sin que decaiga la calidad art\u00edstica. Por desgracia, por un peque\u00f1o retraso de una de las subvenciones hemos tenido que llevar a la compa\u00f1\u00eda a un Expediente de Regulaci\u00f3n de Empleo. A\u00fan as\u00ed, tenemos muchos contratos para este a\u00f1o y el que viene comenzando el d\u00eda 12 de este mes en el teatro Coliseum de Barcelona hasta el 24 con un programa nuevo. Adem\u00e1s, tenemos una gira por China, el Festival de Peralada, Sant Cugat&#8230;Todo esto va a hacer que la compa\u00f1\u00eda tenga una inyecci\u00f3n econ\u00f3mica. Adem\u00e1s de estas subvenciones, de la escuela, que empezar\u00e1 en septiembre, y de la labor de patrocinio privado que estamos realizando. La compa\u00f1\u00eda no ha tirado la toalla ni probablemente lo har\u00e1 (aunque alguna gente estar\u00eda muy contenta). Miramos hacia el futuro de una forma muy positiva y sobre todo el dar las gracias A LOS BAILARINES DE NUESTRA COMPA\u00d1\u00cdA ya que sin ellos este proyecto no tendr\u00eda la calidad art\u00edstica y profesional que tiene.<\/p>\n","protected":false},"excerpt":{"rendered":"<p>El bailar\u00edn de la eterna sonrisa. As\u00ed es \u00c1ngel Corella (Madrid, 1975), pese a que la situaci\u00f3n econ\u00f3mica no sea la mejor para su compa\u00f1\u00eda de danza, el Corella Ballet, con sede en Barcelona desde principios de 2012. La falta de subvenciones le ha forzado a presentar un Expediente de Regulaci\u00f3n de Empleo para toda la plantilla, \u00e9l incluido. Pero el Corella Ballet contin\u00faa, actuar\u00e1 en el Teatre Coliseum de Barcelona entre los pr\u00f3ximos 12 y 23 de junio. Y \u00e9l, principal bailar\u00edn del American Ballet desde 1996, ha anunciado su retir\u00f3 de la gran compa\u00f1\u00eda americana para el 28 de junio d\u00eda en que bailar\u00e1 en la Metropolitan Opera House de Nueva York el papel del pr\u00edncipe Sigfried de \u201cEl lago de los cisnes\u201d.<\/p>\n","protected":false},"author":1,"featured_media":0,"comment_status":"open","ping_status":"open","sticky":false,"template":"","format":"standard","meta":{"footnotes":""},"categories":[],"tags":[],"class_list":["post-10432","post","type-post","status-publish","format-standard","hentry"],"_links":{"self":[{"href":"https:\/\/intervius.com\/index.html\/wp-json\/wp\/v2\/posts\/10432","targetHints":{"allow":["GET"]}}],"collection":[{"href":"https:\/\/intervius.com\/index.html\/wp-json\/wp\/v2\/posts"}],"about":[{"href":"https:\/\/intervius.com\/index.html\/wp-json\/wp\/v2\/types\/post"}],"author":[{"embeddable":true,"href":"https:\/\/intervius.com\/index.html\/wp-json\/wp\/v2\/users\/1"}],"replies":[{"embeddable":true,"href":"https:\/\/intervius.com\/index.html\/wp-json\/wp\/v2\/comments?post=10432"}],"version-history":[{"count":0,"href":"https:\/\/intervius.com\/index.html\/wp-json\/wp\/v2\/posts\/10432\/revisions"}],"wp:attachment":[{"href":"https:\/\/intervius.com\/index.html\/wp-json\/wp\/v2\/media?parent=10432"}],"wp:term":[{"taxonomy":"category","embeddable":true,"href":"https:\/\/intervius.com\/index.html\/wp-json\/wp\/v2\/categories?post=10432"},{"taxonomy":"post_tag","embeddable":true,"href":"https:\/\/intervius.com\/index.html\/wp-json\/wp\/v2\/tags?post=10432"}],"curies":[{"name":"wp","href":"https:\/\/api.w.org\/{rel}","templated":true}]}}