{"id":10425,"date":"2010-05-18T00:00:00","date_gmt":"2006-11-06T00:00:00","guid":{"rendered":"https:\/\/intervius.com\/index.html\/?p=10425"},"modified":"2006-11-06T00:00:00","modified_gmt":"2006-11-06T00:00:00","slug":"Maldini10425","status":"publish","type":"post","link":"https:\/\/intervius.com\/index.html\/Maldini10425\/","title":{"rendered":"Maldini"},"content":{"rendered":"<p>Pregunta.- Buenas Maldini \u00bfrevelaciones en el Mundial cuales seran? Boudebouz de Argelia me parece que sera uno de ellos, Uchida y Esparza tambien?<\/p>\n<p>Respuesta.- Hola Paladino. Habr\u00e1 muchas. Conf\u00edo el el joven mexicano Efrain Juarez, en el eslovaco Jendrisek, el argelino Matmour&#8230;Son tantos, durante el mundial por aqu\u00ed y en AS iremos publicando mucho sobre revelaciones<\/p>\n<p>P.- Maldini bajo tu punto de vista hace bien el Madrid trayendo a Mourinho. \u00bfLos 96 puntos de Pellegrini son razon para que siga, o esque el resto de equipos por presupuesto no pueden plantar cara a Madrid y Barsa?<\/p>\n<p>R.- Hola Juanlu. Mi opini\u00f3n es que Pellegrini deber\u00eda seguir, lo \u00faltimo que debe hacer el Real Madrid es volver a el estilo &#8220;devora entrenadores&#8221;, no tiene sentido. Dif\u00edcilmente el que venga vaya a hacer 96 puntos en la liga y vaya a terminar con el dominio del Barcelona que adem\u00e1s se va a reforzar. Dicho esto, Mourinho me parece un crack,. <\/p>\n<p>P.- Hola Julio. Estoy esperando ver tu trabajo en la gu\u00eda AS del mundial ( seguro que es fant\u00e1stico). Bueno ah\u00ed va mi pregunta: Que te parece Cavani del Palermo y que posibilidades tiene de ser titular en el mundial con delanteros como Forl\u00e1n, Su\u00e1rez o Abreu<\/p>\n<p>R.- La delanterta uruguaya ser\u00e1 Forl\u00e1n-Su\u00e1rez, a Cavani le toca esperar. La Gu\u00eda de AS del mundial la tendr\u00e1s pronto en los kioskos. <\/p>\n<p>P.- Hola Maldini que tal? No crees que el Mundial se esta quedando muy descafeinado con las bajas que hay? Que si Ballack, Pato, Benzema, Ronaldinho&#8230;Gracias y saludos!!<\/p>\n<p>R.- Hola oscar. Siempre hay bajas de \u00faltima hora en un mundial, lo que pasa es que Dunga s\u00ed se ha pasado con Brasil. Lo de Benzema me sigue pareciendo incomprensible<\/p>\n<p>P.- Hola crack del periodismo deportivo \u00bfque opinion te merece la temporada de ibrahimovic y consideras que es un mal jugador o que simplemente necesita adapcion a la liga espa\u00f1ola? <\/p>\n<p>R.- Lo coment\u00e9 justo cuando se hizo el fichaje. Ibra es uun gran talento pero para el estilo del Barcelona poco solidario, poca movilidad. No iba a funcionar y no funcion\u00f3. <\/p>\n<p>P.- Maldini, crees que Uruguay puede dar alguna sorpresa en el Mundial??? aparte de Luis Suarez y por supuesto Forlan, en quien debemos fijarnos de los charruas. Esta Albin convocado???<\/p>\n<p>R.- Hola polmadur. Albin no est\u00e1 convocado. A Uruguay le falta calidad en el medio, y eso le puede costar caro. Muy buenos centrales, eso s\u00ed. F\u00edjate en Nico Lodeiro, excelente zurda y mucha habilidad para jugar en tres cuartos de campo. Espero que sea titular. <\/p>\n<p>P.- Hola Julio, Creo que Holanda va ser una de los semifinalistas y casi nadie lo comparte conmigoo!! que opinas de este equipo y las cualidades de sus futbolistas?<\/p>\n<p>R.- Para llegar a semis Holanda tiene potencial sin duda. Muy buen ataque sobre todo por los extremos, pero peor atr\u00e1s. Ese es su punto d\u00e9bil, como el equipo se rompa lo va a pasar mal. <\/p>\n<p>P.- Maldini,\u00bfcrees que har\u00e1 un gran papel en el Mundial la gran desconocida Eslovaquia?cuando digo gran papel me refiero a pasar la fase grupos como mucho&#8230;\u00bfQue jugadores destacan a parte de Hamsik?un saludo crak<\/p>\n<p>R.- No tiene mucho ESlovaquia, como equipo para m\u00ed por ejemplo es mejor ESlovenia. Hamsik viene de una temporada como mucho regular en el N\u00e1poles y le vuelven loco en la selecci\u00f3n con cambios de posiciones. Ha jugado hasta de nueve- Espero bastante de Stoch, Weiss y Jendrisek. <\/p>\n<p>P.- Hola Julio! \u00bfQue posibilidades le das a Serbia en el mundial? Yo creo que puede llegar a cuartos sin muchos problemas, creo que pasar\u00e1 primera de grupo, y despues contra USA previsiblemente no tendria problemas. Por cierto hay un jugagor serbio que el a\u00f1o que viene probablemente juegue en el depor. \u00bfQue opinas de Dejan Lekic? Contesta por favor y dale un saludo al gran Paco Gonzalez<\/p>\n<p>R.- Serbia es un equipo muy completo, solo falla en la porter\u00eda. Muy buena defensa a pesar de la lesion de Drago. Al lado de Vidic el bueno de Radomir prefiere a un central zurdo. No est\u00e1 Drago y por tanto creo que jugara Lukovic. Luego en las bandas Ivanovic y Kolarov. Gran defensa. Tambi\u00e9n muy buen mediocampo con gente de experiencia como Stankovic, bandas peligrosas con Krasic o Jovanovic. Jiugar\u00e1 con un nueve que ser\u00e1 Zigic y alguien por detr\u00e1s, quiz\u00e1 Pantelic aunque no descartemos a Tosic. Le mando un saludo a Paco. <\/p>\n<p>P.- Hola Julio, \u00bfCrees que Liverani ha sido el mediocentro mas talentoso de italia en los ultimos a\u00f1os? mi compa\u00f1ero de piso y yo tenemos discusiones sobre ello y nos harias un gran favor<\/p>\n<p>R.- Pues la verdad es que no. Es m\u00e1s, m\u00e1s all\u00e1 de calidad con el bal\u00f3n no creo que Liverani haya sido un gran jugador. Irregular, la verdad es que se ha quedado en poquita cosa. <\/p>\n<p>P.- Hola Julio,\u00bfJavi Martinez o De Rossi para acompa\u00f1ar a X.Alonso en la medular?;aparte de los imposibles \u00bfves alg\u00fan otro mediocentro del nivel en el mercado?Gracias<\/p>\n<p>R.- Me gusta mucho Javi Martinez, le veo un juugador muy completo y de un futuro enorme. <\/p>\n<p>P.- Hola crack. Viendo la lista de 24 de Francia veo 3 laterales izquierdos (Clichy, Abidal y Evra). \u00bfCrees que uno ser\u00e1 el descartado? \u00bfCu\u00e1l de los 3 pondr\u00e1 el amigo Domenech? Saludos<\/p>\n<p>R.- Abidal puede jugar de central, creo que el descartado ser\u00e1 Planus salvo que Gallas siga con su lesi\u00f3n. Titular indiscutible como lateral izquierdo Evra, no tengas ninguna duda. <\/p>\n<p>P.- Mou pide control absoluto para decidir altas\/bajas. \u00bfNo piensa que si le otorgaran ese mismo poder a Pellegrini las cosas irian mejor? No creo que el club se atreva a vender al Sneijder\/Robben de turno como si hicieron el a\u00f1o pasado, cuando el entrenador contaba con ellos.<\/p>\n<p>R.- Hola Carlos. Mou pide eso, veremos si lo tiene y veremos tambi\u00e9n si a corto plazo no es un foco de conflicto eso. Ser\u00eda tremendo por ejemplo que Mou pida la vuelta dde Snejder, jugador fundamental para \u00e9l. Estoy seguro que no quiere a Marcelo de lateral y por eso pide a Coentrao. Kak\u00e1 lo va a pasar mal como no mejore r\u00e1pido. <\/p>\n<p>P.- Buenas crack, con la baja de Ballack crees que Alemania pierde mucho? quien crees que ser\u00e1 su sustituto natural? mala suerte para ser su ultimo mundial un saludo.<\/p>\n<p>R.- Desde luego que pierde. En el Chelsea se encontraba c\u00f3modo como mediocentro aunque no creo que sea su mejor posici\u00f3n. LLegaba menos al ataque pero se s\u00e9nt\u00eda bien. En la selecci\u00f3n es un jugador clave, tampoco Alemania anda muy sobrada. A Schweinsteiger le va a tocar currar m\u00e1s aun. <\/p>\n<p>P.- Ahora que est\u00e1 tan de moda el nombre, que opinas de Di Maria para el Madrid? es el t\u00edpico jugador Portugues? (Simao, Quaresma?)<\/p>\n<p>R.- Ha hecho un temporad\u00f3n en el Benfica, r\u00e1pido, un extremo de verdad, no le han parado. A ese nivel hablamos de un gran jugador, que va para titular con Argentina. Son jugadores que deciden partidos. No s\u00e9 a que te refieres con lo de t\u00edpico jugador portugu\u00e9s, la verdad. Pones dos ejemplos muy distintos. Simao es un jugador que sabe ser solidario y Quaresma todo lo contrario. <\/p>\n<p>P.- Hola crack. Que te parece la camada de jovenes de Alemania, quizas un poco verdes para este mundial, pero un futuro impresionante, a mi los que mas me gustan son Kroos, Marin y Ozil<\/p>\n<p>R.- Para m\u00ed el mejor es Ozil, al que espero ver titular en el debue de Alemania contra Australia. <\/p>\n<p>P.- Julio, que te parece Defour? Que tipo de jugador es? Mas parecido a Xavi e iniesta o mas tipo Busquets y Alonso? <\/p>\n<p>R.- Hola Jaume. Por su posici\u00f3n m\u00e1s bien dir\u00eda un Fabregas pero est\u00e1 muy lejos de ese nivel. A m-i me ha parecido siempre un jugador sobrevalorado, no entend\u00ed que sonara el verano pasado para el Real Madrid. <\/p>\n<p>P.- Maldini, sabemos lo que piensas de Bryan Ruiz, pero \u00bfque opinas de su compatriota Celso Borges? No entiendo como ning\u00fan equipo espa\u00f1ol se lo trajo en invierno aprovechando el descenso de su equipo. Al Tenerife o Racing de Santander les hubiera venido de cine.<\/p>\n<p>R.- Pues s\u00ed, creo que por calidad y f\u00edsico es un jugador para el mediocampo de un equipo de primera y est\u00e1 perdiendo el tiempo en la segunda divisi\u00f3n noruega. Saldr\u00e1 pronto espero. Por cierto que si no me equivoco su padre fue seleccionador tico. <\/p>\n","protected":false},"excerpt":{"rendered":"<p>El periodista experto en f\u00fatbol internacional acude a su cita semanal con los lectores. Maldini ha charlado con los internautas sobre la actualidad del f\u00fatbol internacional. <\/p>\n<p>ARCHIVO DE ENTREVISTAS:<br \/>\n11 de mayo de 2009 &#8211; 04 de mayo de 2009 &#8211; 20 de abril de 2009 &#8211; 13 de abril de 2009 &#8211; 06 de abril de 2009 &#8211; 23 de marzo de 2009 &#8211; 16 de marzo de 2009 &#8211; 09 de marzo de 2009 &#8211; 02 de marzo de 2009 &#8211; 23 de febrero de 2009 &#8211; 16 de febrero de 2009 &#8211; 09 de febrero de 2009 &#8211; 03 de febrero de 2009 &#8211; 26 de enero de 2009 &#8211; 19 de enero de 2009 &#8211; 12 de enero de 2009 &#8211; 05 de enero de 2009 &#8211; 22 de diciembre de 2009 &#8211; 15 de diciembre de 2009 &#8211; 9 de diciembre de 2009 &#8211; 1 de diciembre de 2009 &#8211; 3 de noviembre de 2009 &#8211; 27 de octubre de 2009 &#8211; 20 de octubre de 2009 &#8211; 13 de octubre de 2009 -29 de septiembre de 2009 &#8211; 22 de septiembre de 2009 &#8211; 15 de septiembre de 2009 &#8211; 08 de septiembre de 2009 &#8211; 01 de septiembre de 2009 &#8211; 25 de agosto del 2009 &#8211; 18 de agosto del 2009 &#8211; 11 de agosto del 2009 &#8211; 04 de agosto del 2009 &#8211; 23 de junio del 2009 &#8211; 16 de junio del 2009 &#8211; 09 de junio del del 2009 &#8211; 02 de junio del 2009 &#8211; 26 de mayo del 2009 &#8211; 19 de mayo del 2009 &#8211; 12 de mayo del 2009 &#8211; 5 de mayo del 2009 &#8211; 28 de abril del 2009 &#8211; 21 de abril del 2009 &#8211; 14 de abril del 2009 &#8211; 7 de abril del 2009 &#8211; 31 de marzo del 2009 &#8211; 10 de marzo del 2009 &#8211; 3 de marzo del 2009 &#8211; 24 de febrero del 2009 &#8211; 17 de febrero del 2009 &#8211; 11 de febrero del 2009 &#8211; 3 de febrero del 2009 &#8211; 27 de enero del 2009 &#8211; 13 de agosto del 2008 &#8211; 28 de junio del 2008 &#8211; 6 de junio del 2008 <\/p>\n<p>TWITTER DE MALDINI <\/p>\n","protected":false},"author":1,"featured_media":0,"comment_status":"open","ping_status":"open","sticky":false,"template":"","format":"standard","meta":{"footnotes":""},"categories":[],"tags":[],"class_list":["post-10425","post","type-post","status-publish","format-standard","hentry"],"_links":{"self":[{"href":"https:\/\/intervius.com\/index.html\/wp-json\/wp\/v2\/posts\/10425","targetHints":{"allow":["GET"]}}],"collection":[{"href":"https:\/\/intervius.com\/index.html\/wp-json\/wp\/v2\/posts"}],"about":[{"href":"https:\/\/intervius.com\/index.html\/wp-json\/wp\/v2\/types\/post"}],"author":[{"embeddable":true,"href":"https:\/\/intervius.com\/index.html\/wp-json\/wp\/v2\/users\/1"}],"replies":[{"embeddable":true,"href":"https:\/\/intervius.com\/index.html\/wp-json\/wp\/v2\/comments?post=10425"}],"version-history":[{"count":0,"href":"https:\/\/intervius.com\/index.html\/wp-json\/wp\/v2\/posts\/10425\/revisions"}],"wp:attachment":[{"href":"https:\/\/intervius.com\/index.html\/wp-json\/wp\/v2\/media?parent=10425"}],"wp:term":[{"taxonomy":"category","embeddable":true,"href":"https:\/\/intervius.com\/index.html\/wp-json\/wp\/v2\/categories?post=10425"},{"taxonomy":"post_tag","embeddable":true,"href":"https:\/\/intervius.com\/index.html\/wp-json\/wp\/v2\/tags?post=10425"}],"curies":[{"name":"wp","href":"https:\/\/api.w.org\/{rel}","templated":true}]}}