{"id":10419,"date":"2012-06-05T00:00:00","date_gmt":"2006-11-06T00:00:00","guid":{"rendered":"https:\/\/intervius.com\/index.html\/?p=10419"},"modified":"2006-11-06T00:00:00","modified_gmt":"2006-11-06T00:00:00","slug":"Mela_Chercoles10419","status":"publish","type":"post","link":"https:\/\/intervius.com\/index.html\/Mela_Chercoles10419\/","title":{"rendered":"Mela Ch\u00e9rcoles"},"content":{"rendered":"<p>Pregunta.- Mela, \u00bfse ha recuperado moralmente Pol Espargar\u00f3? Fue un lance de carrera \u00bfAfectar\u00e1 mucho en su relaci\u00f3n con Marc? Gracias<\/p>\n<p>Respuesta.- Uves y R\u00e1fagas para todos. Arrancamos y, como os pod\u00e9is imaginar, el asunto estrella es el caso M\u00e1rquez-Espargar\u00f3&#8230; No te puedo decir en que estado an\u00edmico se encuentra Pol Espagar\u00f3 en estos momentos porque su equipo no le deja hablar con los medios hasta el jueves de Silverstone. S\u00ed que habl\u00e9 con \u00e9l despu\u00e9s de conocer la sanci\u00f3n de un minuto que le hab\u00edan puesto a M\u00e1rquez, algo que ve\u00eda justo, as\u00ed que imagino que no le habr\u00e1 sentado nada bien que se la quitar\u00e1n. En cuanto a lo que todo esto afectar\u00e1 a la relaci\u00f3n de ambos pilotos, imagino que mucho, pero espero que no les haga volverse locos en la pista, que su rivalidad siga siendo tan sana como deportiva. El ejemplo de lo que son carreras de motos intensas pero limpia es su duelo de Portugal.<\/p>\n<p>P.- Mela, \u00bfQu\u00e9 ha cambiado en Jorge para recuperar la mirada del tigre?<\/p>\n<p>R.- La fe en s\u00ed mismo pero, sobre todo, en su Yamaha. El a\u00f1o pasado arranc\u00f3 derrotado el campeonato al ver desde la pretemporada la enorme diferencia que hab\u00eda a la hora de acelerar y en velocidad punta entre su Yamaha y la Honda de Stoner y Pedrosa. Este a\u00f1o, en cambio, desde el estreno con las nuevas mil ha visto que el potencial de las dos motos es mucho m\u00e1s igualado. Y a eso le tienes que a\u00f1adir lo bien que pasan los a\u00f1os para \u00e9l. Cada vez se le ve m\u00e1s maduro y lee las carreras mejor que nunca. El otro d\u00eda le hubiera valido un segundo puesto, por estar Stoner fuera del podio, pero no dud\u00f3 en intentar pelear por la victoria, y la logr\u00f3 con tanta contundencia como brillantez.<\/p>\n<p>P.- Mela! \u00bfc\u00f3mo va a afectar el caso Bankia al Bankia Aspar Team? Gracias<\/p>\n<p>R.- Pues no lo s\u00e9, pero a nadie se le escapa que no tiene buena pinta. Imagino que hay una serie de contratos firmados que se deber\u00e1n respetar, pero es cierto que cualquier cosa podr\u00eda pasar&#8230;<\/p>\n<p>P.- hola mela, si tuvieras que apostar por los pilotos oficiales de honda y yamaha del a\u00f1o que viene por quienes apostar\u00edas. Y donde crees que correra valentino el a\u00f1o que viene.<\/p>\n<p>R.- Ahora mismo es hablar por hablar, porque todo puede pasar. Lo \u00fanico que tengo claro es que se est\u00e1 haciendo todo lo posible para que Marc M\u00e1rquez suba a MotoGP dentro del Repsol Honda, as\u00ed que tienen la esperanza de que Ezpeleta elimine la norma anti rookies. Por lo dem\u00e1s, me consta que a Rossi le har\u00eda til\u00edn subirse a la moto de Stoner y que a Repsol le encantar\u00eda juntar en el mismo box a Rossi con M\u00e1rquez&#8230; pero veo m\u00e1s factible que Rossi acabe en Yamaha. Otra cuesti\u00f3n de la que nadie habla es sobre qui\u00e9nes ser\u00e1n los pilotos de Ducati&#8230; Barber\u00e1 ha hecho algunos m\u00e9ritos para ello, a Hayden le ayuda su pasaporte y Crutchlow ya ha dicho que \u00e9l no le tiene miedo a esa inconducible Desmosedici. Respeco a Pedrosa, creo que s\u00f3lo le salvar\u00eda seguir como oficial Honda la consecuci\u00f3n del t\u00edtulo. Y de Lorenzo, dej\u00f3 claro en rueda de prensa que para \u00e9l hay tres factores definitivos a la hora de tomar la decisi\u00f3n: el sentimental, el t\u00e9cnico y el econ\u00f3mico. Es decir, quiere seguir en Yamaha, pero si no le dan la pasta que \u00e9l considera justa la buscar\u00e1 en otro lado. <\/p>\n<p>P.- Hola mela \u00bfcrees que a pedrosa le falta el caracter agresivo y ganador que tienen los grandes campeopnes en el deporte y hasta que no tenga eso n oganara un mundial en moto gp? un saludo y muy buenas tus cronicas en as<\/p>\n<p>R.- Gracias por el piropo. Me encanta poder escribir las cr\u00f3nicas en el AS, porque cuando lo haces tienes todos los puntos de vista en la cabeza, la lectura de la carrera m\u00e1s reposada y el tiempo necesario ante el ordenador&#8230; Respecto a tu pregunta, a Pedrosa le ha pesado esta temporada en ocasiones un exceso de conservadurismo. T\u00fa teor\u00eda la compart\u00eda el otro d\u00eda mi compa\u00f1ero Ra\u00fal Romojaro en su art\u00edculo y s\u00ed que parece que se ha marcado como objetivo acabar carreras a toda costa, falt\u00e1ndole un plus de agresividad, o tomar m\u00e1s riesgos, que parece necesario para batir a un Lorenzo que est\u00e1 en estado de gracia y a un Stoner del que nunca te puedes fiar.<\/p>\n<p>P.- Hola Mela, Como estas viendo el mundial que esta haicendo bauti. LLeva una honda pata negra? Parece que bradl con menos experiecia lo esta haciendo mejor.Saludos<\/p>\n<p>R.- El primero que esperaba m\u00e1s de s\u00ed mismo es el propio Bautista. Que Dovizioso haya subido al podio y \u00e9l no chirr\u00eda. Que Crutchlow haya estado cerca y \u00e9l no, tambi\u00e9n chirr\u00eda. Que s\u00f3lo le saque dos puntos a un debutante como Bradl, pues tampoco es bueno para \u00e9l. Sin embargo, la Honda de Bautista es la \u00fanica que monta suspensiones Showa en lugar de las \u00d6hlins de los oficiales Stoner y Pedrosa y el sat\u00e9lite Bradl. Eso le hace trabajar por su cuenta y, aunque \u00e9l no se queja de chattering, tiene que hacer la guerra por su cuenta y eso es m\u00e1s dif\u00edcil. Por lo que se ve, su moto es m\u00e1s sensible a los cambios de temperatura que las otras Honda. Verle segundo tras los libres del viernes fue un subid\u00f3n, pero luego se fue para atr\u00e1s en los oficiales y remont\u00f3 en carrera hasta un digno sexto. Yo sigo confiando en \u00e9l.<\/p>\n<p>P.- Estuve en el GP de Catalunya este fin de semana y me sorprendi\u00f3 que als gorras de Pedrosa son las m\u00e1s baratas. Son un reflejo de que va perdiendo fans por estar esperando algo que nunca llega?<\/p>\n<p>R.- No tengo ni idea de lo que me est\u00e1s hablando. Lo siento.<\/p>\n<p>P.- Acabo de ver un reportaje de Estoril 2010, con la heroicidad de M\u00e1rquez ganando despu\u00e9s de caerse en la vuelta de formaci\u00f3n, y se me saltan las l\u00e1grimas. Tu has visto algo m\u00e1s grande?<\/p>\n<p>R.- S\u00ed, con el propio M\u00e1rquez remontando el a\u00f1o pasado desde la \u00faltima plaza en la parrilla de Moto2 de Australia hasta la tercera plaza del podio. Eso fue m\u00e1s grande todav\u00eda!!! Y te pod\u00eda contar muchas otras&#8230; La primera que se me viene a la cabeza es la victoria de Rossi, tambi\u00e9n en Australia, a pesar de los diez segundos de ventaja que le metieron por adelantar con bandera amarilla!!!<\/p>\n<p>P.- Hola Mela,\u00bfqu\u00e9 tal? Con respecto al incidente Pol-Marc, ha habido un comportamiento que me ha decepcionado por parte de Pol, cuando en TV le preguntaron por lo sucedido y dijo que no hablar\u00eda hasta reunirse con direcci\u00f3n de carrera, es decir, ya ten\u00edan una estrategia, no ha sido honesto, qu\u00e9 ten\u00eda que ocultar? y la intenci\u00f3n, como mal menor, era que penalizasen a Marc. Est\u00e1 claro que es una competici\u00f3n, pero ese comportamiento no me parece \u00e9tico, si eso vale, me callo, pero esto es un deporte, no? y lleva consigo unos buenos valores que hay que fomentar, esa picaresca creo que est\u00e1 fuera de sitio. En ese instante me vino el recuerdo del accidente de Sim\u00f3n con Souflogu el a\u00f1o anterior, en cuanto le preguntaron por Souflogu lo primero que hizo fue exculparle de lo sucedido, &#8220;son cosas de las carreras&#8221;, cuando ten\u00eda la pierna machacada! Anda que no pod\u00edan haber reclamado! Simplemente por &#8220;tocar&#8221; ya que la temporada hab\u00eda terminado para \u00e9l. A lo que voy, independientemente de quien tenga la culpa, no me ha gustado NADA el comportamiento de Pol y por tanto de su Team. \u00bfQu\u00e9 opinas? De paso, nos podr\u00edas dar buenas noticias de Sim\u00f3n, \u00bfEst\u00e1 bien? Saldr\u00e1 de esta situaci\u00f3n tan dura, \u00bfverdad? Creo que existe un condicionante t\u00e9cnico que est\u00e1 mermando duramente el rendimiento de Sim\u00f3n, las im\u00e1genes de chattering de la ca\u00edda en QP as\u00ed lo indican. A Juli\u00e1n hay que mimarle es una persona estupenda (si hubiese m\u00e1s como \u00e9l este mundo ser\u00eda mucho mejor) y un piloto &#8220;fuera de serie&#8221; y no se merece nada malo de lo que le est\u00e1 sucediendo! Y en este deporte s\u00f3lo vale lo que has hecho en la \u00faltima carrera. Gracias Chema.<\/p>\n<p>R.- Miedo me da afrontar una pregunta tan amplia, pero vamos con ello, que te lo has currado: Piensa una cosa: Pol se est\u00e1 jugando el Mundial con M\u00e1rquez, siente que no tiene la culpa en la maniobra de la discordia, ve como \u00e9l se va al suelo, con lo que no punt\u00faa, y su rival m\u00e1s peligros en la pelea por el t\u00edtulo, que es justamente \u00e9l que el piensa que le ha tirado al pilotar de manera incorrecta, acaba tercero y suma 16 valiosos puntos&#8230; Est\u00e1 en su perfecto derecho de actuar como lo hizo y tambi\u00e9n de reclamara ahora para que le devuelvan la sanci\u00f3n. Otra cosa es que t\u00fa y yo estemos de acuerdo. Para m\u00ed es un lance de carrera, en el que tiene la culpa M\u00e1rquez, pero en el que no hay mala fe, por lo que no deber\u00eda existir sanci\u00f3n alguna. Respecto a Sim\u00f3n, estoy completamente de acuerdo contigo respecto a lo t\u00edo grande que es. Ahora bien, si tiene problemas t\u00e9cnicos, \u00e9l es tambi\u00e9n responsable de ellos, primero porque decidi\u00f3 cambiar de equipo, segundo, porque ha pedido un cambio de moto en su nueva moto y se lo han dado. Lo que espero es que an\u00edmicamente se venga arriba y saque el potencial que lleva dentro, que es mucho. Le deseo lo mejor, de coraz\u00f3n, y sigo creyendo en \u00e9l.<\/p>\n<p>P.- Valentino no sigue en Ducati,cuales son sus opciones,Honda y que m\u00e1s le puede intersar o se rumorea?Gracias<\/p>\n<p>R.- Que Rossi no seguir\u00e1 en Ducati es algo que se da por seguro. Yo creo que est\u00e1 como loco por la m\u00fasica por acabar siendo el sustituto de Stoner en Honda, pero tambi\u00e9n mira con buenos ojos volver a Yamaha, ya sea como oficial o en una escuadra sat\u00e9lite. Habr\u00e1 que estar atentos&#8230; Lo bueno es que quiere seguir por lo menos dos temporadas m\u00e1s.<\/p>\n<p>P.- hola mela.. primero felicitarte por dos motivos ..por lo m\u00e1s cercano que nos hac\u00e9is el mundial desde as ..y por lo cada vez mejor que estan las retrasmisiones en la tele&#8230;mi pregunta pues soy pedrosista(cada vez algo menos por mi gran ilusion de los fimes de semana el viernes , y mis pequ\u00f1as decepciones las domingos tarde),, crees que dani si no cambia el chip de poner algo m\u00e1s de agresividad y conformismo cuando ve la cosa dificil , le va a costar otro mundial..lo cambiar\u00e1..y hasta cuando honda esperar\u00e1? gracias y uvessssss<\/p>\n<p>R.- Esta pregunta es m\u00e1s o menos parecida a otra que he contestado antes. El cr\u00e9dito de Pedrosa en Honda, salvo sorpresa, se empieza a agotar y s\u00f3lo le valdr\u00eda conquistar el t\u00edtulo este a\u00f1o para seguir en el box del Repsol Honda. A m\u00ed, particularmente, me gustar\u00eda mucho verle compartiendo box con M\u00e1rquez. Respecto a sus posibilidades de t\u00edtulo, esto es muy largo y puede pasar a\u00fan cualquier cosa, pero es cierto que tener 30 puntos de desventaja sobre Lorenzo tras cinco carreras es mucho, sobre todo porque no le ha pasado nada extra\u00f1o en ninguna de esas carreras.<\/p>\n<p>P.- Hola Mela, te pregunto por la pol\u00e9mica (la primera ?) entre M\u00e1rquez-Espargar\u00f3. No crees que Pons actua m\u00e1s &#8220;en contra de&#8221; que a favor de su piloto y puede generar otra guerra como la que provocaron Amatria\u00edn-Puig ? Y lo m\u00e1s importante de todo: \u00bfsabes que piensan Espargar\u00f3 y M\u00e1rquez del asunto y cual es su relaci\u00f3n en pista? Gracias y un saludo <\/p>\n<p>R.- Pons no act\u00faa contra M\u00e1rquez sino pensando en el beneficio de su piloto, porque Espargar\u00f3 est\u00e1 peleando por el Mundial de t\u00fa a t\u00fa con Marc y es mejor para \u00e9l que el ilerdense se quede sin esos 16 puntos del tercero. En cuanto a lo que piensan los pilotos, Pol estaba convencido de que la sanci\u00f3n era justa y Marc de todo lo contrario, as\u00ed que se puso muy contento cuando supo que se la quitaban. No he podido hablar con ninguno de ellos despu\u00e9s de conocerse que los comisarios de la FIM aceptaban la apelaci\u00f3n de Pons y quitaban la sanci\u00f3n que hab\u00eda puesto la Direcci\u00f3n de Carrera. A ver qu\u00e9 dice en unas semanas el CDI&#8230;<\/p>\n<p>P.- Mela, \u00bfVes a Jorge en Yamaha? \u00bfSe cambiar\u00e1 la ley anti\u00bfSo rookie? \u00bfSon Bautista y Spies las piezas de cambio? Gracias<\/p>\n<p>R.- S\u00ed que veo a Lorenzo continuando en Yamaha, sobre todo porque Repsol apostar\u00e1 todas sus bazas por M\u00e1rquez y no tiene sentido juntar a ambos. La ley anti rookies acabar\u00e1 siendo eliminada, s\u00ed. Y respecto a Spies y Bautista, no los veo como las piezas del cambio sino como actores secundarios en el mercado de fichajes. El movimiento de Lorenzo ser\u00e1 el que afecte a los dem\u00e1s movimientos.<\/p>\n<p>P.- Mela!! \u00bfC\u00f3mo se encuentra Lascorz? dale \u00e1nimos y toda la afici\u00f3n espa\u00f1ola est\u00e1 con \u00e9l<\/p>\n<p>R.- Trabajando mucho en el Instituto Guttman para afrontar su nueva vida en las mejores condiciones posibles. <\/p>\n<p>P.- xq? crees tu que el equipo de aspar en moto3 va tan mal?no crees que se ha equivocado con los pilotos<\/p>\n<p>R.- A priori, la combinaci\u00f3n de p\u00eclotos era muy buena, porque conjuntaba la experiencia de Faubel con las ganas de Moncayo, pero no se est\u00e1n encontrando c\u00f3modos con la Kalex KTM y Aspar, en una entrevista que publica Solo Moto, da sin pelos en la lengua su punto de vista: &#8220;Lo tengo claro, el problema son mis pilotos&#8221;. Para que a\u00f1adir nada.<\/p>\n<p>P.- que pasa!cuentanos alguna buena anecdota que os haya ocurrido en lo que llevamos de campeonato..<\/p>\n<p>R.- No s\u00e9 si cont\u00e1rtela, pero lo voy a hacer&#8230; Este fin de semana, en Montmel\u00f3, me he hecho m\u00e1s fotos con los aficionados que en ning\u00fan otro otro paddock y, en una de ellas, una chica, ni corta ni perezosa, me toc\u00f3 el culo sutilmente mientras nos hac\u00edan la foto. Me qued\u00e9 descolocado, pero no dije nada&#8230; La di las gracias como a todos con los que me fotograf\u00edo y segu\u00ed camino del box al que iba. Curioso, \u00bfno? <\/p>\n<p>P.- Hola Mela \u00bfA las motos las ve como en la F1 con radio para tener mejores estretegias de equipo y con la entrada de aire y consumo de gasolina y reparto de frenos manipulado por el piloto? Muchas gracias crack y retransmte que es de lo mejor que se t da. Por cierto t pareces a daimiel comentando \ud83d\ude00<\/p>\n<p>R.- Gracias por lo de Daimiel, al que admiro, pero no lo veo&#8230; En cuanto a tu interesante pregunta, decirte que se han hecho pruebas en el pasado, pero que no es viable porque, si a un piloto en medio de una curva le dijeran algo desde el muro, podr\u00edan desconcentrarle y acabar en el suelo.<\/p>\n","protected":false},"excerpt":{"rendered":"<p>Jorge Lorenzo marca el ritmo este a\u00f1o en MotoGP con paso firma. Su victoria en montmel\u00f3, donde pas\u00f3 por encima de Pedrosa, segundo, lo que afianza al mallorqu\u00edn en el liderato del Mundial. En Moto2, M\u00e1quez finaliz\u00f3 tercero, aunque estuvo a punto de perder casi 20 posiciones al final por un incidente con Pol Espargar\u00f3. Por \u00faltimo, Maverick Vi\u00f1ales fue el m\u00e1s r\u00e1pido en Moto3 y ya est\u00e1 a solo 7 puntos del liderato. Mela Ch\u00e9rcoles, con \u2018M\u2019 de MotoGP, ha charlado con los internautas de AS.com para comentar todo lo sucedido en Montmel\u00f3.<\/p>\n","protected":false},"author":1,"featured_media":0,"comment_status":"open","ping_status":"open","sticky":false,"template":"","format":"standard","meta":{"footnotes":""},"categories":[],"tags":[],"class_list":["post-10419","post","type-post","status-publish","format-standard","hentry"],"_links":{"self":[{"href":"https:\/\/intervius.com\/index.html\/wp-json\/wp\/v2\/posts\/10419","targetHints":{"allow":["GET"]}}],"collection":[{"href":"https:\/\/intervius.com\/index.html\/wp-json\/wp\/v2\/posts"}],"about":[{"href":"https:\/\/intervius.com\/index.html\/wp-json\/wp\/v2\/types\/post"}],"author":[{"embeddable":true,"href":"https:\/\/intervius.com\/index.html\/wp-json\/wp\/v2\/users\/1"}],"replies":[{"embeddable":true,"href":"https:\/\/intervius.com\/index.html\/wp-json\/wp\/v2\/comments?post=10419"}],"version-history":[{"count":0,"href":"https:\/\/intervius.com\/index.html\/wp-json\/wp\/v2\/posts\/10419\/revisions"}],"wp:attachment":[{"href":"https:\/\/intervius.com\/index.html\/wp-json\/wp\/v2\/media?parent=10419"}],"wp:term":[{"taxonomy":"category","embeddable":true,"href":"https:\/\/intervius.com\/index.html\/wp-json\/wp\/v2\/categories?post=10419"},{"taxonomy":"post_tag","embeddable":true,"href":"https:\/\/intervius.com\/index.html\/wp-json\/wp\/v2\/tags?post=10419"}],"curies":[{"name":"wp","href":"https:\/\/api.w.org\/{rel}","templated":true}]}}