{"id":10417,"date":"2012-06-07T00:00:00","date_gmt":"2006-11-06T00:00:00","guid":{"rendered":"https:\/\/intervius.com\/index.html\/?p=10417"},"modified":"2006-11-06T00:00:00","modified_gmt":"2006-11-06T00:00:00","slug":"Carlos_Boyero10417","status":"publish","type":"post","link":"https:\/\/intervius.com\/index.html\/Carlos_Boyero10417\/","title":{"rendered":"Carlos Boyero"},"content":{"rendered":"<p>Pregunta.- Hola, Carlos. Muy pocas veces habla del western. \u00bfEs que no le gusta o es que ya no se hacen buenas pel\u00edculas del Oeste? <\/p>\n<p>Respuesta.- Se supone que usted no me lee. Hace bien. Yo tampoco lo hago. Sabr\u00eda que es uno de los g\u00e9neros que m\u00e1s amo. Que para m\u00ed John Ford y Sam Peckinpah son unas de las mejores cosas que le han ocurrido al cine. Y Hawks. Y Anthony Mann. Y bastantes otros. Tambi\u00e9n sabr\u00eda que veo Sin perd\u00f3n un mes s\u00ed y el otro tambi\u00e9n. Ya sabe esa pel\u00edcula sobre un asesino que dej\u00f3 de beber y que est\u00e1 seguro de que cuando matas a una persona no solo le quitas lo que tiene sino todo lo que podr\u00eda llegar a tener. Otra de mis pel\u00edculas de cabecera se titula Los profesionales, esa que finaliza con un millonario mentiroso dici\u00e9ndole a los profesionales que contrat\u00f3 para que liberaran a su raptada esposa: &#8220;Son ustedes unos bastardos&#8221;. Ellos le responden: &#8220;S\u00ed, se\u00f1or, pero lo nuestro es de nacimiento y sin embargo usted se ha hecho a s\u00ed mismo&#8221;. No me gusta repetirme. O sea, no se le ocurra volverme a preguntar por el western.<\/p>\n<p>P.- Vaya putada la muerte de Manolo Preciado. El f\u00fatbol pierde a uno de los pocos entrenadores &#8220;aut\u00e9nticos&#8221;&#8230; <\/p>\n<p>R.- No lo sab\u00eda. Lo siento mucho. Me ca\u00eda muy bien. Me parec\u00eda un hombre, era alguien que te resultaba legal y cercano. Fue muy triste que le largaran del Sporting de Gij\u00f3n, del equipo de su alma. Y creo recordar que era tan l\u00facido como para denominar a Mourinho como &#8220;un canalla&#8221;.<\/p>\n<p>P.- Elige: una cena (sin sexo) \u00bfcon Charlize Theron o Woody Allen? <\/p>\n<p>R.- Buena pregunta. Me gustar\u00eda practicar sexo con Woody Allen y pasar el resto de mi vida escuchando las opiniones sobre el ser y la nada de Charlize Theron.<\/p>\n<p>P.- Hola Carlos. Ante lo mucho que est\u00e1 prostituyendo nuestro Madrid de f\u00fatbol, \u00bfqu\u00e9 le parece el Madrid de basket? A pesar de la derrota de ayer, creo que este equipo s\u00ed que representa plenamente a los que somos madridistas.<\/p>\n<p>R.- Perdone usted pero no entiendo del tema. No me gusta el baloncesto. Es curioso. Nadie me quer\u00eda en su equipo, ni siquiera de portero cuando echaban a pies los equipos de f\u00fatbol en el colegio. Imag\u00ednese que humillaci\u00f3n supon\u00eda lo de: &#8220;El Boyero, ni regalado, que siempre mete alg\u00fan gol en su porter\u00eda&#8221;. Sin embargo, jugaba bastante bien a baloncesto. Resultado: adoro el f\u00fatbol y no me interesa nada lo de la canasta. Seguro que muchos de mis traumas vienen de esos episodios de infancia. Hubiera dado cualquier cosa por jugar como Zidane.<\/p>\n<p>P.- \u00bfPara cu\u00e1ndo unas buenas memorias boyerianas donde no se omitan detalles escabrosos o libidinosos? \u00bfo es que ya no se acuerda de nada? Queremos saber&#8230;<\/p>\n<p>R.- Para nunca. Ni omiti\u00e9ndolos. La l\u00edbido es una cosa muy personal. La memoria todav\u00eda me sirve para onanismos gozosos y la lista de las que lo inspiran es muy amplia y muy selecta. Pero evidentemente no se lo voy a contar a usted. Con la edad, me estoy olvidando de cosas que cre\u00ed fundamentales, pero las mujeres que me hicieron feliz permanecen.<\/p>\n<p>P.- \u00bfNo te aburres de este personaje previsible e impertinente en el que te has convertido? Si yo fuera el director de esta serie, hace tiempo que te habr\u00eda borrado del guion. Pero sin rencor \u00bfeh?<\/p>\n<p>R.- Sin rencor. \u00bfCu\u00e1nto dar\u00eda usted por llevar 12 a\u00f1os contando gilipolleces todos los jueves a la misma hora y cobrar una pasta por ello? No me he convertido en nada. La impertinencia es gen\u00e9tica. Y algunos de ustedes me obligan a ser previsible. <\/p>\n<p>P.- Hola Carlos, he viajado este fin de semana a Madrid para ver el musical del Rey Le\u00f3n y me ha encantado, he disfrutado como una ni\u00f1a. \u00bfEs usted amigo de los musicales? \u00bfHa visto este o alguno de los de la Gran V\u00eda? Por cierto, Madrid est\u00e1 precioso. Un beso!!<\/p>\n<p>R.- No es mi g\u00e9nero favorito. Ni en el cine ni en teatro. Aunque como soy tan paleto, o tan esnob, siempre acostumbro a ver alguno cuando voy a Londres y a Nueva York. El \u00faltimo musical que he visto en Espa\u00f1a (creo que tambi\u00e9n es el primero) es Follies. Porque se empe\u00f1\u00f3 Massiel. Y estaba bien. \u00bfConoce el poema de D\u00e1maso Alonso que comienza diciendo: &#8220;Madrid es una ciudad de m\u00e1s de un mill\u00f3n de cad\u00e1veres (seg\u00fan las \u00faltimas estad\u00edsticas)&#8221;. A pesar de tanto cad\u00e1ver y de Esperanza Aguirre a m\u00ed me encanta esta ciudad. Siempre me emociono cuando escucho esa canci\u00f3n de Joaqu\u00edn Sabina que afirma: &#8220;Yo me bajo en Atocha, yo me quedo en Madrid&#8221;. <\/p>\n<p>P.- Se\u00f1or Boyero, \u00bfhay alg\u00fan grupo de m\u00fasica actual que les tenga especial estima? \u00bfHa escuchado a los Arctic Monkeys, o a Mumford and Sons? Son los grupos preferidos de Dylan. Un abrazo.<\/p>\n<p>R.- Siempre estar\u00e9 agradecido a la gente que me descubri\u00f3 a Wilco. El enamoramiento fue absoluto al asistir a un concierto suyo hace unos meses. Y como soy obsesivo, solo los escucho a ellos en los \u00faltimos tiempos. Jeff Tweedy est\u00e1 a la altura de los grandes. Y si me saltan las l\u00e1grimas cada vez que escucho Impossible Germany y One sunday morning. <\/p>\n<p>P.- Hola Carlos. El otro d\u00eda me di una vuelta por una tienda de m\u00fasica en mi ciudad y muy grata sorpresa me llev\u00e9 al ver que ten\u00edan el disco que Jeff Bridges public\u00f3 el a\u00f1o pasado. Por supuesto me lo compr\u00e9. Aparte de ser muy guapo y un excelente actor, canta muy bien. Creo que este hombre es la perfecci\u00f3n personificada&#8230; <\/p>\n<p>R.- De acuerdo. A m\u00ed me pone absolutamente y le juro que soy heterosexual. Todo lo que desprende este fulano me parece hermoso. Verle con su hermano Beau y con la maravillosa Michelle Pfeiffer en Los fabulosos Baker Boys siempre me procura algo cercano al orgasmo. Es mucho m\u00e1s que un actor al que admiro. Es un t\u00edo al que quiero. Y entiendo que las damas con buen gusto se derritan con este pavo. <\/p>\n<p>P.- Hola Carlos. Se ha muerto Ray Bradbury. Si nuestros pol\u00edticos decidiesen que para salir de la crisis tenemos que currar m\u00e1s y leer menos y prohibiesen los libros los hombres libro tendr\u00edan que volver y ser\u00edan proscritos. \u00bfPodr\u00edamos contar contigo? \u00bfQu\u00e9 libro ser\u00edas? Yo estoy entre Pedro P\u00e1ramo o La Flecha Negra. Un abrazo.<\/p>\n<p>R.- Por supuesto. Pero no me limitar\u00eda a ser un hombre libro, tambi\u00e9n intentar\u00eda cargarme a los bomberos de Fahrenheit 451. Le\u00ed toda la obra de Bradbury entre mis 20 y mis 30 a\u00f1os. Y la guardo con mimo en el recuerdo. Y volver\u00e9 a ella. Esta noche volver\u00e9 a leer un relato de Cr\u00f3nicas marcianas que se titula Aunque siga brillando la luna. Yo ser\u00eda un personaje de Scott Fitzgerald. Pens\u00e1ndolo mejor, no. Todos est\u00e1n o acaban jodidos. F\u00edjese lo viejo y lo sabio que me he vuelto que solo quiero sobrevivir y ser un poquito feliz.<\/p>\n<p>P.- \u00bfQu\u00e9 nombres de mujer le gustan?<\/p>\n<p>R.- Isabel. Es un nombre que se ha repetido gozosamente en mi existencia. As\u00ed se llama la espl\u00e9ndida mujer que est\u00e1 conmigo desde hace nueve a\u00f1os.<\/p>\n<p>P.- Sois uno de esos j\u00f3venes que se fue a trabajar al extranjero al comienzo de la crisis. El espect\u00e1culo que est\u00e1n dando nuestro pol\u00edticos me causa verdadero estupor y visto desde la distancia much\u00edsima verg\u00fcenza ajena. \u00bfC\u00f3mo crees que acabar\u00e1 todo esto?<\/p>\n<p>R.- Solo puedo responderle esto para que no me pongan una querella: Qu\u00e9 gozada haber vivido los primeros tiempos de la Revoluci\u00f3n francesa y de la rusa. Y como dec\u00eda Ferr\u00e9: &#8220;Gracias, Satan\u00e1s, por la toma de la Bastilla, aunque no sirviera para nada&#8221;. Siga escuchando al se\u00f1or Morrison para soportar de cerca o de lejos a la infame casta pol\u00edtica. \u00c9l jam\u00e1s podr\u00eda dedicarse a esa profesi\u00f3n. Ruge el le\u00f3n de Belfast. Ojal\u00e1 que se los comiera a todos.<\/p>\n<p>P.- Hola Boyero, espero que haya disfrutado de su descanso. Estoy comenzando a ver cine de Bergman y me gusta m\u00e1s de lo que pensaba. \u00bfNo ve ciertas similitudes entre el sue\u00f1o al comienzo de &#8220;Fresas salvajes&#8221; y el del final de la segunda temporada de &#8220;Los Soprano&#8221;? El ruido de la rueda del carro funebre cuando se atasco es igual que el de los muelles del puerto&#8230;<\/p>\n<p>R.- No lo hab\u00eda pensado. Pero puede usted tener raz\u00f3n.  Fresas salvajes junto a Fanny y Alexander es el Bergman que m\u00e1s me gusta. Y hay algunos que me pon\u00edan y me ponen de los nervios o me aburren profundamente. Pero tambi\u00e9n me ha ocurrido lo contrario. Detest\u00e9 Persona cuando la vi hace cuarenta a\u00f1os. Y ahora me estremece. Cosas de la edad.<\/p>\n<p>P.- Hola, Carlos. \u00bfQu\u00e9 te parece toda la movida judicial generada con el maestro Javier Krahe? En los tiempos que corren a ver si lo van a querer quemar en la hoguera, la hoguera, la hoguera&#8230;<\/p>\n<p>R.- Esa hoguera es una de las grandes canciones de Krahe. Y tiene muchas. \u00bfQu\u00e9 le voy a contar? Que yo tambi\u00e9n cocino crucifijos cuando estoy aburrido.<\/p>\n<p>P.- \u00daltimamente te veo muy pesimista sobre los festivales de cine, \u00bfsalvar\u00edas alguno? \u00bfque te parece Sundance? Un saludo desde Galicia.<\/p>\n<p>R.- \u00bfCu\u00e1ndo he sido optimista? No he estado nunca en Sundance. Por temor a encontrarme con todos los modernos y con los m\u00e1s tontos e impostores de los directores independientes. Aunque s\u00e9 que de ah\u00ed tambi\u00e9n han salido los mejores.<\/p>\n<p>P.- \u00bfQu\u00e9 libro memorizar\u00eda para que perdurara en el tiempo?<\/p>\n<p>R.- Rojo y negro.<\/p>\n<p>P.- Buenas tardes. \u00bfCree usted que viviremos para ver el d\u00eda en que una pelicula en versi\u00f3n original sea lo normal y no una excepci\u00f3n?<\/p>\n<p>R.- No en este pa\u00eds. \u00bfDe qu\u00e9 iban a vivir los maravillosos dobladores? Es un tema que me pone enfermo. C\u00f3mo odio el doblaje. Casi tanto como volar en Iberia.<\/p>\n","protected":false},"excerpt":{"rendered":"<p>Carlos Boyero, uno de los m\u00e1s populares e influyentes cr\u00edticos de cine y feroz columnista de televisi\u00f3n y de la vida en general, charla con los internautas todos los jueves.<br \/>\n M\u00e1s entrevistas digitales<\/p>\n","protected":false},"author":1,"featured_media":0,"comment_status":"open","ping_status":"open","sticky":false,"template":"","format":"standard","meta":{"footnotes":""},"categories":[],"tags":[],"class_list":["post-10417","post","type-post","status-publish","format-standard","hentry"],"_links":{"self":[{"href":"https:\/\/intervius.com\/index.html\/wp-json\/wp\/v2\/posts\/10417","targetHints":{"allow":["GET"]}}],"collection":[{"href":"https:\/\/intervius.com\/index.html\/wp-json\/wp\/v2\/posts"}],"about":[{"href":"https:\/\/intervius.com\/index.html\/wp-json\/wp\/v2\/types\/post"}],"author":[{"embeddable":true,"href":"https:\/\/intervius.com\/index.html\/wp-json\/wp\/v2\/users\/1"}],"replies":[{"embeddable":true,"href":"https:\/\/intervius.com\/index.html\/wp-json\/wp\/v2\/comments?post=10417"}],"version-history":[{"count":0,"href":"https:\/\/intervius.com\/index.html\/wp-json\/wp\/v2\/posts\/10417\/revisions"}],"wp:attachment":[{"href":"https:\/\/intervius.com\/index.html\/wp-json\/wp\/v2\/media?parent=10417"}],"wp:term":[{"taxonomy":"category","embeddable":true,"href":"https:\/\/intervius.com\/index.html\/wp-json\/wp\/v2\/categories?post=10417"},{"taxonomy":"post_tag","embeddable":true,"href":"https:\/\/intervius.com\/index.html\/wp-json\/wp\/v2\/tags?post=10417"}],"curies":[{"name":"wp","href":"https:\/\/api.w.org\/{rel}","templated":true}]}}