{"id":10411,"date":"2012-06-01T00:00:00","date_gmt":"2006-11-06T00:00:00","guid":{"rendered":"https:\/\/intervius.com\/index.html\/?p=10411"},"modified":"2006-11-06T00:00:00","modified_gmt":"2006-11-06T00:00:00","slug":"Antonio_Hernando10411","status":"publish","type":"post","link":"https:\/\/intervius.com\/index.html\/Antonio_Hernando10411\/","title":{"rendered":"Antonio Hernando"},"content":{"rendered":"<p>Pregunta.- Cada vez hay m\u00e1s j\u00f3venes espa\u00f1oles que se van a buscar la vida fuera de Espa\u00f1a porque aqu\u00ed no encuentran trabajo. \u00bfSe puede repetir la situaci\u00f3n en Espa\u00f1a de aquellos a\u00f1os tan duros y amargos del franquismo en los cuales hubo miles de emigrantes? <\/p>\n<p>Respuesta.- La situaci\u00f3n es evidentemente muy dif\u00edcil y muchos j\u00f3venes, y no tan j\u00f3venes, est\u00e1n buscando salidas laborales fuera de Espa\u00f1a. El fen\u00f3meno se produjo en el pasado, por circunstancias econ\u00f3micas y por otros motivos, y cre\u00edamos que no se iba a volver a dar esa situaci\u00f3n. Ahora la emigraci\u00f3n se ha vuelto a convertir en una alternativa. Emigrar a otros pa\u00edses es una buena soluci\u00f3n cuando no es forzada, el drama surge cuando para mucha gente es la \u00fanica salida. Esperemos que la situaci\u00f3n mejore y que la movilidad y la emigraci\u00f3n se conviertan en alternativas voluntarias y no obligatorias. <\/p>\n<p>P.- \u00bfPor qu\u00e9 ahora se oponen a lo que defendieron (ayudas p\u00fablicas a bancos) u obviaron (cambio de relaciones con la Iglesia, cobro del IBI) durante su Gobierno?<\/p>\n<p>R.- En el pasado hubo dos Decretos de reforma del sistema financiero que han ido cumpliendo objetivos parciales respecto a nuestro sistema financiero. Se han reducido significativamente las Cajas de Ahorro y en, en un momento dado, los pr\u00e9stamos y avales a los bancos impidieron que el edificio financiero se derrumbase. Como digo, fueron pr\u00e9stamos, y el Tesoro recupero las cantidades prestadas. En la actualidad, lo que cuestionamos es el procedimiento y el fondo de la cuesti\u00f3n. Lo importante es que no se pierda el dinero p\u00fablico o el capital que se va a invertir. Ayer no nos opusimos sino que nos abstuvimos a la tramitaci\u00f3n del Real Decreto de reforma como Proyecto de Ley, con la intenci\u00f3n de mejorar el texto, llegar a acuerdos y garantizar que el dinero p\u00fablico no se pierde. Y tambi\u00e9n es muy importante que se den todas las explicaciones necesarias en relaci\u00f3n con Bankia, porque el proceso llevado a cabo las \u00faltimas semana por el Gobierno ha sido lamentable y muy perjudicial para la credibilidad de Espa\u00f1a y para ganar confianza. En cuanto al tema del IBI, creo que es una de las cuestiones pendiente para los socialistas. Debimos hacerlo y no lo hicimos, y muchos electores, simpatizantes y votantes nos lo llevan pidiendo desde hace a\u00f1os. Quiz\u00e1s sea una de las razones por las que hemos decepcionado a nuestro electorado. Ahora se trata de corregir esa posici\u00f3n, de proponer una alternativa y de que si la reforma del Concordato no es posible ahora, porque el Gobierno no quiera impulsarlo, no quede ninguna duda de que cuando llegue un Gobierno socialista eso ser\u00e1 una realidad. <\/p>\n<p>P.- \u00bfPor qu\u00e9 en los ocho a\u00f1os que gobern\u00f3 su partido no hizo nada para regularizar -y, por supuesto, mejorar- la situaci\u00f3n de las personas inmigrantes detenidas en los CIE?<\/p>\n<p>R.- Creo que en los a\u00f1os de Gobierno se hicieron en materia de inmigraci\u00f3n grandes avances. La reforma de la Ley de Extranjer\u00eda, el desarrollo de su reglamento, la creaci\u00f3n de un fondo para la integraci\u00f3n, el establecimiento de un modelo de canalizaci\u00f3n de flujos, las relaciones con pa\u00edses del \u00c1frica subsahariana, etc. Sin embargo, a pesar de que en la Ley incluimos un art\u00edculo sobre derechos de los extranjeros internados, es cierto que no aprobamos un Reglamento para los CIEs. Y me alegro que el Ministerio de interior est\u00e9 trabajando en la aprobaci\u00f3n de un Reglamento con las organizaciones especializadas y, en el futuro, con los Grupos Parlamentarios. <\/p>\n<p>P.- \u00bfPor qu\u00e9 no acud\u00eds a los tribunales para investigar Bankia en vez a una comisi\u00f3n en el Congreso donde no se va a aclarar nada?<\/p>\n<p>R.- Son \u00e1mbitos diferentes y compatibles, el Parlamento tiene un papel pol\u00edtico y de control de la actividad gubernamental, mientras que los Tribunales persiguen la comisi\u00f3n de delitos o irregularidades. Nuestra obligaci\u00f3n es pedir explicaciones e investigar en el \u00e1mbito parlamentario. Espero que el Gobierno y el Grupo Parlamentario del PP, que tiene la mayor\u00eda absoluta, tenga el acierto de no vetar esa Comisi\u00f3n de Investigaci\u00f3n porque eso a\u00f1adir\u00eda m\u00e1s dudas e interrogantes sobre el proceso de Bankia. <\/p>\n<p>P.- \u00bfQu\u00e9 valoraci\u00f3n realizas de la pol\u00edtica en materia de inmigraci\u00f3n llevada a cabo por el gobierno del Partido Popular?<\/p>\n<p>R.- El Gobierno no ha tomado grandes decisiones en esta materia, m\u00e1s all\u00e1 de rebajar las partidas dirigidas a las pol\u00edticas de integraci\u00f3n o reducir el nivel de los \u00f3rganos administrativos que regulan el fen\u00f3meno. Pero como quiero ser objetivo dir\u00e9 una cosa positiva y otra negativa de la pol\u00edtica del actual Gobierno en materia de inmigraci\u00f3n, La positiva, como ya he dicho, es el anuncio de un Reglamento que regular\u00e1 los Centros de Internamiento. Esperemos que sea realidad cuanto antes. La negativa, muy negativa incluso, es privar a los inmigrantes sin residencia de la atenci\u00f3n sanitaria. S\u00f3lo podr\u00e1n acudir a servicios de urgencia en caso de accidente o enfermedad grave. Esto puede ser muy peligroso para la salud de muchas personas. Es una medida cruel, que puede llevar al colapso de las urgencias, y que hace genera sentimientos racistas, cuando precisamente los responsables pol\u00edticos deber\u00edamos hacer pedagog\u00eda con el fen\u00f3meno migratorio. <\/p>\n<p>P.- Buenas, \u00bfqu\u00e9 tipo de oposici\u00f3n esta haciendo el PSOE? Como socialista me siento abandonada, decepcionada&#8230; ante la carencia de alternativas. El partido necesita gente joven y con ideas nuevas.<\/p>\n<p>R.- Creo que estamos haciendo una oposici\u00f3n responsable y exigente al mismo tiempo. La situaci\u00f3n del pa\u00eds es muy dif\u00edcil, y creo que no podamos hacer oposici\u00f3n a cualquier precio y de cualquier forma, como si hizo en el pasado el PP, pero nosotros ni podemos ni debemos ser iguales.Durante la campa\u00f1a electoral Alfredo P\u00e9rez Rubalcaba anunci\u00f3 muchas de las medidas y pol\u00edticas que, finalmente ha terminado adoptando el Gobierno del PP. En esa misma campa\u00f1a presentamos alternativas que se contienen en nuestro programa electoral. En estos meses nos hemos opuesto a una reforma laboral agresiva y retr\u00f3grada, a los recortes en educaci\u00f3n y sanidad, y en general hemos defendido el modelo de Estado de bienestar construido durante todos estos a\u00f1os. Al mismo tiempo, hemos ofrecido di\u00e1logo y consenso, porque creemos que eso puede ser bueno para Espa\u00f1a, pero partiendo de la base de que no estamos dispuestos a firmar cheques en blanco ni a renunciar a nuestros valores y principios. En cuanto a los equipos, creo que lo ideal es crear equipos en los que contemos con todos, con diferentes generaciones, con personas con m\u00e1s experiencia, con diferentes trayectorias, etc. Eso es lo que estamos tratando de hacer. <\/p>\n<p>P.- \u00bfC\u00f3mo se pueden compensar las diferencias estructurales y de servicios p\u00fablicos que se est\u00e1n generando entre las distintas CCAA, especialmente a ra\u00edz de las \u00faltimas medidas adoptadas por el Gobierno Central?<\/p>\n<p>R.- Luc\u00eda, soy un defensor convencido del Estado de las Autonom\u00edas, a pesar de que ahora no este de moda, m\u00e1s bien al contrario. Creo que la crisis est\u00e1 sirviendo como excusa perfecta para convertir a las CCAA en un chivo expiatorio de todos nuestros males. En realidad las Comunidades son la garant\u00eda del Estado de bienestar y de los servicios p\u00fablicos esenciales, y los ataques contra las Autonom\u00edas son ataques al Estado de bienestar. Durante muchos de democracia se han reducido la diferencias entre Comunidades, y esa solidaridad ha generado una gran cohesi\u00f3n social. Ahora nos encontramos con que el Gobierno no trata igual a todas las CCAA y a algunas, como ocurri\u00f3 con Andaluc\u00eda en el \u00faltimo Consejo de Pol\u00edtica Fiscal y Financiera , parece que les exige m\u00e1s que a otras, esa es una discriminaci\u00f3n injustificable. <\/p>\n<p>P.- La Comisi\u00f3n Europea est\u00e1 cuestionando las medidas adoptadas por el Gobierno, entre ellas la subida del IRPF o la reforma laboral, \u00bfc\u00f3mo cree que han afectado las reformas del Gobierno de Rajoy al Estado del bienestar y qu\u00e9 efectos pueden tener a medio plazo?<\/p>\n<p>R.- En general creo que el Gobierno ha generado una enorme desconfianza dentro y fuera de Espa\u00f1a. La Comisi\u00f3n hizo ayer una enmienda a gran parte de las decisiones del Presidente Rajoy. Los cambios de criterio en cuesti\u00f3n de horas o d\u00edas, las decisiones basadas en c\u00e1lculos pol\u00edticos y electorales, y el deterioro de la credibilidad de las instituciones est\u00e1n lastrando nuestra posibilidades de salir de la crisis y generar confianza en las instituciones europeas e internacionales. el PP ha dilapidado un enorme caudal de confianza, pero lo m\u00e1s grave es que la falta de direcci\u00f3n firme nos est\u00e1 costando muy cara. Respecto al Estado de Bienestar, el problema es que gran parte de las medidas que se han tomado, especialmente en sanidad y educaci\u00f3n, van a suponer un deterioro que tardar\u00e1 mucho en recuperarse. <\/p>\n<p>P.- Voy a ser pol\u00e9mico se\u00f1or Hernando, \u00bfc\u00f3mo podemos explicar al espa\u00f1ol medio la necesidad de m\u00e1s inmigraci\u00f3n teniendo las cifras de paro actuales en el pa\u00eds?<\/p>\n<p>R.- No creo que nadie est\u00e9 planteando la necesidad de m\u00e1s inmigraci\u00f3n. Planteamos una regulaci\u00f3n racional de los flujos migratorios en base a las necesidades del mercado de trabajo y al ejercicio, por ejemplo, del derecho a la reagrupaci\u00f3n familiar. <\/p>\n<p>P.- \u00bfCrees que deber\u00edan desaparecer las diputaciones como soluci\u00f3n para ahorrar dinero p\u00fablico?<\/p>\n<p>R.- Creo que es necesaria una reforma profunda de las Diputaciones Provinciales. En los pr\u00f3ximos d\u00edas vamos a hablar con el Gobierno sobre reformas instituciones pendientes en el \u00e1mbito local, y seguro que las Diputaciones estar\u00e1n entre los temas que abordaremos. <\/p>\n","protected":false},"excerpt":{"rendered":"<p>Antonio Hernando, que acaba de presentar el libro 100 respuestas sobre extranjer\u00eda, charla con los lectores de EL PA\u00cdS.<br \/>\nFoto: Carmen Villazala<\/p>\n","protected":false},"author":1,"featured_media":0,"comment_status":"open","ping_status":"open","sticky":false,"template":"","format":"standard","meta":{"footnotes":""},"categories":[],"tags":[],"class_list":["post-10411","post","type-post","status-publish","format-standard","hentry"],"_links":{"self":[{"href":"https:\/\/intervius.com\/index.html\/wp-json\/wp\/v2\/posts\/10411","targetHints":{"allow":["GET"]}}],"collection":[{"href":"https:\/\/intervius.com\/index.html\/wp-json\/wp\/v2\/posts"}],"about":[{"href":"https:\/\/intervius.com\/index.html\/wp-json\/wp\/v2\/types\/post"}],"author":[{"embeddable":true,"href":"https:\/\/intervius.com\/index.html\/wp-json\/wp\/v2\/users\/1"}],"replies":[{"embeddable":true,"href":"https:\/\/intervius.com\/index.html\/wp-json\/wp\/v2\/comments?post=10411"}],"version-history":[{"count":0,"href":"https:\/\/intervius.com\/index.html\/wp-json\/wp\/v2\/posts\/10411\/revisions"}],"wp:attachment":[{"href":"https:\/\/intervius.com\/index.html\/wp-json\/wp\/v2\/media?parent=10411"}],"wp:term":[{"taxonomy":"category","embeddable":true,"href":"https:\/\/intervius.com\/index.html\/wp-json\/wp\/v2\/categories?post=10411"},{"taxonomy":"post_tag","embeddable":true,"href":"https:\/\/intervius.com\/index.html\/wp-json\/wp\/v2\/tags?post=10411"}],"curies":[{"name":"wp","href":"https:\/\/api.w.org\/{rel}","templated":true}]}}