{"id":10403,"date":"2010-05-13T00:00:00","date_gmt":"2006-11-06T00:00:00","guid":{"rendered":"https:\/\/intervius.com\/index.html\/?p=10403"},"modified":"2006-11-06T00:00:00","modified_gmt":"2006-11-06T00:00:00","slug":"Manolete10403","status":"publish","type":"post","link":"https:\/\/intervius.com\/index.html\/Manolete10403\/","title":{"rendered":"Manolete"},"content":{"rendered":"<p>Pregunta.- Hola crack!!!Felididades por la copa jeje!!!Soy cule hasta la medula,pero me alegro muchisimo por todos vosotros,y por mi primo javi colchonero,sufri como un atletico mas,toda espa\u00f1a eramos colchoneros anoche!!!Un abrazo.Isaac<\/p>\n<p>Respuesta.- Gracias Isaac. Ni siquiera se si tengo algo que llaman coraz\u00f3n. Que duro ha sido el camino. Pero con estas dificultades es como mejor sabe. Espa\u00f1a ayer nos qui\u00f1o un ojo. No lo olvidaremos.<\/p>\n<p>P.- Manolete, somos felices!! Yo ya pienso en el doblete y despu\u00e9s en la temporada que viene&#8230; Se supone que tenemos a Fran Merida, Mario Suarez y Diego Costa. Recuperaremos a De las Cuevas? Yo de salidas, a parte de las obvias (Pernia, Pablo, &#8230;) veo obligada la de Simao (qu\u00e9 poco compromiso! Va a ser el m\u00e1s fresco en el mundial!). Como ves el tema del portero? Con la lesi\u00f3n de Asenjo, veo la venta de Roberto y tirar con Joel como segundo (imposible vender a Asenjo). Necesitamos dos laterales y un mediocentro o algo m\u00e1s?? Muchas gracias y Forza atleti<\/p>\n<p>R.- Sin duda. Roberto puedo volver. <\/p>\n<p>P.- Porque no dimite Villar despu\u00e9s del espect\u00e1culo de ayer? Valiente representante del f\u00fatbol espa\u00f1ol, pareci\u00f3 que le molestaba que el aleti ganara, ni celebr\u00f3 los goles ni nada parecia lo contraario mas bien por la cara de amargado que tenia.<\/p>\n<p>R.- Es una pena. Villar me parece lamentable todo lo que hace y mucho peor lo de Platini.<\/p>\n<p>P.- enhorabuena manolete y que conste que soy del madrid que gran delantero forlan.\u00bfte ha felicitado roncero?jaja<\/p>\n<p>R.- Sin duda. Roncero es uno de los grandes, como los madridistas. Forl\u00e1n es un jugadof fuera de seire.<\/p>\n<p>P.- Manolete,crack! Nos van a regalar Cerezo y Calam algun fichaje estrella para festejar los titulos y subir el escal\u00f3n q nos hace falta?<\/p>\n<p>R.- Lo van a intentar y la maquinaria trabaja en la opci\u00f3n de un centrocampista de lujo.<\/p>\n<p>P.- Manolete, enhorabuena de coraz\u00f3n de un merengue. Ten\u00e9is un grandisimo equipo que espero que el a\u00f1o que viene entre en la lucha por la liga. Mi pregunta es, con jugadorazos como el Kun, Forlan, Reyes, Uljfalusi&#8230;, que ayer se dejaron todo en el campo, como puede ser que un chavalito como Salvio, salga de refresco y sea el que menos corra. \u00bfCrees que ese chico vale para el Atleti? En el Bernabeu le hab\u00edan cosido a gorrazos. <\/p>\n<p>R.- A mi me gusta. El problema es que se tiene que aclimatar y en especial no le est\u00e1n dando oportunidades.<\/p>\n<p>P.- ola manolete\u00a1\u00a1\u00bfcontratarias a una persona q a perdido un a\u00f1o de carrera por q celebro los titulos del aleti en epoca de examenes?espero q si por q me van a dar una de palos<\/p>\n<p>R.- Amigo si estuviera en mano seguro. Cuando veas que soy de los que mandan llamame. te adender\u00e9,<\/p>\n<p>P.- Hola Manolete. \u00bfA qu\u00e9 hora y d\u00f3nde acabaste ayer la fiesta? \u00bfCu\u00e1ntos cubatas te tomaste?<\/p>\n<p>R.- Tarde y m\u00e1s que cubate, pampero con coca-cola.<\/p>\n<p>P.- Manolete, yo soy hincha del Atleti desde que tengo uso de raz\u00f3n. Pero anoche viv\u00ed el partido con una enorme pena: no estaba Paquito en el Carrusel. \u00c1nimo a todos y especialmente a \u00e9l. Nos privaron de lo que hubiera sido el partido m\u00e1s feliz que recuerdo.<\/p>\n<p>R.- Lleva siempre en el coraz\u00f3n a los mejores. Es algo que nadie me lo va impedir.<\/p>\n<p>P.- Hola Manolete. En primer lugar quer\u00eda decirte que eres uno de los mejores -casi todos de la ser-. Ayer me alegre mucho se que el Aleti ganara la Europa League. En primer lugar por mis amigos y luego por la afici\u00f3n colchonera -la que mas se gasta en banderas espa\u00f1olas-. Mi pregunta va relacionada con la pr\u00f3xima jornada. Ahora espero que nos hech\u00e9is una mano en liga: \u00bfQue posibilidades de ganar le das al Aleti el domingo contra el Getafe? Gracias.<\/p>\n<p>R.- Lo siento pero no te hagas ilusiones. Creo que lo del geta el domingo ser\u00e1 un paseo militar.<\/p>\n<p>P.- hola manolete aqui un cule desde puerto rico un saludo y felicidades por el titulo! son el unico equipo madrile\u00f1o en ganar algo esta temporada y lo mejor es que no tuvieron que gastarse 300 millones! en horabuena felicidades!<\/p>\n<p>R.- Esto es el acierto de saber manejar con gracia y acierto el poco dinero que te dejan los poderosos.<\/p>\n<p>P.- Enhorabuena!!!!!Felicidades por el titulo, espero que lo disfruteis y espero que ganeis tambien la copa del Rey. Te lo dice un madridista que se alegra por vuestro triunfo y que espero que tu te alegres algun dia por los nuestros, no tienes que ser tan rencoroso. Felicidades y que la fiesta continue el dia 19.<\/p>\n<p>R.- Seguro. De momento que nos quiten lo bailao.<\/p>\n<p>P.- Buenos d\u00edas, felicidades por la UEFA. \u00bfQu\u00e9 pas\u00f3 con Paco Gonz\u00e1lez?<\/p>\n<p>R.- Asuntos con la empresa que todav\u00eda no he podido averiguar.<\/p>\n<p>P.- bueno manolete. tu que siempre has dicho que al madrid les regalaban titulos con ayudas de la uefa? como describirias las ayudas contra el valencia en el calderon y el gol en fuera de juego de la final?espero contestes con sinceridad no con el corazon.<\/p>\n<p>R.- Sin duda te lo reconozco. Hubo fuera de juego y no me importa. Ni siquiera el t\u00edtulo. Lo m\u00e1s bonito fue el espect\u00e1culo de la gente.<\/p>\n<p>P.- Manolete, hace un a\u00f1o aproximadamente me dijiste, en otra entrevista digital, que la antigua copa de la UEFA era una competici\u00f3n &#8220;menor&#8221; para el Atl\u00e9tico de Madrid, supongo que has cambiado de idea, \u00bfno? Un saludo y mis felicitaciones, aunque soy madridista ayer anim\u00e9 al Atleti como el que m\u00e1s.<\/p>\n<p>R.- Met\u00ed la pata, pero situate en esas fechas y comprender\u00e1s que me v\u00ed bajando a segunda.<\/p>\n<p>P.- Mi admirado amigo, muchisimas felicitaciones, abrazos y enhorabuena de todo coraz\u00f3n. Sois \u00fanicos, irrepetibles&#8230;y como mi Bar\u00e7a, ETERNOS. Me alegra que el doblete lo veamos como anfitriones en el Camp Nou. Ojal\u00e1 pudiera ir a M\u00f3naco contigo y disfrutar de tu atleti como un simpatizante m\u00e1s. La pregunta, \u00bf que sensaci\u00f3n recorri\u00f3 tu cuerpo tras el 2\u00ba de Forl\u00e1n?. No cambies nunca.<\/p>\n<p>R.- Llor\u00e9 como un ni\u00f1o. Me acord\u00e9 de mi padre y la final de Bruselas. Y, mi hija remat\u00f3 cuando euf\u00f3rica me dijo: &#8220;gracias por ser del atl\u00e9tico&#8221;.<\/p>\n<p>P.- Manolete! Felicidades maestro!!! Soy cule y ayer pegue un grito con el gol de Forlan parecido al que pegue con el de Iniesta contra el Chelsea!! A ver, se habla en los foros que Villa y Cesc seran presentados la semana que viene, tienes alguna informacion tu? Tambien se habla de Azpilicueta, Sabes algo? Lo dicho, For\u00e7a Atleti y For\u00e7a Bar\u00e7a!!!!<\/p>\n<p>R.- Dalo por hecho. Est\u00e1n cerrados desde hace tiempo y lo vengo repetiendo desde hace meses. Azpilicueta el que m\u00e1s puja por sus servicios.<\/p>\n<p>P.- manolete es cierto que despues del titulo del at. este club es el primero de madrid, este a\u00f1o. y 250.000.000 a la papelera.<\/p>\n<p>R.- Sin duda. A los datos me remito.<\/p>\n<p>P.- \u00bfte vas a rapar la cabeza si ganamos tambien la copa del rey?<\/p>\n<p>R.- Y, me ba\u00f1o en pelotas donde haga falta.<\/p>\n<p>P.- hola maquina, lo primero felicitarte por la europa league. realmente estan tan tan avanzados los fichajes de villa y cesc como se dice? que sabes de las &#8220;bombas&#8221; que tiene sandro? muxas gracias!<\/p>\n<p>R.- Est\u00e1n cerrados. Cerrado lucha por Mata, que pese a desmentidos, sabe que est\u00e1 a un paso de ser azulgrana.<\/p>\n","protected":false},"excerpt":{"rendered":"<p>Manuel Esteban Manolete, ha charlado con los lectores sobre la apasionante final de la Europa League entre el Atl\u00e9tico de Madrid y el Fulham. <\/p>\n<p>ARCHIVO DE ENTREVISTAS: <\/p>\n<p>28 de abril &#8211; 21 de abril &#8211; 14 de abril &#8211; 07 de abril &#8211; 24 de marzo &#8211; 17 de marzo &#8211; 11 de marzo &#8211; 03 de marzo &#8211; 24 de febrero &#8211; 17 de febrero &#8211; 10 de febrero &#8211; 03 de febrero &#8211; 28 de enero &#8211; 21 de enero &#8211; 13 de enero &#8211; 30 de diciembre &#8211; 23 de diciembre -16 de diciembre &#8211; 10 de diciembre &#8211; 02 de diciembre &#8211; 25 de noviembre &#8211; 18 de noviembre 11 de noviembre &#8211; 28 de octubre &#8211; 22de octubre &#8211; 14 de octubre &#8211; 07 de octubre &#8211; 30 de septiembre &#8211; 23 de septiembre &#8211; 16 de septiembre &#8211; 09 de septiembre &#8211; 02 de septiembre &#8211; 26 de agosto &#8211; 20 de agosto &#8211; 13 de agosto &#8211; 5 de agosto &#8211; 31 de julio &#8211; 22 de julio &#8211; 15 de julio &#8211; 8 de julio &#8211; 1 de julio &#8211; 24 de junio &#8211; 17 de junio &#8211; 10 de junio &#8211; 03 de junio &#8211; 27 de mayo &#8211; 20 de mayo &#8211; 13 de mayo &#8211; 06 de mayo &#8211; 29 de abril &#8211; 22 de abril &#8211; 15 de abril &#8211; 08 de abril &#8211; 01 de abril &#8211; 25 de marzo &#8211; 18 de marzo &#8211; 12 de marzo &#8211; 3 de marzo &#8211; 25 de febrero &#8211; 18 de febrero &#8211; 11 de febrero &#8211; 4 de febrero &#8211; 28 de enero &#8211; 14 de enero <\/p>\n<p>TWITTER DE MANOLETE &#8211;<\/p>\n","protected":false},"author":1,"featured_media":0,"comment_status":"open","ping_status":"open","sticky":false,"template":"","format":"standard","meta":{"footnotes":""},"categories":[],"tags":[],"class_list":["post-10403","post","type-post","status-publish","format-standard","hentry"],"_links":{"self":[{"href":"https:\/\/intervius.com\/index.html\/wp-json\/wp\/v2\/posts\/10403","targetHints":{"allow":["GET"]}}],"collection":[{"href":"https:\/\/intervius.com\/index.html\/wp-json\/wp\/v2\/posts"}],"about":[{"href":"https:\/\/intervius.com\/index.html\/wp-json\/wp\/v2\/types\/post"}],"author":[{"embeddable":true,"href":"https:\/\/intervius.com\/index.html\/wp-json\/wp\/v2\/users\/1"}],"replies":[{"embeddable":true,"href":"https:\/\/intervius.com\/index.html\/wp-json\/wp\/v2\/comments?post=10403"}],"version-history":[{"count":0,"href":"https:\/\/intervius.com\/index.html\/wp-json\/wp\/v2\/posts\/10403\/revisions"}],"wp:attachment":[{"href":"https:\/\/intervius.com\/index.html\/wp-json\/wp\/v2\/media?parent=10403"}],"wp:term":[{"taxonomy":"category","embeddable":true,"href":"https:\/\/intervius.com\/index.html\/wp-json\/wp\/v2\/categories?post=10403"},{"taxonomy":"post_tag","embeddable":true,"href":"https:\/\/intervius.com\/index.html\/wp-json\/wp\/v2\/tags?post=10403"}],"curies":[{"name":"wp","href":"https:\/\/api.w.org\/{rel}","templated":true}]}}