{"id":10400,"date":"2010-05-17T00:00:00","date_gmt":"2006-11-06T00:00:00","guid":{"rendered":"https:\/\/intervius.com\/index.html\/?p=10400"},"modified":"2006-11-06T00:00:00","modified_gmt":"2006-11-06T00:00:00","slug":"Jose_Samano10400","status":"publish","type":"post","link":"https:\/\/intervius.com\/index.html\/Jose_Samano10400\/","title":{"rendered":"Jos\u00e9 S\u00e1mano"},"content":{"rendered":"<p>Pregunta.- Discrepo de ese gran Madrid que dibujas en tu art\u00edculo. S\u00ed, en resultados, en puntos; pero lejos de un juego arm\u00f3nico, brillante, bello. No podemos decir: Ah, hemos perdido, pero eramos los mejores. No ha sido as\u00ed<\/p>\n<p>Respuesta.- Buenas tardes a todos y gracias por vuestra presencia. En casi toda discrepancia hay la oportunidad de aprender. Pero mantengo que el Madrid ha sido un gran equipo, s\u00f3lo as\u00ed se puede resistir a un Bar\u00e7a como el actual. No dir\u00e9 que juegue mejor que los azulgrana, desde luego, pero en el segundo tramo de la temporada ha impuesto un estilo muy f\u00edsico, vertiginoso, que tambi\u00e9n tiene su punto atractivo. Adem\u00e1s, el equipo, al contrario que con Capello y, en ocasiones, con Schuster ha sido protagonista en todos los partidos. Dir\u00eda que ha ganado todos los que ha merecido y perdido uno que no mereci\u00f3 (San Mam\u00e9s). Para ser el primer a\u00f1o de un proyecto no est\u00e1 mal. El equipo ha estado poco respaldado; sus directivos apenas muestran p\u00fablicamente su afecto y resulta complicado.<\/p>\n<p>P.- Buenas tardes Jos\u00e9&#8230; \u00bfqu\u00e9 hacemos con el R. Betis, cerramos por defunci\u00f3n o por cese de negocio?<\/p>\n<p>R.- Ya sabe&#8230;manque pierda. El beticismo est\u00e1 por encima de las coyunturas. Alg\u00fan d\u00eda se ir\u00e1n los nubarrones.<\/p>\n<p>P.- que le parecio la actitud de su colega manolo lamas con el indigente en hamburgo sus colega de plato que se reian y de la persona responsable que siguio emitiendo esa basura &#8230;.espero que no sea censurada esta pregunta y me gustaria saber si se mojarian en traer a lamas para bonbardearlo con pregunta graciass&#8230;espero q no la censuren <\/p>\n<p>R.- Me pareci\u00f3 muy desafortunada. A \u00e9l tambi\u00e9n y lo reconoci\u00f3. Nadie es perfecto, ni siquiera un gran profesional como Lama.<\/p>\n<p>P.- Sr. Samano, dada la situaci\u00f3n econ\u00f3mica del pa\u00eds. y del mundo mundial \u00bfcree usted que ser\u00eda un buen momento para meter mano en las opacas finanzas de los clubs y evitar despilfarros que se traducen en deudas astron\u00f3micas al fisco y a la seguridad social? \u00bfUna politica de topes salariales ayudar\u00eda a conseguir una liga m\u00e1s competitiva? Gracias y saludos.<\/p>\n<p>R.- Sea cual sea la situaci\u00f3n econ\u00f3mica del pa\u00eds, los clubes deportivos no tienen por qu\u00e9 tener prebendas especiales. Sus responsables deben responder ante la ley de su gesti\u00f3n privada. Aumentar\u00eda los mecanismos de control y sobre los techos salariales me parecen contraproducentes en un mercado libre. En todos los \u00f3rdenes de la vida hay diferencias; el deporte no es ajeno. <\/p>\n<p>P.- Estimado Sr. Samano: En su cr\u00f3nica de hoy anuncia &#8220;cambios significativos&#8221; inminentes en Madrid y Bar\u00e7a. Adem\u00e1s de los que ya ha mencionado (el relevo de Laporta, adi\u00f3s de Guti, etc.), \u00bfcu\u00e1les m\u00e1s puede vaticinar? \u00bfAdi\u00f3s a Henry, quiz\u00e1 Ibrahimovic, la cabeza de Pellegrini? Un saludo<\/p>\n<p>R.- El relevo de Laporta, sus fichajes de \u00faltima hora (\u00bfVilla?, \u00bfCesc?), la salida de Begiristain&#8230; Me parecen novedades muy significativas; no digo que vayan a cambiar la faz del Bar\u00e7a, pero habr\u00e1 que ver c\u00f3mo encajan los nuevos en el ecositema de Pep Guardiola. \u00bfQui\u00e9n ser\u00e1 el pr\u00f3ximo director t\u00e9cnico? \u00bfHabr\u00e1 feeling (palabra que tanta importancia tiene para Pep) entre el nuevo presidente y el mister? \u00bfEncajar\u00e1 Villa con Ibra? En el Madrid, si llega el volc\u00e1nico Mourinho nada ser\u00e1 igual respecto al prudente y sigiloso Pellegrini. La salida de Guti y la probable de Ra\u00fal tambi\u00e9n condicionar\u00e1n el futuro, los pesos en el vestuario cambiar\u00e1n. Y, por supuesto, al margen de Mou, llegar\u00e1n unos cuantos fichajes de los que acostumbra Florentino. <\/p>\n<p>P.- \u00bfC\u00f3mo es posible que dos equipos tan malos como Atletico y Fulham lleguen a la final de la antigua UEFA? Estoy sin fuerzasy me temo el mismo tedio para el Inter-Bayern.<\/p>\n<p>R.- No hace tanto que el Oporto y el M\u00f3naco jugaron una final de Liga de Campeones. Y no dir\u00eda que sean tan malos equipos. No est\u00e1n en el primer escal\u00f3n de la \u00e9lite, sobre todo el Fulham, pero hicieron los deberes en un torneo que no tiene mucho calado entre quienes tienen como meta la Liga de Campeones. Por tanto es un premio merecido para ambos. La final fue cerrada, como tantas otras, y la gan\u00f3 el mejor.<\/p>\n<p>P.- Hola Jos\u00e9, \u00bfCrees que el Valencia, si lo neceista, deber\u00eda vender a Villa o a Silva? \u00bfA ambos? Por otra parte, \u00bfpiensas que Soldado, Topal, Costa y si se concreta Colunga, pueden reforzar al equipo para afrontar con garant\u00edas la pr\u00f3xima Liga de Campeones? Gracias.<\/p>\n<p>R.- Me temo que la huella de Villa y Silva es demasiado como para borrarla los cuatro futbolistas que menciona como posible relevo. Parece evidente que el Valencia pagar\u00e1 los dispendios de hace no mucho y las grandilocuencias inmobiliarias de algunos que buscaban un pelotazo desde el palco. Lo primero que debe hacer cualquier club es estar saneado. <\/p>\n<p>P.- Hola, buenas tardes. Una vez acabada la liga, \u00bfc\u00f3mo ve el futuro de Ibrahimovic? \u00bfcree que el Bar\u00e7a intentar\u00e1 un traspaso? Parece ser que David Villa est\u00e1 &#8220;hecho&#8221; y algunos afirman que Cesc tambi\u00e9n. \u00bfSe atrever\u00eda a adelantar alg\u00fan fichaje de laterales u hombre de banda para el Bar\u00e7a 2011? Muchas gracias. <\/p>\n<p>R.- Ser\u00e1 interesante ver como se encuadran uno y otro. No descartar\u00eda que Villa juegue muchos partidos en el extremo zurdo, posici\u00f3n que le gusta cuando ataca la porter\u00eda contraria. Creo que salvo momentos puntuales, el puesto de nueve es para Messi (se lo ha ganado, \u00bfno?). Respecto a Cesc me parece fundamental para el Bar\u00e7a, por el plus de competitividad que dar\u00eda y porque as\u00ed el Bar\u00e7a tendr\u00eda tres centrocampistas para lo grueso (Tour\u00e8, Busquets y Keita) y tres para lo fino (Xavi, Iniesta y Cesc). Sin olvidar que ninguno de los medios mencionados tienen mucho gol, lo contrario que Cesc, cuya producci\u00f3n goleadora llegando desde atr\u00e1s es extraordinaria.<\/p>\n<p>P.- \u00bf por que es tan malo el periodismo deportivo en ESPA\u00d1A?<\/p>\n<p>R.- No me disgusta tanto como a usted, hay de todo.<\/p>\n<p>P.- Buenas tardes y felicidades por su trabajo, que hacen de EL PAIS mi peri\u00f3dico deportivo de referencia, sin t\u00f3picos de forofos (cada d\u00eda m\u00e1s comunes), y con un estilo que se agradece. Los defensores del buen f\u00fatbol, que obviamente ahora encarna el Barcelona, parece que deb\u00edamos pedir perd\u00f3n a los que ve\u00edan razones &#8220;extra\u00f1as&#8221; en los resultados. Afortunadamente hemos salido ganadores para escarnio de los resultadistas. Me gustar\u00eda saber su opini\u00f3n al respecto. Gracias<\/p>\n<p>R.- Ya he dicho en muchas ocasiones que no creo en las conspiraciones, s\u00f3lo me paracen un pobre recurso para fomentar victimismos demag\u00f3gicos que maquillen errores propios o bien para no reconocer abiertamente las virtudes del adversario. El Bar\u00e7a juega bien al f\u00fatbol y gana; para ello ha perpetuado un modelo durante mucho tiempo. El Madrid tambi\u00e9n gana, pero improvisa.<\/p>\n<p>P.- \u00bfQu\u00e9 le hace falta al Madrid para poder ganar un t\u00edtulo o vasrios el a\u00f1o que viene?<\/p>\n<p>R.- Alguien con su nombre no estar\u00eda mal en la banda contraria a CR. Al Madrid le hace falta fijar un gui\u00f3n y que sus rectores hagan saber p\u00fablicamente que lo apoyan hasta el final. Tiene respaldo social incalculable, le sobra el dinero, tiene grand\u00edsimos jugadores, una Ciudad Deportiva moderna&#8230; \u00bfEntonces, qu\u00e9 falta? Todo ese potencial al servicio de una idea, acorde con unos valores. <\/p>\n<p>P.- Por favor, mojate y sal en defensa o en contra de Paco Gonz\u00f1alez, no podemos dejar que una voz como la suya se apague. Saludos<\/p>\n<p>R.- Ha llegado un aluvi\u00f3n de preguntas sobre Paco Gonz\u00e1lez y basta una para contestar a todos. No conozco los entresijos de la discordia entre \u00e9l y sus directivos. Para opinar deber\u00eda conocer lo sucedido y tener las dos versiones. Como no es as\u00ed, s\u00f3lo puedo decir que Paco me parec\u00eda el mejor director posible de un Carrusel, por su frescura, sus conocimientos y ese ritmo infernal que le daba a un programa tan exigente, tan estresante. Lo siento, eso es lo \u00fanico que puedo juzgar.<\/p>\n<p>P.- \u00bfQu\u00e9 opini\u00f3n te merce como entrenador Michel? \u00bfLo ves ya entrenando al Madrid? Gracias, crack<\/p>\n<p>R.- Me parece un buen entrenador, ah\u00ed est\u00e1n sus resultados con el Getafe. Me gusta su extraordinaria pasi\u00f3n por el f\u00fatbol y ha sabido abrirse paso desde abajo. Por supuesto que podr\u00eda entrenar al Madrid; pero no creo que sea bueno buscar mimetismos del rival si las soluciones no son naturales. No se puede forzar la irrupci\u00f3n de un Guardiola; hay que estar convencido. Por cierto, una curiosidad: si no me falla la memoria, Jorge Valdano fue el primer entrenador en dejarle en el banquillo, en un Sporting de Lisboa-Real Madrid de la Copa de la UEFA, aquella en la que el Madrid cay\u00f3 con el Odense.<\/p>\n<p>P.- Benzema no ir\u00e1 al Mundial. Me sorprende, pues aunque no ha acabado de triunfar en el Madrid, tiene una gran calidad. \u00bfCrees que anda tan sobrado el futbol franc\u00e9s de talentos para prescindir de un 9 como \u00e9l? \u00bfCrees que Francia puede dar m\u00e1s de un susto a alg\u00fan &#8220;favorito&#8221;?<\/p>\n<p>R.- No le veo como un gran aspirante, pero en campeones de paso corto&#8230; Asist\u00ed en directo al Francia-Espa\u00f1a de hace un par de meses y la relaci\u00f3n de los seguidores blues con Dom\u00e8nech y Henry no destilaba nada bueno. En el caso de Benzema, Domenech ha vuelto a ser Domenech. La temporada de Benzema ha sido decepcionante, \u00bfy la de Henry? <\/p>\n<p>P.- Estimado S\u00e1mano, \u00bfno cree usted que deber\u00eda d\u00e1rsele m\u00e1s cancha a un deporte como el baloncesto en su secci\u00f3n? Tenemos a la mejor selecci\u00f3n del mundo, de Europa, subcampeona ol\u00edmpica y equipos que representan muy bien a la ACB en Europa. Echo en falta mayor an\u00e1lisis y reportajes, m\u00e1s all\u00e1 del semanal de Robert \u00c1lvarez. Saludos.<\/p>\n<p>R.- Estoy en parte de acuerdo y bien saben los que trabajan conmigo que el debate me persigue en mi interior. Me encanta el baloncesto (especialmente su versi\u00f3n NBA) y lo sigo desde hace much\u00edsimos a\u00f1os. Damos la mayor cobertura posible a la selecci\u00f3n y a la fase final de la Euroliga. Pero hay algo en la ACB que desperta poca pasi\u00f3n hasta las eliminatorias finales, a veces parece una liga semiclandestina, que cambia de canal constantemente, que raramente repite los horarios, que sostiene un sinfin de partidos de poca relevancia, donde se ha impuesto un juego muy defensivo, con algunos marcadores rid\u00edculos. Y ahora, con la NBA de puertas abiertas a todo el Globo, resulta muy dif\u00edcil que los mejores, no ya espa\u00f1oles, sino europeos, echen el ancla en Espa\u00f1a. <\/p>\n","protected":false},"excerpt":{"rendered":"<p>El redactor Jefe de Deportes de EL PA\u00cdS, Jos\u00e9 S\u00e1mano, ha charlado con los lectores sobre la \u00faltima jornada de Liga, de la final del Atl\u00e9tico de Madrid contra el Fulham y de toda la actualidad deportiva.<br \/>\nARCHIVO DE ENTREVISTAS:<br \/>\n10 de mayo<br \/>\n3 de mayo &#8211; 26 de abril<br \/>\n19 de abril &#8211; 12 de abril<br \/>\n29 de marzo &#8211; 22 de marzo<br \/>\n15 de marzo &#8211; 8 de marzo<br \/>\n&#8211; 1 de marzo &#8211; 22 de febrero<br \/>\n&#8211; 15 de febrero 8 de febrero<br \/>\n&#8211; 1 de febrero &#8211; 18 de enero<br \/>\n11 de enero 21 de diciembre<br \/>\n14 de diciembre &#8211; 7 de diciembre<br \/>\n30 de noviembre &#8211; 23 de noviembre<br \/>\n&#8211; 16 de noviembre &#8211; 9 de noviembre<br \/>\n&#8211; 2 de noviembre -26 de octubre<br \/>\n&#8211; 26 de octubre -19 de octubre<br \/>\n&#8211; 5 de octubre &#8211; 28 de septiembre<br \/>\n&#8211; 21 de septiembre &#8211; 14 de septiembre<\/p>\n","protected":false},"author":1,"featured_media":0,"comment_status":"open","ping_status":"open","sticky":false,"template":"","format":"standard","meta":{"footnotes":""},"categories":[],"tags":[],"class_list":["post-10400","post","type-post","status-publish","format-standard","hentry"],"_links":{"self":[{"href":"https:\/\/intervius.com\/index.html\/wp-json\/wp\/v2\/posts\/10400","targetHints":{"allow":["GET"]}}],"collection":[{"href":"https:\/\/intervius.com\/index.html\/wp-json\/wp\/v2\/posts"}],"about":[{"href":"https:\/\/intervius.com\/index.html\/wp-json\/wp\/v2\/types\/post"}],"author":[{"embeddable":true,"href":"https:\/\/intervius.com\/index.html\/wp-json\/wp\/v2\/users\/1"}],"replies":[{"embeddable":true,"href":"https:\/\/intervius.com\/index.html\/wp-json\/wp\/v2\/comments?post=10400"}],"version-history":[{"count":0,"href":"https:\/\/intervius.com\/index.html\/wp-json\/wp\/v2\/posts\/10400\/revisions"}],"wp:attachment":[{"href":"https:\/\/intervius.com\/index.html\/wp-json\/wp\/v2\/media?parent=10400"}],"wp:term":[{"taxonomy":"category","embeddable":true,"href":"https:\/\/intervius.com\/index.html\/wp-json\/wp\/v2\/categories?post=10400"},{"taxonomy":"post_tag","embeddable":true,"href":"https:\/\/intervius.com\/index.html\/wp-json\/wp\/v2\/tags?post=10400"}],"curies":[{"name":"wp","href":"https:\/\/api.w.org\/{rel}","templated":true}]}}