{"id":10396,"date":"2010-05-24T00:00:00","date_gmt":"2006-11-06T00:00:00","guid":{"rendered":"https:\/\/intervius.com\/index.html\/?p=10396"},"modified":"2006-11-06T00:00:00","modified_gmt":"2006-11-06T00:00:00","slug":"Florentino_Fernandez10396","status":"publish","type":"post","link":"https:\/\/intervius.com\/index.html\/Florentino_Fernandez10396\/","title":{"rendered":"Florentino Fern\u00e1ndez"},"content":{"rendered":"<p>Pregunta.- como sois capaces de aguantar el ritmo de 4 en ranking!??!! jajaja no paro de reirme!!! xD<\/p>\n<p>Respuesta.- Es nuestra sesi\u00f3n de gimnasio diaria, y nos reservaos ese momento para nosotros y nuestros desparrames, aunque seguimos el gui\u00f3n, ya ves de qu\u00e9 manera.<\/p>\n<p>P.- Me encanta como haces reir \u00bfQu\u00e9 es lo que m\u00e1s te gusta de ser un genial humorista?<\/p>\n<p>R.- No reflexiono mucho acerca de eso, paso a la acci\u00f3n, no s\u00e9, es mi manera de comunicarme y me encanta que sea a trav\u00e9s del humor.<\/p>\n<p>P.- xk no aces un video del gordako en el k tu o otros de tus colaboradores se caiga o se de un tranpazo ?\u00bf<\/p>\n<p>R.- Es una muy buena idea, muchas gracias, lo tendr\u00e9 en cuenta. <\/p>\n<p>P.- \u00bfsigues siendo coleguita de patricia conde? del informal a competir cara a cara en cadenas rivales en la misma franja horaria&#8230;<\/p>\n<p>R.- A Patricia la aprecio mucho y me parece muy buena presentadora. Las circunstancias actuales nos hacen compartir franja pero no pasa n\u00e1, seguro que hay hueco para todos.<\/p>\n<p>P.- que pasa tio?? eres un makina aunke ya lo sabras&#8230;.. mi pregunta es basicamente, \u00bf como puedes estar rodeado de tanta tia buena?<\/p>\n<p>R.- Ya ves, ni en los mejores sue\u00f1os me lo habr\u00eda imaginado y ah\u00ed me tienes, y todas encantadas<\/p>\n<p>P.- Hola Flo,antes que nada queria felicitarte por el programa,.\u00bfde donde sali\u00f3 la idea del blog de agueda?<\/p>\n<p>R.- Muchas gracias por estar ah\u00ed. Es un blog que encontramos enredando en Internet y que nos flip\u00f3, y ya v\u00e9is c\u00f3mo se lo curran, merecen que todo el mundo les vea.<\/p>\n<p>P.- ei flo..quien es el personaje que mas gracia te hace? que programa q no sea el tuyo te gustaria presentar y por que? sigue asi mu\u00f1eco! desde zamora un abrazo<\/p>\n<p>R.- Me r\u00edo mucho con Patricio el amigo de Bob Esponja y le hago a veces un mini homenaje en el programa. Por flipar un poco te dir\u00eda que presentar\u00eda el programa americano \u201cThe tonight show\u201d con Jay Leno. Saludos a Zamora!<\/p>\n<p>P.- en tus a\u00f1os como comico \u00bfcon quien te llevarias mejor de los comicos que hayas conocido?<\/p>\n<p>R.- Me llevo bien con toda la gente con la que he tenido la suerte de trabajar, no es peloteo, soy un t\u00edo f\u00e1cil. <\/p>\n<p>P.- k te dice tu madre alver k aces tantas tonterias en la tele??<\/p>\n<p>R.- Pues eso, qu\u00e9 cuanta tonter\u00eda me \u201cmandan\u201d hacer, ella piensa que me obligan, ay! si supiera que el m\u00e1s tontaco soy yo\u2026<\/p>\n<p>P.- \u00bfpor que cuatro y no otras canales?\u00bfde que trata tonterias las justas?<\/p>\n<p>R.- Cuatro me ha dado la oportunidad y estoy encantado. Para saber del programa no hay nada como un pase\u00edto por la Web de Cuatro y enseguida le pillas el aire.<\/p>\n<p>P.- \u00bfPor qu\u00e9 en un programa como el informal donde habia de todo, acasbasteis con el? Un saludo enorme Flo suigue asi<\/p>\n<p>R.- Ay amigo\/a, no es as\u00ed de sencilla la explicaci\u00f3n; por encima de nosotros hay gente que manda mucho y deciden, nosotros sufrimos mucho aquel final. Saludos!!! <\/p>\n<p>P.- Olle Fl\u00f3.. \u00bfY tu como te sientes cando te ves por la tele?<\/p>\n<p>R.- Me veo muy grande ( de tama\u00f1o), me veo trabajando, en algo que me encanta pero que tambi\u00e9n es trabajo. <\/p>\n<p>P.- \u00bfC\u00f3mo empez\u00f3 Flo en esto de la televisi\u00f3m? \u00bfC\u00f3mo le lleg\u00f3 la oportunidad de currar en el medio?<\/p>\n<p>R.- El \u00fanico casting de mi vida lo hice para \u201cEsta noche cruzamos el Mississippi\u201d y ah\u00ed empez\u00f3 todo.<\/p>\n<p>P.- Invitarias a miki nadal a doblar algun video contigo??<\/p>\n<p>R.- Por supuesto, nos lo pas\u00e1bamos pipa cundo lo hac\u00edamos en \u201cEl Informal\u201d.<\/p>\n<p>P.- que harias cuando seas viejo<\/p>\n<p>R.- Espero estar tranquilito que ya es mucho.<\/p>\n<p>P.- te importa acer el rid\u00edculo?<\/p>\n<p>R.- No te s\u00e9 contestar, no siento que haga el rid\u00edculo<\/p>\n<p>P.- hola flo! mi pregunta es la siguiente: a los coprentadores y reporteras del programa, como los elegiste? al azar o por sus trayectorias profesionales? un abrazo y \u00f3jala que dure\u00eds mucho, me lo paso choto con vosotros!!<\/p>\n<p>R.- A Anna y Dani ya los conoc\u00eda por sus anteriores trabajos, y Paula y Romina aparecieron en el casting de reporteras, y mira que equipo m\u00e1s majo nos ha quedado. Abrazos!!!<\/p>\n<p>P.- \u00bfQu\u00e9 se requiere para que expongais mi video de gambitas si lo hago?<\/p>\n<p>R.- Qu\u00e9 se vea bien la gamba y sobre todo que sea espont\u00e1neo y natural, as\u00ed que an\u00edmate y env\u00edanoslo<\/p>\n<p>P.- Hola fl\u00f3. Lo primero darte la enhorabuena por tu programa, y lo segundo, me he enamorado de los 4 ranking, dani y tu estais geniales, y la m\u00fasica increible. te quer\u00eda preguntar por el t\u00edtulo de la canci\u00f3n que suena cuando dani y tu bailais agarrados. creo que es un bolero en remix o algo asi, pero de verdad qu eme encanta. Mucha suerte con el programa. Pablo<\/p>\n<p>R.- Pablo, es un mambo que ahora no s\u00e9 decirte el t\u00edtulo, espero poder informar pronto, muchas gracias por vernos. <\/p>\n","protected":false},"excerpt":{"rendered":"<p>Flo presenta todas las tardes, de lunes a viernes a las 15h30, Tonter\u00edas las justas, un programa con el nos aseguramos las carcajadas en la sobremesa. \u00a1Env\u00eda tu pregunta!<\/p>\n","protected":false},"author":1,"featured_media":0,"comment_status":"open","ping_status":"open","sticky":false,"template":"","format":"standard","meta":{"footnotes":""},"categories":[],"tags":[],"class_list":["post-10396","post","type-post","status-publish","format-standard","hentry"],"_links":{"self":[{"href":"https:\/\/intervius.com\/index.html\/wp-json\/wp\/v2\/posts\/10396","targetHints":{"allow":["GET"]}}],"collection":[{"href":"https:\/\/intervius.com\/index.html\/wp-json\/wp\/v2\/posts"}],"about":[{"href":"https:\/\/intervius.com\/index.html\/wp-json\/wp\/v2\/types\/post"}],"author":[{"embeddable":true,"href":"https:\/\/intervius.com\/index.html\/wp-json\/wp\/v2\/users\/1"}],"replies":[{"embeddable":true,"href":"https:\/\/intervius.com\/index.html\/wp-json\/wp\/v2\/comments?post=10396"}],"version-history":[{"count":0,"href":"https:\/\/intervius.com\/index.html\/wp-json\/wp\/v2\/posts\/10396\/revisions"}],"wp:attachment":[{"href":"https:\/\/intervius.com\/index.html\/wp-json\/wp\/v2\/media?parent=10396"}],"wp:term":[{"taxonomy":"category","embeddable":true,"href":"https:\/\/intervius.com\/index.html\/wp-json\/wp\/v2\/categories?post=10396"},{"taxonomy":"post_tag","embeddable":true,"href":"https:\/\/intervius.com\/index.html\/wp-json\/wp\/v2\/tags?post=10396"}],"curies":[{"name":"wp","href":"https:\/\/api.w.org\/{rel}","templated":true}]}}