{"id":1039,"date":"2007-03-14T00:00:00","date_gmt":"2006-11-06T00:00:00","guid":{"rendered":"https:\/\/intervius.com\/index.html\/?p=1039"},"modified":"2006-11-06T00:00:00","modified_gmt":"2006-11-06T00:00:00","slug":"Luis_Rojas_Marcos1039","status":"publish","type":"post","link":"https:\/\/intervius.com\/index.html\/Luis_Rojas_Marcos1039\/","title":{"rendered":"Luis Rojas Marcos"},"content":{"rendered":"<p>Pregunta.- Mi pregunta Sr. Rojas va sobre el TOC (trastorno obsesivo-compulsivo): \u00bfqu\u00e9 adelantos desde el punto de vista farmacol\u00f3gico y terape\u00fatico existen actualmente para hacer m\u00e1s &#8220;soportable&#8221; esta enfermedad a la persona que lo sufre? Muchas gracias por sus publicaciones.<\/p>\n<p>Respuesta.- De forma general, en la actualidad utilizamos la combinaci\u00f3n de medicamentso y psicoterapia para disminuir la ansiedad y el sufrimiento de estos pacientes.<\/p>\n<p>P.- Por que la gente miente? Es un problema de autoestima o que es? Muchas gracias<\/p>\n<p>R.- La gente miente por miedo. <\/p>\n<p>P.- Buenas tardes sr. Rojas! Desear\u00eda saber si usted cree que las &#8220;dolencias del alma&#8221; (depresi\u00f3n, ansiedad, etc.) provocan enfermedades como la fibromialgia, \u00falceras, migra\u00f1as, c\u00e1ncer, fatiga cr\u00f3nica&#8230; Muchas gracias.<\/p>\n<p>R.- La mente y el cuerpo son una misma cosa. Por lo tanto, cualquier dolencia del alma va a afectar al funcionamiento del cuerpo o de los \u00f3rganos del cuerpo. <\/p>\n<p>P.- \u00bfC\u00f3noce alg\u00fan tipo justificaci\u00f3n psicol\u00f3gica por la cual dos hombres de orientaci\u00f3n homosexual no puedan educar a un ni\u00f1o o ni\u00f1a como una pareja heterosexual? Por favor, \u00edndiqueme su m\u00e1s sincera opini\u00f3n. Gracias<\/p>\n<p>R.- Para ser buen padre o una buena madre son necesarias tres cualidades: Dar seguridad al ni\u00f1os, afecto y est\u00edmulo apropiado para su edad. En mi opini\u00f3n, no hay motivo f\u00edsicos o psicol\u00f3gicos para que una pareja homosexual no pueda ser buen padre o madre.<\/p>\n<p>P.- \u00bfQu\u00e9 rasgos destacar\u00eda como necesarios para propiciar la continuidad de la pareja, ahora que tantas se rompen? \u00bfC\u00f3mo controlar los celos?<\/p>\n<p>R.- Las relaciones de pareja evolucionan con el tiempo y para su supervivencia requieren trabajar cada d\u00eda en su mantenimiento. El amor es trabajo.<\/p>\n<p>P.- Buenas tardes, se\u00f1or Rojas Marcos, y felicidades por todo lo que ha logrado en su carrera. Una pregunta pr\u00e1ctica: \u00bfC\u00f3mo llevar la existencia de una persona &#8220;inestable o desequilibrada&#8221; en la familia pol\u00edtica cuando el problema es ignorado, obviado o ninguneado? Aparte de mano izquierda, \u00bfse puede hacer algo?<\/p>\n<p>R.- Muchas gracias por su comentario. Mi sugerencia es apartarse emocionalmente de esos familiares &#8220;inestibles&#8221;.<\/p>\n<p>P.- Informa El Pais sobre una tecnica de &#8220;ciurgia psiquiatrica&#8221; para trastornos obsesivos graves que consiste en la implantacion de un chip en la zona lobulo frontal-talamo y que impediria la &#8220;formacion&#8221; de esas ideas obsesivas. Por lo visto se aplica con exito en USA y otros paises; la duda es que ocurre con el paciente al quitarle esas ideas, entendiendolas como sintoma de algun proceso intrapsiquico. No quedaria expuesto a una psicosis? Donde puedo encontarr bibliografia? Gracias. <\/p>\n<p>R.- Las t\u00e9cnicas de cirug\u00eda psiquiatrica todav\u00eda est\u00e1n siendo investigadas. Cuando tienen \u00e9xito, el paciente se siente menos ansioso y no necesariamente sustituye sus obsesiones por otros sintomas.<\/p>\n<p>P.- Buenas tardes, Sr. Rojas. \u00bfNo le parece que se ha dado demasiada importancia a la autoestima como si desde hace a\u00f1os estuviera de moda? hay mucha gente con mucha autoestima, con un ego tremendo y que son aut\u00e9nticos d\u00e9spotas y eg\u00f3latras \u00bfno cree que la cualidad de ponerse en lugar de los dem\u00e1s (hoy se llama empat\u00eda, anta\u00f1o compasi\u00f3n) deber\u00eda ocupar un lugar al menos tan destacado como la autoestima? o ambas. saludos<\/p>\n<p>R.- Estoy de acuerdo con su opini\u00f3n. La autoestima, en cierta manera, es como el colesterol. Hay una autoestima buena y hay una autoestima mala. <\/p>\n<p>P.- Estimado colega: \u00bfNo te parece que nos hemos pasado con la Fluoxetina?. \u00bfNo te parece que se est\u00e1 utlizando para tratar cosas tan normales como una tristeza?. Admiro tu trayectoria profesional, pero en el tema de la Fluoxetina, creo que fuiste un poco ligero de cascos. Un abrazo<\/p>\n<p>R.- Casi todos los nuevos medicamentos al principio son recetados para aliviar problemas m\u00faltiples. Es cierto que a menudo se utilizan las medicinas con demasiada facilidad o por falta de tiempo para entender el verdadero problema del paciente. <\/p>\n<p>P.- Siempre he asociado inteligencia con felicidad. \u00bfCual es su opini\u00f3n al respecto?<\/p>\n<p>R.- La inteligencia, como el dinero, no dan la felicidad. <\/p>\n<p>P.- \u00bfcree usted que esta es una \u00e9poca especialmente intensa, donde lo mejor y lo peor est\u00e1 especialmente acentuado?, o es que la humanidad ha sido siempre as\u00ed Gracias por compartir su tiempo con nosotros <\/p>\n<p>R.- Cada d\u00eda vivimos m\u00e1s y, en general, vivimos mejor. Hoy tenemos m\u00e1s opciones y como consecuencia m\u00e1s dudas ante los retos que nos plantea la vida.<\/p>\n<p>P.- \u00bf C\u00f3mo se puede mejorar la autoestima ? \u00bf No depende de los logros obtenidos ?<\/p>\n<p>R.- Efectivamente, el ingrediente m\u00e1s frecuente de la autoestima es la capacidad para conseguir las metas razonables que nos planteamos.<\/p>\n<p>P.- Estimado don Luis: Me gustar\u00eda conocer su opini\u00f3n sobre los nuevos antidepresivos (p.ej. escitalopram). \u00bfCree que pueden sacar a una persona del fondo del pozo de la depresi\u00f3n o son s\u00f3lo un paliativo? Y sus efectos secundarios \u00bfno son peores que la enfermedad? Muchas gracias <\/p>\n<p>R.- La meta es adaptar el tratamiento al paciente y no el paciente al tratamiento. Cada persona responde a las medicaciones de forma diferente, por lo que es muy dificil generalizar.<\/p>\n<p>P.- \u00bfQu\u00e9 factores cree usted que son determinantes en la sociedad occidental para que la ansiedad se apodere de nosotros? <\/p>\n<p>R.- Para m\u00ed, el desequilibrio entre aspiraciones y oportunidades es una de las fuentes m\u00e1s frecuentes de ansiedad.<\/p>\n<p>P.- Buenas tardes. A pesar de ser una persona abierta con los dem\u00e1s, simp\u00e1tica, tener buen trabajo, una fam\u00edlia que me quiere y muy agraciada f\u00edsicamente, \u00bfpor qu\u00e9 a veces me siento tan inferior? \u00bf por qu\u00e9 me da la sensaci\u00f3n de ser &#8220;tonta&#8221; cuando me equivoco en el trabajo? Muchas gracias Sr. Marcos.<\/p>\n<p>R.- Dao que reconoces tus cualidades, me imagino que tus sentimientos de inferioridad est\u00e1n probablemente relacionados con experiencias que sufristes durante la infancia.<\/p>\n<p>P.- Soy pediatra. Muchas veces observo en mi consulta a padres que, de manera sutil , continuamente menoscaban la autoestima de sus hijos -con cr\u00edticas sobre lo mal que comen, lo desordenados que son, lo inquietos, la lista ser\u00eda interminable. Me consta que son buenos padres, que quieren a sus hijos. \u00bfC\u00f3mo puedo abordar esta situaci\u00f3n, siendo una observaci\u00f3n indirecta en una visita m\u00e9dica por otra causa? Gracias.<\/p>\n<p>R.- Querida colega, mi consejo es que dediques unos minutos a mostrar estos comportamientos da\u00f1inos a los padres y ayudarles a considerar alternativas m\u00e1s constructivas o positivas.<\/p>\n<p>P.- Hola, me gustaria saber si hay gente que han podido curarse del sindrome obsesivo compulsivo sin medicacion? Y cuales son las probabilidades? Muchas gracias. <\/p>\n<p>R.- Hay personas que sufren de este sindrome y que responden a la psicoterapia. Pero la mayor\u00eda requiere, adem\u00e1s, medicamentos.<\/p>\n<p>P.- Dr.:Muchas gracias por la grata conferencia ofrecida el pasado jueves en Madrid. Admiro que opte por la claridad, la sencillez e inteligencia ,que aprovechamos los asistentes , y que lo haga en pos de demostrar la sabidur\u00eda que nos consta posee con creces.Pregunta: \u00bfNo ocurrir\u00e1 en psicolog\u00eda , como en otras disciplinas, que nos movemos por esquemas r\u00edgidos , sin otras consideraciones,\u00bfhace falta siempre &#8220;sufrir&#8221; las p\u00e9rdidas o los duelos?\u00bfs\u00f3lo se madura y\u00e9ndose uno de casa de los padres,et<\/p>\n<p>R.- Muchas gracias por sus generosos comentarios. Si, efectivamente, a menudo nos movemos en psicolog\u00eda con absolutismos y rigidez. Desafortundamente, el duelo, el miedo y la indefensi\u00f3n son sentimientos inevitables a lo largo de la vida.<\/p>\n<p>P.- Se que estuvo usted ayudando a las victimas del atentado a las Torres Gemelas, desde entonces y hasta ahora ha notado progresos en la forma de afrontar la vida tras el fatidico atentado. \u00bfque le aconsejaria a las victimas del 11 M en Madrid y a sus familiares?Muchas gracias<\/p>\n<p>R.- Casi todas las personas superan las peores adversidades. Para lograrlo es necesario que se sientan razonablemente seguras, que hablen de su experiencia traum\u00e1tica, que sientan el apoyo de las personas que las rodean y que acepten el paso del tiempo.<\/p>\n<p>P.- Saludos. En muchos de sus libros cita usted habitualmente a Freud y a otros autores de tendencia psicoanal\u00edtica. Estoy haciendo mis estudios de doctorado sobre el tema y me gustar\u00eda saber qu\u00e9 opini\u00f3n le merece el psicoan\u00e1lisis y qu\u00e9 valor otorga a la palabra como curaci\u00f3n del s\u00edntoma. Por cierto, su libro sobre el optimismo fue una aut\u00e9ntica bocanada de aire fresco sobre el tema. Gracias por su atenci\u00f3n y espero con impaciencia su pr\u00f3ximo art\u00edculo en este diario. Hasta pronto.<\/p>\n<p>R.- Muchas gracias por sus amables comentarios. En mi opini\u00f3n, el psicoan\u00e1lisis es un m\u00e9todo para explorar los sentimientos y las raices de los deseos y comportamientos humanos. Como instrumento terape\u00fatico no es muy eficaz. <\/p>\n<p>P.- \u00bf De qu\u00e9 depende que unas personas tengan el ego tan subido y otras tengan tan baja la autoestima?<\/p>\n<p>R.- La autoestima se basa en el concepto que creamos de nosotros mismos desde la infancia. Dependiendo de los genes, de la personalidad y de las experiencias de la vida, hay personas que se aprecian y valoran y otras que se rechazan. Esto es inevitable.<\/p>\n<p>P.- y si perdemos la autoestima&#8230;\u00bf donde la buscamos ?<\/p>\n<p>R.- Los seres humanos tenemos la capacidad para observarnos a nosotros mismos interiormente. Mi consejo es que practique la introspecci\u00f3n, estoy seguro de que encontrar\u00e1 suficientes cualidades para elevar su autoestima.<\/p>\n<p>P.- \u00bfCual es la mejor cura para la falta de amor? Atractiva, independiente, con buen trabajo y nivel cultural, mil amigos y ning\u00fan problema personal. \u00bfEsto asusta realmente a los hombres, como me dicen? \u00bfNos hemos vuelto realmente tan insensibles que somos la cultura del placer inmediato y del todo vale? \u00bfAlg\u00fan consejo para subir mi autoestima?<\/p>\n<p>R.- El amor es uno de los ingredientes fundamentales de la satisfacci\u00f3n con la vida. Para encontrar relaciones afectivas es importante buscarlas y tratar de mantener una perspectiva optimista.<\/p>\n","protected":false},"excerpt":{"rendered":"<p>Luis Rojas Marcos es miembro de Academia de Medicina de Nueva York, la misma ciudad donde hasta hace unos a\u00f1os era jefe de los Servicios de Salud Mental, Alcoholismo y Drogodependencias. Tras varios libros publicados como La pareja rota o Las semillas de la violencia, este psiquiatra sevillano lanza un libro sobre La autoestima. Nuestra fuerza secreta sobre la que ha charlado con los lectores.<\/p>\n","protected":false},"author":1,"featured_media":0,"comment_status":"open","ping_status":"open","sticky":false,"template":"","format":"standard","meta":{"footnotes":""},"categories":[],"tags":[],"class_list":["post-1039","post","type-post","status-publish","format-standard","hentry"],"_links":{"self":[{"href":"https:\/\/intervius.com\/index.html\/wp-json\/wp\/v2\/posts\/1039","targetHints":{"allow":["GET"]}}],"collection":[{"href":"https:\/\/intervius.com\/index.html\/wp-json\/wp\/v2\/posts"}],"about":[{"href":"https:\/\/intervius.com\/index.html\/wp-json\/wp\/v2\/types\/post"}],"author":[{"embeddable":true,"href":"https:\/\/intervius.com\/index.html\/wp-json\/wp\/v2\/users\/1"}],"replies":[{"embeddable":true,"href":"https:\/\/intervius.com\/index.html\/wp-json\/wp\/v2\/comments?post=1039"}],"version-history":[{"count":0,"href":"https:\/\/intervius.com\/index.html\/wp-json\/wp\/v2\/posts\/1039\/revisions"}],"wp:attachment":[{"href":"https:\/\/intervius.com\/index.html\/wp-json\/wp\/v2\/media?parent=1039"}],"wp:term":[{"taxonomy":"category","embeddable":true,"href":"https:\/\/intervius.com\/index.html\/wp-json\/wp\/v2\/categories?post=1039"},{"taxonomy":"post_tag","embeddable":true,"href":"https:\/\/intervius.com\/index.html\/wp-json\/wp\/v2\/tags?post=1039"}],"curies":[{"name":"wp","href":"https:\/\/api.w.org\/{rel}","templated":true}]}}