{"id":10384,"date":"2012-05-31T00:00:00","date_gmt":"2006-11-06T00:00:00","guid":{"rendered":"https:\/\/intervius.com\/index.html\/?p=10384"},"modified":"2006-11-06T00:00:00","modified_gmt":"2006-11-06T00:00:00","slug":"Martin_Lopez-Vega10384","status":"publish","type":"post","link":"https:\/\/intervius.com\/index.html\/Martin_Lopez-Vega10384\/","title":{"rendered":"Mart\u00edn L\u00f3pez-Vega"},"content":{"rendered":"<p>Pregunta.- Buenas tardes \u00bfC\u00f3mo ve el futuro de las librer\u00edas? \u00bfSigue siendo la profesi\u00f3n de librero\/a imprescindible? \u00bfQu\u00e9 aprende el librero de los lectores?, y seg\u00fan su experiencia, \u00bfqu\u00e9 debe darles? Muchas gracias<\/p>\n<p>Respuesta.- Buenas tardes a todos, hola Sof\u00eda. No s\u00f3lo creo que la profesi\u00f3n de librero seguir\u00e1 siendo imprescindible, sino que habr\u00e1 que inventar un &#8220;librero&#8221; nuevo capaz de organizar las librer\u00edas virtuales, algo que a\u00fan est\u00e1 en pa\u00f1ales. As\u00ed que s\u00ed, el oficio tiene futuro. De los lectores se aprende much\u00edsimo, porque cada uno viene a la librer\u00eda con su curiosidad de la que tienes que contagiarte para atenderle bien. Y debe darles lo que pidan. Hay quien quiere consejos muy puntuales, hay quien quiere que le hagas la tesis, y hay quien s\u00f3lo quiere pasear y ver libros sin que le molesten. Gracias<\/p>\n<p>P.- La venta de libros ha bajado considerablemente en los \u00faltimos meses. \u00bfEste descenso afecta especialmente a las peque\u00f1as editoriales surgidas en los \u00faltimos a\u00f1os y que, en la mayor\u00eda de los casos, han renovado considerablemente la oferta de libros en Espa\u00f1a?<\/p>\n<p>R.- Entre las peque\u00f1as editoriales las hay que han renovado la oferta de libros y las hay que han puesto cubiertas nuevas a t\u00edtulos que llevaban a\u00f1os cogiendo polvo en las librer\u00edas de viejo, pero las primeras han aportado much\u00edsimo, es cierto. Esa bajada a la que aludes creo que afecta a todos por igual, pero tal vez repercuta m\u00e1s en las peque\u00f1as, que tienen menos recursos. En cualquier caso, cada d\u00eda surgen dos o tres editoriales nuevas, as\u00ed que de momento (si las apariencias no enga\u00f1an) no es para tanto&#8230;<\/p>\n<p>P.- Hola c\u00f3mo est\u00e1: se puede iniciar uno en este negocio con venta de libros usados?<\/p>\n<p>R.- Hola, claro que s\u00ed. En el mercado de Lavapi\u00e9s acaba de abrir una librer\u00eda de segunda mano donde ofrecen libros al peso. Tambi\u00e9n hay librer\u00edas nuevas casi cada d\u00eda, al menos en Madrid&#8230;<\/p>\n<p>P.- Del precio de venta de un libro, el porcentaje m\u00e1s bajo -si no me equivoco- se lo lleva el autor (si excluimos hacienda, claro). Parece que el libro electr\u00f3nico cambiar\u00eda esta relaci\u00f3n desfavorable para los autores. No es una raz\u00f3n muy po\u00e9tica para defender el e-book pero al menos es una raz\u00f3n para defender su uso, \u00bfno cree?<\/p>\n<p>R.- Hola Alejandra, el del libro es el peor negocio del mundo; si prescindimos del par de best-sellers de cada temporada, casi nadie de los que participan en la cadena de escritura-producci\u00f3n-distribuci\u00f3n del libro lo tiene f\u00e1cil para hacerse rico&#8230; De todos modos, el libro electr\u00f3nico deber\u00eda ser m\u00e1s barato que el impreso (se eliminan los gastos de imprenta y en buena medida los de distribuci\u00f3n) de modo que aunque el porcentaje sea mayor, probablemente la cantidad final para el autor sea la misma.<\/p>\n<p>P.- \u00bfCorren tan malos tiempos como dicen para las librer\u00edas y el mundo editorial en general?<\/p>\n<p>R.- Hola Ram\u00f3n, cada d\u00eda surgen dos o tres editoriales nuevas, tambi\u00e9n surgen nuevas librer\u00edas, y La Central abrir\u00e1 en septiembre una nueva librer\u00eda de tres plantas en Callao. Los tiempos son malos para todos, pero desde este lado de la trinchera parece que hay entusiasmo, imaginaci\u00f3n y perseverancia. \u00a1Ojal\u00e1 dure!<\/p>\n<p>P.- En las estanter\u00edas de su liber\u00eda he visto libros publicados hace a\u00f1os e imposibles de conseguir en la mayor parte de las librer\u00edas de Madrid. \u00bfComo librero se siente uno especialmente bien manteniendo un libro que se cree importante a pesar de que seguramente no sea tan rentable como la \u00faltima novedad extra publicitada y mediocre?<\/p>\n<p>R.- Lo que te lleva a mantener un libro en el estante es que sea un libro de referencia, o sea, se mantienen los libros de calidad que la gente busca. Un librero no puede mantener nada que los lectores no busquen. As\u00ed que el m\u00e9rito no es nuestro (al menos, no todo), sino suyo.<\/p>\n<p>P.- \u00bfEs verdad que en La Central no venden best-sellers?<\/p>\n<p>R.- Hola, si quieres Los pilares de la tierra probablemente tengamos un ejemplar, pero dudo que lo veas en una mesa de recomendados. No lo necesita, otras librer\u00edas le dan ese espacio. Aqu\u00ed intentamos proponer otras cosas, ofrecer lupas inteligentes a la mirada cr\u00edtica del lector.<\/p>\n<p>P.- Una petici\u00f3n: cuatro o cinco libros publicados en los \u00faltimos meses que recomendar\u00eda. No importa de qu\u00e9 g\u00e9nero. Gracias<\/p>\n<p>R.- Uno de filosof\u00eda: Has de cambiar tu vida de Peter Sloterdijk, en Pre-Textos, adem\u00e1s, uno de los que m\u00e1s me han recomendado a m\u00ed los lectores. Uno de cine: el de J\u00f6rn Donner sobre Bergman en Libros del Innombrable. Uno de historia: N\u00e1poles 1944. Un oficial del Servicio de Inteligencia en el laberinto italiano, en RBA. Uno de poes\u00eda: La ciudad de los constructores de violines, de Henrik Nordbrandt, en Vaso Roto. <\/p>\n<p>P.- \u00bfC\u00f3mo se puede fomentar la lectura de poes\u00eda en estudiantes de secundaria que s\u00f3lo abren libros por obligaci\u00f3n? <\/p>\n<p>R.- Descubriendo qu\u00e9 les interesa, evitando las lecturas obligatorias, incitando, provocando. Tal y como est\u00e1 la educaci\u00f3n, con la cantidad de alumnos por aula y todos los etc\u00e9teras, imagino que no es cosa f\u00e1cil&#8230; pero s\u00ed fundamental<\/p>\n<p>P.- \u00bfQu\u00e9 es la cosa m\u00e1s rara que le han pedido como librero? Alg\u00fan t\u00edtulo, alg\u00fan consejo&#8230;<\/p>\n<p>R.- El camale\u00f3n de Bocaccio. Y el Quijote traducido al espa\u00f1ol. Pero evito reirme demasiado; un lapsus lo tiene cualquiera y, adem\u00e1s, por cada vez que me han pedido alguna cosa as\u00ed hay bastantes m\u00e1s que de entrada era yo el que no sab\u00eda a qu\u00e9 se refer\u00edan. Ya lo he dicho antes, se aprende mucho de los lectores&#8230;<\/p>\n<p>P.- Estimado Mart\u00edn:\u00bfme puede dar el nombre de algunos poetas espa\u00f1oles actuales que usted considere importantes? De momento leo a Eduardo Jord\u00e1, R. Wolfe, K. iribarren, L.A.de Cuenca y carlos Marzal. Gracias!<\/p>\n<p>R.- No s\u00e9 qu\u00e9 hace importante a un poeta, pero te puedo decir algunos libros de poetas actuales que me han gustado mucho. Se me ocurren de pronto: Querido silencio de Luis Mu\u00f1oz, Curaci\u00f3n de Ana Merino, La adoraci\u00f3n de Juan Andr\u00e9s Garc\u00eda Rom\u00e1n, Adi\u00f3s a la \u00e9poca de los grandes caracteres, de Abraham Gragera, Echado a perder, de Carlos Pardo, Tara de Elena Medel&#8230; De todos esos libros he aprendido y envidiado much\u00edsimo, y la lista ser\u00eda m\u00e1s larga. <\/p>\n<p>P.- Con la que est\u00e1 cayendo solo puedo pensar en el Libro del Desasosiego. \u00bfMe sugiere algo para aliviar el alma?<\/p>\n<p>R.- Don Fernando, un placer saludarle&#8230; A m\u00ed me la alivian los relatos de Etgar Keret y Fabi\u00e1n Casas, las novelas de Arto Paasilinna, y \u00faltimamente, sobre todo, los libros de Tiqqun, que le animan a uno a dejarse de melancol\u00edas y ponerse manos a la obra.<\/p>\n<p>P.- Hola Mart\u00edn, como librero y, sobre todo, como poeta que eres: \u00bfes verdad que la poes\u00eda se vende mal pero se lee muy bien? \u00bfC\u00f3mo encuentras el estado de salud de la poes\u00eda hisp\u00e1nica en este momento? Un saludo.<\/p>\n<p>R.- Hola Francisco, un placer verte por aqu\u00ed&#8230; No s\u00e9 si la poes\u00eda se vende mal, porque si uno compara el volumen de edici\u00f3n de poes\u00eda en Espa\u00f1a con el de otros pa\u00edses ganamos por goleada. Y si se edita es porque se vende, porque ni siquiera las subvenciones dan para tanto. Hay muchos lectores de poes\u00eda, buenos lectores con el gusto cr\u00edtico y variado. En eso, el estado de salud es espl\u00e9ndido.<\/p>\n<p>P.- En Espa\u00f1a se lee m\u00e1s de lo que se ha le\u00eddo nunca antes en la Historia de nuestro pa\u00eds (tampoco era dif\u00edcil superarnos&#8230;). Sin embargo, no se lee tanto como en otros pa\u00edses europeos. \u00bfCu\u00e1les cree usted que son las razones de este desfase? <\/p>\n<p>R.- La educaci\u00f3n. El modo en que los programas educativos intentan que empecemos a leer es criminal. No se me ocurre ahora ning\u00fan amigo lector que no lo sea de modo autodidacta y porque su entusiasmo ha tenido fuentes distintas al centro educativo. Si la educaci\u00f3n no cambia es imposible crear lectores en cantidad.<\/p>\n<p>P.- \u00bfResulta dif\u00edcil en estos tiempos mantener la apuesta por una librer\u00eda que apueste por un cat\u00e1logo de fondo y no s\u00f3lo atento a las novedades?<\/p>\n<p>R.- En estos tiempos resulta dif\u00edcil todo, pero la existencia de librer\u00edas de fondo es imprescindible y s\u00ed, viable. Hay lectores de fondo que lo hacen posible, lectores cuya curiosidad cambia de objetivo de a\u00f1o en a\u00f1o, que siempre quieren nuevas cosas viejas. Mientras haya lectores, habr\u00e1 librer\u00edas, que hubiera dicho B\u00e9cquer si hubiera sido librero.<\/p>\n<p>P.- \u00bfqu\u00e9 otros productos a parte de libros y DVDS\/CDs estais ya ofreciendo en vuestras librer\u00edas ? \u00bfCu\u00e1les otros productos podemos imaginar en un futuro pr\u00f3ximo vendi\u00e9ndose en una librer\u00eda ? ser\u00e1 una parte significativa de la facturaci\u00f3n ? por cuales apostarias? <\/p>\n<p>R.- Lo fundamental en una librer\u00eda siempre ser\u00e1n los libros, pero no hay nada en el mundo que pueda imaginarme que no est\u00e9 en un libro, as\u00ed que cualquier cosa es susceptible de acompa\u00f1ar a un libro en un estante. Si la librer\u00eda pretende ser una experiencia m\u00e1s &#8220;completa&#8221; debe abrirse a vender otras cosas sin que el libro ceda nunca espacio. Igual que a los fans de (p\u00f3ngase aqu\u00ed un grupo musical de moda, que ando muy desfasado) les gusta todo su merchandising, a m\u00ed me encantan las tazas de Penguin y los cuadernos. Y el queso, y el vino&#8230; todo aquello que resulte plancentero puede tener su lugar junto a los libros. \u00bfHas visto las tazas que ha hecho N\u00f3rdica con la caricatura de Cort\u00e1zar? Son una chulada. \u00a1A ver si hacen la de Transtr\u00f6mer!<\/p>\n<p>P.- La figura del librero siempre ha sido una referencia fundamental para los buscadores de obras de calidad, sin embargo, ante la publicaci\u00f3n masiva (de t\u00edtulos buenos y malos) y la facilidad de acceder a ellos de forma directa, a trav\u00e9s de librer\u00edas online \u00bfcree que el lector se olvida de sus recomendaci\u00f3nes? o, por el contrario \u00bfnecesita al librero m\u00e1s que nunca? Muchas gracias. Saludos.<\/p>\n<p>R.- Las librer\u00edas online suplen s\u00f3lo en parte la experiencia de ir a una &#8220;f\u00edsica&#8221; y husmear, abrir por aqu\u00ed y por all\u00e1, ver qu\u00e9 libros ha relacionado el librero&#8230; En parte porque esas librer\u00edas virtuales est\u00e1n a\u00fan en pa\u00f1ales, y parecen bases de datos sin un alma detr\u00e1s, y en parte porque el libro sigue siendo algo f\u00edsico. Vale, pueden verse las cubiertas pero \u00bfestos de Penguin, no le habr\u00e1n puesto un troquelado o habr\u00e1n hecho alguna de las suyas? \u00bfEs lo mismo ver un par de poemas de muestra que hojear el libro y dejar que sea el instinto el que descubra la p\u00e1gina que nos esperaba? Todo se andar\u00e1, pero de momento, yo creo que no. Y en la librer\u00eda notamos que un libro que lleva nuestra pegatina de recomendaci\u00f3n se vende m\u00e1s. La gente se sigue fiando del librero&#8230; <\/p>\n<p>P.- Hola, le\u00ed hace poco que La Central abrir\u00e1 una nueva librer\u00eda en el centro de Madrid. \u00bfNo est\u00e1 afectando la crisis a su librer\u00eda? en los tiempos que corren y con cada vez m\u00e1s lectores de ebooks, no es arriesgado algo as\u00ed?<\/p>\n<p>R.- Hola Ana, el \u00fanico riesgo, en un momento de crisis, es quedarse quieto sin hacer nada. Pretendemos que la nueva librer\u00eda no sea una librer\u00eda m\u00e1s, sino la que reinvente el concepto de librer\u00eda y marque un camino a seguir: queremos inventar la librer\u00eda del siglo XXI. Tal vez suene pretencioso, pero estamos trabajando en ello con mucha ilusi\u00f3n y de momento satisfechos con las ideas que van surgiendo. Te invito a que nos visites tras la apertura en septiembre y nos digas si ha merecido la pena.<\/p>\n<p>P.- Pienso que la Cultura en general est\u00e1 &#8220;tomada&#8221; por los pol\u00edticos de turno.Los ayuntamientos y autonom\u00edas est\u00e1n confundiendo cultura con &#8220;populismo&#8221; y folkl\u00f3rismo.Como creadora literaria renuncio a participar en actos progamados por tales &#8220;comisarios&#8221;en concejal\u00edas y consejer\u00edas.No puedo con semejante falta de rigor y confusi\u00f3n. Me gustar\u00eda que Vd. Mart\u00edn Vega, opinase sobre esta cuesti\u00f3n.Gracias. <\/p>\n<p>R.- Siempre hay excepciones pero, en general, a los pol\u00edticos les interesa m\u00e1s el espect\u00e1culo que la cultura. Un concierto de Bisbal deja contentos a m\u00e1s votantes que una conferencia de Constantino B\u00e9rtolo y, adem\u00e1s, no intenta despertar su sentido cr\u00edtico&#8230; Pero hay excepciones. Ojal\u00e1 fueran la norma.<\/p>\n<p>P.- En los \u00faltimos a\u00f1os han aparecido multitud de peque\u00f1as editoriales independientes. \u00bfComo ha afectado a las librerias? \u00bfAlguna recomendaci\u00f3n?<\/p>\n<p>R.- Siempre ha habido editoriales peque\u00f1as que hac\u00edan un trabajo muy interesante, como la zaragozana Xordica. Lo que ha cambiado es que ahora adem\u00e1s est\u00e1n bien distribuidas. Han afectado a las librer\u00edas oblig\u00e1ndonos a elegir m\u00e1s, lo que es bueno. Nunca hay que quejarse de que hay demasiados libros (al menos, como lector). No s\u00e9 por qu\u00e9 tengo el d\u00eda zaragozano: le recomiendo que eche un ojo al cat\u00e1logo de Eclipsados.<\/p>\n<p>P.- C\u00f3mo anda la selecci\u00f3n que teneis de c\u00f3mics, novelas gr\u00e1ficas e historietas? Alguna recomendaci\u00f3n para estos d\u00edas primaverales y a vi\u00f1etas?<\/p>\n<p>R.- A m\u00ed me ha gustado mucho el Pasolini de Davide Toffolo en 451, casi tanto como El caso Pasolini que hab\u00eda editado Gallonero. Y los Reportajes de Joe Sacco en Mondadori. Pero han salido muchas cosas chulas, date un garbeo por la librer\u00eda y seguro que acabas llev\u00e1ndote al menos un par&#8230;<\/p>\n<p>P.- \u00bfTiene previsto La Central abrir alguna otra sucursal en Madrid?<\/p>\n<p>R.- De momento, la de Callao ser\u00e1 como abrir tres sucursales de golpe, as\u00ed que hasta septiembre vamos servidos. \u00a1Pero nunca se sabe!<\/p>\n<p>P.- \u00bfCree que en las escuelas se ense\u00f1a a leer c\u00f3mo se deber\u00eda: por puro placer, en primer lugar?<\/p>\n<p>R.- El placer no se ense\u00f1a, se descubre. Si en la escuela nos ense\u00f1aran a descubrir, \u00bfqu\u00e9 m\u00e1s podr\u00edamos pedir?<\/p>\n","protected":false},"excerpt":{"rendered":"<p>El subdirector de la librer\u00eda La Central, que proyecta abrir un gran centro en Madrid, charla con los lectores<br \/>\nM\u00e1s entrevistas digitales<\/p>\n","protected":false},"author":1,"featured_media":0,"comment_status":"open","ping_status":"open","sticky":false,"template":"","format":"standard","meta":{"footnotes":""},"categories":[],"tags":[],"class_list":["post-10384","post","type-post","status-publish","format-standard","hentry"],"_links":{"self":[{"href":"https:\/\/intervius.com\/index.html\/wp-json\/wp\/v2\/posts\/10384","targetHints":{"allow":["GET"]}}],"collection":[{"href":"https:\/\/intervius.com\/index.html\/wp-json\/wp\/v2\/posts"}],"about":[{"href":"https:\/\/intervius.com\/index.html\/wp-json\/wp\/v2\/types\/post"}],"author":[{"embeddable":true,"href":"https:\/\/intervius.com\/index.html\/wp-json\/wp\/v2\/users\/1"}],"replies":[{"embeddable":true,"href":"https:\/\/intervius.com\/index.html\/wp-json\/wp\/v2\/comments?post=10384"}],"version-history":[{"count":0,"href":"https:\/\/intervius.com\/index.html\/wp-json\/wp\/v2\/posts\/10384\/revisions"}],"wp:attachment":[{"href":"https:\/\/intervius.com\/index.html\/wp-json\/wp\/v2\/media?parent=10384"}],"wp:term":[{"taxonomy":"category","embeddable":true,"href":"https:\/\/intervius.com\/index.html\/wp-json\/wp\/v2\/categories?post=10384"},{"taxonomy":"post_tag","embeddable":true,"href":"https:\/\/intervius.com\/index.html\/wp-json\/wp\/v2\/tags?post=10384"}],"curies":[{"name":"wp","href":"https:\/\/api.w.org\/{rel}","templated":true}]}}