{"id":10359,"date":"2010-05-11T00:00:00","date_gmt":"2006-11-06T00:00:00","guid":{"rendered":"https:\/\/intervius.com\/index.html\/?p=10359"},"modified":"2006-11-06T00:00:00","modified_gmt":"2006-11-06T00:00:00","slug":"Tomas_Roncero10359","status":"publish","type":"post","link":"https:\/\/intervius.com\/index.html\/Tomas_Roncero10359\/","title":{"rendered":"Tom\u00e1s Roncero"},"content":{"rendered":"<p>Pregunta.- Tomas \u00bfcomo aguantas tanto antimadridismo de Manolete? Debe de ser duro. Gracias<\/p>\n<p>Respuesta.- No es problema. Es buen chaval s\u00f3lo que un poco desinformado. Le aprecio y de hecho quiero que su Atleti gane en Hamburgo. Yo no soy como \u00e9l, que s\u00f3lo piensa en las derrotas del Madrid para ser feliz. JE JE.<\/p>\n<p>P.- Muy buenas Tomas!!A pesar de lo que se comenta por ahi acerca de Mourinho yo si estoy deseando que venga al Madrid.Me parece un ganador nato y sabe que esto es el Real Madrid, que no valen esos circos que monta.Tu que crees?Gracias y se te quiere desde Galicia!!<\/p>\n<p>R.- Mira, ya sab\u00e9is que soy partidario de darle de una vez estabilidad al banquillo del Madrid y que Pellegrini deber\u00eda tener m\u00e1s continuidad. Pero Mourinho me parece un ganador nato y un t\u00e9cnico con gran personalidad. Quiero decir que si viene no dejar\u00e1 indiferente a nadie y adem\u00e1s tiene comida la moral al Bar\u00e7a.<\/p>\n<p>P.- Tom\u00e1s, \u00bfes posible que vayais a vender al Pipa? Soy cul\u00e9 y no me entra en la cabeza que os podais desprender de un t\u00edo que ha explotado y est\u00e1 a un nivel extraordinario, y es junto a Messi y CR9, el jugador m\u00e1s en forma de Europa. En mi opini\u00f3n, perder\u00edais si lo cambiais por cualquier otro matador de Europa, se llame Rooney, Su\u00e1rez o San Pablo, Un abrazo!<\/p>\n<p>R.- Espero que no se vaya. Higua\u00edn es una m\u00e1quina y te garantiza 30 goles por a\u00f1o. Cro que ese peligro de venta se est\u00e1 difuminando y ayer mismo el Madrid lo declar\u00f3 intransferible. Venderlo ser\u00eda un error estrat\u00e9gico imperdonable. <\/p>\n<p>P.- Muy buenas Tom\u00e1s. Esto se acaba; s\u00f3lo nos queda una bala en la rec\u00e1mara y parece que ser\u00e1 de fogueo. Una pregunta que se hace la gente: \u00bfel Barca ganar\u00e1 la liga gracias al villarato, es decir, a los favores arbitrales? S\u00ed o no. Un abrazo<\/p>\n<p>R.- Para m\u00ed es as\u00ed ya para la l\u00ednea editorial del AS tambi\u00e9n. No se discute el buen juego que en general ha hecho el Bar\u00e7a, pero es evidente que el gol de Ra\u00fal anulado en Gij\u00f3n, el penalti inexistente del Espanyol a Xavi o los que quitaron al Villarreal en el Camp Nou ahn habilitado al Bar\u00e7a en el liderato. Si gana esta Liga ser\u00e1 gracias al Villarato. As\u00ed de claro y de alto. <\/p>\n<p>P.- Clemeeente, Clemeeente!!! que Floren no fiche a Mou que el de Barakaldo nos hara ganar la liga!!!! Hola crack! de verdad esta Silva tan cerca del Madrid? a quien ficharias para acompa\u00f1ar al gran Xabi? y no me digas a Cesc que por desgracia lo veo en el barsa<\/p>\n<p>R.- Silva vendr\u00e1 casi seguro y gustan tambi\u00e9n Pedro Le\u00e7on (compra el AS de hoy amigo), De Rossi y Javi Mart\u00ednez. En cuanto a Mou hay que esperar. El portugu\u00e9s parece que va a venir seguro independientemente de que San Clemente nos eche una mano este domingo&#8230;<\/p>\n<p>P.- Hola sr. Roncero. \u00bfque opina del viajecito de vuelta de Sevilla a Barcelona del sr. Laporta (lo de imperialistas y demas perlitas&#8230;)?<\/p>\n<p>R.- Muy triste y digno de lo que ha sido el mandato de Laporta. Re\u00edr la gracia a costa de meterse con muchos ciudadanos por ser de Madrid y con el apelativo de &#8220;imperialistas&#8221; auspiciado por Laporta demuestra la categor\u00eda moral del presidente del Bar\u00e7a. Si eso lo hace Florentino le caen por todos lados. Pero tranquilos porque jam\u00e1s lo har\u00eda&#8230;<\/p>\n<p>P.- Hola Tom\u00e1s, aunque me gustar\u00eda que siguiera Pellegrini, reconozco que la liga se acaba y no me gusta el juego de Madrid en las bandas, tiene tendencia a acumular jugadores en el centro, con el riesgo de robo y salida del rival al contragolpe, mientras que si lo roban en la banda es m\u00e1s f\u00e1cil defender la jugada.<\/p>\n<p>R.- Pellegrini no es perfecto y est\u00e1 claro que su sistema de juego ha dejado algunas imperfecciones, pero si ha logrado que el Madrid gane 31 de 37 partidos y m\u00e1s de 100 goles es porque algo bueno tiene el hombre. Se le ha demonizado por lo de Lyon y Acorc\u00f3n, pero no s\u00e9 si cuando se vaya nos acordaremos de que al final no era tan malo. Tengo muchas dudas al respecto, para qu\u00e9 voy a enga\u00f1arte. Y conste que Mourinho me gusta mucho&#8230;<\/p>\n<p>P.- Que piensas de este once? Casillas-Ramos-Albiol-Pepe-Gareth Bale(Del Totenham, para muchos igual para mi el mejor lateral izquierdo del mundo un espectaculo verlo, si no preguntele a maldini pienso que el madrid deberia de mirar bien el mercado y ficharlo). Para el Centro del campo Cesc-Alonso-Silva-Kaka(Un medio campo de mucho toque y creacion y aparte dos jugadores como cesc y alonso que pueden defender perfectamente) y arriba dinamita pura Higuain-Cristiano. Que opinas? Gracias Tomasss!! Al loroo! Vamos Clemente!<\/p>\n<p>R.- No est\u00e1 nada mal chaval. Te veo en forma y con buen gusto. \u00a1Compro la propuesta!<\/p>\n<p>P.- Roncero que vivan tu cr\u00f3nicas, eres el CR9 del AS. No te parece que lo mejor es que se quede un a\u00f1o m\u00e1s Pellegrini? pese al Alcorconazo y Lyonazo ha hecho una liga de record, deber\u00edamos darle el beneficio de la duda. Y otra cosa, al igual que t\u00fa pienso que Ra\u00fal ser\u00e1 el futuro t\u00e9cnico del Madrid, es el \u00fanico que tiene el ADN Blanco y sabr\u00e1 guiar al equipo de CR9, Kak\u00e1 y compa\u00f1\u00eda. Saludos desde Venezuela Monstruo.<\/p>\n<p>R.- Ra\u00fal ser\u00e1 el futuro Guardiola pero habr\u00e1 que esperar tres o cuatro a\u00f1os. Seguro que har\u00e1 m\u00e1s historia, como lo hizo de jugador. En cuanto a Pellegrini insisto en que tengo mis dudas, aunque lo razonable ser\u00eda darle continuidad. Vamos a esperar a este fin de semana amigo. Y gracias por tus palabras de apoyo maestro.<\/p>\n<p>P.- Buenos d\u00edas. T\u00fa siempre has hecho campa\u00f1a a favor de Ra\u00fal. \u00bfQu\u00e9 piensas hacer para intentar que no vendan al Pipa, porque imagino que no querr\u00e1s que lo vendan. Gracias <\/p>\n<p>R.- Claro que no quiero que lo vendan. Es un delantero espectacular que te da 30 goles por a\u00f1o y que est\u00e1 comprometido con el club y con el Bernab\u00e9u. Ojal\u00e1 todo se arregle. Fue un fichaje espectacular que sali\u00f3 muy barato. Dejarle ir seria un error may\u00fasculo. Seguro que el Madrid reacciona y arregla su renovaci\u00f3n. Ser\u00eda lo mejor para todos.<\/p>\n<p>P.- hola tomas, record de puntos y goles. porque tantas ganas de revolucion? me gusta que seamos ambiciosos pero no crees que nos esta perjudicando? solo puedo hablar por mi pero yo me he divertido mucho esta temporada.<\/p>\n<p>R.- El problema amigo es que el Madrid vive de los t\u00edtulos y si no se gana al final la Liga el a\u00f1o en blanco es doloroso y m\u00e1s con la inversi\u00f3n que se hizo en verano. Ganar o ganar es el lema de este club. Vamos a esperar. <\/p>\n<p>P.- Muy buenas Tom\u00e1s, me gustar\u00eda saber \u00bfa qui\u00e9n fichar\u00edas (objetivamente) para el Real Madrid de la temporada que viene teniendo en cuenta que el FCB tiene casi seguros a Cesc y Villa? Gracias y saludos!<\/p>\n<p>R.- Silva, Javi Mart\u00ednez, De Rossi, Pedro Le\u00f3n y me gusta el lateral del Benfica, David Luiz.<\/p>\n<p>P.- Hola Tomas siendo realista con bastante tristeza veo que este a\u00f1o nos quedamos sin titulo alguno, que fichajes ves para el proximo a\u00f1o e intentar cambiar la dinamica del futbol espa\u00f1ol.<\/p>\n<p>R.- Ojal\u00e1 no tengas raz\u00f3n pero es evidente que la l\u00f3gica podr\u00eda dictar eso, salvo que San Clemente nos eche una mano de santo y mi amigo Jonathan Sesma. La esperanza es lo \u00faltimo que se pierde y hasta el rabo todo es toro.<\/p>\n","protected":false},"excerpt":{"rendered":"<p>El redactor jefe del Diario AS, Tom\u00e1s Roncero ha charlado con los lectores de la actualidad del Real Madrid. <\/p>\n<p>ARCHIVO DE ENTREVISTAS:<\/p>\n<p>04 de mayo &#8211; 27 de abril &#8211; 20 de abril &#8211; 13 de abril &#8211; 06 de abril &#8211; 30 de marzo &#8211; 23 de marzo &#8211; 16 de marzo &#8211; 09 de marzo &#8211; 02 de marzo &#8211; 23 de febrero &#8211; 18 de febrero &#8211; 10 de febrero &#8211; 02 de febrero &#8211; 27 de enero &#8211; 19 de enero &#8211; 12 de enero &#8211; 05 de enero &#8211; 29 de diciembre &#8211; 22 de diciembre &#8211; 15 de diciembre &#8211; 09 de diciembre &#8211; 01 de diciembre &#8211; 24 de noviembre &#8211; 17 de noviembre &#8211; 10 de noviembre &#8211; 5 de noviembre &#8211; 27 de octubre &#8211; 20 de octubre &#8211; 13 de octubre &#8211; 06 de octubre &#8211; 29 de septiembre &#8211; 22 de septiembre &#8211; 15 de septiembre &#8211; 08 de septiembre &#8211; 01 de septiembre &#8211; 25 de agosto &#8211; 28 de julio &#8211; 20 de julio &#8211; 14 de julio &#8211; 07 de julio &#8211; 30 de junio &#8211; 16 de junio &#8211; 16 de junio &#8211; 09 de junio &#8211; 02 de junio &#8211; 26 de mayo &#8211; 19 de mayo &#8211; 12 de mayo &#8211; 5 de mayo &#8211; 28 de abril &#8211; 21 de abril &#8211; 14 de abril &#8211; 07 de abril &#8211; 31 de marzo &#8211; 25 de marzo &#8211; 17 de marzo &#8211; 24 de febrero &#8211; 17 de febrero &#8211; 10 de febrero &#8211; 2 de julio &#8211; 14 de junio <\/p>\n","protected":false},"author":1,"featured_media":0,"comment_status":"open","ping_status":"open","sticky":false,"template":"","format":"standard","meta":{"footnotes":""},"categories":[],"tags":[],"class_list":["post-10359","post","type-post","status-publish","format-standard","hentry"],"_links":{"self":[{"href":"https:\/\/intervius.com\/index.html\/wp-json\/wp\/v2\/posts\/10359","targetHints":{"allow":["GET"]}}],"collection":[{"href":"https:\/\/intervius.com\/index.html\/wp-json\/wp\/v2\/posts"}],"about":[{"href":"https:\/\/intervius.com\/index.html\/wp-json\/wp\/v2\/types\/post"}],"author":[{"embeddable":true,"href":"https:\/\/intervius.com\/index.html\/wp-json\/wp\/v2\/users\/1"}],"replies":[{"embeddable":true,"href":"https:\/\/intervius.com\/index.html\/wp-json\/wp\/v2\/comments?post=10359"}],"version-history":[{"count":0,"href":"https:\/\/intervius.com\/index.html\/wp-json\/wp\/v2\/posts\/10359\/revisions"}],"wp:attachment":[{"href":"https:\/\/intervius.com\/index.html\/wp-json\/wp\/v2\/media?parent=10359"}],"wp:term":[{"taxonomy":"category","embeddable":true,"href":"https:\/\/intervius.com\/index.html\/wp-json\/wp\/v2\/categories?post=10359"},{"taxonomy":"post_tag","embeddable":true,"href":"https:\/\/intervius.com\/index.html\/wp-json\/wp\/v2\/tags?post=10359"}],"curies":[{"name":"wp","href":"https:\/\/api.w.org\/{rel}","templated":true}]}}