{"id":10353,"date":"2010-05-10T00:00:00","date_gmt":"2006-11-06T00:00:00","guid":{"rendered":"https:\/\/intervius.com\/index.html\/?p=10353"},"modified":"2006-11-06T00:00:00","modified_gmt":"2006-11-06T00:00:00","slug":"Alfredo_Relano10353","status":"publish","type":"post","link":"https:\/\/intervius.com\/index.html\/Alfredo_Relano10353\/","title":{"rendered":"Alfredo Rela\u00f1o"},"content":{"rendered":"<p>Pregunta.- \u00bfNo piensas, viendo la semifinal de la Uefa, que Gerrard, ya no est\u00e1 para un equipo grande, tipo Real Madrid?<\/p>\n<p>Respuesta.- Gerrard a\u00fan est\u00e1 muy bien, aunque alg\u00fan d\u00eda se le vea bajo. Pero es mayor y caro para un traspaso grande. Yo no har\u00eda un gran esfuerzo econ\u00f3mico por \u00e9l. Pero en un buen precio, s\u00ed creo que es todav\u00eda jugador grande. Ahora le arrastra una cierta desilusi\u00f3n, porque se le pasan los a\u00f1os y el Liverpool no crece.<\/p>\n<p>P.- Lo bueno de Mou, es que el Madrid podr\u00e1 fichar muchos jugadores que se ver\u00e1n atraidos por \u00e9ste. \u00bfNo cree?<\/p>\n<p>R.- S\u00ed. Por este y por el dinero. No ha hecho falta Mourinho para fichar a Cristiano, Kak\u00e1, Benzema, Xabi, Albiol&#8230; A los jugadores les mueve el dinero, como al planeta entero.<\/p>\n<p>P.- Buenos d\u00edas, se\u00f1or Rel\u00e1\u00f1o. Mourinho todav\u00eda no ha llegado pero ya empieza a torear. Quiere marcar la agenda de su fichaje incluso antes de jugar una final de Champions con su actual club \u00bfde verdad es el entrenador que el Madrid necesita?<\/p>\n<p>R.- Es un entrenador que gana casi siempre. A m\u00ed lo que me disgusta de \u00e9l son sus modales. Y su f\u00fatbol no me parece tan atractivo como el de otros. Pero tiene una personalidad que le har\u00e1 imponerse a las condiciones extra\u00f1as del club.<\/p>\n<p>P.- Consuelame Alfredo, \u00bfte parecer\u00eda la venta de Higua\u00edn raz\u00f3n suficiente para dejar de ser aficionado de este Real Madrid? Me lo estoy planteando muy seriamente<\/p>\n<p>R.- Yo s\u00e9 que la operaci\u00f3n est\u00e1 en marcha y me parece muy mal. Higua\u00edn ha cometido dos delitos: sentar a Benzema y marcar m\u00e1s goles que Cristiano. Y luego hay una cosa m\u00e1s: es el \u00fanico jugador de la plantilla por el que el Madrid puede hacer un gran dinero para salir al mercado. Otros (Lass, Van der Vaart&#8230;) no tiene gran cotizaci\u00f3n. Unas cosas con otras, me temo que lo hagan, aunque me parece mal. Pero tanto como para que usted deje de ser del Madrid&#8230;<\/p>\n<p>P.- Porque nadie se fija en el lateral izquierdo del Tottenham Hotspur Gareth Bale el Gales. Es una maquina verlo jugar es un espectaculo y para muchos el mejor lateral izquierdo del mundo y mucho mejor que los que pretende el madrid como Evra, Filipe Luis, Clichy&#8230;entre otros. No crees lo mismo Alfredo? Realmente aqui el Madrid deberia de pensarlo bien. Gracias Un Saludo!!!<\/p>\n<p>R.- Es bueno, una de las piezas importantes para meter al equipo en la Champions. Quiz\u00e1 ha sonado poco porque no est\u00e1 en ninguno de los cuatro grandes y porque juega con Gales. Pero es jugador a seguir.<\/p>\n<p>P.- Alfredo, si es cierto que dan 40 mill por Higuian y 18 por Gago, no los darias y traerias en su lugar a Luis Suarez y Javi Martinez? <\/p>\n<p>R.- Por Gago nadie va a dar 18 millones, se lo digo con seguridad. Javi Mart\u00ednez s\u00ed me parecer\u00eda interesante para el Madrid. En cuanto a Higua\u00edn, creo que vale m\u00e1s de eso (dos millones por gol en una gran liga es en lo que se calibra a un goleador). Pienso que el Madrid se lo debe quedar. Luis Su\u00e1rez ha marcado muchos goles en una Liga menor. Su el Madrid vende a Higua\u00edn ser\u00e1 para traer a Ag\u00fcero.<\/p>\n<p>P.- Echar a Pellegrini, fichar a Mourinho y vender a Higua\u00edn&#8230; \u00bfcrees que Florentino est\u00e1 midiendo la temperatura de su masa social y de sus aficionados? A la m\u00ednima, las iras se van a dirigir al palco si perpetra este monumental error. \u00bfQu\u00e9 pintan Valdano y Pardeza en el organigrama del club? Me da la impresi\u00f3n de que la mayor\u00eda madridista tiene esta ma\u00f1ana un cabreo de impresi\u00f3n con los supuestos planes de sus dirigentes. <\/p>\n<p>R.- Puede pasar eso que usted dice. Puede ser que Florentino se est\u00e9 pasando de frenada. \u00c9l suele manejar encuestas y supongo que medir\u00e1 la situaci\u00f3n.<\/p>\n<p>P.- Hola Se\u00f1or Rela\u00f1o. \u00bf Cr\u00e9e que Lebron James llegar\u00e1 a la altura de Jordan ? Saludos.<\/p>\n<p>R.- No, no lo creo. Jordan ha dejado el list\u00f3n muy alto. Como personaje tambi\u00e9n tyen\u00eda una magia, un carisma, que Lebron no tiene.<\/p>\n<p>P.- Con respecto a la Selecci\u00f3n,\u00bfcu\u00e1l es su centrocampo favorito con los actuales jugadores y si prefiere que se juegue con uno \u00f3 dos delanteros? Gracias.<\/p>\n<p>R.- Mi Selecci\u00f3n es con Xavi, Iniesta y Silva, respaldados por Busquets o Xabi Alonos (si Senna no est\u00e1 a tope). Arriba, Villa. Luego me queda duda de si Cesc o Torres. Cesc no termina de cominar con los otros, pero Torres tampoco se siente ah\u00ed como en el Liverpool. Prefiero con Torres, pero no estoy muy seguro.<\/p>\n<p>P.- \u00bf porqu\u00e9 cree Vd. que Pellegrini ha tardado m\u00e1s de 40 partidos en darse cuenta que ten\u00eda que poner a alguien por detr\u00e1s de Xabi Alonso ?<\/p>\n<p>R.- Pon\u00eda a Lass, pero no se sosten\u00eda detr\u00e1s de \u00e9l. Con Gago ha ido algo mejor. Pero Gago tuvo un baj\u00f3n an\u00edmico que le llev\u00f3 a abandonarse, y hasta que no consigui\u00f3 recuprerarle no pudo tirar de \u00e9l.<\/p>\n<p>P.- Buenos dias Don Alfredo. Rasa y al pie:\u00bfque le pareci\u00f3 la expulsion de Amorebieta?? \u00bfCuales hubieran sido los titulares de As si el expulsado hubiera sido un jugador del Sevilla?? \u00bfCree que el Bar\u00e7a har\u00e1 &#8220;doblete&#8221; (como dice un amigo mio madridista) ganando la Liga y obligando al Madrid a fichar a Mourinho?? Un saludo.<\/p>\n<p>R.- La expulsi\u00f3n de Amorebieta me pareci\u00f3 un disparate, y as\u00ed lo puse. Y si el expulsado es del Sevilla (hubo un expulsado en el Sevilla, por cierto) hubi\u00e9ramos dicho lo mismo. Y s\u00ed, mi pron\u00f3stico es que pasar\u00e1n esas dos cosas, aunque no s\u00e9 si llamarlo doblete. <\/p>\n<p>P.- Se\u00f1or Rela\u00f1o, despu\u00e9s de ver la fr\u00eda y pat\u00e9tica despedida del Bernab\u00e9u a Guti, \u00bfc\u00f3mo podemos esperar que los jugadores se dejen la piel si tras 15 a\u00f1os en el club son tratados de esa forma? Si yo fuera por ejemplo, Cristiano, me dar\u00eda mucho que pensar sobre si merece la pena estar en un club que tan poco aprecia o los jugadores canteranos o de club.<\/p>\n<p>R.- Guti no se ha dejado nunca la piel, por eso la despedida fr\u00eda. Ha sido un jugador de gran talento, pero lo de dejarse la piel no ha sido lo suyo, m\u00e1s bien lo contrario. <\/p>\n<p>P.- Se\u00f1or Rela\u00f1o, se dice y se discute que Bojan deber\u00eca de tener m\u00e1s minutos aunque sea fuera del Camp Nou, \u00bfno cree que si viene Canales el a\u00f1o que viene se puede encontrar en una tesitura parecida? Tiene por delante a CR9, Kaka, Higua\u00edn, Benzema, Van der Vaart&#8230; Y seguramente Florentino comprar\u00e1 alg\u00fan jugador ofensivo este verano, ya sea mediapunta o delantero.<\/p>\n<p>R.- Dif\u00edcil de anticipar. Habr\u00e1 que saber qui\u00e9n es el entrenador, c\u00f3mo le ve&#8230; En principio yo creo que a\u00fan es un poco pronto para que Canales fiche por el Madrid.<\/p>\n<p>P.- Hola Alfredo. Hace pocas fechas lei un articulo sobre la nueva Premier espa\u00f1ola que pretenden crear los clubs de primera, en el se comentaba tambien los cambios que pretendian en el formato de la copa. Estos cambios se referian a jugar a partido unico(pero no en campo del menor, seria parecido a como se hace en la Davids`cup) y adem\u00e1s quieren que se juegue una especie de Final Four (algo que ya se hace en inglaterra con la FAcup) en una ciudad. La verdad es que la idea me encanta, cuatro aficiones espa\u00f1olas en una ciudad espa\u00f1ola(esta siendo cambiante cada a\u00f1o)&#8230;.seria una experiencia&#8230;.y le dariamos a esta competicion un impulso&#8230;Que le parece a usted? Crees que se llevara a cabo? un saludo y fuerte abrazo, sois geniales.<\/p>\n<p>R.- Es posible que se lleve a cabo, s\u00ed, porque hacen falta fechas en el calendario, pero lo de la Final Four no est\u00e1 contemplado, ni se hace en Inglaterra. En Inglaterra se juegan las semifinales en campo neutral. Aqu\u00ed se quit\u00f3 el partido \u00fanico porque las teles pensaban que as\u00ed los grandes ca\u00edan muy pronto. Pero si se hace a campo neutral por sorteo, no necesariamente en el campo del peque\u00f1o, el problema deaparecer\u00e1 en la mitad. Me parece viable.<\/p>\n<p>P.- Si es cierto el inter\u00e9s del Tottenham por Raul, ser\u00eda la mejor opci\u00f3n que podr\u00eda tener porque ser\u00eda jugar premier y lo m\u00e1s importante Champions pero \u00bfCrees que Raul ser\u00eda titular, en mi opini\u00f3n aunque tenga menos velocidad que los delanteros del tottenham, tiene infinitamente m\u00e1s gol que todos ellos y crees que ser\u00eda bien recibido?<\/p>\n<p>R.- No s\u00e9, habr\u00eda que ver a qui\u00e9n tienen. Pero si le fichan ser\u00e1 en principio para que sea titular. <\/p>\n<p>P.- En una liga de las m\u00e1s disputadas, en una temporada de m\u00e1xima emocion. \u00bfPara usted quien ha hecho mejor temporada? Atl\u00e9tico, Madrid o Bar\u00e7a.<\/p>\n<p>R.- El Bar\u00e7a. Va a ganar la Liga y ha llegado muy arriba en la Champions. La del Atl\u00e9tico es buena, pero puede termianr en cat\u00e1strofe. Imagine: las dos finales perdidas y el Sevilla quinto, lo que le dejar\u00eda fuera de Europa. Pero creo que va a ser buena, porque le veo favorito en las dos finales. Y si las gana casi ser\u00e1 la mejor de su historia, junto a la 60-61.<\/p>\n<p>P.- Hola Rela\u00f1o, no te parece una apuesta demasiado arriesgada renovar a dudek, un portero de casi 38 a\u00f1os y que esta mas para jugar al futbol indoor,y si a casillas le pasa lo que asenjo(dios no lo quiera) y el real madrid tubiera que jugarse todo la temporada con dudek es para ponerse a temblar no te parece? gracias y un saludo<\/p>\n<p>R.- Me parece que el Madrid deber\u00eda contratar otro portero. Para meterle m\u00e1s presi\u00f3n a Casillas y por si acaso tiene que jugar partidos grandes alg\u00fan d\u00eda.<\/p>\n<p>P.- Si Clemente consifgue anular al Bar\u00e7a \u00bftiene posibilidades de entrenar al Real Madrid el a\u00f1o que viene? Mire lo que ha pasado con Mourinho&#8230; Un saludo.<\/p>\n<p>R.- Hombre, tanto no ser\u00e1&#8230; Tambi\u00e9n Jim\u00e9nez elimin\u00f3 al Bar\u00e7a de la Copa y nadie ha pensado en \u00e9l. Y Quique les gan\u00f3 en la Liga&#8230;<\/p>\n<p>P.- Hola Alfredo, \u00bfde verdad Florentino tiene intenci\u00f3n de vender a Higua\u00edn y ceder a Pellegrini? \u00bfQu\u00e9 podemos hacer para que cambie de idea? Ay\u00fadenos!!<\/p>\n<p>R.- Florentino maneja encuestas. Quiz\u00e1 cambie de opini\u00f3n.<\/p>\n<p>P.- Con 95 puntos y m\u00e1s de 100 goles, un buen sistema defensivo implantado, una lucha poder a poder contra el mejor equipo de los \u00faltimos 20 a\u00f1os. Un equipo que podr\u00eda mejorar la temporada que viene&#8230;Y ahora otra vez a empezar con otro t\u00e9cnico? \u00bfLa ilusi\u00f3n del aficionado es eterna? Esto comienza a cansar.<\/p>\n<p>R.- Es cierto. Florentino lo ha probado todo menos la paciencia. Pero no creo que cambie de idea.<\/p>\n<p>P.- Buenas crack! ahora el clavo ardiendo se llama Clemente!? Seria una gran frustacion si finalmente se pierde la liga con 98 puntos y habiendo gastado casi 300 millones&#8230; como crees que esto afectaria al Madrid? Gracias y un saludo! <\/p>\n<p>R.- Seguir\u00eda adelante. Y el Madrid no se ha gasatdo 300 millones, sino 250 menos 60 de ventas, lo que hace 190, que sigue siendo mucho, pero no son 300. <\/p>\n<p>P.- No crees que Raul deber\u00eda fichar por el Geta si finalmente va a Europa? el reto que le queda por batir es el de m\u00e1ximo goleador de la liga, ya los tiene todos en el Madrid y en la Champions.<\/p>\n<p>R.- No se me ha ocurrido, pero no lo veo. <\/p>\n<p>P.- Buenas sr. Rela\u00f1o. Cristiano- Higuain, Hugo Sanchez- Butrague\u00f1o, Raul- Ronaldo \u00bfcon cual se queda?<\/p>\n<p>R.- Con Cristiano-Higua\u00edn. Y eso que se miran poco entre ellos. <\/p>\n<p>P.- Alfredo piensas como yo que la paz en el vestuario y la estabilidad llegar\u00e1 cuando Valdano y Florentino reconozcan su error en la destituci\u00f3n de Vicente Del Bosque y se llegue a un acuerdo para su regreso al club?<\/p>\n<p>R.- Eso es imposible, no merece la pena ni pensarlo. Pero fue un error hist\u00f3rico.<\/p>\n<p>P.- Hola Alfredo. Parece que Higua\u00edn se va, Benzem\u00e1 y Kak\u00e1 se quedan y encima viene Mourinho. No puedo evitar pensar que el Madrid hace ya demasiados a\u00f1os que no se parece apenas en nada a lo que fue. Una pena. Yo crec\u00ed con el Madrid de los Garc\u00edas y el de la Quinta, y mucho me temo que no volveremos a ver nada parecido. Si es as\u00ed, por mi parte se ha desvanecido todo el encanto \u00bfQu\u00e9 opina al respecto?\u00bfTiene soluci\u00f3n?<\/p>\n<p>R.- Creo que Florentino est\u00e1 desconcertado. Pero \u00e9l se maneja mucho por encuestas y quiz\u00e1 reflexione. <\/p>\n<p>P.- buenos dias alfredo sinceramente, para ti es penalty la jugada de adriano con pedro?? en caso afirmativo, porque ayer solo resaltais la jugada de piqu\u00e9 y kanout\u00e9??? <\/p>\n<p>R.- No recuerdo mucho esa jugada. Si no la recuerdo es que no me llam\u00f3 la atenci\u00f3n.<\/p>\n<p>P.- Hola Alfredo,\u00bf qu\u00e9 se sabe de la lesi\u00f3n de Torres?.Parece que Iniesta y Cesc no van a tener problemas,pero me preocupa Torres,\u00bfc\u00f3mo lo ves Alfredo?.Muchas gracias,y un saludo.<\/p>\n<p>R.- Nos dijeron aqu\u00ed Hierro primero y Del Bsoque despu\u00e9s que llega a tiempo seguro. No hay`problema.<\/p>\n","protected":false},"excerpt":{"rendered":"<p>Alfredo Rela\u00f1o, director del Diario As, ha charlado con los internautas sobre la actualidad deportiva, marcada esta semana por el pr\u00f3ximo final de la Liga y el retorno del Atl\u00e9tico de Madrid a una final europea tras 24 a\u00f1os de ausencia. <\/p>\n<p>ARCHIVO DE ENTREVISTAS:<\/p>\n<p>03 de mayo &#8211; 26 de abril &#8211; 19 de abril &#8211; 12 de abril &#8211; 22 de marzo &#8211; 17 de marzo &#8211; 08 de marzo &#8211; 01 de marzo &#8211; 22 de febrero &#8211; 15 de febrero &#8211; 08 de febrero &#8211; 01 de febrero &#8211; 25 de enero &#8211; 18 de enero &#8211; 11 de enero &#8211; 04 de enero &#8211; 21 de diciembre &#8211; 14 de diciembre &#8211; 07 de diciembre &#8211; 30 de noviembre &#8211; 23 de noviembre &#8211; 16 de noviembre &#8211; 10 de noviembre &#8211; 02 de noviembre &#8211; 26 de octubre &#8211; 13 de octubre &#8211; 05 de octubre &#8211; 28 de septiembre &#8211; 21 de septiembre &#8211; 16 de septiembre &#8211; 07 de septiembre &#8211; 31 de agosto &#8211; 24 de agosto &#8211; 29 de junio &#8211; 24 de junio &#8211; 16 de junio &#8211; 08 de junio &#8211; 01 de junio &#8211; 25 de mayo &#8211; 18 de mayo &#8211; 11 de mayo &#8211; 4 de mayo &#8211; 27 de abril &#8211; 20 de abril &#8211; 13 de abril &#8211; 30 de marzo &#8211; 23 de marzo &#8211; 16 de marzo &#8211; 9 de marzo &#8211; 2 de marzo &#8211; 23 de febrero &#8211; 16 de febrero &#8211; 9 de febrero <\/p>\n","protected":false},"author":1,"featured_media":0,"comment_status":"open","ping_status":"open","sticky":false,"template":"","format":"standard","meta":{"footnotes":""},"categories":[],"tags":[],"class_list":["post-10353","post","type-post","status-publish","format-standard","hentry"],"_links":{"self":[{"href":"https:\/\/intervius.com\/index.html\/wp-json\/wp\/v2\/posts\/10353","targetHints":{"allow":["GET"]}}],"collection":[{"href":"https:\/\/intervius.com\/index.html\/wp-json\/wp\/v2\/posts"}],"about":[{"href":"https:\/\/intervius.com\/index.html\/wp-json\/wp\/v2\/types\/post"}],"author":[{"embeddable":true,"href":"https:\/\/intervius.com\/index.html\/wp-json\/wp\/v2\/users\/1"}],"replies":[{"embeddable":true,"href":"https:\/\/intervius.com\/index.html\/wp-json\/wp\/v2\/comments?post=10353"}],"version-history":[{"count":0,"href":"https:\/\/intervius.com\/index.html\/wp-json\/wp\/v2\/posts\/10353\/revisions"}],"wp:attachment":[{"href":"https:\/\/intervius.com\/index.html\/wp-json\/wp\/v2\/media?parent=10353"}],"wp:term":[{"taxonomy":"category","embeddable":true,"href":"https:\/\/intervius.com\/index.html\/wp-json\/wp\/v2\/categories?post=10353"},{"taxonomy":"post_tag","embeddable":true,"href":"https:\/\/intervius.com\/index.html\/wp-json\/wp\/v2\/tags?post=10353"}],"curies":[{"name":"wp","href":"https:\/\/api.w.org\/{rel}","templated":true}]}}