{"id":10335,"date":"2012-05-24T00:00:00","date_gmt":"2006-11-06T00:00:00","guid":{"rendered":"https:\/\/intervius.com\/index.html\/?p=10335"},"modified":"2006-11-06T00:00:00","modified_gmt":"2006-11-06T00:00:00","slug":"Jesus_Ruiz_Mantilla10335","status":"publish","type":"post","link":"https:\/\/intervius.com\/index.html\/Jesus_Ruiz_Mantilla10335\/","title":{"rendered":"Jes\u00fas Ruiz Mantilla"},"content":{"rendered":"<p>Pregunta.- \u00bfA qu\u00e9 se parece la estructura de las novelas cuando empiezas a escribirlas, a una casa, a un bloque o un agujero?<\/p>\n<p>Respuesta.- Querida merce, la estructura para m\u00ed es fundamental, una de las partes creativas m\u00e1s importantes, he jugado con la estructura literaria y la musical en obras como Preludio, para Ahogada en Llamas utilic\u00e9 el clima y las estaciones del a\u00f1o como parte fundamental de la obra, para m\u00ed, efectivamente es como la casa donde habitan las novelas<\/p>\n<p>P.- \u00bfA la hora de escribir, qu\u00e9 le ha aportado m\u00e1s: su pasi\u00f3n por la m\u00fasica, su profesi\u00f3n de periodista o como lector? Gracias<\/p>\n<p>R.- Todo ello, pero escrucial la lectura, la lectura es el alimento de todo escritor<\/p>\n<p>P.- Jes\u00fas, me gustar\u00eda que me digas sinceramente si escribir\u00e1s otra novela, esta me encandilo, sobre todo la historia de sus personajes es exquisita, entre excitante. C\u00f3mo se llamar\u00e1 tu pr\u00f3xima novela. No paresssss.<\/p>\n<p>R.- Muchas gracias Carlos, claro que seguir\u00e9 escribiendo, ya tengo pr\u00e1cticamente acabada otra historia basada en la vida de una mujer que me cont\u00f3 su lucha por la supervivencia en plena guerra y posguerra, no hay t\u00edtulo decidido, pero ya va avanzada<\/p>\n<p>P.- Pablo: Va a estar este a\u00f1o en la Feria de Madrid? \u00bfEs tu primera vez?<\/p>\n<p>R.- Pablo, efectivamente ir\u00e9 a firmar todos los fines de semana, espero verte all\u00ed, no ser\u00e1 la primera vez, espero en esta ocasi\u00f3n que las colas den la vuelta al retiro!!!<\/p>\n<p>P.- hola jesus, \u00bfqui\u00e9n se ahoga en llamas?<\/p>\n<p>R.- Querido Ra\u00fal, en la novela se ahoga una ciudad como Santander, en la vida, muchas veces, yo, metaforicamente, claro<\/p>\n<p>P.- En su novela se vive y se huele la ciudad de Santander \u00bfvolc\u00f3 todos sus sentimientos como santanderino en esas p\u00e1ginas? gracias por contestar<\/p>\n<p>R.- Bueno, es la b\u00fasqueda de una identidad colectiva esta novela, est\u00e1n mis sentimientos como santanderino, los buenos y los malos<\/p>\n<p>P.- Que piensas cuando acabastes ahogada en llamas y tenias en tus manos el primer ejemplar<\/p>\n<p>R.- Miedo, terror al vac\u00edo y una intensa emoci\u00f3n, excitaci\u00f3n siempre para ver si los lectores aprobaban lo que les daba<\/p>\n<p>P.- Cree que la ciudad de Santander tiene una deuda con Gald\u00f3s, uno de los personajes de su novela? un saludo<\/p>\n<p>R.- Maite, Santander tiene una imperdonable deuda con Gald\u00f3s, espero que a partir de ahora los santanderinos y sus representantes empecemos a enmendarlo, esa fue una de las razones para escribir la novela, la rabia que me provocaba ese desprecio a un autor tan inmenso<\/p>\n<p>P.- Hola, Jes\u00fas, lo felicito por su labor period\u00edstica. \u00bfQu\u00e9 fue lo mejor que sali\u00f3 de Santander despu\u00e9s de aquella tragedia que describe en la novela? <\/p>\n<p>R.- Xavier, lo mejor fue el aliento \u00e9pico de una ciudada que supo reinventarse y salir adelante, algo heroico<\/p>\n<p>P.- No he le\u00eddo a\u00fan su novela, pero s\u00ed lo leo a veces en este peri\u00f3dico. \u00bfCu\u00e1nto tiempo le llev\u00f3 la investigaci\u00f3n para el libro?<\/p>\n<p>R.- La inestigaci\u00f3n me llev\u00f3 a\u00f1os, en total estuve muy metido tres a\u00f1os en el proyecto de los cuales m\u00e1s de uno lo emplee en leer e investigar a fondo sobre los episodios<\/p>\n<p>P.- Leyendo su novela y ateni\u00e9ndome a los personajes y a la familia que la protagoniza \u00bfdir\u00eda que no hace falta buscarse enemigos m\u00e1s all\u00e1 de las personas que tenemos al lado? <\/p>\n<p>R.- Frances, el enemigo es el otro, pero tambi\u00e9n el aliado feliz. lo peor es cuando el enemigo es uno mismo para s\u00ed, \u00bfno crees?<\/p>\n<p>P.- Hola, Jes\u00fas. Su obra es casi una novela testimonio \u00bfc\u00f3mo arm\u00f3 toda la documentaci\u00f3n que ilustra la novela? <\/p>\n<p>R.- Con paciencia y me di cuenta de que exist\u00eda muy poco escrito, eso es una suerte y una desgracia, desgracia porque compruebas que hay poca curiosidad por la propia historia, suerte porque al hacerlo sacas partido de ello si cuaja y con ahogada en llamas ha cuajado. Tres ediciones son muchas en dos meses para los tiempos que corren <\/p>\n<p>P.- \u00bfEn alg\u00fan momento temi\u00f3 por su novela? Me refiero a si hace copias de seguridad de los archivos o los mantiene a alejados de posibles intrusos.<\/p>\n<p>R.- Siempre temes perder las cosas, trato de hacer copias de seguridad pero soy muy desastre<\/p>\n<p>P.- Cual es su opini\u00f3n sobre el m\u00e1s reciente libro de Vargas Llosa, catapulta el entretenimiento o exime la cultura? Gracias maestro.<\/p>\n<p>R.- Pues aun no lo he le\u00eddo, pero lo har\u00e9, por lo que he oido habr\u00e1 cosas que me apasionen, pero no comparto en absoluto una visi\u00f3n elitista de la cultura, me parece poco realista<\/p>\n<p>P.- Me gusto mucho Gordos. No ha pensado en escribir algo parecido?<\/p>\n<p>R.- La identidad es una de mis obsesiones, en las novelas y en las entrevistas que hago siempre aparece, seguro que saldr\u00e1 alguna vez m\u00e1s<\/p>\n<p>P.- \u00bfC\u00f3mo ves la gesti\u00f3n del PP en Cultura tras la desaparici\u00f3n del ministerio?<\/p>\n<p>R.- Creo que el secretario de Estado, Jos\u00e9 Mar\u00eda Lassalle ha dedicado tiempo a pensar una pol\u00edtica cultural profundamente, pero los tiempos no le acompa\u00f1an en su visi\u00f3n, debe lidiar con una crisis dram\u00e1tica, le respeto mucho intelectualmente, pero no creo que quien deban dar la pasta le llegue a comprender<\/p>\n<p>P.- Cuando escribes \u00bfen quien te inspirastes para situar a tus personajes en ese momento en esa \u00e9poca?<\/p>\n<p>R.- En Gald\u00f3s, Clar\u00edn, Thomas Mann, Garc\u00eda M\u00e1rquez, Vargas Llosa, \u00c1lvaro Pombo y Tony Soprano, Don Draper, los personajes de A dos metros bajo Tierra, entre la gran novela de siempre y las series de TV de hoy anda la cosa<\/p>\n<p>P.- \u00bfCrees que lo que le pasa a la familia de tu novela le pasa al resto de familias? A la m\u00eda, no.<\/p>\n<p>R.- Hombre, calcado calcado no, pero seguro que en la tuya habr\u00e1 sus cosas, lo que s\u00ed fue real fue la deriva que influy\u00f3 en las familias ligada a los acontecimientos hist\u00f3ricos, el contexto marca las actitudes individuales<\/p>\n<p>P.- \u00bfPor qu\u00e9 crees que est\u00e1 tan olvidada la figura de P\u00e9rez Gald\u00f3s en Santander?<\/p>\n<p>R.- Por progresista, se le despreci\u00f3 por progresista<\/p>\n<p>P.- \u00bfQueda algo de las dos Espa\u00f1as que retrata tu libro?<\/p>\n<p>R.- Quedan ramalazos pero no creo que llegue la sangre al r\u00edo nunca m\u00e1s. <\/p>\n<p>P.- C\u00f3mo amas?<\/p>\n<p>R.- Co\u00f1o&#8230; Como a ti te guste<\/p>\n<p>P.- Hola, Jes\u00fas, \u00bfte importa que te describan como &#8220;periodista y escritor&#8221;? \u00bfT\u00fa qu\u00e9 te sientes? Gracias.<\/p>\n<p>R.- Creo que es lo mismo, se trata de contar historias al fin y al cabo, el periodismo es un g\u00e9nero literario, la realidad te da el argumento, en la novela lo debes inventar, pero es muy similar<\/p>\n<p>P.- Cada vez que regreso a la tierruca que abandon\u00e9 para enzarzarme en los mundos directivos \/ empresariales, siempre me retumba la misma pregunta, \u00bfpor qu\u00e9 me march\u00e9?, tras leer tu novela y paseando junto a Puerto Chico, no dejo de pregunt\u00e1rmelo, \u00bfy t\u00fa?.<\/p>\n<p>R.- Siempre volvemos al \u00fatero de la bah\u00eda, \u00bfno crees Ra\u00fal? Estamos atrapados<\/p>\n<p>P.- \u00bfCu\u00e1ntas horas diarias destinas a escribir? Y \u00bfcu\u00e1nto tiempo has tardado hasta tenerla acabada?<\/p>\n<p>R.- Tard\u00e9 en acabar la novela, como he dicho, tres a\u00f1os, mi ritmo al escribir una novela lo marco semanalmente dada la intensidad que marca el periodismo. Trato siempre de avanzar, me impongo 5 folios a la semana, pero no me presiona el tiempo, cuando est\u00e1 acabada ya, lo entrego y punto<\/p>\n<p>P.- Cuando ha rele\u00eddo algunos parr\u00e1fos de su noevela, tiene la sensaci\u00f3n de que las palabras le fueorn dictadas? Qu\u00e9 se pone en marcha dentro de Ud cu\u00e1ndo escribe?<\/p>\n<p>R.- Querida Patricia, cuando he rele\u00eddo yo algunos tambi\u00e9n pienso eso, que no lo he hecho yo, es curiosa la sensaci\u00f3n de extra\u00f1eza que me causa, lo que s\u00e9 es que cuando entrego una novela ya no es m\u00eda, es de qui\u00e9n la lee. Cuando escribo dentro de m\u00ed se revuelven muchas cosas, lo que quieres crear, lo que has vivido, lo que has amado.<\/p>\n<p>P.- Las \u00e9pocas de crisis, han sido \u00e9pocas de oro, para creaci\u00f3n, hay que exprimir bien la imaginaci\u00f3n. \u00bfveremos los frutos, las actuales generaciones? de esta \u00e9poca de grandes cambios, o sera el fin, de la cultura, como la conocemos hoy.<\/p>\n<p>R.- La crisis siempre es creativa, saldr\u00e1n grandes obras de esta, como de otras y la cultura se ver\u00e1 muy transformada, ser\u00e1 diferente a como la conocemos hoy, en muchos casos peor, en otros infinitamente mejor<\/p>\n<p>P.- Jusus, buenas tardes te preguntaria si te pudiera interesar una historia real, que la titularia el &#8220;precio de la integridad&#8221;, he empezado a escribirla pero me gustaria comentarla si es posible contigo, como periodista y escritor. Pues posiblemente la mayor persecuci\u00f3n, politica, empresarial y personal de la democracia espa\u00f1ola. Por haber sido integro y haber defendido el patrimonio de mi pueblo, en estos momentos puede que pierda todo mi patrimonio. Si te interesa esta historia me lo comunicas.<\/p>\n<p>R.- Claro que me interesa, David contra Goliath, \u00bfno?<\/p>\n<p>P.- Hola Jes\u00fas: Hac\u00eda mucho tiempo que no disfrutaba tanto leyendo una novela, felicidades por lo bien que has tramado la historia y cuanto nos has documentado sobre m\u00ed querida Santander. Ir\u00e9 a la presentaci\u00f3n del martes, sin falta y te dar\u00e9 un besote.<\/p>\n<p>R.- Querida Elena, me alegro muchas gracias, as\u00ed recordamos a los lectores que el martes a las 7,30 en la Casa de Cantabria en Madrid (P\u00edo Baroja, 10) el maestro Alvaro Pombo presenta conmigo Ahogada en llamas, habr\u00e1 sorpresa festiva al final con mis amigos Rosa Torres Pardo y Enrique Viana, est\u00e1is todos invitados, faltar\u00eda m\u00e1s<\/p>\n<p>P.- parece que todo el mundo escribe libros, con esto de la autoedici\u00f3n cualquiera escribe novelas y se comparten por Internet. Qu\u00e9 voy a encontrar en Ahogada en llamas? Deme una buena raz\u00f3n para leerla, soy de Santander y me atrae el tema pero me duele gastarme las pesetas en libros que no me van a gustar&#8230;<\/p>\n<p>R.- Querida Sonia en Ahogada en llamas encontrar\u00e1s la historia de tu ciudad durante 50 a\u00f1os cruciales, la raz\u00f3n de por qu\u00e9 caminas por las calles que caminas y respiras ese aire, quienes somos, qu\u00e9 nos pas\u00f3, lo heroicos que llegamos a ser y nuestras virtudes y defectos, hoy acudo en la librer\u00eda Gil a un club de lectura a las 7,30 si te pasas por ah\u00ed intentar\u00e9 seguir convenci\u00e9ndote<\/p>\n<p>P.- Jes\u00fas, \u00bferes futbolero? \u00bfC\u00f3mo ves a Espa\u00f1a en la Eurocopa?<\/p>\n<p>R.- Jes\u00fas, \u00bferes futbolero? \u00bfC\u00f3mo ves a Espa\u00f1a en la Eurocopa?<\/p>\n<p>P.- Este a\u00f1o es el 75 aniversario de la Guerra Civil. Sin entrar en politiqueos, \u00bfcree que hemos evolucionado algo desde 1936?<\/p>\n<p>R.- hemos evolucionado much\u00edsimo, aquello fue un apocalipsis, un horror en el que no debimos haber ca\u00eddo, ahora respetamos la vida de una forma sagrada, eso es un gran avance<\/p>\n<p>P.- No cree que Cantabria deber\u00eda tener un protagonismo cultural a nivel nacional mucho m\u00e1s importante, y dejar a un lado la etiqueta de &#8220;solo turismo&#8221; que a menudo se autoimpone desde el punto de vista politico<\/p>\n<p>R.- Jorge, deber\u00eda tenerlo y lo tiene, aunque el Gobierno regional se empe\u00f1e en enterrar proyectos como Comillas, que se haya derrumbado el techo del seminario reci\u00e9n recosntruido y no parezca que vayan a hacer nada es toda una met\u00e1fora de la falta de visi\u00f3n y ambici\u00f3n del Gobierno regional, son sosillos y cortos de miras, una pena, una desgracia m\u00e1s bien<\/p>\n<p>P.- Buenas tardes, Jes\u00fas. En El Pa\u00eds Semanal has entrevistado a much\u00edsimos personajes interesantes. \u00bfNos podr\u00edas decir la entrevista que m\u00e1s te hizo ilusi\u00f3n y la que m\u00e1s te decepcion\u00f3? Se sincero&#8230;.<\/p>\n<p>R.- Bueno, es un privilegio publicar en El pa\u00eds Semanal, sigo buscando personajes con discurso y experiencia suficientes para ocupar sus p\u00e1ginas, \u00faltimamente quien m\u00e1s me impact\u00f3 fue la artista Elena Asins, por su crudeza, su sinceridad, su transparencia, su verdad, me enamor\u00e9 de ella<\/p>\n<p>P.- \u00bfNo cree que se le est\u00e1 sobrevalorando?<\/p>\n<p>R.- Much\u00edsimo, sin duda, pero cuidado no lo vayas a estar haciendo tu tambi\u00e9n dign\u00e1ndote al hacerme una pregunta en este chat<\/p>\n<p>P.- \u00bfpara cuando una segunda parte hasta el incendio del Palacio Macho?<\/p>\n<p>R.- D\u00e9jame digerir la primera&#8230; Vamos a ver<\/p>\n<p>P.- \u00bfExiste futuro para la Cultura en un pa\u00eds, donde el f\u00fatbol copa espacios televisivos diarios de 30 minutos (por lo menos)?<\/p>\n<p>R.- Claro, ambas cosas conviven sin traumas y cada quien elige la manera en que se entretiene, eso sin tener en cuenta que el f\u00fatbol muchas veces es m\u00e1s cultura que muchas creaciones, \u00bfo no lo ha sido el Bar\u00e7a de Guardiola? Arte en estado puro<\/p>\n<p>P.- Hola Jes\u00fas, \u00bfVes distinta tu ciudad despu\u00e9s de haber escrito la novela? \u00bfC\u00f3mo definir\u00edas el libro?<\/p>\n<p>R.- Pedrito, la siento distinta, el libro es una mezcla entre La regenta y El padrino pasado por el inicio de Salvar al soldado Ryan, raro, raro, <\/p>\n","protected":false},"excerpt":{"rendered":"<p>El periodista de EL PA\u00cdS charla con los lectores el pr\u00f3ximo jueves 24 de mayo a las 18.00 sobre su quinta novela, Ahogada en llamas, y sobre la cultura en general.<br \/>\n M\u00e1s entrevistas digitales<\/p>\n","protected":false},"author":1,"featured_media":0,"comment_status":"open","ping_status":"open","sticky":false,"template":"","format":"standard","meta":{"footnotes":""},"categories":[],"tags":[],"class_list":["post-10335","post","type-post","status-publish","format-standard","hentry"],"_links":{"self":[{"href":"https:\/\/intervius.com\/index.html\/wp-json\/wp\/v2\/posts\/10335","targetHints":{"allow":["GET"]}}],"collection":[{"href":"https:\/\/intervius.com\/index.html\/wp-json\/wp\/v2\/posts"}],"about":[{"href":"https:\/\/intervius.com\/index.html\/wp-json\/wp\/v2\/types\/post"}],"author":[{"embeddable":true,"href":"https:\/\/intervius.com\/index.html\/wp-json\/wp\/v2\/users\/1"}],"replies":[{"embeddable":true,"href":"https:\/\/intervius.com\/index.html\/wp-json\/wp\/v2\/comments?post=10335"}],"version-history":[{"count":0,"href":"https:\/\/intervius.com\/index.html\/wp-json\/wp\/v2\/posts\/10335\/revisions"}],"wp:attachment":[{"href":"https:\/\/intervius.com\/index.html\/wp-json\/wp\/v2\/media?parent=10335"}],"wp:term":[{"taxonomy":"category","embeddable":true,"href":"https:\/\/intervius.com\/index.html\/wp-json\/wp\/v2\/categories?post=10335"},{"taxonomy":"post_tag","embeddable":true,"href":"https:\/\/intervius.com\/index.html\/wp-json\/wp\/v2\/tags?post=10335"}],"curies":[{"name":"wp","href":"https:\/\/api.w.org\/{rel}","templated":true}]}}