{"id":10329,"date":"2012-05-22T00:00:00","date_gmt":"2006-11-06T00:00:00","guid":{"rendered":"https:\/\/intervius.com\/index.html\/?p=10329"},"modified":"2006-11-06T00:00:00","modified_gmt":"2006-11-06T00:00:00","slug":"Supersubmarina10329","status":"publish","type":"post","link":"https:\/\/intervius.com\/index.html\/Supersubmarina10329\/","title":{"rendered":"Supersubmarina"},"content":{"rendered":"<p>Pregunta.- \u00bfVais a estar en el SONORAMA2012? ten\u00edas que ir todos los a\u00f1os.<\/p>\n<p>Respuesta.- Este a\u00f1o no va a poder ser&#8230; pero tenemos muchas ganas de volver. A ver si el que viene hay suerte<\/p>\n<p>P.- Hola submarinitos! Creo que todas las letras las escribe Jose, pero \u00bftodas las canciones de este nuevo disco son sobre \u00e9l o hay tambi\u00e9n historias de alrededor? Muchas ganas de veros este verano! 1 besazo guapos! \ud83d\ude42<\/p>\n<p>R.- Son historias que vivimos en primera persona y sobre gente de nuestro alrededor&#8230; <\/p>\n<p>P.- Si hicierais una mirada atras Como os veis antes hace 2 a\u00f1os y ahora? habies cambiado mucho? en cuanto a imagen? Donde veis mas vuestra evolucion? Mucha suerte con el nuevo disco.Muchos besos!<\/p>\n<p>R.- Digamos que seguimos siendo los mismos&#8230; pero ahora tenemos m\u00e1s experiencias vividas y eso se nota en todo lo que hacemos<\/p>\n<p>P.- Hola chicos, antes que nada enhorabuena por el nuevo disco. Mi pregunta es la siguiente: qu\u00e9 sent\u00eds cu\u00e1ndo toc\u00e1is? Es decir, sent\u00eds la letra de la canci\u00f3n o en ese momento s\u00f3lo pod\u00e9is pensar en toda la gente que ten\u00e9is delante? Gracias, besos desde Castell\u00f3n!<\/p>\n<p>R.- Procuramos estar muy concentrados, poco a poco nos vamos soltando e intentamos disfrutar para poder transmitir<\/p>\n<p>P.- \u00bfPor qu\u00e9 es tan importante Granada para vosotros? En muchas ocasiones hab\u00e9is dicho que es un sitio especial para vosotros. <\/p>\n<p>R.- Granada es un sitio especial para cualquiera que haya estado all\u00ed. En nuestro caso hemos vivido muchas experiencias en esa ciudad. Es una maravilla<\/p>\n<p>P.- Os vi en territorios Sevilla y lo hicisteis genial chicos. \u00bfconoc\u00edais a V\u00edctor Ant\u00f3n (el nuevo teclista) del colegio tambi\u00e9n o fue m\u00e1s tarde cuando os conocisteis? \u00a1Un saludo m\u00e1quinas!<\/p>\n<p>R.- Se llama Javi Serrano, lo conocimos en un concierto de su otra banda Lostsound. Es un chaval de puta madre.<\/p>\n<p>P.- Chicos las canciones del nuevo album #Santacruz fueron compuestas en Glasgow o solo fue mezclado alli? Creeis que habeis encontrado vuestro verdadero &#8220;sonido&#8221; con #Santacruz?<\/p>\n<p>R.- Fueron compuestas en la carretera, en Baeza, en todas partes, en Glasgow solo las mezclamos. El sonido es justo el que quer\u00edamos en este momento. Seguiremos evolucionando???<\/p>\n<p>P.- Holaaa Supersubmarina!! me encanta vuestra canci\u00f3n En mis venas, \u00bfva dedicada a alguna persona en concreto o es simplemente una met\u00e1fora? simplemente deciros que mucha suerte en vuestro nuevo disco!!y espero volver a veros!<\/p>\n<p>R.- Est\u00e1 hecha en base a experiencias reales, pero siempre intentamos &#8220;vestirla&#8221; con metaforas y hacerla un poco m\u00e1s especial.<\/p>\n<p>P.- Est\u00e1 Almer\u00eda entre vuestros planes de conciertos??? Cracks!!<\/p>\n<p>R.- Por supuesto, tenemos una frase para Almer\u00eda. La guerra encarnizada!<\/p>\n<p>P.- Supongo que hab\u00e9is roto muchos escalones desde aquel primer gran concierto en el Sonoroma. Como dice vuestra canci\u00f3n Generaci\u00f3n: de verdad los j\u00f3venes del XXI daremos juntado nuestros pu\u00f1os para romper escalones, y seremos los individuos de un gran cambio clim\u00e1tico radical?<\/p>\n<p>R.- Pues claro! es important\u00edsimo luchar juntos por lo que creemos, la respuesta est\u00e1 en la calle!<\/p>\n<p>P.- \u00bfQu\u00e9 es lo que pasa por vuestras venas ahora mismo?<\/p>\n<p>R.- Much\u00edsima tensi\u00f3n&#8230; muchos preparativos, est\u00e1 siendo todo muy intenso y muy especial&#8230; : )<\/p>\n<p>P.- \u00bfDe d\u00f3nde viene vuestro nombre?<\/p>\n<p>R.- Viene de los arreglos de la canci\u00f3n Supersubmarina&#8230; recordaban un poco a olas del mar&#8230; de ah\u00ed sali\u00f3 el juego de palabras.<\/p>\n<p>P.- C\u00f3mo os definir\u00edais pol\u00edticamente?<\/p>\n<p>R.- Pol\u00edticamente incorrectos! jeje<\/p>\n<p>P.- \u00bfEn qu\u00e9 festivales de este verano estar\u00e9is?<\/p>\n<p>R.- En muchos!! es m\u00e1s facil que entres en nuestra web www.supersubmarina.es y los veas&#8230; decode, Porompopero, Lowcost, Arenal SOund&#8230;<\/p>\n<p>P.- \u00bfcu\u00e1l es vuestra banda favorita?<\/p>\n<p>R.- Por ejemplo Wilco o Radiohead&#8230;<\/p>\n<p>P.- \u00bfQu\u00e9 es lo mas raro que os ha hecho una fan? Besos<\/p>\n<p>R.- Pffff hay historias para no dorimir&#8230; jajajaja pero mejor que queden ah\u00ed<\/p>\n<p>P.- El nombre des disco y el primer videoclip del mismo reflejan temas religiosos \u00bfCre\u00e9is en la Iglesia?<\/p>\n<p>R.- La verdad es que por lo general no demasiado&#8230; y menos en la iglesia. Tiene m\u00e1s que ver con la cultura religiosa que hay en Andaluc\u00eda, en cuanto al arte se refiere.<\/p>\n<p>P.- \u00bfCu\u00e1nto hace que os conoceis? \u00bfSiempre os habeis llevado bien?<\/p>\n<p>R.- Desde muy muy peque\u00f1os, pero digamos que estrechamos lazos con 15 a\u00f1os, en el instituto.<\/p>\n<p>P.- Chino!! dijiste en Twitter hace unos meses q est\u00e1bais grabando tu canci\u00f3n favorita de este disco cu\u00e1l es?????<\/p>\n<p>R.- Creo que Tecnicolor&#8230;<\/p>\n<p>P.- El nombre de vuestro disco se debe al barrio de Santa Cruz de Sevilla, mi ciudad???<\/p>\n<p>R.- Todo tiene bastante que ver&#8230; en Baeza hay otro barrio que se llama as\u00ed&#8230; <\/p>\n<p>P.- Enhorabuena por el trabajo que estais haciendo. Mi pregunta es conocer vuestra opinion sobre musicos de Granada. Del grupo desgraciadamente desaparecido (hace 16 a\u00f1os, ya) como era 091 y en la actualidad de Jose Ignacio Lapido en su faceta de compositor y letrista. Otra es el metodo de componer, primero letra o musica??Poco a poco, paso a paso.Saludos y suerte.<\/p>\n<p>R.- En cuanto a los grupos de granada te dir\u00e9 que estamos aqu\u00ed casi por culpa de 091 y de sus canciones, en Baeza eran muy muy populares, y a nosotros nos han encantado desde siempre. Lapido comparte oficina con nosotros, es el Poeta Electrico&#8230; En cuanto a la composici\u00f3n var\u00eda, pero por lo general es coger ideas e ir tirando del hilo&#8230; <\/p>\n<p>P.- Gracias al Shazan os descubri, os escuche en un bar de Cordoba y flip\u00e9. Cuando pongo el dico en el coche no paro de darle vueltas. Me he quedado con las ganas de veros en Sevilla, a la pr\u00f3xima no falto. Enhorabuena por vuestra musica, aqu\u00ed teneis un fan que se emociona y disfruta con vuestras canciones.<\/p>\n<p>R.- Muchas gracias!! a ver si es verdad que nos vemos pronto. Un beso<\/p>\n<p>P.- Me llama mucho la atenci\u00f3n los t\u00edtulos que les pon\u00e9is a vuestros temas&#8230; qui\u00e9n los propone normalmente, o c\u00f3mo hac\u00e9is para elegirlos?? GRACIAS Y ENHORABUENA POR EL DISCO!!<\/p>\n<p>R.- Es la parte m\u00e1s complicada de todas, jejeje. A veces le damos tantas vueltas que se queda en lo primero que nos vino a la cabeza&#8230; : )<\/p>\n","protected":false},"excerpt":{"rendered":"<p>La banda, que estrena Santacruz, ha charlado en directo con todos los internautas despu\u00e9s de estar con Carles Francino en Hoy por Hoy. \u00a1No te pierdas sus respuestas!<\/p>\n","protected":false},"author":1,"featured_media":0,"comment_status":"open","ping_status":"open","sticky":false,"template":"","format":"standard","meta":{"footnotes":""},"categories":[],"tags":[],"class_list":["post-10329","post","type-post","status-publish","format-standard","hentry"],"_links":{"self":[{"href":"https:\/\/intervius.com\/index.html\/wp-json\/wp\/v2\/posts\/10329","targetHints":{"allow":["GET"]}}],"collection":[{"href":"https:\/\/intervius.com\/index.html\/wp-json\/wp\/v2\/posts"}],"about":[{"href":"https:\/\/intervius.com\/index.html\/wp-json\/wp\/v2\/types\/post"}],"author":[{"embeddable":true,"href":"https:\/\/intervius.com\/index.html\/wp-json\/wp\/v2\/users\/1"}],"replies":[{"embeddable":true,"href":"https:\/\/intervius.com\/index.html\/wp-json\/wp\/v2\/comments?post=10329"}],"version-history":[{"count":0,"href":"https:\/\/intervius.com\/index.html\/wp-json\/wp\/v2\/posts\/10329\/revisions"}],"wp:attachment":[{"href":"https:\/\/intervius.com\/index.html\/wp-json\/wp\/v2\/media?parent=10329"}],"wp:term":[{"taxonomy":"category","embeddable":true,"href":"https:\/\/intervius.com\/index.html\/wp-json\/wp\/v2\/categories?post=10329"},{"taxonomy":"post_tag","embeddable":true,"href":"https:\/\/intervius.com\/index.html\/wp-json\/wp\/v2\/tags?post=10329"}],"curies":[{"name":"wp","href":"https:\/\/api.w.org\/{rel}","templated":true}]}}