{"id":10327,"date":"2012-05-18T00:00:00","date_gmt":"2006-11-06T00:00:00","guid":{"rendered":"https:\/\/intervius.com\/index.html\/?p=10327"},"modified":"2006-11-06T00:00:00","modified_gmt":"2006-11-06T00:00:00","slug":"Ignacio_Prendes10327","status":"publish","type":"post","link":"https:\/\/intervius.com\/index.html\/Ignacio_Prendes10327\/","title":{"rendered":"Ignacio Prendes"},"content":{"rendered":"<p>Pregunta.- Rosa D\u00edez ha dicho en reiteradas ocasiones que el PSOE no es un partido nacional y que ha dejado este pa\u00eds hecho unos zorros. \u00bfConf\u00edan en que el PSOE gobierne bien en Asturias o es que ya no siguen pensando lo mismo?<\/p>\n<p>Respuesta.- Confiamos en que el PSOE sepa dar a Asturias estabilidad y el nuevo gobierno que necesita y sobre todo confiamos en el acuerdo alcanzado y en su contenido concreto cuyo cumplimiento ser\u00e1 nuestro objetivo en esta legislatura<\/p>\n<p>P.- \u00bfNo es extra\u00f1o que UPyD haya pactado en Asturias con un partido al que lleva casi cinco a\u00f1os criticando con absoluta dureza? <\/p>\n<p>R.- Criticamos la labor de gobierno que no nos gusta y que nos ha parecido una actuaci\u00f3n irresponsable pero en ning\u00fan caso renunciamos a la libertad de cr\u00edtica e independencia como partido lo cu\u00e1l no nos impide ejercer la responsabilidad en Asturias para sacarla de la situaci\u00f3n de bloqueo en la que se encuentra y adem\u00e1s empezar a construir desde aqu\u00ed una Espa\u00f1a distinta<\/p>\n<p>P.- Buenos d\u00edas, se\u00f1or Prendes. El pacto suscrito en Asturias, \u00bfpuede derivar en acuerdos con el PSOE a nivel nacional?<\/p>\n<p>R.- El pacto se circunscribe exclusivamente al \u00e1mbito pol\u00edtico de Asturias y no va m\u00e1s all\u00e1, otra cosa es el efecto que sin duda operar\u00e1 en la pol\u00edtica nacional algunas de las cosas que hemos conseguido pactar en Asturias como la reforma electoral o la reordenaci\u00f3n de nuestros ayuntamientos<\/p>\n<p>P.- Me gustar\u00eda saber si es usted consciente de la cantidad de votantes de UPyD que no avalan su acuerdo con el PSOE en Asturias. \u00bfAlguno se ha quejado? <\/p>\n<p>R.- Soy consciente de que con este acuerdo hemos respetado el compromiso adquirido con nuestros votantes, que era nuestro programa electoral y adem\u00e1s lo hemos hecho con absoluta transparencia publicando lo que eran nuestras pretensiones pol\u00edticas desde el principio y por eso estoy seguro que cuenta con el respaldo de nuestros votantes. Otra cosa son las opiniones de muchos que ahora nos dan consejos y dicen que son votantes de UPyD sin serlo y seguro que no conocen nuestro programa electoral.<\/p>\n<p>P.- Hola, Ignacio. \u00bfEl mismo documento que hab\u00e9is colgado, que ofrecisteis al PSOE, se lo ofrecisteis tambi\u00e9n a FORO? Si los dos lo hubiesen aceptado en los mismos t\u00e9rminos, \u00bfQue habr\u00eda pasado?<\/p>\n<p>R.- Si, se lo ofrecimos a PSOE, a FORO y a PP. El mismo documento que est\u00e1 en nuestra web desde el d\u00eda 12 de abril pero al final quien m\u00e1s voluntad manifest\u00f3 para alcanzar un acuerdo en torno a esas propuestas fue el partido socialista. Otras hip\u00f3tesis no las puedo contemplar.<\/p>\n<p>P.- \u00bfHay un riesgo cierto de intervenci\u00f3n para Asturias? \u00bfApoyar\u00e1n los recortes para evitarlo?<\/p>\n<p>R.- Si. Figura en nuestro acuerdo el respeto a la ley de estabilidad presupuestaria y al objetivo del d\u00e9ficit marcado. Ese tiene que ser un objetivo ineludible para Asturias. En \u00e9l recogemos la necesidad de elaborar un riguroso plan de ajuste del gasto p\u00fablico y de modernizaci\u00f3n de la Administraci\u00f3n que ahora con el requerimiento del Ministerio de Hacienda habr\u00e1 que hacer con toda celeridad. Para cumplir ese objetivo preservando los servicios p\u00fablicos esenciales el gobierno de Javier Fern\u00e1ndez contar\u00e1 con nuestro apoyo.<\/p>\n<p>P.- \u00bfUPyD es de derechas o de izquierdas?<\/p>\n<p>R.- Somos un partido laico, transversal y progresista y profundamente reformista , en el que tienen cabida personas que proceden de la social democracia o del liberalismo pol\u00edtico y que aspira a la regeneraci\u00f3n de nuestro sistema democr\u00e1tico. Le animo a leerse el documento de nuestro acuerdo de legislatura para que vea como se reflejan en la pr\u00e1ctica esos principios. Con todo lo que le he dicho me parece que son etiquetas suficientes.<\/p>\n<p>P.- Antes de ser pol\u00edtico de UPyD, \u00bfa qu\u00e9 se dedicaba usted?<\/p>\n<p>R.- Me dedicaba y dedico al ejercicio de la abogac\u00eda. Soy abogado desde hace 24 a\u00f1os.<\/p>\n<p>P.- Tras este acuerdo, \u00bfpodemos decir que UPyD es un partido bisagra?<\/p>\n<p>R.- Podemos decir que es un partido capaz de alcanzar acuerdos y ejercer la responsabilidad pol\u00edtica en un pa\u00eds donde eso parece una excentricidad<\/p>\n<p>P.- Si en Madrid tienen grupo parlamentario gracias a Foro de Asturias \u00bfC\u00f3mo van a solventar esta situaci\u00f3n? <\/p>\n<p>R.- No hay nada que solventar, tenemos un grupo parlamentario propio gracias a m\u00e1s de un mill\u00f3n cien mil espa\u00f1oles que nos votaron y aquel acuerdo que fue necesario para sortear un reglamento absurdo del Congreso y del que en absoluto renegamos se agot\u00f3 con la constituci\u00f3n de los grupos parlamentarios.<\/p>\n<p>P.- La relaci\u00f3n con Foro o PP, \u00bfc\u00f3mo queda tras el acuerdo con los progresistas?<\/p>\n<p>R.- Queda exactamente igual que estaba por nuestra parte. Esperamos que el futuro podamos alcanzar acuerdos de amplia base en Asturias que ser\u00e1n muy necesarios para superar la situaci\u00f3n cr\u00edtica en la que estamos.<\/p>\n<p>P.- \u00bfPasar de exigir la reforma electoral a conformarse con una comisi\u00f3n de estudio no es pecar de ingenuidad? \u00bfQui\u00e9n espera que apoye la iniciativa, aparte de ustedes mismos e IU? \u00bfLe han arrancado al menos al PSOE el compromiso de votar positivamente por ese cambio llegado el caso?<\/p>\n<p>R.- Si, compartimos objetivos comunes y la comisi\u00f3n especial en la Junta General era obligada si queremos reformar la ley electoral. El compromiso es buscar juntos una mayor\u00eda reforzada que permita sacar adelante esa ley que: corrija los desequilibrios en el valor del voto seg\u00fan lugar de residencia, mantenga la barrera electoral en el 3%, perfeccione la formula electoral para garantizar m\u00e1s proporcionalidad y apruebe el desbloqueo de las listas electorales. No tengo ninguna duda de que podremos sumar a los otros partidos a esta reforma absolutamente sensata en la l\u00ednea de lo que propone el Consejo de Estado y que la ciudadan\u00eda demanda. Este es un paso muy importante en un camino que hemos empezado a recorrer desde Asturias.<\/p>\n<p>P.- \u00bfLe gustar\u00eda ser vicepresidente de Asturias?<\/p>\n<p>R.- No. Mis planes son muy distintos. Ser diputado de a pie en el parlamento asturiano y ver el pr\u00f3ximo a\u00f1o al Sporting en primera.<\/p>\n<p>P.- \u00bfQuien manda en su formaci\u00f3n en Asturias, usted o Rosa?<\/p>\n<p>R.- Manda un Consejo Territorial dirigido por Humberto Rodr\u00edguez Solla, buen pol\u00edtico y mejor persona, elegido mediante primarias por todos los afiliados del partido en Asturias<\/p>\n<p>P.- \u00bfEntrar\u00e1s en el gobierno de Asturias?<\/p>\n<p>R.- No<\/p>\n<p>P.- \u00bfQu\u00e9 motivo les har\u00eda romper su acuerdo con el PSOE? Si el PSOE no consigue reformar la ley electoral, \u00bfromper\u00e1n el pacto?<\/p>\n<p>R.- El objetivo de reforma no es s\u00f3lo del PSOE. Es de ambas fuerzas pol\u00edticas y de no conseguirse por no ser capaces de sumar a otros partidos a esa reforma no habr\u00e1 incumplimiento del pacto y por lo tanto nada que romper.<\/p>\n<p>P.- \u00bfVa a respetar la Ley de uso y promoci\u00f3n del asturiano?<\/p>\n<p>R.- La Administraci\u00f3n auton\u00f3mica tiene obligaci\u00f3n de respetar la legalidad vigente y esa ley lo est\u00e1 as\u00ed que por supuesto que hay que cumplirla. <\/p>\n<p>P.- \u00bfqu\u00e9 pasar\u00e1 con la RTPA?<\/p>\n<p>R.- Tendremos que debatirlo. Nosotros tenemos nuestra idea pero eso tiene que ser objeto de debate y discusi\u00f3n en ese plan que reorganice los entes y organismos que han crecido al margen de la Administraci\u00f3n auton\u00f3mica y que ahora hay que reducir.<\/p>\n<p>P.- \u00bfUsted apoya la oficialidad del bable?<\/p>\n<p>R.- No<\/p>\n<p>P.- \u00bfQu\u00e9 opina del movimiento 15M?<\/p>\n<p>R.- En primer lugar hay que respetarlo como expresi\u00f3n de una insatisfacci\u00f3n latente y el s\u00edntoma de que la pol\u00edtica que se ha hecho durante mucho tiempo ha expulsado a mucha gente que no conf\u00eda en la pol\u00edtica como cauce para mejorar la sociedad y solucionar los problemas. En todo caso nuestra v\u00eda para regenerar y mejora la calidad de nuestra democracia es una v\u00eda muy distinta porque creemos en la pol\u00edtica y en las Instituciones.<\/p>\n<p>P.- \u00bfRecibir\u00e1 el Sporting ayudas p\u00fablicas para superar sus problemas econ\u00f3micos?<\/p>\n<p>R.- No soy partidario de destinar dinero p\u00fablico a subvencionar clubs de f\u00fatbol. Hay mejores cosas en que invertirlo. Al Sporting lo mantendr\u00e1n a flote la &#8220;mareona&#8221; y el sentimiento sportinguista que va mucho m\u00e1s all\u00e1 de esta coyuntura adversa.<\/p>\n<p>P.- \u00bfProhibir\u00eda las corridas de toros?<\/p>\n<p>R.- No<\/p>\n<p>P.- Con todo lo que est\u00e1 pasando en Bankia, \u00bfque se debe hacer en Asturias en relaci\u00f3n al problema financiero y especialmente al de las cajas?<\/p>\n<p>R.- Afortunadamente la gesti\u00f3n de Caja Asturias, ahora Liberbank ha sido distinta a la de Bankia. De hecho Cajastur supo rechazar en su momento la fusi\u00f3n con Cam que hubiese puesto en riesgo la solvencia de las entidades fusionadas, algo que seguramente por presiones pol\u00edticas no hizo Bankia. Las cajas lo que necesitan con urgencia es algo que Rosa D\u00edez ya propuso en el Congreso en el a\u00f1o 2010: gesti\u00f3n rigurosa sin interferencias de los partidos pol\u00edticos y manejo por profesionales con criterios estrictamente financieros. La reforma financiera que era seguramente la m\u00e1s urgente por intereses de PSOE y PP se ha retrasado hasta este punto cuando amenaza llevarse por delante a todo nuestro sistema productivo. <\/p>\n","protected":false},"excerpt":{"rendered":"<p>Ignacio Prendes (Gij\u00f3n, 1965), diputado de UPyD en el Parlamento asturiano, es la llave de la gobernabilidad del Principado. Abogado de profesi\u00f3n, ha sido cortejado por PSOE, PP y Foro desde los comicios auton\u00f3micos del 25-M. El mi\u00e9rcoles lleg\u00f3 a un acuerdo de legislatura con los socialistas ante el debate de investidura. <\/p>\n","protected":false},"author":1,"featured_media":0,"comment_status":"open","ping_status":"open","sticky":false,"template":"","format":"standard","meta":{"footnotes":""},"categories":[],"tags":[],"class_list":["post-10327","post","type-post","status-publish","format-standard","hentry"],"_links":{"self":[{"href":"https:\/\/intervius.com\/index.html\/wp-json\/wp\/v2\/posts\/10327","targetHints":{"allow":["GET"]}}],"collection":[{"href":"https:\/\/intervius.com\/index.html\/wp-json\/wp\/v2\/posts"}],"about":[{"href":"https:\/\/intervius.com\/index.html\/wp-json\/wp\/v2\/types\/post"}],"author":[{"embeddable":true,"href":"https:\/\/intervius.com\/index.html\/wp-json\/wp\/v2\/users\/1"}],"replies":[{"embeddable":true,"href":"https:\/\/intervius.com\/index.html\/wp-json\/wp\/v2\/comments?post=10327"}],"version-history":[{"count":0,"href":"https:\/\/intervius.com\/index.html\/wp-json\/wp\/v2\/posts\/10327\/revisions"}],"wp:attachment":[{"href":"https:\/\/intervius.com\/index.html\/wp-json\/wp\/v2\/media?parent=10327"}],"wp:term":[{"taxonomy":"category","embeddable":true,"href":"https:\/\/intervius.com\/index.html\/wp-json\/wp\/v2\/categories?post=10327"},{"taxonomy":"post_tag","embeddable":true,"href":"https:\/\/intervius.com\/index.html\/wp-json\/wp\/v2\/tags?post=10327"}],"curies":[{"name":"wp","href":"https:\/\/api.w.org\/{rel}","templated":true}]}}