{"id":10326,"date":"2010-05-05T00:00:00","date_gmt":"2006-11-06T00:00:00","guid":{"rendered":"https:\/\/intervius.com\/index.html\/?p=10326"},"modified":"2006-11-06T00:00:00","modified_gmt":"2006-11-06T00:00:00","slug":"Luis_R-_Aizpeolea10326","status":"publish","type":"post","link":"https:\/\/intervius.com\/index.html\/Luis_R-_Aizpeolea10326\/","title":{"rendered":"Luis R. Aizpeolea"},"content":{"rendered":"<p>Pregunta.- Desde tu experiencia y sensaci\u00f3n de veterano, \u00bfcrees realmente que ha servido para algo? \u00bfQui\u00e9n la necesitaba m\u00e1s? \u00bfEllos, los medios de comunicaci\u00f3n, los ciudadanos?<\/p>\n<p>Respuesta.- Yo creo que s\u00ed. Han acordado renovar el sistema de las cajas de ahorros, que son fundamentales para que fluya el cr\u00e9dito, clave para la inversi\u00f3n y la creaci\u00f3n de empleo. Para este acuerdo son necesarios el PSOE y el PP, porque ambos partidos gobiernan las comunidades aut\u00f3nomas y estas son claves en las cajas. Los ciudadanos quieren ver acuerdos entre los principales partidos. Y ya sabemos que no habr\u00e1 un acuerdo global frente a la crisis entre el PP y el PSOE. Pero no est\u00e1 mal que vayan atanto acuerdos parciales: sistema financiero, reducci\u00f3n del gasto sanitario, planes de austeridad, etc. <\/p>\n<p>P.- \u00bfC\u00f3mo es la relaci\u00f3n personal entre ellos dos? \u00bfHay tensi\u00f3n en estos encuentros? <\/p>\n<p>R.- La relaci\u00f3n personal no es tan mala como aparenta. Hablan con mucha frecuencia por tel\u00e9fono sobre los problemas m\u00e1s graves: terrorismo, secuestros como el del Alakrana, aspectos puntuales sobre la crisis&#8230; <\/p>\n<p>P.- \u00bfCree que han llegado a acuerdos que todav\u00eda no se han conocido y se sabr\u00e1n en los pr\u00f3ximos d\u00edas?<\/p>\n<p>R.- Yo estoy convencido de que han hablado de muchas m\u00e1s cosas. Dos horas y cuarto dan para mucho. Pero tambi\u00e9n creo que acuerdos solo ha habido los que han hecho p\u00fablicos y que, por cierto, estaban pr\u00e1cticamente anunciados desde la v\u00edspera. <\/p>\n<p>P.- Buenas tardes, Luis. Tras explicar los dos acuerdos a los que hab\u00edan llegado, ambos l\u00edderes han tardado muy poco en volver a lo que &#8220;les pide&#8221; el cuerpo, es decir, a echarse las culpas el uno al otro de todo lo habido y por haber. \u00bfQu\u00e9 cree que tendr\u00eda que pasar para que hicieran alg\u00fan esfuerzo en com\u00fan, alguna pose conjunta, lo que fuese, para dar una \u00fanica cara frente a los especuladores?<\/p>\n<p>R.- Creo que ambos son conscientes, y s\u00e9 que de eso han hablado mucho en la reuni\u00f3n, de que la clave para responder a los especualdores est\u00e1, sobre todo, en Europa, no en Espa\u00f1a. Seg\u00fan han comentado en la reuni\u00f3n, la sesi\u00f3n que el viernes mantendr\u00e1 el Eurogrupo en Bruselas va a abordar c\u00f3mo hacer frente a los movimientos especulativos y c\u00f3mo regular el papel de las agencias de calificaci\u00f3n. <\/p>\n<p>P.- Aunque parece que no estaba previsto, \u00bfsabe si se ha abordado el tema del Tribunal Constitucional? Gracias<\/p>\n<p>R.- Ambos han dicho tajantemente que no lo han abordado. Y si lo han abordado, no hay acuerdo.<\/p>\n<p>P.- \u00bfDe qui\u00e9n cree usted que es la culpa de que ambos l\u00edderes no se hayan reunido hasta ahora? <\/p>\n<p>R.- Es verdad que no se hab\u00edan reunido oficialmente desde octubre de 2008. Pero no es menos cierto que hablan con frecuencia por tel\u00e9fono o en actos p\u00fablicos en los que coinciden. Lo que han rechazado durante este tiempo es la escenificaci\u00f3n. A Rajoy no le interesa la foto con Zapatero porque no quiere aparecer como c\u00f3mplice de una pol\u00edtica econ\u00f3mica con la que no est\u00e1 de acuerdo. Y a Zapatero no le interesa quedar con Rajoy en p\u00fablico porque siempre lo pone de vuelta y media a la salida de La Moncloa. Esta vez han roto esta regla porque la opini\u00f3n p\u00fablica les estaba pasando factura por la larga ausencia de una foto en com\u00fan.<\/p>\n<p>P.- \u00bfCambia este encuentro, y su resultado, el clima pol\u00edtico entre Gobierno y oposici\u00f3n? \u00bfEst\u00e1n dispuestos a llegar a alg\u00fan acuerdo m\u00e1s para paliar la crisis? <\/p>\n<p>R.- Yo creo que no cambia el clima. Esto va a seguir igual, Rajoy seguir\u00e1 criticando la pol\u00edtica econ\u00f3mica de Zapatero contra la crisis. Es su principal arma de oposici\u00f3n. Pero no es menos cierto que seguir\u00e1 llegando a acuerdos puntuales con Zapatero en funci\u00f3n de las circunstancias y de la gravedad del momento, como acaba de suceder. <\/p>\n<p>P.- Si Rajoy renuncia al r\u00e9dito electoral que le produce su oposici\u00f3n frontal a la pol\u00edtica econ\u00f3mica del Gobierno, \u00bfa qu\u00e9 deber\u00eda renunciar Zapatero en compensaci\u00f3n?<\/p>\n<p>R.- Rajoy no puede y no quiere renunciar a hacer oposici\u00f3n a la pol\u00edtica econ\u00f3mica del Gobierno cuando hay un pacto de Estado sobre un tema b\u00e1sico como es la lucha contra el terrorismo. Es su prinicipal arma de oposici\u00f3n contra Zapatero. <\/p>\n<p>P.- \u00bfEs posible que el rey D. Juan Carlos haya tenido que ver con esta reuni\u00f3n, dada la falta de comunicaci\u00f3n entre Gobierno y oposici\u00f3n?<\/p>\n<p>R.- Yo creo que la gravedad econ\u00f3mica del momento, los ataques especualtivos y las encuestas que castigan a ambos por la aparente falta de di\u00e1logo entre ellos es la raz\u00f3n principal del encuentro. El Rey hace su declaraci\u00f3n cuando ya conoce que se van a encontrar.<\/p>\n<p>P.- La mayor parte de la prensa habla ya con pesimismo sobre esta reuni\u00f3n. \u00bfEst\u00e1 de acuerdo?<\/p>\n<p>R.- Debo de ser una excecpi\u00f3n, quiz\u00e1s por realismo. Yo ya sab\u00eda, y lo hemos comentado en este peri\u00f3dico, que el acuerdo iba a ser limitado a dos aspectos, que no son menores, el apoyo a Grecia y la reestructuraci\u00f3n de las cajas de ahorros. Por tanto, m\u00e1s que pesimismo lo que hay que vender es realismo. <\/p>\n<p>P.- \u00bfCree que a corto plazo seguir\u00e1 la pol\u00edtica de la crispaci\u00f3n? Muchas gracias.<\/p>\n<p>R.- Evidentemente, estamos en una larga precampa\u00f1a electoral, que no va a cesar hasta las municipales, dentro de un a\u00f1o, y las generales, dentro de dos. Y las precampa\u00f1as y campa\u00f1as electorales generan tensi\u00f3n pol\u00edtica. <\/p>\n<p>P.- \u00bfCree usted que con este conato de acuerdo se conseguir\u00e1 al menos que Rajoy llame a filas a sus ac\u00f3litos para que dejen de poner en peligro la estabilidad de este pa\u00eds, con sus pesimistas informaciones y sus bulos?<\/p>\n<p>R.- El problema para la estabilidad de este pa\u00eds est\u00e1 sobre todo en los ataques de los movimientos especulativos, que son globales. Ah\u00ed est\u00e1 la ra\u00edz del problema. Tambien es verdad que no ayudan algunas declaraciones de dirigentes del PP jugando al catrastrofismo de la econom\u00eda. En ese tema el principal adalid es Aznar.<\/p>\n<p>P.- \u00bfCrees que Zapatero al final tendr\u00e1 coraje para hacer reformas? Parece que no quiere tomar medidas por miedo a las movilizaciones de los trabajadores&#8230; <\/p>\n<p>R.- Yo creo que est\u00e1 en ello. Hoy ha repetido su compromiso para rebajar al 3% de d\u00e9ficit en 2013. Y que pronto habr\u00e1 reforma laboral con pacto con empreasarios y tarbajadores <\/p>\n<p>P.- Con esta reuni\u00f3n, \u00bfcree que se lanza un mensaje a los especuladores? <\/p>\n<p>R.- La clave del mensaje a los especuladoers va a estar en la reuni\u00f3n del Eurogrupo del viernes, donde se va a hacer una defensa del euro y se van a tomar medidas. De eso han hablado Zapatero y Rajoy en La Moncloa. <\/p>\n<p>P.- Luis: \u00bfC\u00f3mo se entiende que Rajoy insista en lo de Grecia -compar\u00e1ndonos con aquel pa\u00eds- sin decir nada del origen del descalabro (enti\u00e9ndase por esto la falsifcaci\u00f3n de datos estad\u00edsticos por parte del anterior Gobierno conservador)? <\/p>\n<p>R.- Creo que en este punto Rajoy se equivoca. Hoy, dada la situaci\u00f3n de las Bolsas y la desconfiaza en la opini\u00f3n, deb\u00eda haber hecho un mayor esfuerzo unitario. No obstante, hay que se\u00f1alar que ha dado su apoyo al rescate de Grecia y a la reestructuraci\u00f3n de las cajas. <\/p>\n<p>P.- \u00bfOpina igual que el presidente que ser\u00eda contraproducente para la recuperaci\u00f3n si retir\u00e1ramos las ayudas de inmediato, como m\u00e1s o menos propone el PP, para reducir ya dr\u00e1sticamente el d\u00e9ficit?<\/p>\n<p>R.- Es un debate de especialistas. Hay algunos de los que me f\u00edo que sostienen la teor\u00eda de que un recorte dr\u00e1stico del d\u00e9ficit frenar\u00eda la recuperaci\u00f3n. Uno de los que lo defend\u00edan recientemete con argumentos s\u00f3lidos es Miguel Boyer, que algo sabe.<\/p>\n<p>P.- \u00bfCree usted que Zapatero se atreve de verdad a tomar las medidas de reducir el gasto p\u00fablico, cosa que llevar\u00eda a bajar el sueldo a los funcionarios y altos cargos?<\/p>\n<p>R.- Yo creo que se ha fijado como prioridad la reducci\u00f3n del d\u00e9ficit. Hoy ha insistido en que ser\u00e1 un 3% para 2013. Si para alcanzar ese objetivo necesita una congelaci\u00f3n del sueldo de los funcionarios, lo acabar\u00e1 haciendo. <\/p>\n<p>P.- Seg\u00fan su opini\u00f3n, \u00bfcree que este acercamiento entre Gobierno y oposici\u00f3n puede beneficiar electoralmente a alguno de los dos partidos?<\/p>\n<p>R.- Creo que necesitaban escenificar un acuerdo p\u00fablico, porque las \u00faltimas encuentas les estaban dando la imagen por los suelos, m\u00e1s a Rajoy que a Zapatero. <\/p>\n<p>P.- \u00bfNo es algo siniestro esperar acuerdos en un \u00e1mbito privado (La Moncloa) que no se alcanzan en un ambito publico (Congreso)?<\/p>\n<p>R.- No veo contradicci\u00f3n. Los acuerdos a los que lleguen en La Moncloa acaban siendo normas que pasan por el Congreso.<\/p>\n<p>P.- La \u00fanica medida que ha trascendido es la fusi\u00f3n de cajas. \u00bfQu\u00e9 ventajas puede aportar?<\/p>\n<p>R.- Si se tiene en cuenta que las comunidades aut\u00f3nomas son claves en el gobierno de las cajas, y que el PSOE y el PP se reparten el gobierno de las comunidades aut\u00f3nomas, se entiende la importancia de un acuerdo entre los l\u00edderes de ambos partidos.<\/p>\n<p>P.- Luis, \u00bfcrees que tanto Zapatero como Rajoy tienen la madera de l\u00edder suficiente para llegar a acuerdos por encima de tacticismos y estrategias a corto plazo?<\/p>\n<p>R.- Yo creo que que m\u00e1s que la que pudieron tener Gonz\u00e1lez y Aznar. Estos \u00faltimos no se pusieron de acuerdo ni en la lucha contra el terrorismo. Al menos, Zapatero y Rajoy ese acuerdo lo han logrado esta legislatura.<\/p>\n","protected":false},"excerpt":{"rendered":"<p>Jos\u00e9 Luis Rodr\u00edguez Zapatero y Mariano Rajoy se han reunido este mi\u00e9rcoles para hablar de la crisis econ\u00f3mica. Entre otras medidas, han pactado reformar la Ley de Cajas en tres meses y agilizar las fusiones. \u00bfC\u00f3mo ha sido esta reuni\u00f3n? \u00bfQu\u00e9 otros temas se han puesto sobre la mesa? \u00bfCu\u00e1les son los desacuerdos? El periodista de EL PA\u00cdS Luis R. Aizpeolea ha respondido a las preguntas de los lectores sobre esta reuni\u00f3n.<br \/>\nFOTO: Uly Mart\u00edn<\/p>\n","protected":false},"author":1,"featured_media":0,"comment_status":"open","ping_status":"open","sticky":false,"template":"","format":"standard","meta":{"footnotes":""},"categories":[],"tags":[],"class_list":["post-10326","post","type-post","status-publish","format-standard","hentry"],"_links":{"self":[{"href":"https:\/\/intervius.com\/index.html\/wp-json\/wp\/v2\/posts\/10326","targetHints":{"allow":["GET"]}}],"collection":[{"href":"https:\/\/intervius.com\/index.html\/wp-json\/wp\/v2\/posts"}],"about":[{"href":"https:\/\/intervius.com\/index.html\/wp-json\/wp\/v2\/types\/post"}],"author":[{"embeddable":true,"href":"https:\/\/intervius.com\/index.html\/wp-json\/wp\/v2\/users\/1"}],"replies":[{"embeddable":true,"href":"https:\/\/intervius.com\/index.html\/wp-json\/wp\/v2\/comments?post=10326"}],"version-history":[{"count":0,"href":"https:\/\/intervius.com\/index.html\/wp-json\/wp\/v2\/posts\/10326\/revisions"}],"wp:attachment":[{"href":"https:\/\/intervius.com\/index.html\/wp-json\/wp\/v2\/media?parent=10326"}],"wp:term":[{"taxonomy":"category","embeddable":true,"href":"https:\/\/intervius.com\/index.html\/wp-json\/wp\/v2\/categories?post=10326"},{"taxonomy":"post_tag","embeddable":true,"href":"https:\/\/intervius.com\/index.html\/wp-json\/wp\/v2\/tags?post=10326"}],"curies":[{"name":"wp","href":"https:\/\/api.w.org\/{rel}","templated":true}]}}