{"id":10322,"date":"2010-05-10T00:00:00","date_gmt":"2006-11-06T00:00:00","guid":{"rendered":"https:\/\/intervius.com\/index.html\/?p=10322"},"modified":"2006-11-06T00:00:00","modified_gmt":"2006-11-06T00:00:00","slug":"Octavio_Granado10322","status":"publish","type":"post","link":"https:\/\/intervius.com\/index.html\/Octavio_Granado10322\/","title":{"rendered":"Octavio Granado"},"content":{"rendered":"<p>Pregunta.- \u00bfNo cree usted que, un trabajador que haya cotizado 40 a\u00f1os tiene ya derecho a jubilarse, sin esperar a los 67 a\u00f1os? Es decir, deber\u00edan ponderarse los a\u00f1os cotizados a la hora de decidir la edad de jubilaci\u00f3n. <\/p>\n<p>Respuesta.- Creo que los trabajadores que han cotizado m\u00e1s a\u00f1os devben jubilarse, en t\u00e9rminos generales, antes que los que han trabajado menos, siempre partiendo de la base de que vamos a vivir m\u00e1s a\u00f1os como jubilados, y que los sistemas de pensiones deben adaptarse a esta realidad.<\/p>\n<p>P.- \u00bfCuando se va a establecer para el c\u00e1lculo de la base reguladora del c\u00e1lculo de las pensiones las cotizaciones de toda la vida laboral, como exige el sentido com\u00fan y la justicia equitativa? <\/p>\n<p>R.- En Espa\u00f1a las carreras de cotizaci\u00f3n siguen siendo muy intermitentes, y los registros del sistema de seguridad social s\u00f3lo son f\u00edables, en cuanto a bases de cotizaci\u00f3n (los periodosos cotizados se conocen mucho mejor) desde mediados de los a\u00f1os ochenta; es muy posible establecer un m\u00e9todo de c\u00e1lculo bastante proporcional al esfuerzo de cada trabajador tomando como base un n\u00famero de a\u00f1os inferior a toda la vida laboral.<\/p>\n<p>P.- Tengo 31 a\u00f1os llevo 9 a\u00f1os trabajando y soy funcionario y quisiera con toda sinceridad una respuesta a esta pregunta \u00bfme hago un plan de pensiones o conf\u00edo en que voy a recibir mi pension cuando llegue la hora?<\/p>\n<p>R.- Pocas cosas hay que los ciudadanos quieran asegurar m\u00e1s que el sistema de pensiones; en este sentido, en Espa\u00f1a va a seguir funcionando un sistema de pensiones p\u00fablico adecuado, y si una persona percibe retribuciones superiores a la base m\u00e1xima de cotizaci\u00f3n, debe buscar instrumentos de ahorro o inversi\u00f3n complementarios, porque ya sabe que la pensi\u00f3n (m\u00e1xima) va a ser inferior al salario<\/p>\n<p>P.- Buenos d\u00edas Sr. Granado. Soy un prejubilado de Banca que sigue cotizando todos los meses y lo har\u00e9 hasta los 65 a\u00f1os. Entonces llevar\u00e9 cotizados 43 a\u00f1os. \u00bfQu\u00e9 suceder\u00e1 conmigo si se ampl\u00eda la edad de jubilaci\u00f3n hasta los 67 a\u00f1os?<\/p>\n<p>R.- Ninguna de las reformas en discusi\u00f3n prev\u00e9 que sus efectos se apliquen a las personas que ya han abandonado el mercado de trabajo. En este sentido, su pensi\u00f3n se calcular\u00e1 de acuerdo a las normas actualmente en vigor.<\/p>\n<p>P.- \u00bfPara cu\u00e1nto tiempo estan aseguradas las pensiones?<\/p>\n<p>R.- En un momento de tanta incertidumbre, pocas cosas hay m\u00e1s seguras que las pensiones, fundamentalmente porque son el elemento central de nuestras se\u00f1as de identidad como sociedad desarrollada. El concepto de &#8220;respaldo fiscal&#8221;, aquellos materias en las que los ciudadanos est\u00e1n dispuestos a pagar m\u00e1s impuestos a fin de mantener la situaci\u00f3n acual, en Espa\u00f1a s\u00f3lo se aplica desde hace m\u00e1s de veinte a\u00f1os a las pensiones.<\/p>\n<p>P.- \u00bfHasta cu\u00e1ndo va a aguantar el sistema de pensiones espa\u00f1ol el reajuste de \u00e9stas por la evoluci\u00f3n del IPC? \u00bfNo cree que podr\u00eda llegar el momento en el que la pensi\u00f3n media rebase al nivel salarial medio, lo que ser\u00eda absurdo puesto que es el activo el que sufraga al pasivo? En Alemania, por ejemplo, el aumento de las pensiones se rige l\u00f3gicamente por el aumento medio salarial, lo que ha conducido a que en los \u00faltimos a\u00f1os apenas nos las hayan subido, lo que es justo y previsor <\/p>\n<p>R.- En Espa\u00f1a las pensiones se reajustan de acuerdo con la inflaci\u00f3n, lo que se traduce en menores revalorizaciones que los salarios en los a\u00f1os de gran crecimiento econ\u00f3mico, y de mayores revalorizaciones en momentos de menor crecimiento o incluso de decrecimiento. Para discutir criterios alternativos de revalorizaci\u00f3n deber\u00edamos, razonablemente, esperar al momento en el que las pensiones sean m\u00e1s similares a los salarios, ya quye todav\u00eda tenemos millones de pensiones inferiores al salario m\u00ednimo.<\/p>\n<p>P.- \u00bfLa llegada masiva de inmigrantes en los \u00faltimos 12 a\u00f1os puede suponer en el futuro un desequilibrio del sistema de pensiones en Espa\u00f1a? \u00bfPodremos en las futuras d\u00e9cadas garantizar el cobro de pensiones tambi\u00e9n para las clases menos favorecidas, con una vida laboral de bajas cotizaciones y grandes dosis de econom\u00eda sumergida?<\/p>\n<p>R.- La econom\u00eda sumergida era muy fuerte en las d\u00e9cadas de los 70, 80 y comienzos de los 90 en el siglo pasado, cuando el peso de los inmigrantes era muy reducido. En nuestro sistema de pensiones, que no olvidemos es un sistema de seguro, no un sistema tributario, mayor n\u00famero de cotizantes es igual a mayores aportaciones a corto y medio plazo y mayores gastos (prestaciones) a largo plazo; menor n\u00famero de cotizantes es equivalente a menores ingresos a corto plazo y menores gastos a largo plazo. La necesidad de ajuste no deviene del cilco, sino que el sistema sea sostenible, en t\u00e9rminos de aportaciones\/prestaciones y demogr\u00e1ficos.<\/p>\n<p>P.- Buenas tardes&#8230;Sr Granado: dentro de este a\u00f1o, me jubilo con 65 a\u00f1os tras trabajar 45 y justificar 40 a\u00f1os&#8230;Exigi\u00e9ndose para cobrar el 100%,haber cotizado 35 a\u00f1os&#8230;\u00bfpor qu\u00e9, n\u00f3 se compensan los 5 a\u00f1os excedidos? o en todo caso que sirvan para hacer media &#8220;superior&#8221;en los 15 \u00faltimos a\u00f1os de cotizaci\u00f3n..? \u00a1\u00a1 muchas gracias&#8230;!!<\/p>\n<p>R.- No se compensan los a\u00f1os excedidos, ni se penaliza el incremento de la esperanza media, ni las personas que han cotizado s\u00f3lo 15 a\u00f1os (fundamentalmente mujeres imposibilitadas de desarrollar carreras m\u00e1s continuas por causas ajenas a su voluntad) cobran estrictamente la proporci\u00f3n que les corresponder\u00eda, sino m\u00e1s; en la inmensa mayor parte de los pa\u00edses de Europa con sistemas de pensiones como el nuestro se llega al 100% de la base con 40 a\u00f1os cotizados.<\/p>\n<p>P.- Ser\u00eda sostenible y factible elaborar una tabla en la que cada ciudadano sepa cuanto va a cobrar de pension en funci\u00f3n de los a\u00f1os cotizados independientemente de la edad del trabajador en cuesti\u00f3n? Yo, por ejemplo soy docente,tengo 41 a\u00f1os y cuando tenga 53 a\u00f1os llevar\u00e9 30 a\u00f1os cotizados. Podr\u00eda jubilarme a esa edad y cuanto dinero cobrar\u00eda?<\/p>\n<p>R.- Eso ser\u00eda muy factible en un sistema de capitalizaci\u00f3n, ahorro, sin complementos a m\u00ednimo, ni pensiones de viudedad, ni aportaciones del Estado; nuestro sistema, de reparto, es m\u00e1s solidario, y en \u00e9l quienes han tenido la &#8220;posibilidad&#8221;, que algunos llamar\u00edan suerte, de tener carreras m\u00e1s continuas, reciben menor apoyo que otros colectivos m\u00e1s vulnerables. Creo sinceramente que aquellos empleados que recibimos nuestros salarios de los impuestos de todos los espa\u00f1oles no debemos quejarnos de la solidaridad. <\/p>\n<p>P.- \u00bfCual es el futuro de las mutuas de accidentes de trabajo?<\/p>\n<p>R.- la de ser entidades gestoras de prestaciones de la Seguridad Social, con los mismos controles que las entidades p\u00fablicas, y constituyendo un \u00e1mbito de colaboraci\u00f3n en el que se cruza la gesdti\u00f3n p\u00fablica y privada, las prestaciones econ\u00f3mias, la prevenci\u00f3n y rehabilitaci\u00f3n del da\u00f1o, los servicios sociales y los sanitarios.<\/p>\n<p>P.- Estimado Octavio, en alguna ocasion pude escuchar al ministro de trabajo que las pensiones p\u00fablicas estaban garantizadas hasta 2025. Yo quer\u00eda preguntarte que pasar\u00e1 despues puesto que yo me jubilar\u00e9 entonces.<\/p>\n<p>R.- El Ministro Corbacho obviamente se refer\u00eda a que podr\u00edamos, si fu\u00e9ramos unos irresponsables, mantener el sistema sin reformas hasta 2025, y que los problemas se maniestar\u00edan despu\u00e9s. Pero de la misma forma que nuestra buena situaci\u00f3n se explica ahora por las reformas de hace 25 a\u00f1os ( la modificaci\u00f3n del periodo de c\u00f3mputo de 1985 y 1997, la de la incapacidad temporal de 1994, la separaci\u00f3n de la financiaci\u00f3n sanitaria, de los servicios sociales y ahora de la dependencia que se inicia en los a\u00f1os 80 y culmina en 1999), ahora tenemos que hacer las reformas necesarias para que el sistema dentro de 25 a\u00f1os se encuentre en beuna situaci\u00f3n<\/p>\n<p>P.- \u00bfPor qu\u00e9 en Espa\u00f1a se le da un trato desigual a los Sacerdotes y Religiosos secularizados que solicitan pensi\u00f3n de jubilaci\u00f3n con respecto al que se le da a otros gremios ( profesores de euskera, concejales de algunos ayuntamientos&#8230;)&#8230;? Aunque mi pregunta sea poco detallada ( por raz\u00f3n de espacio ) ruego se d\u00e9 por supuesto que conozco a fondo el tema. <\/p>\n<p>R.- Los sacerdotes secularizados, los conceajles que trbajaron en los ayuntamientos sin poder cotizar hasta que se aprob\u00f3 la Ley de bases de R\u00e9gimen local, las y los &#8220;andere\u00f1os&#8221; son colectivos excluidos de la acci\u00f3n protectora de la Seguridad Social a los que se les ha integrado a posteriori con normas espec\u00edficas, pero en este sentido no est\u00e1n peor tratados que el conjunto de los cotizantes. Con ellos se ha tenido una atenci\u00f3n especial, distinguida, que no se tiene con los millones de trabajadores. No hay motivo para la queja, sino, y perdone la presunci\u00f3n, para estar agradecidos, porque el sistema ha sido m\u00e1s olidario con ellos que con otros colectivos.<\/p>\n<p>P.- \u00bfCu\u00e0ndo recuperar\u00e1n los contribuyentes todos los recortes de cotizaciones que se vienen haciendo en cada legislatura? Le recuerdo la \u00faltima, pasamos de 14 a 12 pagas por a\u00f1o cotizado.<\/p>\n<p>R.- Perdone, an\u00f3nimo corresponsal, pero no se entera; ahora se cotiza en cada paga 7\/6 partes de salario, es decir, se cotiza lo mismo en doce mensualidades que antes se cotizaba en 14. Lo que usted llama recortes son cambios normativos sin recorte alguno<\/p>\n<p>P.- buenos dias mi pregunta seria la siguiente cual seria el ahorro o el gasto si la jubilacion fuera a los 65 a\u00f1os del 100% al cumplir 70 a\u00f1os el 95% al los 75 a\u00f1os del 90 %y asi sucesivamente o similarmente ya que una persona de 90 a\u00f1os para su manutencion no necesita el 100% de su pension un saludo desde alcoy<\/p>\n<p>R.- reducir las pensiones a las personas mayores que cumplen m\u00e1s a\u00f1os es desconocer que las necesidades sanitarias y de cuidados se incrementan con la edad; esto no lo hace ning\u00fan sistema de pensiones del mundo, y desde luego no tenemos ninguna intenci\u00f3n de hacerlo <\/p>\n<p>P.- \u00c4ntes que retrasar la edad de jubilacion, no habria que conseguir que esta empezara efectivamente a los 65 a\u00f1os. Acabemos primero con las prejubialciones.<\/p>\n<p>R.- Totalmente de acuerdo, pero no olvidemos que la mayor parte de las &#8220;prejubilaciones&#8221; son de trabajadores despedidos, que harto pierden con la interrupci\u00f3n de su vida laboral. La salida precoz del mercado de trabajo a trav\u00e9s de una pensi\u00f3n debe ser la \u00faltima alternativa, pero tampoco podemos cerrarla en todos los casos. Y no olvidemos que si necesitamos hacer un ajuste, y amos excluyendo a colectivo tras colectivo de este ajuste, los que quedan tienen que soportar una parte mayor del mismo.<\/p>\n<p>P.- Porqu\u00e9 no se sacan del Sistema de la SS las pensiones no contributivas para financiarlas con otros impuestos. No ser\u00eda esto mas justo en un momento que se plantea la falta de sostenibilidad del sistema y los que pagan tienen que mantener a los que no. <\/p>\n<p>R.- Javi, desde su creaci\u00f3n las pensiones no contributivas est\u00e1n en el presupuesto de la Seguridad Social pero las financia el estado con una aportaci\u00f3n, es dcir, nunca han salido ni salen de las cotizaciones.<\/p>\n<p>P.- \u00bfQue le parece que algunos cargos p\u00fablicos tengan un plan de pensiones?<\/p>\n<p>R.- En Espa\u00f1a hay once millones de espa\u00f1oles que tiene un plan de pensiones, y compartiavamente con otros pa\u00edses europeos, en los cual\u00e9s todos los trabajadores tienen planes de pensiones, no somos los que destinamos m\u00e1s dinero a estos instrumentos, ni aqu\u00ed tienen una penetraci\u00f3n mayor que otros lugares. La pensi\u00f3n m\u00e1xima dee la Seguridad Social son 2.500 \u20ac brutos, menos de 2.000 \u20ac netos, y quienes ganan m\u00e1s y quieren vivir como jubilados sin perder calidad vida, ahorran, invierten, hacen planes de pensiones&#8230; esto debe ser visto con normalidad en Espa\u00f1a, como en toda Europa. Nuestra particularidad es que el sistema p\u00fablico de pensiones es m\u00e1s fuerte, le destinamos mayores recursos, y le pedimos m\u00e1s prestaciones, y esto va a seguir siendo as\u00ed.<\/p>\n<p>P.- se puede conseguir el 100% de la pensi\u00f3n a los 65 a\u00f1os, cuando vienes de un ere y prejubilacion a los 60 o 61 a\u00f1os.<\/p>\n<p>R.- Se puede conseguir si te mantienes en el mercado de trabajo y destinar la indemnizaci\u00f3na firmar un convenio con Seguridad Social y seguir cotizando hasta los 64 \u00f3 65b a\u00f1os; en caso contrario es imposible.<\/p>\n<p>P.- \u00bfVan a reformar las pensiones por enfermedad? \u00bfEn qu\u00e9 sentido?<\/p>\n<p>R.- Las pensiones de incapacidad siguen siendo en espa\u00f1a muy numerosas, y es fundamental que la prevenci\u00f3n de riesgos, la detecci\u00f3n precoz de las enfermedades profesionales y del trabajo, el cambio en las condiciones de trabajo y de puestos de trabajo sean alternaivas viables a la exclusi\u00f3n del mercado con una pensi\u00f3n reducida.<\/p>\n<p>P.- Me gustar\u00eda saber que es lo que tienen pensado hacer con las pensiones de viudedad en un futuro. Se est\u00e1 hablando \u00faltimamente de que se podr\u00edan suprimir para las personas que est\u00e1n trabajando o incluso que las pensiones no sean vitalicias. Me gustar\u00eda que contestase si es que tiene informaci\u00f3n de \u00faltima hora. <\/p>\n<p>R.- No tengo ninguna informaci\u00f3n de \u00faltima hora, entre otras cosas porque las propuestas del Gobierno son conocidas, y ahora es el tiempo del Parlamento, y luego ser\u00e1 el tiempo del di\u00e1logo social, porque la participaci\u00f3n de los agentes pol\u00edticos y sociales es imprescindible. La pensi\u00f3n de viudedad debe reforzarse en los casos en que es la \u00fanica fuente de recursos, y cuando la viuda o el viudo tiene responsabilidades familiares, y probablemente debe modificarse cuando se genera a una edad muy temprana y el c\u00f3nyuge sobreviviente no tienen cargas familiares, pero el \u00e1mbito de la discusi\u00f3n es todav\u00eda muy incipiente, y no olvidemos que esta pensi\u00f3n es muy distinta en los diferentes pa\u00edses europeos, fruto de la distinta consideraci\u00f3n social que tiene este problema en cada pa\u00eds.<\/p>\n<p>P.- El nuevo recorte de gasto de 10.000 millones para 2010 y 2011, \u00bfcontemplar\u00e1 una rebaja de las pensiones?<\/p>\n<p>R.- No, en modo alguno.<\/p>\n<p>P.- \u00bfQu\u00e9 va a pasar con los trabajadores mayores de 55 a\u00f1os y con 37 cotizados que no encuentran trabajo?<\/p>\n<p>R.- Que seguir\u00e1n haciendo carreras de cotizaci\u00f3n a trav\u00e9s de las prestaciones del servicio p\u00fablico de empleo hasta su jubilaci\u00f3n, si no encuentran un trabajo, y que en la reforma laboral van a ser objeto de una consideraci\u00f3n especial, a fin de que puedan encontrar un empleo parcial o en un sector alternativo, porque su experiencia no puede ser desaprovechada. <\/p>\n<p>P.- Desde mi humilde conocimiento, \u00bfno cree usted que ser\u00eda mejor acabar con las prejubilaciones antes que incrementar la edad de jubilaci\u00f3n o subir el tiempo de cotizaci\u00f3n?<\/p>\n<p>R.- Creo que en una pregunta similar ya he se\u00f1alado como la l\u00ednea general es \u00e9sta, y adem\u00e1s hemos conseguido en los \u00faltimos ocho a\u00f1os retrasar de forma efectiva las salidas precoces del mercado de trabajo casi en dos a\u00f1os. En definitiva, estoy de acuerdo, y el documento del Gobierno ya as\u00ed lo indicaba, pero la esperanza de vida crece para todos, con independencia de la edad de jubilaci\u00f3n.<\/p>\n<p>P.- Somos muchos los trabajadores que con m\u00e1s de 55 a\u00f1os que llevamos treinta a\u00f1os cotizando a la seguridad social y nos encontramos actualmente sin empleo. Muchos de nosotros nos vemos en la necesidad de aportar mensualmente unos 580 euros para mantener el nivel de pensiones por las que hemos estado cotizando y sin embargo percibimos 420 euros de subsidio. \u00bfQue piensa hacer el Gobierno para solucionar una situaci\u00f3n tan in<\/p>\n<p>R.- Creo que la fundamental injusticia se produce por la enorme preferencia que sigue manifestando nuestro mercado de trabajo para ajustarse por el lado de los trabajadores m\u00e1s veteranos, pero usted, como cotizante vetwerano, sabe muy bien que nosotros pagamos pensinoes con el dinero que cobramos en cuotas, y que sin mayor cotizaci\u00f3n no puede haber mayores pensiones. La soluci\u00f3n no es disminuir los ingresos (los cobros) sino hacer m\u00e1s empleables a los trabajadores veteranos. En todo caso, Ricardo,no crea que su situaci\u00f3n no nos preocupa, y que no sabemos que a veces puede llegar a convertirse en angustiosa.<\/p>\n<p>P.- A las personas que tengan cotizados m\u00e1s de 40 a\u00f1os, sin haber cumplido los 60 a\u00f1os de edad \u00bfno van a obligar a trabajar hasta los 67? Gracias.<\/p>\n<p>R.- En t\u00e9rminos concretos, las reformnas legales se abordar\u00e1n cuando exista un acuerdo pol\u00edtico y otro en el di\u00e1logo social, pero el Gobierno en su propuesta ya ha anunciado la voluntad de vincular la edad legal, en alguna forma, con las carreras de cotizaci\u00f3n m\u00e1s largas.<\/p>\n<p>P.- En lugar de recortar las pensiones de los trabajadores que ya de por si, son bastante bajas \u00bfNo ser\u00eda mejor que las pensiones de Sus Se\u00f1orias y dem\u00e1s personas del entorno (autonomias, ayuntamientos, estado) se les calculara de la misma manera que al resto y que adem\u00e1s no pudieran cobrar nada m\u00e1s que la maxima de la Seguridad Social?<\/p>\n<p>R.- EN Seguridad Social no hay ninguna distinci\u00f3n en cuanto al procedimiento de c\u00e1lculo de las pensiones, y se calcula igual la pensi\u00f3n de un parlamentario que la de cualquier trabajador por cuenta ajena que por cuenta propia. Las pensiones no van a recortarse, como no se recortaron en el pasado con otras modificaciones legales, que permitieron a la Seguridad Social espa\u00f1ola estar en la buena situaci\u00f3n en la que se encuentra. Y por otro lado, el tope m\u00e1ximo de pensiones p\u00fablicas se aplica a presidentes del Gobierno, Ministros, Alcaldes, Secretarios de Estado y a todos los cargos pol\u00edticos de caulesquiera de las Administraciones del Estado; a quien nse aplica es a muchos trabajadores del sector privado, que compatibilizan l\u00f1a pensi\u00f3n p\u00fablica m\u00e1xima con otroa privada. la pensi\u00f3n m\u00e1xima en Espa\u00f1a es una de las m\u00e1s bajas de Europa, y por tanto convienen cuando se habla de este tema tener toda la informaci\u00f3n y hacer poco caso de la demagogia. <\/p>\n<p>P.- Cumplir\u00e9 65 a\u00f1os en octubre. Quiero prolongar mi vida laboral hasta cumplimentar mis 35 a\u00f1os de cotizaci\u00f3n. No me lo permiten. \u00bfEs correcto?. Soy personal laboral de la AGE. Gracias. J<\/p>\n<p>R.- Josefina, no puedo darle una respuesta general porque su problema es personal, y necesitar\u00eda conocer m\u00e1s sus datos, fundamentalmente de empleo, para saber si pertenece usted a una categor\u00eda exclu\u00edda por motivos justificados de la posibilidad de prorrogar su vida laboral. Si es usted tan amable, env\u00edeme estos datos a mi correo personal (octaviogranado@hotmail.com) y la contesto<\/p>\n<p>P.- \u00a1Buenos d\u00edas, desde Burgos!. Sr. Granado: \u00bfno le parece que el alarmismo creado en torno a la sostenibilidad de las pensiones p\u00fablicas est\u00e1 siendo alimentado por las compa\u00f1\u00edas de seguros, que ven en \u00e9llo un negocio redondo?<\/p>\n<p>R.- Reyes, nuestra intenci\u00f3n no fue generar alarmismo, y si los hemos hecho, solo cabe disculparse; pero tampoco esto quiere decir que neguemos un problema evidente: empezamos a trabajar m\u00e1s tarde, vivimos muchos m\u00e1s a\u00f1os, cobramos pensiones mucho m\u00e1s altas, queremos jubilarnos antes, y tenemos muchos menos hijos que nos paguen con sus cuotas nuestras pensiones. No s\u00e9 si esto produce alarma, pero desde luego es motivo de reflexi\u00f3n y debe provocar reformas necesarias para garantizar la sostenibilidad de nuestro sistema.<\/p>\n<p>P.- \u00bfEs posible seguir computando el periodo de desempleo como trabajado a efectos de pension?<\/p>\n<p>R.- El desempleo, contributivo, incluye entre sus prestaciones el mantenimiento en la cotizaci\u00f3n, que para los trabajadores m\u00e1s vetarnos tambi\u00e9n alcanza a algunas prestaciones no contributivas; pero el desempleo no contributivo no incluye la cotizaci\u00f3n entre sus prestaciones<\/p>\n","protected":false},"excerpt":{"rendered":"<p>Es el guardi\u00e1n del sistema de pensiones desde que Jos\u00e9 Luis Rodr\u00edguez Zapatero lleg\u00f3 al poder. Octavio Granado, secretario de Estado de Seguridad Social y tambi\u00e9n responsable de Econom\u00eda en la ejecutiva del PSOE, ha respondido a las preguntas de los lectores en un momento en que las pensiones p\u00fablicas se enfrentan a una reforma para garantizar su futuro.<br \/>\nFoto: Alberto Ferreras<\/p>\n","protected":false},"author":1,"featured_media":0,"comment_status":"open","ping_status":"open","sticky":false,"template":"","format":"standard","meta":{"footnotes":""},"categories":[],"tags":[],"class_list":["post-10322","post","type-post","status-publish","format-standard","hentry"],"_links":{"self":[{"href":"https:\/\/intervius.com\/index.html\/wp-json\/wp\/v2\/posts\/10322","targetHints":{"allow":["GET"]}}],"collection":[{"href":"https:\/\/intervius.com\/index.html\/wp-json\/wp\/v2\/posts"}],"about":[{"href":"https:\/\/intervius.com\/index.html\/wp-json\/wp\/v2\/types\/post"}],"author":[{"embeddable":true,"href":"https:\/\/intervius.com\/index.html\/wp-json\/wp\/v2\/users\/1"}],"replies":[{"embeddable":true,"href":"https:\/\/intervius.com\/index.html\/wp-json\/wp\/v2\/comments?post=10322"}],"version-history":[{"count":0,"href":"https:\/\/intervius.com\/index.html\/wp-json\/wp\/v2\/posts\/10322\/revisions"}],"wp:attachment":[{"href":"https:\/\/intervius.com\/index.html\/wp-json\/wp\/v2\/media?parent=10322"}],"wp:term":[{"taxonomy":"category","embeddable":true,"href":"https:\/\/intervius.com\/index.html\/wp-json\/wp\/v2\/categories?post=10322"},{"taxonomy":"post_tag","embeddable":true,"href":"https:\/\/intervius.com\/index.html\/wp-json\/wp\/v2\/tags?post=10322"}],"curies":[{"name":"wp","href":"https:\/\/api.w.org\/{rel}","templated":true}]}}