{"id":10303,"date":"2010-05-06T00:00:00","date_gmt":"2006-11-06T00:00:00","guid":{"rendered":"https:\/\/intervius.com\/index.html\/?p=10303"},"modified":"2006-11-06T00:00:00","modified_gmt":"2006-11-06T00:00:00","slug":"Bonifacio_de_Santiago10303","status":"publish","type":"post","link":"https:\/\/intervius.com\/index.html\/Bonifacio_de_Santiago10303\/","title":{"rendered":"Bonifacio de Santiago"},"content":{"rendered":"<p>Pregunta.- Buenos d\u00edas. Como vecina de Las Rozas y conocedora de los problemas del municipio \u00bfcu\u00e1ndo va a proponer un proyecto de rehabilitaci\u00f3n para el casco antiguo del pueblo? \u00bfPor qu\u00e9 invirti\u00f3 el dinero del Plan E en hacer obras inneccesarias y est\u00e9ticamente feas como la de la calle Real, adem\u00e1s de con un presupuesto elevad\u00edsimo para lo que realmente han hecho? Gracias<\/p>\n<p>Respuesta.- Los problemas del municipio en lo que se refiere al casco urbano se han ido arreglando. Creo que es una buena medida hacer peatonal la calle Real y otras actuaciones que hemos tenido. Evidentemente, lo que no podemos hacer es hacer m\u00e1s grandes las aceras, porque est\u00e1n las casas. Y en cuanto al plan E hemos hecho las obras que nos ha aprobado el Ministerio. Son obras necesarias, pero lo que ocurre es que algunas como son colectores y conducciones de aguas pluviales y fecales no se ven. Est\u00e9ticamente la calle Real hay gusto para todos y a m\u00ed me parece bonita. <\/p>\n<p>P.- Estimado Sr.alcalde, Mi pregunta es la siguiente: &#8211; Las Rozas es de los municipios de la Comunidad, que m\u00e1s estaciones de Renfe posee, sin contar a la capital, entonces, \u00bfPor qu\u00e9 no hay casi l\u00edneas de autobuses a las estaciones de tren del municipio? Yo voy todos los d\u00edas a Madrid y tengo que coger mi coche privado para llegar hasta la estaci\u00f3n de Pinar de Las Rozas. Me gustaria tener un buen tranporte p\u00fablico de calidad. Un saludo y espero su amable respuesta.<\/p>\n<p>R.- Como tu conocer\u00e1s, el transporte urbano depende del Consorcio Regional de Transportes de Madrid. Evidentemente, nosotros estamos hablando continuamente con ellos para mejorar las cosas. Yo creo, con tu permiso, que el transporte urbano que acerca los vecinos a las estaciones de Renfe est\u00e1n bien comunicadas, lo que ocurre es que hay muchos vecinos que prefieren ir en su coche y aparcar en las estaciones. Tenemos 15 l\u00edneas de autobuses. Y pr\u00f3ximamente, el metro que tendr\u00e1 una parada en el centro del municipio y otra en la estaci\u00f3n del Pinar de Las Rozas.<\/p>\n<p>P.- Tengo una hija en 4\u00ba de primaria, dentro del proyecto bilingue de los colegios p\u00fablicos y empiezo a preocuparme al ver la falta de institutos en la zona de Punta Galea y tambien me da pena que el esfuerzo de ese proyecto bilingue no tenga continuidad en la ESO, al menos en esta zona.<\/p>\n<p>R.- Como t\u00fa sabr\u00e1s, los colegios biling\u00fces es una potestad de la Comunidad de Madrid. En estos momentos, en cuanto a poblaci\u00f3n somos los que m\u00e1s colegios biling\u00fces tenemos. En lo referente a los institutos, que tambi\u00e9n dependen del Gobierno regional, cerca de Punta Galea est\u00e1 el Carmen Conde y el Garc\u00eda Lorca.<\/p>\n<p>P.- Tengo dos ni\u00f1os de 7 y 9 a\u00f1os y es el tercer a\u00f1o consecutivo que no consigo plaza en los campamentos de verano que organiza asuntos sociales y deportes en el mes de julio. Sabiendo que son las plazas que se agotan en los primeros d\u00edas \u00bfpor qu\u00e9 no se amplia la oferta en este mes?<\/p>\n<p>R.- Seg\u00fan mis \u00faltimas noticas de la Concejal\u00eda del Menor y Familia y de Deportes, hay en todos los turnos plazas para atender todas las demandas de los vecinos de Las Rozas. Basta acudir a cualquiera de estas dos concejal\u00edas y ver\u00e1s satisfechas tus necesidades.<\/p>\n<p>P.- \u00bfLe ofreci\u00f3 Correa dinero a cambio de adjudicar contratos en su municipio? <\/p>\n<p>R.- Si. En febrero de 2003, el se\u00f1or Correa fue a mi despacho a ofrecerme dinero para adjudicar el contrato de limpiezas y recogida de residuos s\u00f3lidos urbanos. Mi respuesta fue echarle de mi despacho, eso s\u00ed amablemente y lo puse en conocimiento de todos mis concejales. <\/p>\n<p>P.- El Ayuntamiento ha necesitado en los dos ultimos a\u00f1os m\u00e1s endeudamiento que en todo su mandato \u00bfcree impresindible acudir al endeudamiento para mantener el nivel de prestaci\u00f3n de servicios??que otras medidas va a adoptar el Ayuntamiento para paliar la crisis economica municipal?<\/p>\n<p>R.- Pienso que en estos dos \u00faltimos a\u00f1os, no s\u00f3lo el Ayuntamiento de Las Rozas ha necesitado endeudarse. Evidentemente, menos que otros municipios y s\u00ed es verdad que en estos 15 a\u00f1os de mi mandato, en 13 a\u00f1os no hemos tenido que pedir ning\u00fan cr\u00e9dito para acometer obras. Precisamente, lo que no queremos es rebajar el nivel de prestaci\u00f3n de servicios, pero si hace unos d\u00edas viste EL PA\u00cdS ver\u00e1s que de los pueblos de m\u00e1s de 50.000 habitantes somos el segundo con menos endeudamiento. <\/p>\n<p>P.- \u00bfNo cree usted razonable, en epoca de crisis, apretarse el cintur\u00f3n? Lo digo tambien porque creo que es Vd. uno de los Alcalde mejor pagados de Espa\u00f1a.<\/p>\n<p>R.- De momento, este alcalde, sus concejales y los cargos de confianza desde el a\u00f1o 2008 nos hemos rebajado el sueldo el 2%. Tambi\u00e9n te tengo que decir que no s\u00e9 si soy uno de los alcaldes mejor pagados, pero creo que me lo gano con mi trabajo y no tengo que recurrir a otros aspectos il\u00edcitos. <\/p>\n<p>P.- \u00bfC\u00f3mo se compatibiliza su Plan General de Ordenaci\u00f3n Urbana de Las Rozas con un nuevo modelo econ\u00f3mico no fundado en el &#8220;ladrillo&#8221; (nuevo modelo que la sociedad apoya)?<\/p>\n<p>R.- Un Plan General no consta s\u00f3lo de ladrillo, por otro lado, un t\u00e9rmino muy manido. Un plan general lleva consigo la construcci\u00f3n de nuevos colegios, la construcci\u00f3n de nuevos institutos, la construcci\u00f3n de nuevos polideportivos, de nuevas zonas verdes y parques y entre otras cosas sirve para que en Las Rozas el 50% de su t\u00e9rmino municipal es suelo protegido. <\/p>\n<p>P.- Me gustar\u00eda que me explicara qu\u00e9 llev\u00f3 al Ayuntamiento a prohibir la exisitencia de los cuatro clubes de f\u00fatlbol que hab\u00eda en el municipio junto a Las Rozas y saber si va a permitir para la pr\u00f3xima temporada la creaci\u00f3n del alguno nuevo. Muchas gracias<\/p>\n<p>R.- El Ayuntamiento no es quien para prohibir clubes de f\u00fatbol. Lo que el Ayuntamiento hizo fue razonar con el club de f\u00fatbol Las Rozas y otros clubes excisi\u00f3n de este club de f\u00fatbol porque pensamos que la divisi\u00f3n se paga. Y como dir\u00eda Obama, juntos podemos. Si se quieren hacer otros clubes de f\u00fatbol, yo no tengo opini\u00f3n ni es mi cometido, pero te vuelvo a repetir que como aquel programa antiguo de televisi\u00f3n, la uni\u00f3n hace la fuerza. De hecho, este a\u00f1o el primer equipo asciende de regional a tercera divisi\u00f3n. <\/p>\n<p>P.- \u00bfEs verdad que est\u00e1n habiendo irregularidades en la adjudicaci\u00f3n de los pisos de protecci\u00f3n que recientemente se han construido en Las Rozas?<\/p>\n<p>R.- En absoluto. Ha sido todo transparente, ante notario, con sorteo por ordenador y en directo para el p\u00fablico. Entiendo que j\u00f3venes que se han quedado sin piso puedan pensar mal, pero los que est\u00e9n interesados pueden ir a la Empresa Municipal de la Vivienda, para ver todo el proceso de selecci\u00f3n. Por cierto, aprobado por todos los grupos pol\u00edticos del Ayuntamiento. <\/p>\n<p>P.- \u00bfPor qu\u00e9 se est\u00e1 construyendo un mega centro comercial (Plaza Norte) en un terreno ecol\u00f3gicamente protegido? Antes Las Rozas era un pueblo tranquilo, pero lo est\u00e1 convirtiendo en una colmena llena de casas.<\/p>\n<p>R.- El terreno ecol\u00f3gicamente protegido se lo puedes preguntar al alcalde de Majadahonda, ya que ese megacentro est\u00e1 ubicado en el t\u00e9rmino municipal de Majadahonda. En cuanto al municipio lleno de casas, creo que ese es tu parecer, que respeto, pero me gustar\u00eda que te dieras una vuelta por el pueblo y veas que las \u00fanicas colmenas que hay es un colmenero que est\u00e1 en la carretera de El Escorial. Somos el municipio con menor densidad de colmenas de la Comunidad de Madrid. <\/p>\n<p>P.- Buenos d\u00edas, alcalde. \u00bfEl cierre de la M-50 o M-61 y el desv\u00edo de la A-6 son proyectos de los que nos podemos despedir para siempre o a\u00fan hay esperanza para ellos? Muchas gracias<\/p>\n<p>R.- En el primer caso, eso es un asunto de la Comunidad de Madrid del que nosotros lo \u00fanico que podemos hacer es proponer alegaciones, por si en algo nos perjudicara. En cuanto al segundo, es una petici\u00f3n del Ayuntamiento al Ministerio de Fomento que est\u00e1 ya en fase de estudio y conf\u00edo que los dos proyectos vean la luz y se terminen. <\/p>\n<p>P.- Buenos d\u00edas, alcalde. \u00bfExiste ya una ubicaci\u00f3n definitiva para la nueva estaci\u00f3n de tren? Gracias<\/p>\n<p>R.- Que yo sepa Renfe no tiene pensamiento de construir una estaci\u00f3n nueva de tren. Si te refieres a la de Metro, una ir\u00e1 cercana al Ayuntamiento, en el centro del pueblo, y otra ir\u00e1 en la estaci\u00f3n del Pinar. <\/p>\n<p>P.- \u00bfCu\u00e1ndo est\u00e1 previsto que se inicie la construcci\u00f3n del Parque del Cantizal?<\/p>\n<p>R.- En el Cantizal, ya se han construido diversos parques y zonas verdes. Hay que entender que el Cantizal es una zona de reciente creaci\u00f3n y que hay que ir poco a poco hasta que llegue a su plenitud como zona asentada. <\/p>\n<p>P.- Buenos d\u00edas, Quer\u00eda saber cu\u00e1ndo arreglar\u00e1n definitivamente los problemas de vertidos fecales en los arroyos que hay en la zona comprendida entre la Ciudad del F\u00fatbol y Monterrozas. Hay un vertido continuo justo donde est\u00e1 la Ciudad del F\u00fatbol que se est\u00e1 convirtiendo en un problema de sanidad p\u00fablica ya que est\u00e1 muy pr\u00f3ximo al Instituto Carmen Conde. Y a menudo hay tambi\u00e9n vertidos fecales en el arroyo Lazarejos, zona de paseo de ni\u00f1os, con el peligro de salud que supone esto.<\/p>\n<p>R.- Nosotros tenemos ahora mismo un proyecto de dos millones de euros para la creaci\u00f3n de nuevos colectores y reparaci\u00f3n de los que existen, pero es sintom\u00e1tico y en todo caso algo sospechoso que muchos colectores se rompan siempre en el mismo sitio. Adem\u00e1s, no por presi\u00f3n de agua. Lo dem\u00e1s lo dejo a tu imaginaci\u00f3n. <\/p>\n<p>P.- \u00bfHasta cu\u00e1ndo piensa quedarse en el cargo? \u00bfNo cree que va siendo hora de dejar paso a otros despu\u00e9s de tantos a\u00f1os en la alcald\u00eda? Gracias<\/p>\n<p>R.- Pienso estar en el cargo hasta que mi partido lo decida y los vecinos sigan depositando mi confianza en m\u00ed. Te recuerdo que estamos en una democracia y las urnas son al final las que hablan, por lo tanto si llevo tantos en la alcald\u00eda es porque los habitantes de Las Rozas han confiado y conf\u00edan en mi gesti\u00f3n y mientras sea as\u00ed, estar\u00e9 a disposici\u00f3n y al servicio de mis convecinos. <\/p>\n<p>P.- \u00bfHace suficiente el gobierno municipal para ayudar a las familias a resolver los problemas cotidianos, y sus necesidades de formaci\u00f3n? \u00bfQu\u00e9 programas se encargan de ello en su municipio?<\/p>\n<p>R.- Para tu informaci\u00f3n, te dir\u00e9 que si te refieres a las personas mayores, tenemos la Concejal\u00eda de Servicios Sociales. Si te refieres a problemas cotidianos, familiares, donde est\u00e9n implicados menores, tenemos la Concejal\u00eda de Menor y Familia. Ah\u00ed, en esas dos concejal\u00edas, te pueden informar de la multitud de programas y ayudas que tienen estas dos concejal\u00edas. Si te refieres al problema del paro, existe la Concejal\u00eda de Econom\u00eda y Empleo. <\/p>\n<p>P.- Vivo en Las Rozas y tengo un hijo de 2 a\u00f1os. Actualmente vengo observando que muchos de los servicios publicos de Las Rozas dirigidas a los ni\u00f1os (actividades ludicas, deportivas, etc&#8230;) se encuentran masificadas, con colas de espera de hasta 2 a\u00f1os. Tantos ni\u00f1os, no merecen un esfuerzo aun mayor del ayuntamiento?<\/p>\n<p>R.- Las Rozas es una ciudad joven, aunque tenemos 30 personas que pasan de los 100 a\u00f1os. Y sin embargo, yo creo que Las Rozas, en cuanto a servicios p\u00fablicos, como los que t\u00fa me dices de actividades l\u00fadicas y deportivas, somos un referente de la Comunidad de Madrid. Eso ha hecho que nos hayan distinguido con dos premios nacionales del Deporte y un premio Siete Estrellas de la Comunidad de Madrid. Y si de algo tiene fama Las Rozas es de ser un municipio de referencia en cuanto a esas actividades que me dec\u00edas en tu pregunta. <\/p>\n<p>P.- \u00bfNo cree que gobernar tantos a\u00f1os en un pueblo puede hacerle c\u00f3modo y no cumplir las expectativas de sus habitantes?<\/p>\n<p>R.- Hombre, no creo que esa sensaci\u00f3n que t\u00fa me dices la tengan los vecinos de Las Rozas ni yo tampoco la tengo. Pero te puedo asegurar una cosa. Si alguna vez me levanto por la ma\u00f1ana y digo &#8220;Qu\u00e9 pereza ir al Ayuntamiento&#8221;, ese d\u00eda si ir\u00e9 al Ayuntamiento, pero para presentar mi dimisi\u00f3n. <\/p>\n<p>P.- Estimado Sr. A\u00f1ca\u00f1de. Desde la Avenida de Espa\u00f1a hasta el Centro de Hockey, en el Burgo, y paralelo a la calle Comunidad de Arag\u00f3n transcurre un &#8220;arroyo&#8221; \u00f3 &#8220;alcantarilla descubierta&#8221; que adem\u00e1s de generar malos olores provoca molestas poblaciones de mosquitos adem\u00e1s de alguna que otra plaga de ratas \u00bfHay pensada alguna soluci\u00f3n a este problema? \u00bfPara cuando?<\/p>\n<p>R.- Me est\u00e1 hablando de un tema que en estos momentos ignoro. Tomo buena nota de \u00e9l para pas\u00e1rselo al concejal de Servicios Generales. <\/p>\n<p>P.- El municipio de Las Rozas tiene una poblaci\u00f3n de perros enorme y muchas zonas transitables del municipio paracen estercoleros. Ya sabemos todos que la causa es la falta de educaci\u00f3n y civismo de los due\u00f1os, pero&#8230; \u00bfNo puede el ayuntamiento abordar el asunto sancionando realmente a estas personas? Evidentemente la mera existencia de sanciones no sirve, hay que vigilar y aplicarlas.<\/p>\n<p>R.- Todos los parques, que son muchos, que tenemos en Las Rozas, tienen una zona destinada a perros. Como t\u00fa bien dices, la falta de civismo no brilla por su ausencia y tratamos de hacer campa\u00f1as de concienciaci\u00f3n a los vecinos. Es verdad que tengo que reconocer que muchos vecinos guardan las m\u00ednimas normas de limpieza de excrementos caninos, porque tenemos 17.000 mascotas en el municipio. Pero claro, si situamos dispensadores de guantes y de bolsas para los citados excrementos o nos los vac\u00edan o nos los rompen, yo no puedo poner un vigilante por cada mascota que haya en el municipio. No obstante, seguimos incidiendo en el asunto y sancionando cuando vemos que el vecino no hace lo que el civismo le recomienda. <\/p>\n<p>P.- Por favor, \u00bfcuando funcionar\u00e1 el nuevo puente de Las Matas? El Puerta de Las Rozas es muy bonito pero no soporta tr\u00e1fico alguno, mientras que el de Las Matas est\u00e1 colapsado a todas horas. Gracias<\/p>\n<p>R.- Pretendemos que el puente de Las Matas est\u00e9 operativo para principios de 2011. Ten en cuenta que esas obras son muy complejas. Hay que mover conducciones de gas, hemos tenido que desviar las v\u00edas del tren y hemos tenido que obtener los permisos de Demarcaci\u00f3n de Carreteras del Estado. En cuanto al Puerta de Las Rozas, me alegra que te guste, pero es un puente de futuro que ser\u00e1 la penetraci\u00f3n en el centro del pueblo y en las urbanizaciones adyacentes, como Montecillo, Marazuela y el Parque Empresarial. <\/p>\n<p>P.- En principio felicitarle porque no le veo en caso G\u00fcrtel ( como algunos de los alcaldes cercanos al municipio ). Pregunta: es verdad que se quiere construir en el encinar del parque empresarial, cerca de la Federacion Espa\u00f1ola de Futbol, quitando como es l\u00f3gico parte del encinar y por lo tanto seguir da\u00f1ando a los espacios verdes del municipio? Esta zona deberia estar protegida si no lo est\u00e1 ya? <\/p>\n<p>R.- Te agradezco tu felicitaci\u00f3n. Creo que cumpl\u00ed con mi obligaci\u00f3n. En cuanto a lo que te refieres del encinar, tengo que decirte que ese encinar est\u00e1 protegida y pertenece a una zona del Cantizal donde antes era de particulares y que el Ayuntamiento ha captado para el patrimonio municipal. Ten en cuenta que no todas las fincas son del Ayuntamiento. Normalmente son de particulares y hay que negociar con ellos. No te preocupes porque en lo que tu refieres, el encinar, cuyo \u00e1rbol est\u00e1 en el escudo de Las Rozas, es el \u00e1rbol m\u00e1s protegido del municipio. <\/p>\n<p>P.- \u00bfpor qu\u00e9 ha decidido construir unas viviendas de protecci\u00f3n oficial tan caras?<\/p>\n<p>R.- Nosotros no ponemos precio a las viviendas de protecci\u00f3n oficial. Hay unos m\u00f3dulos que fija la Comunidad de Madrid y nosotros nos tenemos que atener a ellos. No podemos ponerlas m\u00e1s baratas o m\u00e1s caras. Y desde luego, s\u00ed tengo que decir que son unas viviendas que no desentonan en nada con su entorno. \u00bfTe gustar\u00eda que al lado de tu casa el Ayuntamiento hiciera viviendas de protecci\u00f3n oficial baratas y que parecieran chabolas?<\/p>\n<p>P.- Los servicios de limpieza utilizan maquinaria espec\u00edfica muy ruidosa. \u00bfPor qu\u00e9 el ayuntamiento permite que esa maquinaria se utilice a las 7:00 de la ma\u00f1ana impidiendo el merecido descanso de los vecinos afectados? Los vecinos y las actividades econ\u00f3micas no deben superar unos niveles de ruido. \u00bfEl ayuntamiento puede contaminar ac\u00fasticamente a su antojo? <\/p>\n<p>R.- Te tengo que decir que no hemos medido los decibelios de las m\u00e1quinas y su incidencia por contaminaci\u00f3n ac\u00fastica. Lo que s\u00ed te puedo decir que en todos los municipios la recogida de basura y deshechos se hacen a unas horas de la noche y de la madrugada. Te puedo decir que es la primera queja que escucho al respecto. <\/p>\n<p>P.- Tiene el Ayuntamiento de Las Rozas alg\u00fan cargo implicado en la Trama G\u00fcrtel? Si lo tuviera \u00bfc\u00f3mo reaccionar\u00eda, como Aguirre o como Rajoy?<\/p>\n<p>R.- Bien como no tengo ninguno, no me he parado a pensar qu\u00e9 har\u00eda al respecto. <\/p>\n<p>P.- Se\u00f1or Alcalde, yo soy de las Rozas desde hace 30 a\u00f1os y adjudicataria de una Vivienda VAPPOC y me pregunto \u00bfc\u00f3mo es que el ayuntamiento no est\u00e9 mediando entre la promotora cuyo trato es abusivo en todos los aspectos con los adjudicatarios? \u00bfcomo es que nadie del ayuntamiento media con ellos para que se nos permita ver las casas y comprobar que todo est\u00e1 correcto y valorar el contrato que nos hacen firmar?<\/p>\n<p>R.- No tengo idea ni noticia sobre esta pregunta que me haces. De todas maneras, yo preguntar\u00e9 en la Empresa Municipal de la Vivienda, sobre esto que me est\u00e1s preguntando y desde luego no entender\u00eda que si las casas son vuestras, no os las dejan ver. <\/p>\n<p>P.- Alcalde. \u00bfQu\u00e9 sucede con el edificio a medio construir que tiene ORAMBA en la calle Castillo de Coca? Pensaban poner un hotel, pero lleva un a\u00f1o sin actividad, entiendo que por la crisis. \u00bfSabe algo al respecto el consistorio? \u00bfY en el espacio entre el hotel y el parque infantil que est\u00e1 en la misma calle piensan construir algo? Hace un tiempo o\u00ed que a lo mejor constru\u00edan instalaciones deportivas.<\/p>\n<p>R.- Oramba es una promoci\u00f3n privada con todas sus licencias en regla, por cierto ya ha terminado. Y como bien dices, por la crisis econ\u00f3mica no ha podido abrir el hotel. En cuanto a lo que me hablas del parque infantil, si me est\u00e1s hablando de delante de Oramba, te puedo decir que ah\u00ed no se construye m\u00e1s. Es m\u00e1s, ese edificio como los que van hacia delante hacia la M-50 se han programado as\u00ed para ejercer de pantalla antiruido de las viviendas que est\u00e1n en la zona. <\/p>\n<p>P.- \u00bfPor qu\u00e9 no acata la sentencia judicial de devolver los terrenos de la Federaci\u00f3n de Futbol a todos los ciudadanos de Las Rozas?<\/p>\n<p>R.- Perdona, pero te veo mal informado. Los terrenos de la Federaci\u00f3n de F\u00fatbol son del Ayuntamiento de Las Rozas. Otra cosa es que hemos firmado un convenio con la Federaci\u00f3n para utilizar esas instalaciones. En cuanto a los ciudadanos de Las Rozas quiero poner en tu conocimiento que ahora mismo existe una escuela de f\u00fatbol de la Federaci\u00f3n donde est\u00e1n entrenando 800 ni\u00f1os de Las Rozas, aparte del material deportivo que se entrega a los colegios y dos campos de f\u00fatbol de hierba artificial del recinto ferial pagados por la Federaci\u00f3n de F\u00fatbol. <\/p>\n<p>P.- Estimado Sr. Alcalde. El ultimo estudio sobre transparencia en los ayuntamientos elaborado por www.transparencia.org la nota del ayutamiento de las rozas es de 47 sobre 100, me gustar\u00eda saber que medidas tiene pensado tomar para mejorar este aspecto de su gesti\u00f3n<\/p>\n<p>R.- Estimado Sr. Alcalde. El ultimo estudio sobre transparencia en los ayuntamientos elaborado por www.transparencia.org la nota del ayutamiento de las rozas es de 47 sobre 100, me gustar\u00eda saber que medidas tiene pensado tomar para mejorar este aspecto de su gesti\u00f3n<\/p>\n<p>P.- Hola, buenos d\u00edas. Quer\u00eda saber en qu\u00e9 qued\u00f3 el tema de llevar el metro ligero hasta las Rozas. Un saludo<\/p>\n<p>R.- Qued\u00f3 en el limbo de los metros ligeros. La Comunidad de Madrid entendi\u00f3 que no tiene sentido hacer una inversi\u00f3n de ese calado en un municipio que tiene cuatro estaciones de tren. Eso ha supuesto que en la actualidad se est\u00e9 dise\u00f1ando una l\u00ednea de metro que pondr\u00e1 a los vecinos de Las Rozas y de Las Matas en 15 minutos en Moncloa. <\/p>\n","protected":false},"excerpt":{"rendered":"<p>El alcalde de Las Rozas, Bonifacio de Santiago (PP), ha charlado con los lectores sobre los problemas y ventajas de su municipio.<br \/>\nFOTO: Ricardo Guti\u00e9rrez.<br \/>\nEncuentros anteriores:<br \/>\n&#8211; Narciso de Fox\u00e1 (Majadahonda)<br \/>\n&#8211; \u00c1ngel Viveros (Coslada)<br \/>\n&#8211; Pedro Roll\u00e1n (Torrej\u00f3n)<br \/>\n&#8211; Ignacio G. Vinuesa (Alcobendas)<br \/>\n&#8211; Jos\u00e9 Mar\u00eda Fraile (Parla)<br \/>\n&#8211; Pedro Castro (Getafe)<br \/>\n&#8211; Manuel Robles (Fuenlabrada)<br \/>\n&#8211; Enrique Cascallana (Alcorc\u00f3n)<br \/>\n&#8211; Esteban Parro (M\u00f3stoles)<br \/>\n&#8211; Rafael G\u00f3mez Montoya (Legan\u00e9s)<br \/>\n&#8211; Bartolom\u00e9 Gonz\u00e1lez (Alcal\u00e1)<\/p>\n","protected":false},"author":1,"featured_media":0,"comment_status":"open","ping_status":"open","sticky":false,"template":"","format":"standard","meta":{"footnotes":""},"categories":[],"tags":[],"class_list":["post-10303","post","type-post","status-publish","format-standard","hentry"],"_links":{"self":[{"href":"https:\/\/intervius.com\/index.html\/wp-json\/wp\/v2\/posts\/10303","targetHints":{"allow":["GET"]}}],"collection":[{"href":"https:\/\/intervius.com\/index.html\/wp-json\/wp\/v2\/posts"}],"about":[{"href":"https:\/\/intervius.com\/index.html\/wp-json\/wp\/v2\/types\/post"}],"author":[{"embeddable":true,"href":"https:\/\/intervius.com\/index.html\/wp-json\/wp\/v2\/users\/1"}],"replies":[{"embeddable":true,"href":"https:\/\/intervius.com\/index.html\/wp-json\/wp\/v2\/comments?post=10303"}],"version-history":[{"count":0,"href":"https:\/\/intervius.com\/index.html\/wp-json\/wp\/v2\/posts\/10303\/revisions"}],"wp:attachment":[{"href":"https:\/\/intervius.com\/index.html\/wp-json\/wp\/v2\/media?parent=10303"}],"wp:term":[{"taxonomy":"category","embeddable":true,"href":"https:\/\/intervius.com\/index.html\/wp-json\/wp\/v2\/categories?post=10303"},{"taxonomy":"post_tag","embeddable":true,"href":"https:\/\/intervius.com\/index.html\/wp-json\/wp\/v2\/tags?post=10303"}],"curies":[{"name":"wp","href":"https:\/\/api.w.org\/{rel}","templated":true}]}}