{"id":10301,"date":"2010-05-07T00:00:00","date_gmt":"2006-11-06T00:00:00","guid":{"rendered":"https:\/\/intervius.com\/index.html\/?p=10301"},"modified":"2006-11-06T00:00:00","modified_gmt":"2006-11-06T00:00:00","slug":"Raul_Romojaro10301","status":"publish","type":"post","link":"https:\/\/intervius.com\/index.html\/Raul_Romojaro10301\/","title":{"rendered":"Ra\u00fal Romojaro"},"content":{"rendered":"<p>Pregunta.- Hola Ra\u00f9l, en cuanto a la rivalidad en un mismo equipo, como Fernando y Massa, no seria sensato que el mas lento en carrera deje pasar el mas r\u00e0pido? y el equipo saldria ganando. Claro est\u00e0 que en Ferrari piensan de otra manera, con riesgo de accidente, lo cual no se le podria imputar a un piloto.<\/p>\n<p>Respuesta.- Gracias por tu pregunta. Lo de las \u00f3rdenes de equipo es un tema controvertido y complicado. EN teor\u00eda, ven en contra del esp\u00edritu de la competici\u00f3n, pero no es menos cierto que el deporte es tambi\u00e9n una cuesti\u00f3n de equipos y se deber\u00edan autorizar estrategias conjuntas que beneficiaran a los intereses de los equipos. No s\u00e9 si la f\u00f3rmula es la que t\u00fa comentas, pero sin duda una lucha entre los dos pilotos de un mismo equipo, sobre todo en determinados momentos, resulta contraproducente. Un saludo.<\/p>\n<p>P.- Buenas tardes, Ra\u00fal. Mi pregunta es sobre Moto2: \u00bfqu\u00e9 te parece la introducci\u00f3n de la categor\u00eda?\u00bfNo crees que es un salto muy grande pasar de 125 cc a 600? (antes era 125-250-500&#8230;).<\/p>\n<p>R.- Tengo que reconocer que yo era contrario a una categor\u00eda con motor \u00fanico, pero tras la experiencia de las dos primeras carreras, me parece que la categor\u00eda tiene muy buena pinta. La igualdad es grande, hay oportunidades para nuevos constructores, estamos teniendo algunas sorpresas con los protagonistas y las carreras son divertidas. Si esta t\u00f3nica se mantiene, creo que habremos mejorado respecto a 250cc. Y no te creas que el salto es grande, porque no es una cuesti\u00f3n de cilindradas sino de potencia. En ese sentido, no existen grandes diferencias entre una 250cc de dos tiempos y m\u00e1s ligera y una 600cc de cuatro tiempos y tambi\u00e9n m\u00e1s kilos. Un saludo<\/p>\n<p>P.- \u00bfson viables dos carreras de Formula 1 en Espa\u00f1a? Si no, \u00bfcu\u00e1l de las dos piensas que caer\u00e1 antes del calendario?<\/p>\n<p>R.- Sinceramente creo que a medio plazo ning\u00fan pa\u00eds tendr\u00e1 dos grandes premios. El promotor, Ecclestone, tiene m\u00e1s solicitudes de carreras que las que puede acoger y es l\u00f3gico que le interesa abrirse a nuevos mercados, as\u00ed que s\u00ed que pienso que una de las dos espa\u00f1olas caer\u00e1. Y si me preguntas mi opini\u00f3n, muy personal, pienso que Valencia es la que tiene m\u00e1s dif\u00edcil la continuidad, empezando por los problemas que sufre para que los cuadren los n\u00fameros.<\/p>\n<p>P.- Hola Ra\u00fal, cuando leas esta pregunta estar\u00e9 el Circuit de Catalunya terminando de ver la 2\u00aa Sesi\u00f3n de libres, as\u00ed que leer\u00e9 tu respuesta a mi regreso. \u00bfCrees que Michael Schumacher acabar\u00e1 la temporada o se re-retirar\u00e1 antes? Y otra, \u00bfno crees que desde Espa\u00f1a se ha dado demasiada bola a los rumores sobre el futuro de Pedro de la Rosa? \u00bfPor qu\u00e9 no podemos ser un poco m\u00e1s orgulloso y negarnos a publicar bulos negativos sobre los nuestros? \u00a1Gracias!<\/p>\n<p>R.- Espero que est\u00e9s disfrutando del gran premio&#8230; Sobre Schumacher, pienso que en condiciones normales continuar\u00e1 hasta que acaba el Mundial. S\u00f3lo si las cosas se complicaran much\u00edsimo, quiz\u00e1 decida que no merece la pena seguir adelante, aunque ya te digo que en principio no lo creo. Sobre lo de Pedro, al menos desde As intentamos no darle demasiada importancia a estos rumores, como t\u00fa bien dices, pero tampoco podemos obviarlos por completo cuando se convierten en un claro internacional. Es m\u00e1s, personalmente espero y deseo que nadie llegue de verdad con dinero a Sauber, porque entonces el asunto s\u00ed que me preocupar\u00eda. Est\u00e1n &#8220;tiesos&#8221; y Pedro tampoco les sirve de nada si son incapaces de ir evolucionando, porque su talento y capacidad est\u00e1n muy por encima del coche. Saludo<\/p>\n<p>P.- Hola Ra\u00fal, \u00bfHay que dar cr\u00e9dito a las noticias que vienen de Italia, seg\u00fan las cuales Honda va a por Stoner? Ya se sabe la de bolas que lanza la prensa italiana..Hace poco se dec\u00eda que iban a por Lorenzo&#8230;Crees que es posible un equipo HRC con Pedrosa y otro gallo de ese calibre, o que Dani saldr\u00eda por patas a Ducati o Yamaha, donde tambi\u00e9n est\u00e1 el coco Rossi?<\/p>\n<p>R.- Hola Yepes. Como veo que sabes, los cuatro grandes de MotoGP acaban este a\u00f1o contrato, as\u00ed que debemos de estar preparados para ver muchos movimientos&#8230; o quiz\u00e1 ninguno, aunque yo s\u00ed apostar\u00eda porque se producir\u00e1n cambios importantes. Los contactos de Honda con stoner son absolutamente rales, Suppo, antes en Ducati, ahora est\u00e1 en Honda y le quieren. Sobre lo de Dani, yo veo m\u00e1s que probable que salga de Honda y quiz\u00e1 Yamaha sea su destino natural. No creo que Rossi se marche de Yamaha, en principio, asi que los otros dos grandes, Stoner y Lorenzo, pujar\u00e1n quiz\u00e1 por una misma plaza. Aunque todo esto, en las alturas que estamos, es un poco especulativo, ya sabes&#8230;<\/p>\n<p>P.- Se sabe que algunos pilotos practican motocross (Rossi y Lorenzo), supermotard (Checa), trial, etc. aparte del gimnasio, bicicleta, etc..Sabes que entrenamientos hace Dani Pedrosa? \u00bfque pautas sigue? Gracias y un saludo<\/p>\n<p>R.- Las pautas exactas no las conozco, pero s\u00ed las generales de todos los pilotos de \u00e9lite. Bastante ginmasio para fortalecer, tambi\u00e9n trabajo anaer\u00f3bico para ganar resistencia y un cuidado exquisito de la dieta. En cuanto a Pedrosa en particular, es sabido que es un gran aficionado al ciclismo (iba para ciclista de hecho) y esta pr\u00e1ctica es una de las bases de su preparaci\u00f3n. <\/p>\n<p>P.- Hola Ra\u00fal te quer\u00eda preguntar si crees que Fernando Alonso tiene alguna posibilidad de ganar el mundial. Gracias<\/p>\n<p>R.- Gracias Alberto. Sinceramente, alguna no, te dir\u00eda que muchas. Creo firmemente en el potencial del asturiano y estoy convencido de que si en Ferrari consiguen un coche competitivo, \u00e9l no nos defraudar\u00e1. Lo que est\u00e1 demostrado es que ni siquiera el mejor piloto puede ganar con un coche discreto, de segundo nivel, mientras que un piloto con menos talento s\u00ed puede hacerlo con un gran coche. Este \u00faltimo es, en mi opini\u00f3n, el caso de Button, tanto el a\u00f1o pasado como este.<\/p>\n<p>P.- \u00bfCrees que dentro de unos a\u00f1os Alguersuari tomar\u00e1 el papel que tiene Alonso o no ser\u00e1 capaz?<\/p>\n<p>R.- Pablo, la proyecci\u00f3n de Jaime es muy buena, lo est\u00e1 haciendo muy bien en esta primera fase de su asentamiento en la F-1 y creo que su futuro es prometedor. Pero personalmente no me atrevo a hacer un pron\u00f3stico sobre si llegar\u00e1 a ser como Alonso o no; es demasiado joven a\u00fan y hay tantos aspectos a tener en cuenta que me parece arriesgado aventurarme a decirlo. He visto muchos casos de pilotos que pareci\u00e1n que iban para campeones que se han quedado en nada, tanto como los que sin ser grandes estrellas en sus inicios se han ido consolidando para despu\u00e9s hacer grandes cosas.<\/p>\n<p>P.- Hola Ra\u00fal. Qu\u00e9 opinas, sin pa\u00f1os calientes: \u00bfQ\u00fai\u00e9n tiene m\u00e1s talento, Pedrosa o Lorenzo?<\/p>\n<p>R.- Simbad, sin pa\u00f1os calientes: depende de lo que cada uno considere talento&#8230; No es quitarme de encima la pregunta, pero lo cierto es que \u00e9se es un concepto discutible y con muchas interpretaciones. Tal y como yo lo entiendo, de talento natural para ir r\u00e1pido en moto, en t\u00e9rminos absolutos y sin otros matices que tambi\u00e9n pueden ser importantes, mi opini\u00f3n se decanta hacia Lorenzo. Lo que no quiere decir, insisto, que sea as\u00ed&#8230;<\/p>\n<p>P.- Hola Ra\u00fal: Yo creo que, si no es campe\u00f3n, Dani Pedrosa deber\u00e1 ganar al menos 3 o 4 carreras para reivindicarse y mantenerse en HRC. \u00bfCrees que superar\u00e1 este a\u00f1o las 2 victorias por a\u00f1o? <\/p>\n<p>R.- Edmon, totalmente de acuerdo contigo. La competici\u00f3n es dura y cruel, no hace concesiones y estoy de acuerdo contigo en que a Dani el cr\u00e9dito en HRC se le est\u00e1 acabando. Todo lo que no sea ganar varias carreras y, m\u00e1s importante a\u00fan, ser un aspirante serio y s\u00f3lido al t\u00edtulo (independientemente de que a la postre lo gane o no) se deber\u00eda considerar como un fracaso para Pedrosa. As\u00ed que s\u00ed que espero y deseo que gane m\u00e1s de dos carreras este a\u00f1o&#8230;<\/p>\n<p>P.- Hola Ra\u00fal. C\u00f3mo crees que reaccionar\u00e1 el ferrari de fernando con las nuevas mejoras? Gracias un saludo <\/p>\n<p>R.- Pues estamos viendolo en Montmel\u00f3 desde hoy&#8230; La l\u00f3gica apunta a que deber\u00edan ir mejor, porque para eso se hacen, aunque los resultados del primer d\u00eda no han sido espectaculares. Prefiero esperar a la calificaci\u00f3n y, sobre todo a la carrera, para saber c\u00f3mo y cu\u00e1nto ha mejorado el F10. Gracias por tu pregunta.<\/p>\n<p>P.- Encantado de charlar con usted Raul. Mi pregunta es la siguiente \u00bfComo es realmente la relacion de Fernando Alonso, con su compa\u00f1ero de escuderia Felipe Massa?. Por cierto los problemas de motor de Ferrari \u00bf estan solventados?<\/p>\n<p>R.- Lo mismo digo, Antonio, encantado. Creo que la relaci\u00f3n entre Alonso y Massa es cordial, todo lo cordial que puede ser entre compa\u00f1eros de equipos pero tambi\u00e9n rivales que persiguen un mismo objetivo: los dos quieren ganar pero s\u00f3lo uno puede hacerlo. En este sentido, mi opini\u00f3n personal es que sus intereses chocar\u00e1n (si es que no lo han hecho ya) en alg\u00fan momento y entonces surgir\u00e1n los conflictos. Es importante mantener el buen rollo en un equipo con dos pilotos que quieren ganar, eso es s\u00f3lo posible cuando uno est\u00e1 dispuesto a supeditarse al otro. Sobre lo del motor Ferrari, en teor\u00eda est\u00e1n resuelto esos problemas, aunque habr\u00e1 que esperar para saber si es as\u00ed.<\/p>\n<p>P.- raul \u00bfves en el podio a fernando en esta carrera?porque con los red bulls y massa hay que tener cuidado<\/p>\n<p>R.- Gracias por la pregunta \u00c1lex. M\u00e1s que ver a Alonso en el podio, te dir\u00eda que me ENCANTARIA verle. Creo que s\u00ed que tiene opciones serias por un mont\u00f3n de razones, pero ya estamos viendo este a\u00f1o (al igual que en otras temporadas) que estar arriba es tan complicado, intervienen tantos factores, que realmente es dif\u00edcil hacer un pron\u00f3stico. Pero ya he dicho que si Alonso tiene un buen coche, creo que es un aspirante firme a la victoria en cada carrera.<\/p>\n<p>P.- Hola Raul crees que shumacher volvera a ser el de antes como dijo De la rosa O es algo improbable? Crees que en mclaren pasara lo mismo que el a\u00f1o que estuvo Alonso? Gracias raul saludos<\/p>\n<p>R.- Gracias \u00c1lex. Mi opini\u00f3n muy personal es que Schumacher no volver\u00e1 a ser el mismo de antes. Pienso que los a\u00f1os no pasan en balde y que aunque Michael haya sido el m\u00e1s grande y tenga muchas ganas, su velocidad y ambici\u00f3n no son las mismas que antes. Pero tambi\u00e9n te digo que no descarto que no tenga que comer estas palabras&#8230; aunque no creo. Sobre McLaren, pienso que s\u00ed, que si el equipo en alg\u00fan momento debe decantarse por alguno de sus pilotos, lo har\u00e1 por Hamilton a costa de Button.<\/p>\n<p>P.- Se sabe que algunos pilotos practican motocross (Rossi y Lorenzo), supermotard (Checa), trial, etc. aparte del gimnasio, bicicleta, etc..Sabes que entrenamientos hace Dani Pedrosa? \u00bfque pautas sigue? Gracias y un saludo Las pautas exactas no las conozco, pero s\u00ed las generales de todos los pilotos de \u00e9lite. Bastante ginmasio para fortalecer, tambi\u00e9n trabajo anaer\u00f3bico para ganar resistencia y un cuidado exquisito de la dieta. En cuanto a Pedrosa en particular, es sabido que es un gran aficionado al ciclismo (iba para ciclista de hecho) y esta pr\u00e1ctica es una de las bases de su preparaci\u00f3n.<\/p>\n<p>R.- ???<\/p>\n<p>P.- Lo del otro d\u00eda de Moto2 que era, \u00bfciclismo?<\/p>\n<p>R.- Disc\u00falpame, Juan, pero no entiendo tu pregunta&#8230; Ci\u00f1i\u00e9ndome al gui\u00f3n, te dir\u00eda que no, que era MOTOciclismo.<\/p>\n<p>P.- Hola Ra\u00fal. Crees que veremos pronto los resultados del conducto F incorporado al ferrari y la modificaci\u00f3n del motor? Gracias <\/p>\n<p>R.- Pues parece que hoy el conducto F no le ha funcionado muy bien a Alonso, aunque mejor esperamos a ver qu\u00e9 dice al respecto. No estaba nada claro que lo fueran a usar, porque presenta complicaciones. En cuanto al motor, la respuesta la tendremos sobre todo si consiguen que no se rompa&#8230;<\/p>\n<p>P.- Hola raul de nuevo Hablando con los amigos siempre acabamos discutiendo lo mismo la cuestion es que si Lorenzo que es un gran piloto podra desbancar a il doctore Rossi? Gracias de nuevo raul<\/p>\n<p>R.- Gracias a ti, \u00c1lex. Hay una corriente muy amplia en el Mundial, que yo comparte, que apuesta porque Lorenzo est\u00e1 llamado a ser el que &#8220;jubile&#8221; a Rossi. Esto ocurrir\u00e1 cuando deba ocurrir, quiero decir que es ley de vida, los a\u00f1os pasan y llegar\u00e1 un momento en el que Valentino no pueda contener a los j\u00f3venes. Y cuanto eso ocurra, creo que el m\u00e1s cualificado para ponerle las cosas dif\u00edcile ser\u00e1 Jorge. De hecho, ya lo est\u00e1 haciendo&#8230;<\/p>\n<p>P.- \u00bfPor qu\u00e9 cree usted que no hay unanimidad en torno a Fernando Alonso en Espa\u00f1a? Gracias<\/p>\n<p>R.- Gracias por tu pregunta Alberto. Pues mi opini\u00f3n es que Alonso, indiscutiblemente, tiene un car\u00e1cter controvertido, no dir\u00eda que mejor o peor que el de otros, simplemente diferente. Habla claro, con contundencia y sinceridad, lo que en ocasiones le crea problema. Tambi\u00e9n es verdad que mucha gente le pasa permanentemente facturas por errores que haya podido cometer en sus declaraciones o actitudes, que, como todo hijo de vecino, pues tambi\u00e9n tiene. Pero, para m\u00ed, todos esos &#8220;defectillos&#8221; son insignificantes frente a su grandeza como deportista.<\/p>\n<p>P.- ola raul crees que red bull a dado un paso mas adelante que ferrari? por que vaya tela hoy los tiempos que han hecho los red bull<\/p>\n<p>R.- Jos\u00e9 Manuel, totalmente de acuerdo contigo. Y no porque lo digamos nosotros, ya lo hab\u00edan avisado. Estaban por delante antes de llegar aqu\u00ed y adelantaron que ganar\u00edan otras tres d\u00e9cimas, as\u00ed que imag\u00ednate. Lo cierto es que est\u00e1n haciendo un gran trabajo y los dem\u00e1s deben ponerse las pilas, porque de lo contrario igual no les ven el pelo.<\/p>\n<p>P.- Hola gran Ra\u00fal, una pregunta, \u00bfno crees que este a\u00f1o estamos viendo a un Fernando Alonso al que le falta quiz\u00e1 algo de ambici\u00f3n o motivaci\u00f3n? Tiene un gran coche y un gran equipo detr\u00e1s pero se le ve ap\u00e1tico. \u00bfNo crees?<\/p>\n<p>R.- Fer, gracias por lo de &#8220;gran&#8221; pero eso es que no me conoces&#8230; :-)) Ya en serio, la verdad es que personalmente no me lo parece, todo lo contrario, le encuentro muy motivado, con muchas ganas de trabajar, haci\u00e9ndolo de hecho, dispuesto a demostrar que con un gran coche puede ser de nuevo campe\u00f3n. Me gustar\u00eda saber qu\u00e9 has detectado t\u00fa para pensar algo asi, porque para m\u00ed ha sido imperceptible. Es m\u00e1s, te dir\u00eda que el d\u00eda que Fernando piense de ese modo, directamente no seguir\u00e1 en las carreras, no le veo en los grandes premios para hacerl &#8220;bulto&#8221;&#8230;<\/p>\n<p>P.- Hola Ra\u00fal, \u00bfQue le pas\u00f3 a Sim\u00f3n en Jerez? \u00bfPor qui\u00e9n apuestas para el t\u00edtulo en Moto 2? \u00bfPuede ser la sorpresa Tomizawa? Gracias y un saludo<\/p>\n<p>R.- Pues parece ser que su moto perdi\u00f3 adherencia de neum\u00e1ticos y fue cediendo tiempo y posiciones. Fue un problema que tuvieron durante todo el fin de semana y que no falt\u00f3 tampoco el domingo. Al menos eso fue lo que ellos explicaron. Sobre Tomizawa, no es que pueda ser la sorpresa, es que ya lo es, no te parece?? Habr\u00e1 que esperar para saber si mantiene el tono, porque si es as\u00ed, en este caso s\u00ed que te dar\u00e9 la raz\u00f3n de que ser\u00eda una grand\u00edsima sorpresa para todos&#8230; Un saludo y gracias a ti.<\/p>\n<p>P.- hola raul \u00bfcrees que la situacion de pedro de la rosa a cambiado un poco viendo los tiempos de los entrenamientos libres?<\/p>\n<p>R.- Pedro estaba muy ilusionado con este Gran premio y a la vista de sus tiempos de hoy, como bien dices, parece que el Sauber va algo mejor. esperemos a ma\u00f1ana.<\/p>\n","protected":false},"excerpt":{"rendered":"<p>Vuelve la Formula 1 a Europa, concretamente a Espa\u00f1a. El flamante l\u00edder del Mundial, Jenson Button, intentar\u00e1 repetir sus buenas actuaciones en Australia y Asia. La lista de perseguidores, encabezada por Gernando Alonso, Felipe Massa, Lewis Hamilton, Vettel y el soprendente Rosberg, intentar\u00e1n desbancar al piloto brit\u00e1nico. As\u00ed mismo, el GP de Espa\u00f1a de Motociclismo, emocionant\u00edsimo como siempre, ha visto comos tres pilotos espa\u00f1oles se sub\u00edan a lo m\u00e1s alto del podio. De estos asuntos ha charlado Ra\u00fal Romojaro, redactor jefe de motor de As, con los internautas. <\/p>\n<p>TWITTER DE RA\u00daL ROMOJARO <\/p>\n","protected":false},"author":1,"featured_media":0,"comment_status":"open","ping_status":"open","sticky":false,"template":"","format":"standard","meta":{"footnotes":""},"categories":[],"tags":[],"class_list":["post-10301","post","type-post","status-publish","format-standard","hentry"],"_links":{"self":[{"href":"https:\/\/intervius.com\/index.html\/wp-json\/wp\/v2\/posts\/10301","targetHints":{"allow":["GET"]}}],"collection":[{"href":"https:\/\/intervius.com\/index.html\/wp-json\/wp\/v2\/posts"}],"about":[{"href":"https:\/\/intervius.com\/index.html\/wp-json\/wp\/v2\/types\/post"}],"author":[{"embeddable":true,"href":"https:\/\/intervius.com\/index.html\/wp-json\/wp\/v2\/users\/1"}],"replies":[{"embeddable":true,"href":"https:\/\/intervius.com\/index.html\/wp-json\/wp\/v2\/comments?post=10301"}],"version-history":[{"count":0,"href":"https:\/\/intervius.com\/index.html\/wp-json\/wp\/v2\/posts\/10301\/revisions"}],"wp:attachment":[{"href":"https:\/\/intervius.com\/index.html\/wp-json\/wp\/v2\/media?parent=10301"}],"wp:term":[{"taxonomy":"category","embeddable":true,"href":"https:\/\/intervius.com\/index.html\/wp-json\/wp\/v2\/categories?post=10301"},{"taxonomy":"post_tag","embeddable":true,"href":"https:\/\/intervius.com\/index.html\/wp-json\/wp\/v2\/tags?post=10301"}],"curies":[{"name":"wp","href":"https:\/\/api.w.org\/{rel}","templated":true}]}}