{"id":10297,"date":"2010-05-03T00:00:00","date_gmt":"2006-11-06T00:00:00","guid":{"rendered":"https:\/\/intervius.com\/index.html\/?p=10297"},"modified":"2006-11-06T00:00:00","modified_gmt":"2006-11-06T00:00:00","slug":"Juan_Antonio_Gimeno10297","status":"publish","type":"post","link":"https:\/\/intervius.com\/index.html\/Juan_Antonio_Gimeno10297\/","title":{"rendered":"Juan Antonio Gimeno"},"content":{"rendered":"<p>Pregunta.- Buenos dias! Dados los tremendos ajustes sociales que han de afrontar los griegos en los proximos a\u00f1os, \u00bfno hubiera sido mejor para la poblacion que Grecia hubiera salido del euro y se hubiera devaluado su moneda? <\/p>\n<p>Respuesta.- Una decisi\u00f3n tan dr\u00e1stica como salir del euro, probablemente, conlleve costes tan importantes o mayores que el plan de ajuste que ahora se promueve. El mercado \u00fanico y la moneda \u00fanica suponen una prima de seguridad para los pa\u00edses integrados en ellos. Sin el apoyo del euro y de la Uni\u00f3n Europea, los costes de financiaci\u00f3n de la deuda para Grecia habr\u00edan sido insoportables y les habr\u00edan llevado inevitablemente o a la bancarrota o a ajustes internos igualmente fuertes.<\/p>\n<p>P.- \u00bfQu\u00e9 precio cree que va a tener que pagar Grecia por recibir esta ayuda?<\/p>\n<p>R.- L\u00f3gicamente la Uni\u00f3n Europea y el Fondo Monetario Internacional necesitan garant\u00edas de que la ayuda va a permitir, efectivamente, el saneamiento financiero. En otro caso, el riesgo es que la ayuda no sirva para nada y s\u00f3lo retrase la bancarrota o se convierta en un pozo sin fondo. Otra cosa es si este plan de ajuste es el \u00fanico posible.<\/p>\n<p>P.- \u00bfPor qu\u00e9 piensa usted que en los planes de ajuste fiscal siempre aparecen en primer lugar los recortes salariales de los funcionarios? \u00bfEs que son tan relevantes? \u00bfOcurre igual en Espa\u00f1a? Muchas gracias<\/p>\n<p>R.- No es del todo cierto que esa sea la primera medida. S\u00ed es verdad que es necesario contener el gasto p\u00fablico y, sin duda, el cap\u00edtulo salarial es el m\u00e1s importante en los presupuestos. Un peque\u00f1o ajuste en los salarios de los funcionarios tiene un efecto total mayor que un gran ajuste en otras partidas menos relevantes. Y eso vale para cualquier pa\u00eds.<\/p>\n<p>P.- \u00bfEs, realmente, comparable la situaci\u00f3n de Grecia con la de Espa\u00f1a? \u00bfExiste el riesgo en Espa\u00f1a de que las estad\u00edsticas oficiales est\u00e9n falseadas? Gracias.<\/p>\n<p>R.- Las diferencias son abismales. En Espa\u00f1a la fiabilidad de las estad\u00edsticas no es cuestinada por nadie, el nivel de deuda es de los menores de Europa y las grandes firmas del sistema financiero son robustas. Esta diferencia es reconocida por todos los organismos internacionales y de calificaci\u00f3n. No obstante, una ca\u00edda de Grecia podr\u00eda estimular movimientos especulativos en cadena que afectar\u00edan a Portugal y, despu\u00e9s, a otros pa\u00edses como Italia, Irlanda o la propia Espa\u00f1a. Por eso, es imprescindible el apoyo a Grecia.<\/p>\n<p>P.- Yo estoy muy preocupado por la situaci\u00f3n econ\u00f3mica espa\u00f1ola. \u00bfPuede realmente Espa\u00f1a prestar 9000 millones de euros a Grecia sin que eso repercuta en nuestra econom\u00eda? <\/p>\n<p>R.- Prestar a Grecia en realidad es poner un dique para que no nos llegue la ola. Es una inversi\u00f3n de seguridad. Adem\u00e1s, significar\u00e1 que no suba el coste de nuestra propia deuda. Y al final, no costar\u00e1 realmente nada al contribuyente espa\u00f1ol porque Espa\u00f1a puede obtener pr\u00e9stamos a menor precio que el corresponde a la ayuda pactada para Grecia.<\/p>\n<p>P.- \u00bfPodr\u00eda explicar en pocas palabras qu\u00e9 es lo que ha ocurrido con Grecia? \u00bfQu\u00e9 opina sobre la soluci\u00f3n ejecutada?<\/p>\n<p>R.- En vez de afrontar los problemas que generaba una pol\u00edtica de bajos impuestos y elevado gasto p\u00fablico, Grecia opt\u00f3 por esconder la cabeza, incluso falseando datos a los organismos comunitarios, y no aplicar las medidas correctoras necesarias. Eso hace m\u00e1s dolorosas las medidas que hay que tomar ahora. Sobre la soluci\u00f3n ejecutada, hay una parte inevitable. Quiz\u00e1s se echa de menos primero un pacto social que implicara un mejor reparto de los costes, y segundo, un plan paralelo de recuperaci\u00f3n de la actividad. Las medidas son muy restrictivas y pueden prolongar la crisis demasiado tiempo por ausencia de crecimiento econ\u00f3mico. <\/p>\n<p>P.- \u00bfHar\u00eda falta congelar los salarios de los funcionarios en Espa\u00f1a? \u00bfpor qu\u00e9 cree que no se ha hecho a\u00fan?<\/p>\n<p>R.- El crecimiento de los salarios de los funcionarios es ya pr\u00e1cticamente nulo. <\/p>\n<p>P.- Si Grecia fuera a la bancarrota \u00bfqu\u00e9 efecto tendr\u00eda para ellos? \u00bfy para Europa?<\/p>\n<p>R.- La bancarrota significar\u00eda, en pocas palabras, la imposibilidad de conseguir pr\u00e9stamos, lo cual exige un plan de austeridad interno incluso m\u00e1s brutal que el que ahora se propone, con una salida de capitales que anular\u00eda la capacidad de ahorro e inversi\u00f3n internos. El temor a que lo mismo pudiera pasar en otros pa\u00edses europeos (como los que he citado antes) implicar\u00eda un encarecimiento de la deuda muy fuerte para los restantes pa\u00edses y, por lo tanto, un agravamiento de la situaci\u00f3n financiera. La salida de la crisis en pa\u00edses como Espa\u00f1a ser\u00eda m\u00e1s larga y m\u00e1s costosa. <\/p>\n<p>P.- Estimado se\u00f1or Gimeno, \u00bfcree usted que hay alguna posibilidad de que alg\u00fan pa\u00eds de la zona euro se salga de la moneda \u00fanica, bien sea por decisi\u00f3n propia o por expulsi\u00f3n? Muchas gracias.<\/p>\n<p>R.- Me parece poco probable la salida voluntaria porque, como ya he contestado, &#8220;fuera hace m\u00e1s fr\u00edo&#8221;. Y es tambi\u00e9n improbable la expulsi\u00f3n porque, como acabo de contestar, el riesgo de que alg\u00fan pa\u00eds del euro caiga afectar\u00eda a todos los dem\u00e1s. <\/p>\n<p>P.- \u00bfNo le parece injusto que se rescate a un pa\u00eds que ha mentido? \u00bfEn realidad, no estamos volviendo a salvar a los bancos ? \u00bfNo deber\u00edan perder en todo caso los inversores en bonos griegos como pierde cualquier inversor?<\/p>\n<p>R.- Injusto o no, creo haber explicado que es absolutamente inevitable acudir al rescate de Grecia. Para los pa\u00edses con m\u00e1s riesgo de contagio, como \u00fanica forma de intentar evitarlo, y para los de menor riesgo, porque el deterioro del euro nos afecta a todos y, efectivamente, porque sus propios bancos sufrir\u00edan buena parte de los da\u00f1os. Los inversores en bonos griegos s\u00f3lo perder\u00edan realmente en caso de bancarrota. Y con \u00e9sta, quienes m\u00e1s ganar\u00edan ser\u00edan los especuladores que vienen apostando por ella y, en parte, cooperando a provocarla con sus movimientos. <\/p>\n<p>P.- Buenas tardes, quisiera saber por qu\u00e9 el sacrificio es siempre el de las clases medias y bajas, con lo que llevan ya sufrido por la crisis. \u00bfPor qu\u00e9 no aumentan, por ejemplo, el tipo m\u00e1ximo del impuesto de la renta?<\/p>\n<p>R.- Efectivamente, las crisis las pagan sobre todo los m\u00e1s d\u00e9biles. En la medida en que el grueso de la recaudaci\u00f3n fiscal proviene de las clases medias y bajas es l\u00f3gico que sean las que soporten cualquier ajuste recaudatorio. Elevar el tipo m\u00e1ximo del impuesto de la renta tiene un impacto recaudatorio reducido porque se aplica sobre pocos contribuyentes y, desgraciadamente, porque la mayor\u00eda de ellos encuentran mecanismos para eludir esa mayor presi\u00f3n fiscal. No obstante, coincido en que ajustes tan dolorosos deber\u00edan exigir un mayor equilibrio en el reparto de la carga.<\/p>\n<p>P.- Aunque Espa\u00f1a no es Grecia \u00bfc\u00f3mo se explica la situaci\u00f3n de Grecia teniendo Espa\u00f1a mayor porcentaje de desempleo de la poblaci\u00f3n activa?<\/p>\n<p>R.- Estamos hablando de solvencia financiera que, en el corto y medio plazo, no tiene por qu\u00e9 guardar relaci\u00f3n con el desempleo. Espa\u00f1a ha tenido tasas elevadas de desempleo (en torno al diez por ciento) en \u00e9pocas de crecimiento y super\u00e1vit presupuestario. El coste social del desempleo es m\u00e1s elevado que el del endeudamiento, pero sin capacidad de endeudamiento se condena a un pa\u00eds al desempleo a\u00fan m\u00e1s generalizado. <\/p>\n<p>P.- Parece imposible que Grecia, con un plan de ajuste tan duro pueda devolver los 110.000 millones de euros y bajar su d\u00e9ficit p\u00fablico al 3% en plazo. \u00bfNo estamos firmando planes irreales?<\/p>\n<p>R.- El plan de ajuste parece extremadamente fuerte por lo que podr\u00eda considerarse razonablemente realista. El problema es que puede condenar a la econom\u00eda griega a un largu\u00edsimo estancamiento. Y eso s\u00ed que har\u00e1 m\u00e1s dif\u00edcil que se cumplan los objetivos. No obstante, s\u00f3lo si el plan resulta cre\u00edble conseguir\u00e1 apaciguar a los especuladores. <\/p>\n<p>P.- \u00bfPor qu\u00e9 ha de pagar la poblaci\u00f3n el exceso de especuladores y politicos? Gracias <\/p>\n<p>R.- Las causas de esta crisis son complejas, pero es cierto que buena parte de la situaci\u00f3n griega viene causada fundamentalmente por la especulaci\u00f3n financiera irresponsable y la pol\u00edtica econ\u00f3mica de los gobiernos anteriores. Pero sean quienes sean los culpables de la enfermedad, la terapia la tiene que sufrir el enfermo y no los agentes que la han provocado. Es injusto, pero no hay otra soluci\u00f3n. Sin perjuicio de que deber\u00edan existir mecanismos para poder exigir responsabilidades. <\/p>\n","protected":false},"excerpt":{"rendered":"<p>La Uni\u00f3n Europea acaba de aprobar el primer rescate de uno de sus miembros, Grecia, con una inversi\u00f3n multimillonaria. Los griegos deber\u00e1n sufrir unos dur\u00edsimos ajustes sociales. \u00bfPor qu\u00e9 se ha concedido esta ayuda? \u00bfSon justas las contrapartidas que se piden al pa\u00eds heleno? Juan Antonio Gimeno, rector de la UNED, catedr\u00e1tico de Econom\u00eda Aplicada y uno de los fundadores de la ONG Economistas sin Fronteras, ha charlado con los lectores sobre este rescate. <\/p>\n","protected":false},"author":1,"featured_media":0,"comment_status":"open","ping_status":"open","sticky":false,"template":"","format":"standard","meta":{"footnotes":""},"categories":[],"tags":[],"class_list":["post-10297","post","type-post","status-publish","format-standard","hentry"],"_links":{"self":[{"href":"https:\/\/intervius.com\/index.html\/wp-json\/wp\/v2\/posts\/10297","targetHints":{"allow":["GET"]}}],"collection":[{"href":"https:\/\/intervius.com\/index.html\/wp-json\/wp\/v2\/posts"}],"about":[{"href":"https:\/\/intervius.com\/index.html\/wp-json\/wp\/v2\/types\/post"}],"author":[{"embeddable":true,"href":"https:\/\/intervius.com\/index.html\/wp-json\/wp\/v2\/users\/1"}],"replies":[{"embeddable":true,"href":"https:\/\/intervius.com\/index.html\/wp-json\/wp\/v2\/comments?post=10297"}],"version-history":[{"count":0,"href":"https:\/\/intervius.com\/index.html\/wp-json\/wp\/v2\/posts\/10297\/revisions"}],"wp:attachment":[{"href":"https:\/\/intervius.com\/index.html\/wp-json\/wp\/v2\/media?parent=10297"}],"wp:term":[{"taxonomy":"category","embeddable":true,"href":"https:\/\/intervius.com\/index.html\/wp-json\/wp\/v2\/categories?post=10297"},{"taxonomy":"post_tag","embeddable":true,"href":"https:\/\/intervius.com\/index.html\/wp-json\/wp\/v2\/tags?post=10297"}],"curies":[{"name":"wp","href":"https:\/\/api.w.org\/{rel}","templated":true}]}}