{"id":1027,"date":"2007-03-06T00:00:00","date_gmt":"2006-11-06T00:00:00","guid":{"rendered":"https:\/\/intervius.com\/index.html\/?p=1027"},"modified":"2006-11-06T00:00:00","modified_gmt":"2006-11-06T00:00:00","slug":"Sebastian_Reyna1027","status":"publish","type":"post","link":"https:\/\/intervius.com\/index.html\/Sebastian_Reyna1027\/","title":{"rendered":"Sebasti\u00e1n Reyna"},"content":{"rendered":"<p>Pregunta.- \u00bfA qu\u00e9 colectivos defiende la UPTA?<\/p>\n<p>Respuesta.- UPTA intenta defender y representar a todos los trabajadores por cuenta propia, en particular a los que trabajan s\u00f3los, sin asalariados a su cargo, aproximadamente dos millones de personas de todos los sectores de actividad econ\u00f3mica.<\/p>\n<p>P.- \u00bfCu\u00e1l es la principal virtud del estatuto del trabajador aut\u00f3nomo?<\/p>\n<p>R.- El nuevo Estatuto por primera vez reconoce derechos, tanto individuales como colectivos, a los trabajadores aut\u00f3nomos. Tambi\u00e9n amplia y extiende a todo este colectivo medidas de protecci\u00f3n social, as\u00ed c\u00f3mo en prevenci\u00f3n de riesgos laborales, fomento del autoempleo y representatividad a nivel estatal a trav\u00e9s de sus asociaciones.<\/p>\n<p>P.- \u00bfQu\u00e9 diferencias existen entre la organizaci\u00f3n de aut\u00f3nomos que usted representa y la CEAT?<\/p>\n<p>R.- La CEAT es la organizxaci\u00f3n de empresarios aut\u00f3nomos de la patronal CEOE. Mantenemos una buena colaboraci\u00f3n, pero nuestras sensibilidades y colectivos son diferenciados. Nosotros entendemos que los aut\u00f3nomos deben defenderse de forma particular, sin confundir sus intereses con los de las grandes empresas, que en la pr\u00e1ctica son quienes les contratan.<\/p>\n<p>P.- \u00bfVamos a tener derecho, los aut\u00f3nomos a la jubilaci\u00f3n anticpiada, sobre todo los que tenemos profesiones peligrosas como los camioneros?<\/p>\n<p>R.- El proyecto establece la jubilaci\u00f3n anticipada para determinadas profesiones o actividades de especial peligrosidad, como la del transporte, siempre que el n\u00famero de a\u00f1os de cotizaci\u00f3n sea suficiente. UPTA sigue reclamando una jubilaci\u00f3n anticipada general para todo el colectivo en las mismas condiciones que para el R\u00e9gimen General.<\/p>\n<p>P.- \u00bfVoy a poder contratar a mi marido con este estatuto?<\/p>\n<p>R.- El Estatuto sigue sin recoger la contrataci\u00f3n de familiares directos por cuenta ajena. Sin embargo se han presentado en este sentido un n\u00famero importante de enmiendas a propuesta de UPTA que esperamos sean contempladas en el tr\u00e1mite parlamentario<\/p>\n<p>P.- \u00bfPiensa que se han recogido las aspiraciones de los trabajadores aut\u00f3nomos en el Estatuto?<\/p>\n<p>R.- Sin duda est\u00e1n recogidas un buen n\u00famero de aspiraciones del colectivo, aunque habr\u00e1 que seguir trabajando por mejorar determinados aspectos, en particular en el \u00e1mbito de la protecci\u00f3n social, tanto en las normas de desarrollo como en futuras modificaciones legales. Particularmente UPTA trabajar\u00e1 en un pr\u00f3ximo futuro en una propuesta de Estatuto Fiscal del Trabajo Aut\u00f3nomo.<\/p>\n<p>P.- Gracias por defender los intereses de los aut\u00f3mos. \u00bfNo le parece que en muchas ocasiones no somos conscientes que cotizando la base m\u00ednima nos perjudicamos nosotros mismos?.<\/p>\n<p>R.- Casi el noventa por ciento de los aut\u00f3nomos cotizan por la base m\u00ednima, esto supone que el nivel de cuantia en las prestaciones es muy bajo, tanto en el momento de la jubilaci\u00f3n, como en las contingencias por enfermedad o incapacidad. En el futuro el establecimiento de nuevas prestaciones puede mejorar esta situaci\u00f3n y que la media de cotizaci\u00f3n sea m\u00e1s equilibrada con respecto a los ingresos reales medios.<\/p>\n<p>P.- \u00bfQue opini\u00f3n le merece la fama, que tenemos los aut\u00f3nomos, de defraudadores?<\/p>\n<p>R.- Bajo el pretexto del fraude han convertido a nuestro colectivo en el que sufre una mayor presi\u00f3n fiscal y tiene un menor nivel de protecci\u00f3n social. Esta situaci\u00f3n injustificable est\u00e1 cambiando progresivamente, pero todav\u00eda se mantienen recelos, s\u00f3lo como excusa, en sectores de la Administraci\u00f3n P\u00fablica.<\/p>\n<p>P.- \u00bfCr\u00e9e que el Esatuto apoya, suficientemente, a las Organizaciones que como la suya luchan en la defensa de los aut\u00f3nomos?<\/p>\n<p>R.- Se ha dado con el Proyecto de Estatuto un paso importante, ya que se reconocen las asociaciones propias de aut\u00f3nomos y se marcan criterios para definir su representatividad. Sin embargo estamos todav\u00eda muy lejos de alcanzar el grado de apoyo y reconocimiento que nuestro colectivo merece en comparaci\u00f3n con otras instancias de representaci\u00f3n institucional<\/p>\n<p>P.- \u00bfQu\u00e9 importancia le concede el Estatuto a las nuevas tecnolog\u00edas?<\/p>\n<p>R.- El Estatuto ser\u00e1 una Ley b\u00e1sica, por lo tanto no baja al detalle que corresponde a otras normas y a los presupuestos. Sin embargo de forma general establece la obligaci\u00f3n de las administraciones de apoyar el trabajo aut\u00f3nomo a trav\u00e9s de una formaci\u00f3n adecuada, incluida la correspondiente a las nuevas tecnolog\u00edas. Entre los aut\u00f3nomos el d\u00e9ficit tecnol\u00f3gico es muy acusado y ello dificulta la mejora de la competitividad de toda la estructura empresarial espa\u00f1ola.<\/p>\n<p>P.- \u00bfPara cuando la igualdad entre aut\u00f3nomas y empleadas por cuenta ajena, sobre todo en la conciliaci\u00f3n de la vida familiar?<\/p>\n<p>R.- Estamos todav\u00eda lejos de conseguir ese objetivo de igualdad de g\u00e9nero en el trabajo aut\u00f3nomo, tanto con respecto a las asalariadas, como con respecto a los hombres aut\u00f3nomos. Para mejorar esta situaci\u00f3n se ha constituido recientemente la Uni\u00f3n de Asociaciones de Trabajadoras Aut\u00f3nomas y Emprendedoras (UATAE), que ya ha conseguido determinadas mejoras como el reconocimiento del permiso de paternidad y la mejora de las cotizaciones durante la maternidad.<\/p>\n<p>P.- \u00bfPara cu\u00e1ndo prev\u00e9 Usted que estar\u00e1 aprobada la Ley?<\/p>\n<p>R.- Se prev\u00e9 que el Congreso apruebe el texto en primera instancia antes del mes de Junio. Tras su paso por el Senado podr\u00e1 quedar definitivamente ratificado antes de finalizar el a\u00f1o.<\/p>\n<p>P.- \u00bfHay alguna ventaja especial por ser mujer aut\u00f3noma y menor de 30 a\u00f1os? \u00bfCon qu\u00e9 medidas fomenta el estatuto el autoempleo de j\u00f3venes?<\/p>\n<p>R.- Las mujeres de menos de treinta y cinco a\u00f1os que comienzan una actividad por cuenta propia reciben una bonificaci\u00f3n en su cuota de la Seguridad Social de un 25%, adem\u00e1s de otras posibles ayudas a trav\u00e9s de las CCAA. La promoci\u00f3n del autoempleo de las mujeres j\u00f3venes, para UPTA, debe ser objetivo prioritario de todas las administraciones.<\/p>\n<p>P.- \u00bfTiene algo previsto el estatuto en cuanto a reducci\u00f3n de las cuotas a la seguridad social para los vendedores ambulantes?<\/p>\n<p>R.- El Proyecto de Estatuto establece expresamente la reducci\u00f3n de cuotas a determinados colectivos, entre ellos el del comercio ambulante. La cuant\u00eda de esta reducci\u00f3n se fijar\u00e1 posteriormente de forma negociada con nuestra organizaci\u00f3n<\/p>\n<p>P.- \u00bfComo puede defender a los aut\u00f3nomos la CEOE cuando est\u00e1 a favor del establecimiento de las grandes superficies?<\/p>\n<p>R.- Esta es una de las contradicciones que ha sido causa de que los aut\u00f3nomos hayamos decidido crear nuestras propias organizaciones. La gran patronal defiene objetivos que resultan antag\u00f3nicos con los de las micrempresas en general y en particular con los de los aut\u00f3nomos.<\/p>\n<p>P.- \u00bfC\u00f3mo han respondido los diferentes partidos pol\u00edticos a su propuesta de Estatuto? Creo que es importante saberlo cara a las pr\u00f3ximas elecciones.<\/p>\n<p>R.- En general bien. esperamos el m\u00e1ximo consenso en la aprobaci\u00f3n de la Ley. Sin embargo algunos grupos, incluido el principal de la oposici\u00f3n, han incluido algunas enmiendas, entre ellas las que intentan evitar la posibilidad de acceso a la jurisdicci\u00f3n social de los aut\u00f3nomos dependientes, que de prosperar, perjudicar\u00eda mucho a este colectivo concreto que es el que necesita de mayor protecci\u00f3n.<\/p>\n<p>P.- \u00bfEste estatuto afecta a los trabajadores aut\u00f3nomos que trabajan para otras empresas (fontaneros, electricistas&#8230;) y a los que trabajan s\u00f3lo en su propia empresa (dentistas, propietarios de restaurantes o tiendas&#8230;) o s\u00f3lo a los primeros?. Muchas gracias<\/p>\n<p>R.- Este Estatuto regula y protege a todos los trabajadores por cuenta propia sin excepci\u00f3n, en especial ampara la figura del denominado trabajador aut\u00f3nomo economicamente dependiente (trade), para el que se establecen determinadas normas especiales de protecci\u00f3n con relaci\u00f3n al empresario principal del que depende. (Contrato escrito y registrado, acuerdos colectivos y jurisdicci\u00f3n de lo social).<\/p>\n<p>P.- Hace varios a\u00f1os que dependo econ\u00f3micamente de un solo cliente. Ahora ante el nuevo Estatuto, me propone me convierta en empresa para evitarse los &#8220;inconvenientes&#8221; que dicha norma pueda causarle; de otra forma, adi\u00f3s trabajo. \u00bfC\u00f3mo evitar semejante artima\u00f1a?<\/p>\n<p>R.- Con informaci\u00f3n, asesoramiento y organizaci\u00f3n. Es cierto que algunas grandes empresas, antes de la aprobaci\u00f3n del Estatuto, ya est\u00e1n estudiando v\u00edas para evitar la aplicaci\u00f3n de los nuevos derechos previstos para los trabajadores que con ellos se relacionan. UPTA promover\u00e1 una campa\u00f1a de informaci\u00f3n entre los aut\u00f3nomos y en particular propondr\u00e1 la firma de acuerdos colectivos con asociaciones empresariales que impidan estas malas pr\u00e1cticas.<\/p>\n<p>P.- \u00bfQue opina de la cuota obligatoria de los aut\u00f3nomos a las C\u00e1maras de Comercio?<\/p>\n<p>R.- UPTA defiende y defenser\u00e1 siempre la supresi\u00f3n del pago obligatorio, por parte de los aut\u00f3nomos, de las cuotas a las C\u00e1maras de Comercio. No aceptamos ninguna imposici\u00f3n de afiliaci\u00f3n, meno a\u00fan cuando se trata de instituciones que no responden ni amparan los intereses de los aut\u00f3nomos. <\/p>\n<p>P.- hola que tal,encantado de hablar contigo sebastian.\u00bfcuando empezaremos a notar las supuestas ventajas que dice el gobierno?\u00bfes verdad que tendremos alguna ayuda en caso de fracaso profesional?gracias<\/p>\n<p>R.- El Estatuto, en cuanto ley marco, necesita de un amplio desarrollo posterior para que sean efectivas muchas de sus disposiciones. En particular se prev\u00e9 que el Gobierno, esperamos que en breve plazo, presente un nuevo Proyecto de Ley para regular el acceso a coberturas por cese involuntario de actividad para los aut\u00f3nomos. Este sistema, equivalente al desempleo, creemos que puede ser una de las principales mejoras para el colectivo y una de las m\u00e1s esperadas.<\/p>\n<p>P.- \u00bfRecoge el Estatuto del trabajo aut\u00f3nomo algo sobre los microcreditos a los aut\u00f3nomos?<\/p>\n<p>R.- No de forma expresa. El Proyecto establece la necesidad de mejorar el acceso a la financiaci\u00f3n para los nuevos proyectos de emprendedores y su mantenimiento. Provisionalmete desde UPTA y UATAE apoyamos y colaboramos con l\u00edneas de microcr\u00e9dito con algunas instituciones.<\/p>\n","protected":false},"excerpt":{"rendered":"<p>Los partidos mayoritarios representados en el Parlamento y el Gobierno han alcanzado un acuerdo para enmendar el proyecto de ley de Estatuto del Trabajador Aut\u00f3nomo. Esto permitir\u00e1 a este colectivo contratar como asalariados a sus familiares, ya sea a tiempo completo o parcial. El secretario general de la Uni\u00f3n de Profesionales y Trabajadores Aut\u00f3nomos de Espa\u00f1a (UPTA), ha charlado con los lectores.<\/p>\n","protected":false},"author":1,"featured_media":0,"comment_status":"open","ping_status":"open","sticky":false,"template":"","format":"standard","meta":{"footnotes":""},"categories":[],"tags":[],"class_list":["post-1027","post","type-post","status-publish","format-standard","hentry"],"_links":{"self":[{"href":"https:\/\/intervius.com\/index.html\/wp-json\/wp\/v2\/posts\/1027","targetHints":{"allow":["GET"]}}],"collection":[{"href":"https:\/\/intervius.com\/index.html\/wp-json\/wp\/v2\/posts"}],"about":[{"href":"https:\/\/intervius.com\/index.html\/wp-json\/wp\/v2\/types\/post"}],"author":[{"embeddable":true,"href":"https:\/\/intervius.com\/index.html\/wp-json\/wp\/v2\/users\/1"}],"replies":[{"embeddable":true,"href":"https:\/\/intervius.com\/index.html\/wp-json\/wp\/v2\/comments?post=1027"}],"version-history":[{"count":0,"href":"https:\/\/intervius.com\/index.html\/wp-json\/wp\/v2\/posts\/1027\/revisions"}],"wp:attachment":[{"href":"https:\/\/intervius.com\/index.html\/wp-json\/wp\/v2\/media?parent=1027"}],"wp:term":[{"taxonomy":"category","embeddable":true,"href":"https:\/\/intervius.com\/index.html\/wp-json\/wp\/v2\/categories?post=1027"},{"taxonomy":"post_tag","embeddable":true,"href":"https:\/\/intervius.com\/index.html\/wp-json\/wp\/v2\/tags?post=1027"}],"curies":[{"name":"wp","href":"https:\/\/api.w.org\/{rel}","templated":true}]}}