{"id":1026,"date":"2007-03-09T00:00:00","date_gmt":"2006-11-06T00:00:00","guid":{"rendered":"https:\/\/intervius.com\/index.html\/?p=1026"},"modified":"2006-11-06T00:00:00","modified_gmt":"2006-11-06T00:00:00","slug":"Salvador_Giner1026","status":"publish","type":"post","link":"https:\/\/intervius.com\/index.html\/Salvador_Giner1026\/","title":{"rendered":"Salvador Giner"},"content":{"rendered":"<p>Pregunta.- Siendo universitario sus libros me dirieron una vision estructural de la sociedad.Gracias. Despues del ocaso del mundo de las ideologias del siglo XIX-XX, parece que el vacio lo intenta cubrir de nuevo las creencias. Parece que la tecnologia se presta a servir al mejor postor. \u00bfestamos en una regresion social? <\/p>\n<p>Respuesta.- Me alegra saber que mis libros le acampa\u00f1aron durante la carrera. Es cierto que las ideolog\u00edas recientes han fenecido (o est\u00e1n agonizantes) pero las han sustituido otras, algunas de ellas muy violentas. En cuanto a la tecnolog\u00eda, no es ella la que sirve al mejor postor, sino los que la poseen y la venden o imponen. \u00bfRegresi\u00f3n social? Todo depende, estimado Juan Yemen, de lo que entendamos por esa expresi\u00f3n. Cordialmente, S.G.<\/p>\n<p>P.- \u00bfPor qu\u00e9 si se trataba de unificar o normalizar la lengua catalana y valenciana, el diccionario de barbarismos incluye tal cantidad de palabras vivas en la parte sur de la Comunidad valenciana?<\/p>\n<p>R.- Estimado amigo: No le puedo responder porque no he visto a\u00fan el diccionario al que se refiere. Cordialmente, SG<\/p>\n<p>P.- Pienso que el clima social que padecemos en este momento en Espa\u00f1a, en algunos aspectos, puede recordar al que se respirara en el 36. \u00bfQu\u00e9 opina ust\u00e9d?<\/p>\n<p>R.- Comprendo el s\u00edmil, pero las tensiones y enfrentamientos del 36 eran mucho m\u00e1s violentas y agudas. Espero que se calmen los \u00e1nimos, para bien de todos. Cordialmente, S:G.<\/p>\n<p>P.- \u00bfC\u00f3mo se explica que hoy por hoy la izquierda est\u00e9 tan desarmada ideol\u00f3gicamente, si efectivamente ese fuera el caso? \u00bfPor qu\u00e9 se ha impuesto un &#8220;pensamiento \u00fanico&#8221; dominante que hace que otras opciones ideol\u00f3gicas sean casi invisibles para el resto de los personas?Y por \u00faltimo, si el reformismo nos est\u00e1 llevando al borde del abismo, \u00bfes posible la revoluci\u00f3n?. Gracias<\/p>\n<p>R.- Su pregunta merece una respuesta larga. (He intentado darle respuesta en un libro m\u00edo, Ensayos Civiles, y me permito remitirle a \u00e9l.) No creo en ese t\u00f3pico del pensamiento llamado \u00fanico: hay varios, como se puede comprobar, desde los altermundistas hasta los islamistas, y los matices entre los liberales y noeliberales no son pocos. No acabo de compartir su idea de que el reformismo nos lleva al borde del abismo. El reformismo es bueno y sensato. Todas las revoluciones producen v\u00edctimas inocentes e incontables. Las intenciones son buenas, pero siempre llega la guillotina y el campo de concentraci\u00f3n despu\u00e9s del ideal inicial. SG<\/p>\n<p>P.- De las metodologias implantadas por las ONGs en la actualidad, \u00bfcual es la que ve mas viable?<\/p>\n<p>R.- Depende de la asociaci\u00f3n c\u00edvica de que se trate. Cada una de ellas tiene sus m\u00e9todos,compare por ej. Amnist\u00eda Internacional con M\u00e9dicos Sion Fronteras.<\/p>\n<p>P.- Soy estudiante de sociolog\u00eda en Madrid \u00bfCuales crees que son los mayores problemas de la sociolog\u00eda como carrera y lo que m\u00e1s urge mejorar en las facultades de ciencias sociales?<\/p>\n<p>R.- Querido colega: Tendr\u00eda que mandarte a mis libros y ensayos sobre el tema. Seguro que comprender\u00e1s la brevedad de esta respuesta. Si est\u00e1s en la Complutense t\u00f3mate un caf\u00e9 conmigo la semana del 19. SG<\/p>\n<p>P.- Piensa que a Catalu\u00f1a y desde la perspectiva intelectual y del conocimiento, le ha perjudicaco en algo, ciertas posiciones fundamentalistas sobre el uso del catalan en la Universidad ? <\/p>\n<p>R.- Estimado amigo: D\u00edgame por favor de qu\u00e9 posiciones fundamentalistas se trata. Gracias. SG<\/p>\n<p>P.- Cuales crees son los principales retos que hoy, en el contexto de la U.E. y la globalizacion, tiene planteada la sociedad espanola? <\/p>\n<p>R.- M\u00e1s serenidad democr\u00e1tica y el aumento del capital humano en la econom\u00eda. SG<\/p>\n<p>P.- \u00bfSu background como sociologo, en que manera le puede ayudar para potenciar la mejora y expansion social del catalan? \u00bfY para entender su futuro en una sociedad multilingue? Gracias.<\/p>\n<p>R.- Estimado Raul: Lo importante en esta tarea no es ser soci\u00f3logo (o economista, o m\u00e9dico) sino ciudadano consciente. De todos modos la sociolog\u00eda deber\u00eda hacernos m\u00e1s sabios al tratar de cuestiones complejas como la del muntiling\u00fcismo. Cordialmente, SG<\/p>\n<p>P.- \u00bfQu\u00e9 opina del Pancatalanismo?<\/p>\n<p>R.- Me parece muy bien.<\/p>\n<p>P.- Progesor, \u00bfSigue pensando, como afirmo en una conferencia en Castellar del Vall\u00e8s (Barcelona) que habr\u00e1 guerras por el agua y que seran catastr\u00f3ficas?<\/p>\n<p>R.- Benvolgut Pere, I tant! Salvador<\/p>\n<p>P.- Buenos dias. \u00bfQu\u00e9 opina sobre la liberaci\u00f3n a la sociedad de asesinos m\u00faltiples no arrepentidos? <\/p>\n<p>R.- Los asesinos m\u00faltiples no deber\u00edan estar en la calle, evidentemente.<\/p>\n<p>P.- \u00bf Que libro me recomendar\u00eda Usted, para intentar comprender el comportamiento del ser humano en la actualidad? <\/p>\n<p>R.- Don Quijote de la Mancha. Tambi\u00e9n el Castillo de Kafka y el Hombre sin Atributos, de Musil. <\/p>\n<p>P.- El referendum de apoyo al Estatut fue un fiasco, en su opini\u00f3n \u00bfpara la sociedad catalana era necesario? <\/p>\n<p>R.- No estoy seguro.<\/p>\n<p>P.- \u00bfQue es el Intitut dEstudis Catalans?<\/p>\n<p>R.- Lo encontrar\u00e1 muy claramente en www.iec.cat <\/p>\n<p>P.- Buenos d\u00edas Salvador y enhorabuena. Dado que en Espa\u00f1a parece que siempre vamos a estar peleando con nuestra propia sombra, qu\u00e9 soluci\u00f3n dar\u00eda al problema de las distintas nacionalidades? cree que es un problema que no existe realmente o piensa que un estado federal ser\u00eda la soluci\u00f3n m\u00e1s acertada? Muchas gracias <\/p>\n<p>R.- Lea usted mi libro Los Espa\u00f1oles (debolsillo) donde le doy una respuesta pormenorizada. Gracias por su pregunta.<\/p>\n<p>P.- Por qu\u00e9 se da esta hooliganizaci\u00f3n de nuestra sociedad como si la pol\u00edtica se hubiese convertido en una especie de partido de f\u00fatbol en el que s\u00f3lo cuentan los resultados&#8230;<\/p>\n<p>R.- Dar\u00eda cualquier cosa por saberlo, y me angustia como a usted. Espero que se serenen los \u00e1nimos de la derecha y que podamos seguir por el buen camino democr\u00e1tico. SG<\/p>\n<p>P.- \u00bfQu\u00e9 opina sobre los motivos que inducen al actual gobierno para reducir el alcance de la ley de memoria hist\u00f3rica y no apostar por la nulidad de los ileg\u00edtimos juicios condenatorios?<\/p>\n<p>R.- El gobierno pierde el tiempo en cosas innecesarias. La memoria (hist\u00f3rica o de otra \u00edndole) no debe legislarse. En cambio es imperativo declarar la nulidad de los llamados juicios sumar\u00edsimos y arbitrarios del franquismo. SG<\/p>\n<p>P.- Seg\u00fan mi punto de vista eres el sociologo m\u00e1s internacional de los \u00faltimos cincuenta a\u00f1os de nuestro pa\u00eds. Una aut\u00e9ntica referencia y te doy las gracias por esa labor tan humildemente profesional que has desarrollado. Un catalan espa\u00f1ol y un espa\u00f1ol catal\u00e1n \u00bfQu\u00e9 opinas de las relaciones entre Catalu\u00f1a y Espa\u00f1a de cara al futuro? <\/p>\n<p>R.- Muchas gracias, Theo. Respecto a las relaciones entre Catalu\u00f1a y Espa\u00f1a tendr\u00eda que referirme a mis numerosos escritos sobre el asunto. Tal vez si echas un vistazo a mi libro Los Espa\u00f1oles (Debolsillo) encontrar\u00e1s mi opini\u00f3n. Mil gracias. SG<\/p>\n<p>P.- Porque tenemos muchos espa\u00f1oles no catalanes que desde CAT se nos mira con cierto aire se superioridad? Que les hemos hecho a ustedes?<\/p>\n<p>R.- Querido Pepito: \u00bfQuienes os miran con superioridad? No conozco a ninguno. \u00bfNos han hecho ustedes algo malo? Y \u00bfquienes exactamente son ustedes? Espero sus aclaraciones, y me complacer\u00e1 responder. Muy cordialmente, SG<\/p>\n<p>P.- El desconocimiento sobre las lenguas minoritarias es Espa\u00f1a es patente. Jam\u00e1s me atrever\u00eda a decir que el andaluz no es castellano, pero \u00bfpor qu\u00e9 hay quien se atreve a decir que valenciano o balear no son catal\u00e1n?<\/p>\n<p>R.- Benvolgut Miquel, Ja saps qui s\u00f3n la gent que gosa dir aquesta barbaritat. Continuem defensant civilitzadament el que \u00e9s nostre. SG Estimado Miquel. Ya sabes qui\u00e9n es la gente que se atreve a decir esta barbaridad. Continuamos defendiendo civilizadamente lo que es nuestro. SG.<\/p>\n<p>P.- Querido Salvador, tuve la suerte de ser tu alumno en la UB, hace ya casi 20 a\u00f1os. Enhorabuena por los premios recibidos, muy merecidos! 2 preguntas: 1) \u00bfEstamos locos en Espa\u00f1a por construir tantas viviendas, querer comprar a toda costa, y excluir o hipotecar de por vida a los j\u00f3venes (los que se supone que tienen que emprender, arriesgar, innovar)? \u00bfHay vida m\u00e1s all\u00e1 del ladrillo? 2) \u00bfCu\u00e1l es le futuro del catal\u00e1n (y otras lenguas similares) en el mundo globalizado? Un abrazo desde Bruselas<\/p>\n<p>R.- Jordi, com que som amics, diculpam que no et respongui. Si vinc a Brusel\u00b7les et trucar\u00e9. Petons a la N\u00faria. I als nens. I fes bondat. Salvador Jordi, como somos amigos, disculpame que no te responda. Si vengo a Bruselas te llamar\u00e9. Besos a N\u00faria y a los ni\u00f1os. Y haz bondat. Salvador.<\/p>\n<p>P.- Estoy leyendo Tratado de Ateolog\u00eda de Michel Onfray. \u00bfQu\u00e9 opini\u00f3n le merece libro y autor? Saludos,<\/p>\n<p>R.- No lo he leido. Lo siento. <\/p>\n<p>P.- \u00bfPor qu\u00e9 la izquierda tiene tan poca fuerza a la hora de aglutinar y contrarestar la ofensiva en toda regla de la derecha?<\/p>\n<p>R.- POruqe no tiene ideas nuevas. He expuesto mis ideas en Ensayos Civiles, Pen\u00edsula. GraCIAS POR SSU INTER\u00c9S. <\/p>\n<p>P.- Buenas, Salvador, estoy haciendo el Doctorado en Sociolog\u00eda en Madrid, y no alcanzo a comprender, todav\u00eda, la importancia de la Sociolog\u00eda en la actualidad. \u00bfPodr\u00eda ayudarme?<\/p>\n<p>R.- Estimado Juanma: Voy a la Complutense a un curso de doctorado la semana del 19. Tal vez se lo pueda explicar all\u00e1. He publicado abundantmente sobre este tema. Tal vez le interese echar un vistazo a lo que he dicho all\u00ed. Cordialmente, SG.<\/p>\n<p>P.- El clima pol\u00edtico est\u00e1 crispado, qui\u00e9n lo desencrispar\u00e1. El desencrispador que lo desencrispe buen desencrispador ser\u00e1.<\/p>\n<p>R.- Estimado Consenso: El consensuador que lo consensue buen consensuador ser\u00e1. SG<\/p>\n<p>P.- Profesor, La situaci\u00f3n medioambiental y de cambio clim\u00e1tico es ya irreversible. \u00bfNo cree que hay que imponer medidas dr\u00e1sticas a nivel pol\u00edtico internacional? \u00bfO ya hemos llegado tarde?<\/p>\n<p>R.- Bastante tarde, ay. Que no cunda el p\u00e1nico. Todav\u00eda quedan unos 30 a\u00f1os antes del fin del mundo. SG<\/p>\n<p>R.- Benvolgut \u00d2scar, els dialectes valencians (o lleidatans o empodanesos o rossellonesos o illencs) pertanyen tots a una sola i \u00fanica llengua, la dAusi\u00e0s Marc. Tho diu un alacant\u00ed. SG Estimado \u00d3scar, los dialectos valencianos (o de L\u00e9rida, del Ampurd\u00e1n, del Rosell\u00f3n o de las Islas Baleares) pertenecen todos a una sola y \u00fanica lengua, la de Ausias Marc. Te lo dice un alicantino. SG.<\/p>\n","protected":false},"excerpt":{"rendered":"<p>El soci\u00f3logo acaba de recibir el premio Nacional de Sociolog\u00eda y Ciencia Pol\u00edtica 2006 en reconocimiento a su carrera. Este catal\u00e1n es el autor de obras como Historia del pensamiento social, el manual m\u00e1s conocido en las universidades espa\u00f1olas, del primer Diccionario de Sociolog\u00eda en espa\u00f1ol, y otros libros como Sociedad Masa, Ensayos civiles y Carta sobre la democracia. Salvador Giner ha charlado sobre la situaci\u00f3n actual de la sociedad espa\u00f1ola con los lectores.<\/p>\n","protected":false},"author":1,"featured_media":0,"comment_status":"open","ping_status":"open","sticky":false,"template":"","format":"standard","meta":{"footnotes":""},"categories":[],"tags":[],"class_list":["post-1026","post","type-post","status-publish","format-standard","hentry"],"_links":{"self":[{"href":"https:\/\/intervius.com\/index.html\/wp-json\/wp\/v2\/posts\/1026","targetHints":{"allow":["GET"]}}],"collection":[{"href":"https:\/\/intervius.com\/index.html\/wp-json\/wp\/v2\/posts"}],"about":[{"href":"https:\/\/intervius.com\/index.html\/wp-json\/wp\/v2\/types\/post"}],"author":[{"embeddable":true,"href":"https:\/\/intervius.com\/index.html\/wp-json\/wp\/v2\/users\/1"}],"replies":[{"embeddable":true,"href":"https:\/\/intervius.com\/index.html\/wp-json\/wp\/v2\/comments?post=1026"}],"version-history":[{"count":0,"href":"https:\/\/intervius.com\/index.html\/wp-json\/wp\/v2\/posts\/1026\/revisions"}],"wp:attachment":[{"href":"https:\/\/intervius.com\/index.html\/wp-json\/wp\/v2\/media?parent=1026"}],"wp:term":[{"taxonomy":"category","embeddable":true,"href":"https:\/\/intervius.com\/index.html\/wp-json\/wp\/v2\/categories?post=1026"},{"taxonomy":"post_tag","embeddable":true,"href":"https:\/\/intervius.com\/index.html\/wp-json\/wp\/v2\/tags?post=1026"}],"curies":[{"name":"wp","href":"https:\/\/api.w.org\/{rel}","templated":true}]}}