{"id":10259,"date":"2012-05-08T00:00:00","date_gmt":"2006-11-06T00:00:00","guid":{"rendered":"https:\/\/intervius.com\/index.html\/?p=10259"},"modified":"2006-11-06T00:00:00","modified_gmt":"2006-11-06T00:00:00","slug":"Maldini10259","status":"publish","type":"post","link":"https:\/\/intervius.com\/index.html\/Maldini10259\/","title":{"rendered":"Maldini"},"content":{"rendered":"<p>Pregunta.- Hola Crack. De los posibles fichajes que puede realizar el Barcelona para la temporada que viene, \u00bfcual crees que encajar\u00eda mejor en el sistema actual que tiene Guardiola?: Gareth Bale o Jordi Alba; Thiago Silva, Vertonghen o Sahko; Neymar o Hazard y Van Persie o Cavani. Gracias.<\/p>\n<p>Respuesta.- Solo la posibilidad de ver a Neymar con Messi es tremenda. Pienso que ser\u00eda un t\u00e1ndem devastador para los rivales. M\u00e1s all\u00e1 de eso, creo que Bake necesita espacios para lucir y le costar\u00eda m\u00e1s en el Barcelona. Y la salida de bal\u00f3n de Thiago Silva es excelente, tambi\u00e9n la de Vertonghen. Y en los delanteros desde luego el mejor Van Persie. <\/p>\n<p>P.- \u00bfSergio Ramos ser\u00e1 central fijo en la Eurocopa o jugar\u00e1 tambi\u00e9n de lateral derecho?<\/p>\n<p>R.- Del Bosque prefiere a Ramos como lateral derecho, eso parece claro. Pero la lesi\u00f3n de Puyol abre nuevas v\u00edas. Me inclino por la titularidad de Javi Martinez com central para mantener a Ramos en la derecha. Va a depender mucho de c\u00f3mo est\u00e9 Arbeloa para ocupar el lateral. <\/p>\n<p>P.- Crees que alguna selecci\u00f3n est\u00e1 al nivel de Espa\u00f1a y Alemania en cuanto a plantilla\/juego para la Euro?<\/p>\n<p>R.- Creo que Holanda tiene un gran equipo, sobre todo en ataque. Y que Francia ha crecido mucho. Pero considero a Espa\u00f1a y Alemania un cuerpo por delante de los dem\u00e1s. Dicho esto, un torneo tan corto y de tanto nivel es muy traicionero. <\/p>\n<p>P.- Hola Julio. Qu\u00e9 piensas de Giovinco?. Se adaptar\u00eda al Barcelona?. Es un tipo de garant\u00edas?. Un saludo y muchas gracias.<\/p>\n<p>R.- Me parece un fenomenal jugador, que nunca debi\u00f3 abandonar la Juventus. Lo tiene casi todo. T\u00e9cnica, clase y disparo. Necesita jugar muy centrado en el campo y en la Juve se le escoraba demasiado. Ha hecho una grand\u00edsima temporada, e incluso termin\u00e1ndola mejor de como la empezo. Ir\u00e1 a la Eurocopa, eso espero. Y ojo que podr\u00eda ser titular. <\/p>\n<p>P.- hola crack,\u00bfque opinas de la temporada del liverpool?\u00bfcrees que kenny dalglish seguira como entrenador la proxima temporada?gracias fenomeno.<\/p>\n<p>R.- No me ha parecido ni mucho menos una buena temporada la del Liverpool. Muy mal en la liga, en muchos partidos con un esquema demasiado conservador. No creo que el t\u00edtulo de la Carling apacigue mucho los \u00e1nimos en Anfield. Creo que con el dinero gastado y tanto fichaje lo del Liverpool ha sido muy decepcionante. Pero s\u00ed creo que seguir\u00e1 Dalglish. <\/p>\n<p>P.- Buenas Julio. Se rumorea que el Madrid estar\u00eda interesado y dispuesto en contratar a Borja Valero para la temporada que viene para mejorar su fluidez de juego. Tiene una calidad innata a la hora de controlar y distribuir el juego, buen manejo del bal\u00f3n, visi\u00f3n de juego, capacidad de recuperar balones e incluso potencial ofensivo; unos atributos que le diferencian del resto de centrocampistas de hoy d\u00eda. Creo que su posible llegada podr\u00eda permitir al Madrid gozar de una mayor claridad y paciencia en el juego y de una mayor creaci\u00f3n que a veces necesita. Mientras que lo de Nuri Sahin es un &#8220;verdadero misterio&#8221;. \u00bfCrees que podr\u00eda adquirir el mismo rol de director de orquestra que adopta Xavi en el Barcelona?. \u00bfLe ver\u00edas como acompa\u00f1ante de Alonso o como posible sustituto?. \u00bfTe quedar\u00edas con \u00e9l o con Javi Mart\u00ednez?. Gracias.<\/p>\n<p>R.- Buen jugador Borja Valero. Muy bueno, dir\u00eda yo. No al nivel de Xavi ya que les comparas. Tampoco es comparable por su estilo de juego a Javi Mart\u00ednez. Ser\u00eda un buen acompa\u00f1ante de Xabi Alonso, s\u00ed. Pero ser\u00eda bueno darle un poco de confianza y oportunidad de verdad a Nuri Sahin. <\/p>\n<p>P.- Hola Maldini, me encanto Fiebre Maldini ayer, \u00bfCrees que la temporada de Bojan en la Roma ha sido buena o ha sido mala?; <\/p>\n<p>R.- Regular solo. No se consolid\u00f3 como titular, entr\u00f3 con la lesi\u00f3n de Borini pero tampoco mostr\u00f3 tanto como para ganarse el puesto. Solo doce partidos como titular y seis goles. <\/p>\n<p>P.- Con la lesi\u00f3n de Sagna el otro d\u00eda , quien se perfila como lateral derecho para la selecci\u00f3n francesa? Debuchy?<\/p>\n<p>R.- S\u00ed, Debuchy. Ya hizo adem\u00e1s un partidazo en el amistoso que Francia le gana a Alemania a domicilio. Y supongo que en la lista entrar\u00e1 Jallet del PSG, lateral que ha jugado bastante como volante esta temporada. <\/p>\n<p>P.- saludos Maldini! admiro tu trabajo. Una pregunta f\u00e1cil: Que tridente te gusta m\u00e1s? Cristiano &#8211; Kun &#8211; Benzema o Cristiano &#8211; Rooney &#8211; Benzema?<\/p>\n<p>R.- Muy dif\u00edcil. Me pides elegir entre el kun y Rooney. Como jugador de equipo me quedo con Rooney. <\/p>\n<p>P.- \u00bfQui\u00e9n ves favorito en la final de la Europa League ma\u00f1ana? \u00bfQui\u00e9n crees que puede ser m\u00e1s determinante?<\/p>\n<p>R.- Partido dificil\u00edsimo de pronosticar. Pero creo una cosa. El Atl\u00e9tico de Madrid tiene m\u00e1s jugadores desequilibrantes, y si el partido es igualado le puede dar ventaja. Hay m\u00e1s futbolistas en el Atl\u00e9tico de Madrid capaces de ganar un partido. El Athletic es un bloque muy bien definido, en lo t\u00e1cttico es superior. Pero insisto, si el partido es igualado y se decide en peque\u00f1os detalles o acciones puntuales (y debe ser as\u00ed), apuesto por el Atl\u00e9tico de Madrid. <\/p>\n<p>P.- Preguntas de mercato cul\u00e9: un lateral tipo Abidal, que pueda fichar el Bar\u00e7a, una opci\u00f3n podr\u00eda ser Vertonghen? Y la otra es s\u00ed Cavani encajar\u00eda en el esquema del Bar\u00e7a, i s\u00ed as\u00ed se podr\u00edan jugar partidos con un nueve puro. Muchas gracias genio. PD: Qu\u00e9 dia sale la guia AS?<\/p>\n<p>R.- La Gu\u00eda saldr\u00e1 a principios de junio, espero que te guste. Esperaremos para ver las listas. Vertonghen no es lateral aunque pueda jugar ah\u00ed. S\u00ed central con una excelente subida de bal\u00f3n. <\/p>\n<p>P.- Buenas, Julio. Supongo que hoy te preguntar\u00e1 m\u00e1s gente por este tema. \u00bfQu\u00e9 nos puedes contar de Piszczek, el lateral derecho que, supuestamente, sigue el Madrid?<\/p>\n<p>R.- Muy ofensivo, buenas subidas por la banda, desde el punto de vista defensivo no se le ha medido demasiado en la Bundesliga. Va a ser muy interesante verle en la Eurocopa. Es el lateral derecho de la selecci\u00f3n polaca, y su equipo no llevar\u00e1 la iniciativa como suele estar acostumbrado en el Dortmund. <\/p>\n<p>P.- Hola Julio, \u00bfcu\u00e1l ser\u00eda tu once ideal para la selecci\u00f3n inglesa? \u00bfY cu\u00e1l crees que ser\u00e1 el del seleccionador? Gracias, un saludo.<\/p>\n<p>R.- Hodgson es m\u00e1s del 4-4-2, su esquema preferido. Est\u00e1 clara la pareja de mediocentros Parker-Barry, con Gerrard por delante. Arriba lo ideal Rooney detr\u00e1s de un punta, para m\u00ed el ideal Carroll. Pero Rooney se pierde los dos primeros partidos. Veremos.<\/p>\n<p>P.- Hola crack Partidazo el derby de San Siro del domingo, en el que el Inter se rehizo a un penalty escandaloso pitado en contra y a un gol nada m\u00e1s comenzar la segunda parte. La pena es que no hayan hecho partidos as\u00ed antes. Est\u00e1 muy complicado meterse 3\u00ba, pero en Europa League crees que entrar\u00e1 el Inter? Un saludo crack<\/p>\n<p>R.- Deber\u00eda ganarle al Lazio y entrar en Europa league, en Champions depende de demasiadas carambolas. Me ha gustado que Stramaccioni haya optado en los \u00faltimos partidos por juntar a Ricky Alvarez y Sneijder, y conf\u00edo en Guarin como el centrocampista que el equipo necesitaba. Necesita un central o dos el Inter, y seguro que por ah\u00ed insistir\u00e1 el equipo en el mercado de invierno. <\/p>\n<p>P.- \u00a1A\u00fapa Maldini! Saludos desde Bilbao de un hincha del Athletic Club que todav\u00eda no se cree que 35 a\u00f1os despu\u00e9s volveremos a jugar dos finales una misma temporada, esperemos que con mejor suerte que entonces. Me gustar\u00eda recordar contigo la primera final europea de mi equipo, la del a\u00f1o 1977 contra la Juventus de Zoff, Scirea, Gentile o Bettega contra nuestros Ir\u00edbar, \u00c1ngel Mar\u00eda Villar, Javier Irureta o Txetxu Rojo, y que se decidi\u00f3 por el valor doble de los goles en campo contrario (1-0 en Tur\u00edn y 2-1 en Bilbao). \u00bfQu\u00e9 recuerdas de aquellos dos partidos? \u00bfMereci\u00f3 mejor suerte el Athletic?<\/p>\n<p>R.- Bueno, yo ten\u00eda once a\u00f1os. No los vi en directo. S\u00ed he visto los partidos que tengo grabados y en San Mam\u00e9s el gran Dino Zoff fue el h\u00e9roe. Era una Juventus embri\u00f3n del equipo que ganar\u00eda despu\u00e9s el mundial 82, ya en aquella Juve hab\u00eda muchos de esos jugadores. <\/p>\n<p>P.- Hola crack. Dime 4 o 5 jugedores que te gustar\u00eda ver el a\u00f1o que viene en la liga espa\u00f1ola<\/p>\n<p>R.- As\u00ed, a bote pronto. Neymar. Hazard. Vertonghen. Hulk. Thiago Silva. <\/p>\n<p>P.- Siempre que nos acordamos del Mundial 82 nos viene a la memoria el triste papel de Espa\u00f1a, la traum\u00e1tica eliminaci\u00f3n de Brasil a pesar de su buen juego o la victoria final de Italia. Pero yo tambi\u00e9n me acuerdo siempre del Francia-Kuwait, donde con 3-1 para los franceses Giresse marc\u00f3 un gol justo despu\u00e9s de haberse escuchado un silbato en las gradas. Los jugadores de Kuwait creyeron que hab\u00eda pitado el \u00e1rbitro, se quedaron parados y empezaron a protestar. Entonces el hermano del Emir de Kuwait, que estaba en las gradas, baj\u00f3 al terreno de juego, cruz\u00f3 unas palabras con el \u00e1rbitro y \u00e9ste anul\u00f3 el gol. Yo no hab\u00eda visto algo as\u00ed en mi vida. \u00bfRecuerdas alguna an\u00e9cdota semejante, Julio?<\/p>\n<p>R.- En los mundiales no. Si recuerdo la retirada del Milan en un partido de Copa de Europa en Marsella que les cost\u00f3 una sanci\u00f3n. Y de aquella trifulca entre Francia y Kuwait recuerdo adem\u00e1s la cara de desaf\u00edo del seleccionador franc\u00e9s Michel Hidalgo con un c\u00e1mara que le hab\u00eda dado un golpe en el hombro. Tremendo.<\/p>\n","protected":false},"excerpt":{"rendered":"<p>Maldini, experto en f\u00fatbol internacional, colaborador de AS y presentador de Digital +, ha charlado de la pr\u00f3xima final de la Europa League entre Atl\u00e9tico de Madrid y Athletic Club. As\u00edmismo, la actualidad del f\u00fatbol m\u00e1s all\u00e1 de nuestras fronteras tambi\u00e9n ha sido analizada por Maldini.<\/p>\n","protected":false},"author":1,"featured_media":0,"comment_status":"open","ping_status":"open","sticky":false,"template":"","format":"standard","meta":{"footnotes":""},"categories":[],"tags":[],"class_list":["post-10259","post","type-post","status-publish","format-standard","hentry"],"_links":{"self":[{"href":"https:\/\/intervius.com\/index.html\/wp-json\/wp\/v2\/posts\/10259","targetHints":{"allow":["GET"]}}],"collection":[{"href":"https:\/\/intervius.com\/index.html\/wp-json\/wp\/v2\/posts"}],"about":[{"href":"https:\/\/intervius.com\/index.html\/wp-json\/wp\/v2\/types\/post"}],"author":[{"embeddable":true,"href":"https:\/\/intervius.com\/index.html\/wp-json\/wp\/v2\/users\/1"}],"replies":[{"embeddable":true,"href":"https:\/\/intervius.com\/index.html\/wp-json\/wp\/v2\/comments?post=10259"}],"version-history":[{"count":0,"href":"https:\/\/intervius.com\/index.html\/wp-json\/wp\/v2\/posts\/10259\/revisions"}],"wp:attachment":[{"href":"https:\/\/intervius.com\/index.html\/wp-json\/wp\/v2\/media?parent=10259"}],"wp:term":[{"taxonomy":"category","embeddable":true,"href":"https:\/\/intervius.com\/index.html\/wp-json\/wp\/v2\/categories?post=10259"},{"taxonomy":"post_tag","embeddable":true,"href":"https:\/\/intervius.com\/index.html\/wp-json\/wp\/v2\/tags?post=10259"}],"curies":[{"name":"wp","href":"https:\/\/api.w.org\/{rel}","templated":true}]}}