{"id":10239,"date":"2010-05-03T00:00:00","date_gmt":"2006-11-06T00:00:00","guid":{"rendered":"https:\/\/intervius.com\/index.html\/?p=10239"},"modified":"2006-11-06T00:00:00","modified_gmt":"2006-11-06T00:00:00","slug":"Jesus_Caldera10239","status":"publish","type":"post","link":"https:\/\/intervius.com\/index.html\/Jesus_Caldera10239\/","title":{"rendered":"Jes\u00fas Caldera"},"content":{"rendered":"<p>Pregunta.- \u00bfPor qu\u00e9 la implantaci\u00f3n de la Ley de Dependencia, como un pilar m\u00e1s de un verdadero sistema p\u00fablico de servicios sociales, no se trata como una cuesti\u00f3n de estado, cuando lo que est\u00e1 en juego es la legitimaci\u00f3n de una obligaci\u00f3n moral, de una corresponsabilidad familia-estado que trascience ideolog\u00edas y territorios?<\/p>\n<p>Respuesta.- Es una cuesti\u00f3n de Estdo. De hecho, el reconocimiento, implantaci\u00f3n y desarrollo de un nuevo derecho subjetivo (invocable ante los Tribunales, no se olvide) debe merecer esa condici\u00f3n. como Ministro autor del Proyecto de ley procur\u00e9 forjar un amplio consenso: con los intelocutores sociales, con las asociaciones de mayores, discapacitados (CERMI), grupos pol\u00edticos (pr\u00e1cticamente todos) y Comunidades Aut\u00f3nomas. En realidad es una Ley que, adem\u00e1s, puede considerarse como el mejor ejemplo de cooperaci\u00f3n entre Estado y Comunidades Aut\u00f3nomas. Espero que la crisis no desti\u00f1a ese car\u00e1cter de Estado que debe tener esta Ley.<\/p>\n<p>P.- Hola se\u00f1or j.caldera: pusimos muchas esperanzas en esta ley los que somos grandes dependientes. Me llamo Luis y soy tetrapl\u00e9jico. Me hicieron la m\u00e1xima valoraci\u00f3n y me denegaron la ayuda por tener la gran invalidez. \u00bfPor qu\u00e9 el gobierno central no cumple con su parte que nos dijeron? gracias<\/p>\n<p>R.- Hola, Luis. El Gobierno central s\u00ed creo que cumple su parte. Esta Ley se basa en una serie de principios, entre ellos el acceso a la prestaci\u00f3n de servicios acorde a la capacidad econ\u00f3mica del interesado. Lo que no te pueden denegar es el cat\u00e1logo o cartera de servicios, aunque otra cosa es la ayuda concreta. En realidad, la pensi\u00f3n de gran invalidez (no conozco el caso concreto) a veces lleva incorporada una ayuda adicional para asistencia personal al discpacitado. \u00b4Si \u00e9ste es el caso, supongo que esa ser\u00e1 la raz\u00f3n de la negativa.<\/p>\n<p>P.- \u00bfPor qu\u00e9 la izquierda social se ve tan poco representada por la izquierda pol\u00edtica? \u00bfPor qu\u00e9 la izquierda pol\u00edtica no se abre a las propuestas y debates de la izquierda social? \u00bfNo es hora de que se reforme la ley electoral y que la circunscripci\u00f3n pase de provincial a ser por distrito, barrio, comarca municipio, donde se elja aun s\u00f3lo diputado por circunscripci\u00f3n, y por tanto, ser\u00edan concocidos y habr\u00eda m\u00e1s transparencia en la democracia representativa?<\/p>\n<p>R.- No har\u00eda una distinci\u00f3n tan n\u00edtida. Par que exista lo que llama izquierda pol\u00edtica tiene que haber un conjunto de valores compartidos por una parte de la sociedad (lo que llama la izquierda social). Sin la una no existe la otra. Conviene que haya la m\u00e1xima permeabilidad entre ambas. Eso es el socialismo de los ciudadanos que apuesta por una gran participaci\u00f3n ciudadana en los asuntos de estado. De hecho, el Gobierno de Zapatero ha cogobernado con los grupos y organizaciones sociales. S\u00f3lo hay que ver el resultado de sus leyes transformadoras como Dependencia, Igualdad, Violencia contra la mujer, emancipaci\u00f3n juevenil, matrimonio entre persoans del mismo sexo, etc. Sobre la circunscripci\u00f3n electoral, todos los sistemas tienen ventajas e inconvenientes y el nuestro creo que es bastante equilibrado.<\/p>\n<p>P.- \u00bfPor qu\u00e9 se permite que haya comunidades que est\u00e1n retrasando la aplicaci\u00f3n de la Ley? \u00bfNo deber\u00eda retir\u00e1rseles los fondos y las competencias y que los distribuya el Estado?<\/p>\n<p>R.- Es verdad que hay diferentes velocidades. Creo que tiene m\u00e1s que ver con la situaci\u00f3n de partida que con una actitud deliberada. Determinadas comunidades no prestaron atenci\u00f3n al desarrollo de los servicios sociales antes de la implantaci\u00f3n de la Ley (coinciden, casi ciempre, con Gobiernos (conservadores) y ahora tienen m\u00e1s dificultades en su aplicaci\u00f3n. El Gobierno ha tomado provisiones acertadas, especialmente la decisi\u00f3n de librar los recursos estatales cuando se hayan prestado efectivamente los servicios.<\/p>\n<p>P.- \u00bfMantiene la misma relaci\u00f3n personal con el presidente del gobierno ahora, que antes cuando estaba de ministro?<\/p>\n<p>R.- M\u00e1s o menos. Hoy lo he visto, en la Ejecutiva del PSOE donde ha valorado positivamente el tyrabajo de la Fundaci\u00f3n Ideas que dirijo. Claro, hay que entender que al no estar en el Gobierno el contacto es menor. Pero no me quejo, estoy en esto por valores y Zapatero los sigue representando correctamente.<\/p>\n<p>P.- Sr. Caldera, \u00bfpor qu\u00e9 no se negoci\u00f3 mejor la ley con las comunidades aut\u00f3nomas y ahora no tendr\u00edamos tantos problemas de todo tipo los afectados?<\/p>\n<p>R.- en realidad, la competencia para la puesta en marcha de esta Ley es auton\u00f3mica, de acuerdo con nuestra Constituci\u00f3n. No fue f\u00e1cil dise\u00f1ar la arquitectura constitucional de la Ley. En realidad, es una Ley cooperativa, entre Estado y Comunidades, luego debemos respetar sus competencias. El acuerdo se fragu\u00f3 sobre esa base, dando, como deb\u00eda ser, la gesti\u00f3n pr\u00e1ctica del sistema a las Comunidades Aut\u00f3nomas que son las competentes en la materia y ellas con, en ese nivel, las responsables del funcionamiento del sistema aunque el Estado financia el 50% del gasto.<\/p>\n<p>P.- \u00bfExiste una v\u00eda socialista para la promoci\u00f3n de leyes sociales en tiempos de crisis? \u00bfCu\u00e1l ser\u00eda el pr\u00f3ximo paso a dar? \u00bfY ser\u00eda tal avance compatible con la creaci\u00f3n de empleo tan necesaria? Muchas gracias, Hugo (Sevilla)<\/p>\n<p>R.- S\u00ed, existe. Es el uso de la protecci\u00f3n social de modo proactivo. Orientando el gasto social como una inversi\u00f3n generadora de empleo. La Ley de la Dependencia es un buen ejemplo, ha generado unos 100.000 empleos desde su aprobaci\u00f3n. Otra pol\u00edtica esencial en este sentido son las escuelas infantiles para ni\u00f1os de 0 a 3 a\u00f1os. Permite mejorar la productividad del sistema y la conciliaci\u00f3n de la vida laboral y familiar y, por supuesto, genera empleo e impide que los padres lo abandonen si n otienen alternativas para el cuidado de sus hijos.<\/p>\n<p>P.- Se\u00f1or Caldera \u00bfPrevieron los problemas de financiaci\u00f3n que est\u00e1 generando esta Ley? \u00bfC\u00f3mo se puede solventar la situaci\u00f3n?<\/p>\n<p>R.- la Ley iba acompa\u00f1ada de una memoria econ\u00f3mica, que calculaba los costes en funci\u00f3n del desarrollo y aplicaci\u00f3n de la misma. Hay que tener el cuenta que el sistema de atenci\u00f3n a la dependencia se financia por tres v\u00edas: Estado y Comunidades Aut\u00f3nomas (tambi\u00e9n Ayuntamientos) y participaci\u00f3n de lusuario en el coste de los servicios de acuerdo a sus ingresos o capacidad econ\u00f3mica. Con estos criterios se previ\u00f3 el coste total del sistema que se est\u00e1 cumpliendo m\u00e1s o menos adecuadamente, inlcuso con un incremento de la aportaci\u00f3n estatal a consecuencia de la crisis econ\u00f3mica y como un medio para mejorar su implantaci\u00f3n y activar el crecimiento econ\u00f3mico.<\/p>\n<p>P.- Sr. Caldera las plazas de residencias privadas que tienen un alto precio para el ciudadano y ahora que la crisis azota \u00bfno se deber\u00edan hacer p\u00fablicas con un coste mas bajo?. <\/p>\n<p>R.- P\u00fablicas es imposible, salvo que hubiera una oferta de venta a las Administraciones P\u00fablicas y \u00e9stas as\u00ed lo decidieran. Otra v\u00eda, la expropiatoria, por ejemplo, es inconcebible. El mejor sistema es la cooperaci\u00f3n. El SAD (Sistema de Atenci\u00f3n a la Dependencia) es un sistema p\u00fablico pero con prestaci\u00f3n de servicios tambi\u00e9n privados. Lo que se precisa es disponer de la suficietne financiaci\u00f3n entre todos, sistema p\u00fablico y aportaciones privadas, para que se puedan usar todos los recursos disponibles.<\/p>\n<p>P.- Si el coste es el mismo, sanidad valora el nivel del paciente en tres meses, \u00bfpor qu\u00e9 hacen sufrir a los ciudadanos afectados durante mas de un a\u00f1o, al menos en catalu\u00f1a, para empezar a cobrar las ayudas? Parece que no quieran repetir mandato.<\/p>\n<p>R.- Debemos tener presente la dificultad de implantaci\u00f3n de este nuevo sistema. Recuerdo que el despliegue e implantaci\u00f3n de los equipos de valoraci\u00f3n no fue sencillo. Los tiempos de espera est\u00e1n reduci\u00e9ndose, como debe ser. Tambi\u00e9n debemos considerar que la Ley establec\u00eda una aplicaci\u00f3n gradual y a veces se acumulan solicitudes que todav\u00eda no pueden ser atendidas. En todo caso, espero que, en este caso Catalu\u00f1a, haga lo posible por aliviar esas esperas.<\/p>\n<p>P.- Sr. Caldera, est\u00e1 satisfecho con el resultado de la Ley de Dependencia? Qu\u00e9 le parece que en algunas autonom\u00edas hayan surgido movimientos ciudadanos para defender la aplicaci\u00f3n de esta ley? <\/p>\n<p>R.- Cuando hay necesidades tan serias que atender, nunca se puede estar completamente satisfecho incluso con leyes tan ambiciosas como \u00e9sta. Pero he de decir que esta Ley era muy necesria y estoy seguro que ira mejorando su aplicaci\u00f3n poco a poco. Ya es irreversible, un nuevo derecho para todos y, desde ese punto de vista, me encuentro muy satisfecho.<\/p>\n<p>P.- \u00bfEs \u00e9tico que para solucionar el caos econ\u00f3mico, causado por las grandes corporaciones, se tengan que tocar los bolsillos de gente que llegamos justos al fin de mes?<\/p>\n<p>R.- Las cosas no son exactamente as\u00ed. En el caso de Espa\u00f1a no se ha prestado ninguna ayuda a Corporaci\u00f3n (supongo que se refiere a las financieras) alguna. Se les han concedido pr\u00e9stamos y participaciones que deber\u00e1n ser devueltas y, adem\u00e1s con intereses. La situaci\u00f3n no es f\u00e1cil, pero tiene raz\u00f3n en que ser\u00eda inadmisible que quienes no han generado la crisis y tienen problemas para llegar a fin de mes, sufragaran los excesos de los especuladores. Hay que regular mejor al sector financiero y gravar sus actividades (tasas e impuestos) con mayor justicia (me refiero a nivel global) y seguir protegiendo, como ocurre en Espa\u00f1a, a quien tiene m\u00e1s necesidades (especialmente a quien ha perdido el empleo)<\/p>\n<p>P.- A nivel pr\u00e1ctico, \u00bfque deber\u00edamos hacer los damnificados por la p\u00e9sima y malintencionada gesti\u00f3n del desarrollo de la Ley de Dependencia por parte de la Comunidad de Madrid?. Es un verdadera desverg\u00fcenza, \u00bfse puede hacer algo?<\/p>\n<p>R.- Elevar la cr\u00edtica para sensibilizar al Gobierno regional que tiene que considerar esta Ley como prioritaria. Es verdad que est\u00e1n a la cola de la gesti\u00f3n en Espa\u00f1a. El Gobierno ya ha tomado, de acuerdo con las Comunidades, alguna decisi\u00f3n muy importante como financiar la parte del EStado sobre vfdependientes formalmente reconocidos. Este es el \u00fanico camino: la presi\u00f3n social y pol\u00edtica para conseguirlo.<\/p>\n<p>P.- \u00bfExiste alg\u00fan mecanismo legal que pueda obligar a las autonom\u00edas a cumplir la Ley de la Dependencia? Gracias.<\/p>\n<p>R.- Ya contest\u00e9 otra pregunta similar. Es competencia de las Comunidades de acuerdo con nuestra Constituci\u00f3n. No hay mecanismo de ese g\u00e9nero, salvo condicionar la parte de financiaci\u00f3n que aporta el EStado al reconomiento efectivo y prestaci\u00f3n de servicios a los dependientes como ya se est\u00e1 haciendo. As\u00ed es nuestro sistema.<\/p>\n<p>P.- Buenas tardes. Quisiera preguntarle, \u00bfpor qu\u00e9 en la elaboraci\u00f3n de la ley no se definieron fuentes de financiaci\u00f3n como si han hecho otros pa\u00edses como Alemania y Francia? \u00bfNo cree que adem\u00e1s es un caos con 17 desarrollos distintos, uno en cada Comunidad Aut\u00f3noma? Un cordial saludo. <\/p>\n<p>R.- Hay un tronco normativo com\u00fan , que es la Ley. Todos deben seguir esos principios. Pero la gesti\u00f3n del sistema es Auton\u00f3mica, as\u00ed lo establece la Constituci\u00f3n. Luego es imposible invadir esa competencia auton\u00f3mica. Se definieron perfectamente las fuentes de financiaci\u00f3n cuando se elabor\u00f3 la ley, en la que una memoria econ\u00f3mica estableci\u00f3 todos los compromisos: Financiaci\u00f3n p\u00fablica compartida al 50% entre Estado y Comunidades y aportaciones del usuario de acuerdo a su capacidad econ\u00f3mica que representar\u00eda aproximadamente el 33% del coste global del sistema.<\/p>\n<p>P.- Buenas tardes, sr. Caldera. Qu\u00e9 opina de las recientes declaraciones del Presidente de la Xunta a este peri\u00f3dico diciendo que &#8220;la dependencia menos severa tendr\u00e1 que esperar un momento mejor&#8221;? Un saludo desde A Coru\u00f1a.<\/p>\n<p>R.- Habr\u00eda que hacer un esfuerzo por no demorar la implantaci\u00f3n de la Ley. Primero por que supone un nuevo derecho de ciudadan\u00eda y, segundo, porque es un motor de crecimiento econ\u00f3mico indispensable ahora y en el futuro.<\/p>\n<p>P.- No fue la promesa generar 300.000 puestos de trabajo? Ni llega a 10%. Somos una consultora y Microempresa y tuvimos mucha esperanza, la verdad es triste. En este pa\u00eds la pol\u00edtica lo pone dif\u00edcil a trabajar por el bien de las personas Mayores. Todo lo absorbe la Administraci\u00f3n y protegen al ciudadano como si fueramos ni\u00f1os que no saben elegir qu\u00e9 servicio quieren y que no. A veces lo de la Administraci\u00f3n no es la mejor opci\u00f3n ni la del tercer sector, quiz\u00e1s la m\u00e1s barata. <\/p>\n<p>R.- Bueno,de acuerdo con todas las estimaciones, esta Ley habr\u00e1 generado unos 90.000 empleos. Teniendo en cuenta que a\u00fan restan 4 o 5 a\u00f1os para su total implantaci\u00f3n s\u00ed creo que se alcancen las previsiones originales. Tambi\u00e9n creo que se debe mantener la estructura del sistema con la consideraci\u00f3n del tercer sector como uno de los gestores del sistema.<\/p>\n<p>P.- Se\u00f1or Caldera (no se si llegar\u00e9 a tiempo): Ustedes en el PSOE, han valorado a fondo las posibilidades que una buena Ley de Dependiencia, podr\u00eda generar en el Mundo Rural? No todos estos servicios deben estar en las grandes ciudades. <\/p>\n<p>R.- S\u00ed, claro, se tom\u00f3 en cuenta. Precisamente, en las negociaciones con la sComunidades Aut\u00f3nomas se tuvo muy en cuenta la dispersi\u00f3n territorial, el envejecimiento de la poblaci\u00f3n y otros factores como el medio rural . Por eso se flexibilizadon ciertos criterios, como la v\u00eda de cuidadores familiares, porque sab\u00edamos que en el medio rural iba a ser m\u00e1s necesaria su contemplaci\u00f3n que en el medio urbano.<\/p>\n<p>P.- \u00bfSer\u00eda posible un mecanismo de regularizacion de inmigrantes que actualmente prestan servicio como cuidadoras\/personal de servicio de dependientes y menores?<\/p>\n<p>R.- Hay una v\u00eda permanente, llamada arraigo social y que consiste en que si una persona ha estado residiendo tres a\u00f1os en el pa\u00eds y tiene una oferta de empleo (como puede ser el caso) puede obtener la documentaci\u00f3n de forma individual. Creo que es suficiente, desde luego ahora no es conveniente abrir procesos generales de regularizaci\u00f3n. El que se hizo en 2006 se debi\u00f3, sobre todo, a la petici\u00f3n de empresarios y sindicatos ante la evidencia de que hab\u00eda cientos de miles de personas trabajando ilegalmente en Espa\u00f1a y deb\u00eda regularizarse su situaci\u00f3n, algo que hoy no ocurre.<\/p>\n<p>P.- Sr Caldera, \u00bfpara cuando su vuelta a la primera l\u00ednea? Se le hecha de menos.<\/p>\n<p>R.- Gracias, estoy en primera l\u00ednea, pero de otra manera. La Fundaci\u00f3n Ideas es un precioso experimente desde el que contribu\u00edmos a proponer nuevas alternativas para resolver los problemas de los ciudadanos. Ahora tenemos tres crisis simult\u00e1neas, la econ\u00f3mico-financiera, la clim\u00e1tica y la de pobreza. Debemos resolver las tres con una respuesta progresista y solidaria, sino no habr\u00e1 futuro para nadie. A eso dedico ahora todos mis esfuerzos.<\/p>\n<p>P.- que sucede cuando,como en la comunidad de madrid, no se atiende a los pagos de las personas que tienen concedida una ayuda por dependencia y en cambio dicha Comunidad s\u00ed percibe la parte proporcional del Estado? NO deber\u00eda \u00e9ste actuar para resarcir al dependiente perjudicado y a s\u00ed mismo?<\/p>\n<p>R.- Creo que con las \u00faltimas medidas aprobadas por el Consejo Territorial de Dependencia eso no se puede hacer. ahora s\u00f3lo se aporta por persona reconocida y recibiendo servicios o prestaciones econ\u00f3micas.<\/p>\n<p>P.- Creo que somos muchos los espa\u00f1oles que le echamos en falta al frente del Ministerio de Trabajoy Asuntos Sociales, especialmente en estos momentos \u00bfVa volver?<\/p>\n<p>R.- Gracias por el apoyo. No depende de m\u00ed volver o no. Pero, en todo caso, sigo en el proyecto progresista ahora desde la Fundaci\u00f3n Ideas. Varios de nuestros informes han sido tomados en consideraci\u00f3n por el Gobierno, tanto en relaci\u00f3n con la energ\u00eda, como el nuevo modelo productivo y la pobreza en el mundo. Es otra forma de servir a una causa justa.<\/p>\n<p>P.- Buenos d\u00edas Sr. Caldera, me traen fritas las competencias. \u00bf Por que mi suegra, viuda con 75 a\u00f1os con su madre de 100 a su cargo, solo recibe una hora diaria de ayuda domestica? Ellas viven en Madrid. Y mi cu\u00f1ada con su madre, tres cuartos de lo mismo, lo dicho, las competencias. Gracias<\/p>\n<p>R.- No, eso no lo dicen las competencias. Eso lo dice una Comunidad negligente que no deber\u00eda tratar as\u00ed a quien lo necesita. En todo caso, lo que s\u00ed dicen las competencias es que las Comunidades gestionan el sistema y eso es imposible evitarlo. Lo que s\u00ed podemos hacer, y Trinidad Jim\u00e9nez est\u00e1 muy encima de ello, es mejorar el control sobre los recursos estatales que se proporcionan a las Comunidades Aut\u00f2nomas.<\/p>\n<p>P.- \u00bfQu\u00e9 medidas cree que son necesarias para mejorar la actual econom\u00eda sin recortar gastos sociales? \u00bfEs esto posible?<\/p>\n<p>R.- Debe serlo. Primero, estabilizar el sistema financiero (con las dosis de responsabilidad necesaria por su parte). Segundo, ayudar a la recuperaci\u00f3n econ\u00f3mica con medidas de est\u00edmulo de las que el Gobierno ha puesto en marcha unas 180 (s\u00ed, 180) hasta ahora. TErcero, proteger a los que peor lo pasan. Eso tambi\u00e9n es una forma de mejorar las perspectivas econ\u00f3micas. La paz y cohesi\u00f3n social son un intangible valios\u00edsimo. Y cuando la recuperaci\u00f3n vuelva, que volver\u00e1, lo primer ser\u00e1 sintentar garantizar empleo a todos ellos ( los que lo han perdido), eso s\u00ed, no se puede volver a la situaci\u00f3n anterior, sino dise\u00f1ar un modelo sostenible.<\/p>\n<p>P.- \u00bfQu\u00e9 se siente cu\u00e1ndo se crea una Ley (la de dependencia) que era absolutamente necesaria, y se ofrecen espectativas halag\u00fce\u00f1as, tanto a los dependientes como a los familiares de estos, que sufren la carga de la atenci\u00f3n, y que por una falta total de previsi\u00f3n o de dar prioridades a otras partidas, se deja a estas personas, no en el punto donde estaban, sino mucho m\u00e1s hundidos que antes y sin espectativas serias de futuro? Muchas gracias<\/p>\n<p>R.- Sinceramente, no creo que las cosas sean as\u00ed. Pusimos un enorme empe\u00f1o en esta Ley, y todo nuestro coraz\u00f3n tambi\u00e9n. Debemos exigir a todos su estricto cumplimiento. No es un gasto, es una inversi\u00f3n. Poco a poco se va consiguiendo, aunque una sComunidades funcionan mejor que otras. Para las que fallan, debemos exigirles el cumplimiento estricto de la misma.<\/p>\n<p>P.- En Alemania fomentan la salida de pensionistas a otros pa\u00edses con un nivel de adquisici\u00f3n m\u00e1s bajo (Yacarta, por ejemplo) donde su pensi\u00f3n les soluciona m\u00e1s y no emplean servicios p\u00fablicos en el propio pa\u00eds. \u00bfSe ha pensado en Espa\u00f1a alguna iniciativa de este tipo?<\/p>\n<p>R.- No creo que eso sea exactamente una pol\u00edtica alentada por Alemania. Ni me parece que sea efectiva ni deseable. La libertad de circulaci\u00f3n es b\u00e1sica y no se debe impedir para quien lo desee, pero estimularlo y menos con esas intenciones, tampoco.<\/p>\n<p>P.- \u00bfpor qu\u00e9 no se regula a nivel estatal el copago por los servicios de forma m\u00e1s exhaustiva? La aprobaci\u00f3n de unos criterios vagos permitiendo a las CC.AA. que los desarrollen, arroja unas importantes desigualdades&#8230; si la ley garantiza un derecho, porque pro el mismo servicios de Ayuda a Domicilio se paga m\u00e1s o menos, dependiendo de la CC.AA. en la que uno\/a viva&#8230;<\/p>\n<p>R.- Sin duda es un camino a recorrer. Ya hay unos principios generales pero deber\u00eda haber m\u00e1s homogeneidad, lo que ocurre, me consta, es que el acuerdo es dif\u00edcil pero s\u00e9 que el Gobierno de la Naci\u00e1n lo intenta. Ser\u00eda un buen modo de armonizar la aplicaci\u00f3n pr\u00e1ctica de esta ley.<\/p>\n<p>P.- \u00bfNo le parece que est\u00e1 Ley ten\u00eda que haber sido financiada a trav\u00e9s de la SSocial al 100x 100?. As\u00ed se garantizar\u00eda su financiaci\u00f3n y su desarrollo en las 17 Comunidades en igualdad como pasa con las pensiones que son iguales sea uno madrile\u00f1o, valenciano o andaluz, cosa que ahora no psa con la Ley de la Dependencia <\/p>\n<p>R.- Era una opci\u00f3n, con ventajas e inconvenientes. Ventajas: las que Vd indica, homoegeneidad en el sistema. Inconvenientes: Aumentar el coste del factor trabajo, luego con problemas para la generaci\u00f3n de empleo, y, sobre todo, que quien no estuviera afiliado al sistema no podr\u00eda recibir esa prestaci\u00f3n lo que contradice la universidalidad de este derecho. Igual que la Sanidad se desvincul\u00f3 del sistema de seguridad social, creo que hicimos bien en no incorporar un aumento de cotizaciones sociales pra financiar la Dependencia.<\/p>\n<p>P.- Se\u00f1or Caldera. Ante todo, felicitarle por la valent\u00eda que demostr\u00f3 en su d\u00eda al sacar adelante una pol\u00edtica de inmigraci\u00f3n con la que muchos no estaban de acuerdo. Gracias por estar del lado de los desfavorecidos. Qu\u00e9 pena que determinados empresarios esclavistas se hayan quedado sin la amenaza que pend\u00eda sobre ellos. Me comentan casos de constructores que est\u00e1n contratando a sin papeles \u00a1GRATIS!<\/p>\n<p>R.- Gracias, no hay nada mejor que reconocer derechos de ciudadan\u00eda a quien debe disfrutarlos. Fue muy positivo para el pa\u00eds. En t\u00e9rminos econ\u00f3micos, sociales y de todo tipo. Lo volver\u00eda a hacer, es una de las cosas m\u00e1s hermosas que hice en mi vida.<\/p>\n<p>P.- \u00bfPiensa que Zapatero pueda ser candidato en las pr\u00f3ximas elecciones?<\/p>\n<p>R.- \u00bfPiensa que Zapatero pueda ser candidato en las pr\u00f3ximas elecciones?<\/p>\n<p>P.- \u00bfQu\u00e9 opini\u00f3n le merece la actitud del Gobierno de la Comunitat Valenciana en cuanto a la aplicaci\u00f3n de la Ley de Dependencia?<\/p>\n<p>R.- Pues me parece que es deficiente, seguramente porque nunca le dieron mucha importancia a la pol\u00edtica social. Espero que haya un cambio pol\u00edtico que permita una mejor aplicaci\u00f3n de la misma.<\/p>\n","protected":false},"excerpt":{"rendered":"<p>Jes\u00fas Caldera, vicepresidente ejecutivo de la Fundaci\u00f3n Ideas, era ministro de Trabajo y Asuntos Sociales cuando se aprob\u00f3 la Ley de Dependencia. Han pasado tres a\u00f1os. \u00bfEst\u00e1 dando esta ley los resultados esperados? \u00bfSe han creado los puestos de trabajo que se preve\u00edan? Caldera ha charlado con los lectores sobre estas cuestiones.<br \/>\nFoto: Uly Mart\u00edn<\/p>\n","protected":false},"author":1,"featured_media":0,"comment_status":"open","ping_status":"open","sticky":false,"template":"","format":"standard","meta":{"footnotes":""},"categories":[],"tags":[],"class_list":["post-10239","post","type-post","status-publish","format-standard","hentry"],"_links":{"self":[{"href":"https:\/\/intervius.com\/index.html\/wp-json\/wp\/v2\/posts\/10239","targetHints":{"allow":["GET"]}}],"collection":[{"href":"https:\/\/intervius.com\/index.html\/wp-json\/wp\/v2\/posts"}],"about":[{"href":"https:\/\/intervius.com\/index.html\/wp-json\/wp\/v2\/types\/post"}],"author":[{"embeddable":true,"href":"https:\/\/intervius.com\/index.html\/wp-json\/wp\/v2\/users\/1"}],"replies":[{"embeddable":true,"href":"https:\/\/intervius.com\/index.html\/wp-json\/wp\/v2\/comments?post=10239"}],"version-history":[{"count":0,"href":"https:\/\/intervius.com\/index.html\/wp-json\/wp\/v2\/posts\/10239\/revisions"}],"wp:attachment":[{"href":"https:\/\/intervius.com\/index.html\/wp-json\/wp\/v2\/media?parent=10239"}],"wp:term":[{"taxonomy":"category","embeddable":true,"href":"https:\/\/intervius.com\/index.html\/wp-json\/wp\/v2\/categories?post=10239"},{"taxonomy":"post_tag","embeddable":true,"href":"https:\/\/intervius.com\/index.html\/wp-json\/wp\/v2\/tags?post=10239"}],"curies":[{"name":"wp","href":"https:\/\/api.w.org\/{rel}","templated":true}]}}