{"id":10234,"date":"2010-04-29T00:00:00","date_gmt":"2006-11-06T00:00:00","guid":{"rendered":"https:\/\/intervius.com\/index.html\/?p=10234"},"modified":"2006-11-06T00:00:00","modified_gmt":"2006-11-06T00:00:00","slug":"Javier_G-_Matallanas10234","status":"publish","type":"post","link":"https:\/\/intervius.com\/index.html\/Javier_G-_Matallanas10234\/","title":{"rendered":"Javier G. Matallanas"},"content":{"rendered":"<p>Pregunta.- Buenas Mata, como parece que va a ser su ultima temporada en el futbol espa\u00f1ol, me gustaria que me dieses tu opinion personal sobre Raul. Gracias<\/p>\n<p>Respuesta.- Ra\u00fal ha sido un futbolista muy completo, muy competitivo, con una carrera dilatada y exitosa, algo muy complicado en el Real Madrid. Sus n\u00fameros hablan por s\u00ed solos. Creo que su actitud ha sido buena en los \u00faltimos meses cuando le ha llegado la suplencia (recordad que empez\u00f3 esta Liga de titular), bastante mejor que la demostr\u00f3 por su no convocatoria a la Selecci\u00f3n, asunto que se enquist\u00f3 y en el que estuvo mal asesorado. Creo que podr\u00eda haber tenido mejor imagen de la que ya tiene, en general buena, pero el prefiri\u00f3 hablar en el campo. Su salida del Madrid debe ser elegante.<\/p>\n<p>P.- Hola Mata, soy madridista, pero como madrile\u00f1o prefiero que gane el atl\u00e9tico antes que otro equipo, mi pregunta es \u00bfno crees que quien gane la eliminatoria entre el atl\u00e9tico-liverpool es el m\u00e1ximo favorito para la europa league?, porque el otro d\u00eda vi el partido del Hamburgo-Fulham y la verdad es que son dos equipos bastante vulgares. <\/p>\n<p>R.- Coincido cotigo. Liverpool y Atl\u00e9tico tienen a priori mayor potencial, aunque una final suele ser impredecible. El Atl\u00e9tico debe volver a salir campe\u00f3n, lo necesita.<\/p>\n<p>P.- despues de ver jugar a etoo y diego milito de laterales no crees que en el bernabeu le pitarian a las primeras de cambio a mou <\/p>\n<p>R.- No creo que en el Bernab\u00e9u jugara as\u00ed nunca Mourinho. \u00a1No lo hizo ni Capello!<\/p>\n<p>P.- Hola Buenos dias. Dos cositas, la primera que envidia me das el que est\u00e9s all\u00ed viendo este partido , y la segunda, ayer viendo el partido del barcelona me fije que en la competici\u00f3n mas importante a nivel de clubes no jueg\u00e1n con un \u00e1rbitro, dos juezes de linea y dos juezes de area, sin contar con el \u00e1rbitro asistente y en la de esta noche si <\/p>\n<p>R.- Es que esa f\u00f3rmula la est\u00e1n experimentando en esta competici\u00f3n de la Europa League a ver como funciona. Lo cierto es que no est\u00e1 funcionando muy all\u00e1 porque los jueces de \u00e1rea no ven nada y na han tomado ninguna decisi\u00f3n ante jugadas clar\u00edsimas (recordemos el penalti a Zigic). Un beso!!!<\/p>\n<p>P.- Hola Mata, te sigo desde el 96 cuando estabas en 2\u00aa. a ver que te parecen 3 cositas: 1) Ag\u00fcero al Madrid es igual a dirigentes fuera a gorrazos 2) Al Bar\u00e7a tampoco porque est\u00e1 m\u00e1s tieso que la mojama 3) Al extranjero tampoco hasta que no sea comunitario y no se consigue la nacionalidad viviendo en Londres. Un saludo, genio.<\/p>\n<p>R.- Pues si que has aguantado sigui\u00e9ndome!!! Si cualquier equipo paga la cl\u00e1usula de Ag\u00fcero habr\u00e1 que venderle. La intenci\u00f3n de los dirigentes del Atl\u00e9tico no es traspasarlo, pero si el Kun quiere irse le facilitar\u00e1n su salida siempre por el importe de la cl\u00e1usula. Pero tampoco es tan grave si lo explican bien. Lo m\u00e1s probable es que se qued\u00e9 una temporada m\u00e1s. Y si quiere irse al Madrid el Kun u otro pues que fichen, los atl\u00e9ticos no le aplueden m\u00e1s y punto.<\/p>\n<p>P.- Hola Javier, \u00bfCu\u00e1l podr\u00eda ser una alineaci\u00f3n titular &#8220;factible&#8221; para la temporada que viene? Gracias, Salute<\/p>\n<p>R.- Vamos a esperar que termine la temporada&#8230; No ve gusta aventurarme. Gracias y salu2!<\/p>\n<p>P.- Mata, enrollate y pasanos algun chivatazo que seguro que tienes. Comprarias a Tiago por 8 kilos? largaran de una vez a raul garcia??? como ves lo de pedro leon??? gracias <\/p>\n<p>R.- Tiago lo comprar\u00e1n si se reduce el salario que tiene en la Juve que es muy alto. Sobre Ra\u00fal Gac\u00eda no s\u00e9 que tienen decidido. Lo de Pedro Le\u00f3n puede hacerse para compiten con el Atl\u00e9tico varios equipos. Pero Oscar, yo creo que hoy importa m\u00e1s la semifinal de esta noche que los fichajes de la pr\u00f3xima temporada!! Un abrazo!!!<\/p>\n<p>P.- Buenos dias. \u00bfcrees que para el partido de hoy en Anfield es mejor que juegen aguero y forlan juntos en ataque?\u00bfque opinas de la posibiladad de jurado detras de aguero? <\/p>\n<p>R.- Me gusta m\u00e1s para esta noche Jurada, que hizo un buen partido adem\u00e1s en la ida, con Ag\u00fcero y que Forl\u00e1n salga en la segunda mitad de refresco. <\/p>\n<p>P.- Hola Javier. te escribo desde la soleada Mallorca. Crees que Riquelme podr\u00e1 volver alg\u00fan d\u00eda al f\u00fatbol espa\u00f1ol? qu\u00e9 opini\u00f3n te merece como jugador? Gracias!<\/p>\n<p>R.- Me parece que es complicado su regreso, a no ser que redujese sus emolumentos. Me parece un gran futbolista, pero ya empieza su ocaso. Gracias a ti Xavi&#8230;<\/p>\n<p>P.- Hola Matador. Dudo mucho que Ra\u00fal renuncie a cobrar el contrato que le queda con el Madrid. \u00bfCrees que el Madrid le dar\u00e1 la carta de libertad cobrando hasta el \u00faltimo euro de su contrato?. Porque para eso, sinceramente, mejor que se quede en el equipo. Y si Ra\u00fal desea irse porque teme estar en el banquillo o grada, que el Madrid le deje marcharse gratis sin cobrar por su traspaso (y sin cobrar el a\u00f1o que le queda), por sus a\u00f1os de servicio al club..<\/p>\n<p>R.- Pase lo que pase, el Madrid pagar\u00e1 a Ra\u00fal el a\u00f1o que le resta de contrato. Cuenta con un contrato firmado y no tiene porque renunciar a \u00e9l, \u00bftu lo har\u00edas?<\/p>\n<p>P.- Pues ya falta casi nada y llega el mundial.. Brasil,Argentina y Espana creo que son los favoritos. que crees tu? quien crees que lo gana?<\/p>\n<p>R.- Espa\u00f1a, Brasil, Holanda, Argentina, Italia y Alemania, por ese orden son mis favoritos. Luego quien lo gane es complicado porque un Mundial es una competici\u00f3n con muchos matices, como los lesionados, las tarjetas, un mal d\u00eda te deja fuera&#8230; Deseo que lo gane Espa\u00f1a por supuesto y por primera vez realmente es favorito porque es la mejor selecci\u00f3n del mundo en los \u00faltimos tres a\u00f1os.<\/p>\n<p>P.- Saludos Mata, como se te presenta el dia por Liverpool???mucho ambiente rojiblanco por alli??Estar\u00e1 hoy Torres en Anfield??disfruta el dia. FORZA ATLETI<\/p>\n<p>R.- Ayer hac\u00eda una temperatura agradable, aunque siempre amenaza lluvia. Los aficionados del Atl\u00e9tico est\u00e1n llegando y habr\u00e1 un gran ambiente por las calles de Liverpool como hace un a\u00f1o y medio en Champions. Fernando Torres llegar\u00e1 a Liverpool a lo largo del d\u00eda y estar\u00e1 en Anfield presenciando el partido. Intentar\u00e9 disfrutar y lo cierto es que tengo ese cosquilleo en el est\u00f3mago que se siente en los d\u00edas de partido grande. Una abrazo!!! <\/p>\n<p>P.- buenos dias, para verano dicen que empezaran las obras del nuevo calderon , y la presentacion del proyecto, cuando , como donde . gracias<\/p>\n<p>R.- Se supone que en agosto ya estar\u00e1n las m\u00e1quinas por la antigua Peineta. No s\u00e9 decirte lo de la presentaci\u00f3n. salu2!!<\/p>\n<p>P.- Hola Matador. Te sigo con cierta frecuencia y en la mayor\u00eda de las ocasiones estoy de acuerdo contigo, pero el otro d\u00eda en una charla me dejaste &#8220;blanco&#8221; cuando propon\u00edas a Lass Diarra como fichaje para el Atleti.\u00bfEn serio? A mi no me parece tan bueno, corre alocadamente&#8230;\u00bfNo crees que Assunssao es tan bueno como \u00e9l?<\/p>\n<p>R.- Assun\u00e7ao es un buen futbolista y cumple en su funci\u00f3n, pero me parece m\u00e1s completo y mejor Lass Diarr\u00e1. No creo que vaya al Atl\u00e9tico, pero cuenta con todas las papeletas de ser traspasado por el Real Madrid y posiblemente le veamos en un equipo que compita por la final de Champions la pr\u00f3xima temporada.<\/p>\n<p>P.- ves a aguero vestido de blanco como publica as o es una estratagema de as para vender mas periodicos y si es asi que precio tendria y a quien ficharias con el pastizal<\/p>\n<p>R.- No es ninguna estragema de As, fueron las declaraciones de Sergio Ag\u00fcero en el Tirachinas de la Cope. Hace un par de a\u00f1os declar\u00f3 que no se fichar\u00eda &#8220;ni en pedo por el Madrid&#8221; y ahora dice que si fuera por el bien del Atl\u00e9tico podr\u00eda firmar, ya no se cierra en banda y ahora abre la puerta al Madrid, como titulaba As porque lo hab\u00eda declarado Kun. Primero que paguen la cl\u00e1usula y luego a fichar, que en el f\u00fatbol abunda mucho el cuento de la lechera. Un abrazo y gracias por ser un habitual de As.<\/p>\n<p>P.- \u00bfTwitear\u00e1s algo esta noche desde Anfield para tus incondicionales, Mata?<\/p>\n<p>R.- No lo descarto. A ver como van los nervios, ja ja ja. Un abrazo Javito!!!<\/p>\n<p>P.- En el partido de ida David De Gea tuvo muy poco trabajo. Hoy, ser\u00e1 todo lo contrario. Los Reds apretar\u00e1n de principio a fin y se volcar\u00e1n en busca de un gol que empate la eliminatoria. \u00bfCrees que De Gea ser\u00e1 el jugador clave de este encuentro?<\/p>\n<p>R.- Puede ser uno de los futbolistas destacados. El Liverpool apretar\u00e1 en el arranque del partido como siempre hace en Anfield, si el Atl\u00e9tico aguanta ese chaparr\u00f3n con porter\u00eda a cero tendr\u00e1 mucho ganado para estar en la final, porque creo que alg\u00fan gol marcar\u00e1. De Gea es una garant\u00eda.<\/p>\n<p>P.- Hola Javier&#8230;.. Aunque sea del Real Madrid, yo apoyo en Europa a los equipos espa\u00f1oles. \u00bftendr\u00e1 opciones este Atleti de plantarse en la final, y que no sientan la presi\u00f3n de Anfield?. No comulgo con B\u00e9nitez y espero que sean eliminados.<\/p>\n<p>R.- Yo hago lo mismo que tu con todos los equipos espa\u00f1oles, desde peque\u00f1o. El ambiente de Anfield ser\u00e1 duro, he vivido varias semifinales de Champions y la verdad es que The Kop aprieta, pero el Atl\u00e9tico tiene empaque y si juega como en la Copa y en esta Europa League si que tendr\u00e1 opciones. <\/p>\n<p>P.- Estimado Mata; Como todos los jueves, hoy iremos a la ciudad del futbol a jugar nuestra pachanga del mediodia, pero hoy con sabor a futbol (con permiso del Barcelona), vente un dia a jugar con el Rubio, R.Recio y cia. Mi pregunta es la siguiente: \u00bfCrees que la eliminatoria hubiese sido diferente con F. Torres (sea cual sea el resultado)? Con la razon y no el corazon&#8230; \u00bfQuien pasara esta noche? Saludos desde Las Rozas<\/p>\n<p>R.- Un d\u00eda me paso, Alvaro, seguro, el Rubio me invita siempre y marcarle goles a Rafa Recio siempre es un placer ja ja ja. Con la cabeza opino que con Torres el favorito ser\u00eda el Liverpool, Fernando es el 80 por ciento del aspecto ofensivo de los Reds. Con el coraz\u00f3n, prefiero que no haya jugado por m\u00e1s que me duela su lesi\u00f3n y que llegu\u00e9 a Sur\u00e1frica bien para hacernos campeones del mundo. Creo que pasa el Atl\u00e9tico. Un abrazo!!!<\/p>\n<p>P.- Hola, Mata. \u00bfNo crees vergonzosa la actuaci\u00f3n de Mou provocando en el Camp Nou al final del partido? Este merengue prefiere el porte de Pellegrini. Gracias.<\/p>\n<p>R.- Te sabes esa canci\u00f3n que populariz\u00f3 la La Lupe o Almodovar en Mujeres al borde de un ataque de nervios cuyo estribillo dice as\u00ed: &#8220;Teatro, lo tuyo es puro teatro, falsedad bien ensayada, estudiado simulacro&#8221;&#8230; Eso hace Mourinho, act\u00faa. Aunque su celebraci\u00f3n puede considerarse una provocaci\u00f3n, peor es poner los aspersores para cortar la celebraci\u00f3n del Inter. Y Guardiola corri\u00f3 toda la banda de Stamford Bridge para abrazar a Iniesta el a\u00f1o pasado y salt\u00f3 al campo al final&#8230; No creo que lo hiciera para provocar&#8230; Tengo bastantes amigos madridistas que consideran que su presencia en el Bernab\u00e9u ser\u00eda negativa para el Real Madrid, pero creo que Mou no actuar\u00eda as\u00ed si entrenara al Real Madrid. Y tampoco jugar\u00eda as\u00ed.<\/p>\n<p>P.- Sinceramente&#8230; un resultado y un titular para esta noche. Un saludo de un colchonero grana\u00edno con el estomago d\u00e1ndole vueltas!!<\/p>\n<p>R.- 1-1 El Atl\u00e9tico vuelve a la elite. O, El Atl\u00e9tico de Espa\u00f1a<\/p>\n<p>P.- Hola Javier&#8230;.. Por una parte me alegro de que el Bar\u00e7a haya ca\u00eddo eliminado solamente para que se callar\u00e1n algunos que estaban festejando cosas antes de tiempo. Creo que aprender\u00e1n. \u00bfA qui\u00e9n ves favorito para la Final de Champions?<\/p>\n<p>R.- Ser\u00e1 un partido competido, pero me gust\u00f3 mucho el Bayern en Lyon, f\u00edsicamente est\u00e1n muy bien y ese Robben es un tiro. Pero el Inter lo pondr\u00e1 muy dif\u00edcil y Mourinho quiere salir campe\u00f3n en el Bernab\u00e9u. No veo un claro favorito.<\/p>\n<p>P.- Buenas Mata, aunque lo mas seguro es que no salga esta pregunta, te la voy a hacer de todas maneras. \u00bfQue hay que hacer para que los jugadores del Bar\u00e7a dejen de pegarse esos &#8220;piscinazos\u00b4\u00b4? Jugaran muy bien, pero se pasan todo el partido por los suelos pidiendo cosas que seguramente ni ellos se creen&#8230;.<\/p>\n<p>R.- En el f\u00fatbol cada equipo utiliza sus armas. No creo que todos hagan pisicinazos, suelen ser dos: Alves y Busquets. Igual que juegan muy buen al f\u00fatbol pues tambi\u00e9n cuentan con su cuota biliardista&#8230; Pero creo que hay futbolistas as\u00ed en todos los equipos. Y ves como ha salido la pregunta!!! Si a veces no sale es porque me mand\u00e1is muchas y hay que seleccionar!!!<\/p>\n<p>P.- Buenas Mata, \u00bfque te parecio lo de los aspersores en el final del partido? El bar\u00e7a celebro de la misma manera su victoria en el Bernabeu, y nadie fue a decirles nada (Valdes a Mourinho) ni les pusimos los aspersores para que se mojasen, ahi se demuestra la grandeza de 1 club y de otro&#8230;.<\/p>\n<p>R.- De muy poco estilo y con muy poco senny. Coincido contigo absolutamente en tu reflexi\u00f3n y s\u00f3lo hab\u00edan ganado un partido de Liga, no se hab\u00edan clasificado para la final de la Champions. Un abrazo!!!<\/p>\n","protected":false},"excerpt":{"rendered":"<p>Javier G. Matallanas, adjunto a la direcci\u00f3n de AS, ha charlado con los lectores sobre la actualidad deportiva desde Liverpool, donde se ha desplazado para presenciar en directo el partido de vuelta de la Europa League entre el Atl\u00e9tico y los Reds. <\/p>\n<p>ARCHIVO DE ENTREVISTAS:<br \/>\n22 de abril &#8211; 15 de abril &#8211; 08 de abril &#8211; 25 de marzo &#8211; 18 de marzo &#8211; 11 de marzo &#8211; 04 de marzo &#8211; 26 de febrero &#8211; <18 de febrero - 11 de febrero - 04 de febrero - 28 de enero - 21 de enero - 14 de enero - 07 de enero - 31 de diciembre - 24 de diciembre - 18 de diciembre - 10 de diciembre - 3 de diciembre - 26 de noviembre - 19 de noviembre\n<\/p>\n","protected":false},"author":1,"featured_media":0,"comment_status":"open","ping_status":"open","sticky":false,"template":"","format":"standard","meta":{"footnotes":""},"categories":[],"tags":[],"class_list":["post-10234","post","type-post","status-publish","format-standard","hentry"],"_links":{"self":[{"href":"https:\/\/intervius.com\/index.html\/wp-json\/wp\/v2\/posts\/10234","targetHints":{"allow":["GET"]}}],"collection":[{"href":"https:\/\/intervius.com\/index.html\/wp-json\/wp\/v2\/posts"}],"about":[{"href":"https:\/\/intervius.com\/index.html\/wp-json\/wp\/v2\/types\/post"}],"author":[{"embeddable":true,"href":"https:\/\/intervius.com\/index.html\/wp-json\/wp\/v2\/users\/1"}],"replies":[{"embeddable":true,"href":"https:\/\/intervius.com\/index.html\/wp-json\/wp\/v2\/comments?post=10234"}],"version-history":[{"count":0,"href":"https:\/\/intervius.com\/index.html\/wp-json\/wp\/v2\/posts\/10234\/revisions"}],"wp:attachment":[{"href":"https:\/\/intervius.com\/index.html\/wp-json\/wp\/v2\/media?parent=10234"}],"wp:term":[{"taxonomy":"category","embeddable":true,"href":"https:\/\/intervius.com\/index.html\/wp-json\/wp\/v2\/categories?post=10234"},{"taxonomy":"post_tag","embeddable":true,"href":"https:\/\/intervius.com\/index.html\/wp-json\/wp\/v2\/tags?post=10234"}],"curies":[{"name":"wp","href":"https:\/\/api.w.org\/{rel}","templated":true}]}}