{"id":10228,"date":"2010-04-27T00:00:00","date_gmt":"2006-11-06T00:00:00","guid":{"rendered":"https:\/\/intervius.com\/index.html\/?p=10228"},"modified":"2006-11-06T00:00:00","modified_gmt":"2006-11-06T00:00:00","slug":"Inako_Diaz_Guerra10228","status":"publish","type":"post","link":"https:\/\/intervius.com\/index.html\/Inako_Diaz_Guerra10228\/","title":{"rendered":"I\u00f1ako D\u00edaz Guerra"},"content":{"rendered":"<p>Pregunta.- \u00bfSer del Atleti tiene algo que ver con la forma, suicida, de laburar que tiene Jos\u00e9 Tom\u00e1s?<\/p>\n<p>Respuesta.- Yo soy del Atleti y no tengo ning\u00fan esp\u00edritu suicida. En realidad tampoco me gustan nada los toros. Espero que Jos\u00e9 Tom\u00e1s y el toro se recuperen plenamente<\/p>\n<p>P.- Hola I\u00f1ako&#8230;&#8230; Rudy tras la derrota de su \u00faltimo partido puede terminar ya su temporada, seg\u00fan he escuchado yo, no esta muy contento en la NBA. \u00bfVolver\u00e1n Sergio Rguez y Rudy a la ACB?.<\/p>\n<p>R.- Me extra\u00f1ar\u00eda en ambos casos, aunque puede que a Sergio no le quede m\u00e1s remedio salvo que los Knicks le ofrezcan un contrato. En cuanto a Rudy, supongo que estar\u00e1 como loco por irse traspasado. Pero el a\u00f1o pasado demostr\u00f3 que tiene sitio all\u00ed y, si no se estanca, puede ser importante. Si logra salir de Portland y hu\u00edr de McMillan, seguir\u00e1<\/p>\n<p>P.- Buenas dias crack! como ves la eliminatoria del jueves? debo ser muy optimista pero la veo muy favorable para el atl\u00e9tico. Quique sacar\u00e1 al once de gala o tirar\u00e1 de &#8220;horchata&#8221; Jurado? gracias y un saludo!<\/p>\n<p>R.- Favorable , pero menos. Por mal que est\u00e9 el Liverpool, Anfield es un jugador de primer nivel en este tipo de partidos. Que le pregunten al Madrid que el a\u00f1o pasado sali\u00f3 pensando en contemporizar un rato y, cuando se quiso dar cuenta, perd\u00eda 3-0. Estaba Torres, s\u00ed, pero mucho ojito. Me gustar\u00eda pensar que Quique va a salir con el once de gala, pero tengo el feeling de que reservar\u00e1 a un delantero para la segunda parte. No se sabe a\u00fa, es s\u00f3lo una sensaci\u00f3n<\/p>\n<p>P.- Buenos d\u00edas crack!! Ah\u00ed van unas cuantas para que te mojes. Pero hay que mojarse eh&#8230; 1_ \u00bfDoblete del Atl\u00e9ti? 2_ \u00bfDoblete del Bar\u00e7a? 3_ \u00bfAg\u00fcero sigue el a\u00f1o que viene? 4_ \u00bfContin\u00faa Pitarch? 5_ \u00bfEspa\u00f1a en el Mundial? Gracias!! Un saludo!!<\/p>\n<p>R.- 1. Dos finales, un t\u00edtulo. 3. S\u00ed. 3. S\u00ed. 4. No. 5. Octavos<\/p>\n<p>P.- Buenos d\u00edas I\u00f1ako. El otro d\u00eda so\u00f1\u00e9 que el atl\u00e9tico de madrid hab\u00eda fichado a un tal &#8220;Leandro Cabrera&#8221;&#8230; \u00bfQu\u00e9 hay de cierto en mi sue\u00f1o?, \u00bfExiste ese muchacho en realidad o es un bulo?. Gracias crack!!<\/p>\n<p>R.- El chico entrena y va a las convocatorias. Debe ser majete y le llevan para animar, porque luego o es el descarte o se pasa el partido comiendo pipas. Es un misterio. Ha jugado hasta Pablo y \u00e9l, ni en Copa.<\/p>\n<p>P.- \u00bfQu\u00e9 opini\u00f3n tienes de Salvio?. a pesar de que la defensa de mi Tenerife es de las m\u00e1s blandas de Primera, me parece que este chaval apuntar\u00e1 alto en unos a\u00f1os.<\/p>\n<p>R.- S\u00ed, siempre me ha parecido que tiene mucho futuro. Tambi\u00e9n hace un par de semanas cuando ya tanto agorero hablaba de fiasco sin haberle visto m\u00e1s que dos ratitos. Lo que s\u00ed coincido contigo es que el partido del Tenerife es enga\u00f1oso, que es un equipo perfecto para un jugador as\u00ed y que a\u00fan le queda evolucionar. Por ejemplo, no queramos ya sacarle de titular en Anfield porque no est\u00e1 para eso<\/p>\n<p>P.- El otro d\u00eda le pregunt\u00e9 a tu compa\u00f1ero Matallanas sobre la opci\u00f3n de que el atleti venda a Simao por un precio m\u00e1s o menos bajo. Con 31 a\u00f1os ha dado todo lo que pod\u00eda dar, y ha tenido un gran papel en el club, pero no da m\u00e1s de s\u00ed y esta temporada es la mejor prueba que hay. Con ese poco dinero y alg\u00fan jugador que venda al Getafe con opci\u00f3n de recompra, \u00bffichar\u00edas a Pedro Le\u00f3n cuya clausula es de 10 millones? Con lo que est\u00e1 haciendo esta temporada no me lo pensaba. Y barato!<\/p>\n<p>R.- Lo e vender a Simao entra en los planes. Si el Benfica, sobre todo, o alg\u00fan ingl\u00e9s pagara unos 12 millones, adelante, yo creo. Me encanta Pedro Le\u00f3n, creo que su cl\u00e1usula son 12, pero tiene muchas novias. El City parec\u00eda muy interesado hace una semana, aunque como buen millonario le duran poco los caprichos. Veremos, pero ser\u00eda el adecuado para alternar con Reyes y Salvio en las bandas<\/p>\n<p>P.- Hola I\u00f1ako,soy madridista pero te sigo mucho todo lo q escribes. Ahora que parece que se va definitivamente, me gustar\u00eda q me definieras a Raul como jugador. Se q no es santo de tu devoci\u00f3n, pero si tuvieras que darle una nota del 1 al 10 cu\u00e1l ser\u00eda?? Gracias y un saludo <\/p>\n<p>R.- He aborrecido hist\u00f3ricamente a Ra\u00fal. No me atraen su estilo futbol\u00edstico ni su forma de desenvolverse. Siempre gris. Adem\u00e1s se ha dedicado a machacar sistem\u00e1ticamente al Atleti. Y como no ha guiado a la Selecci\u00f3n a \u00e9xitos tampoco se me ha hecho m\u00e1s cercano por ese lado como ha sucedido, por ejemplo, con Iker. Dicho todo esto ha sido un futbolista estupendo. Ha logrado una cosa incre\u00edble, siendo un7 en todas las facetas acabar siendoun 8 en el global. No m\u00e1s.<\/p>\n<p>P.- Buenos dias. Dos preguntas: \u00bfQu\u00e9 opini\u00f3n tiene de la prensa deportiva de este pa\u00eds? Y me refiero a programas como Punto Pelota, los informativos de Cuatro, y muchas de las actitudes que est\u00e1 tomando el Marca con sus portadas gilipoolezcas que no hacen otra cosa que acrecentar el antimadridismo. Por favor, sea sincero. Y dos, \u00bfQu\u00e9 pinta usted en su peri\u00f3dico, cuando, despu\u00e9s de que su Atleti, nuestro Atleti, gane la ida de una semifinal continental al Liverpool, y la portada sea para un jugador del Real Madrid que no ha jugado en toda la temporada? ESpero que no le hayan molestado, porque creo que usted es de los mejores periodistas que hoy en d\u00eda se pueden encontrar en la prensa deportiva. Un saludo<\/p>\n<p>R.- 1. Digamos que no consumo ese tipo de periodismo deportivo. 2. Lo de la portada ya lo he explicado otras veces. Se hace una portada de primera edici\u00f3n y luego se va cambiando en cada edici\u00f3n en funci\u00f3n de los intereses. As\u00ed que en Madrid la portada era entera del Atleti, lo que pasa es que en la web se cuelga la primera<\/p>\n<p>P.- Soy un madridista que disfruta mucho ley\u00e9ndote \u00bfNo te parece un crimen que no est\u00e9 Pet\u00f3n de alguna forma presente en el organigrama del Atleti? Es un fuera de serie, listo y muy atl\u00e9tico. Ya le quisiera yo en el Madrid en vez de alguno que otro&#8230; <\/p>\n<p>R.- Pet\u00f3n es mi amigo, as\u00ed que soy parcial. Yo tambi\u00e9n pondr\u00eda el Atleti en sus manos, pero en las suyas, no como parte de un organigrama con los actuales due\u00f1os al frente. Ah\u00ed ni tendr\u00eda sentido ni \u00e9l querr\u00eda estar<\/p>\n<p>P.- Parece que Granero est\u00e1 de mala leche por no jugar&#8230; \u00bfTe gustar\u00eda para el Atleti, o te recuerda un poco a Jurado? A m\u00ed siempre me ha gustado su talento, pero no s\u00e9 si soporta la presi\u00f3n de un grande.Un saludo<\/p>\n<p>R.- Me gusta Granero, aunque es cierto que tiene un puntito Jurado. Este a\u00f1o le he visto una actitud ap\u00e1tica en cuiertos partidos grandes del Madrid, el derbi \u00faltimo por ejemplo, que me hace sospechar que en equipos con presi\u00f3n nunca va a funcionar al cien por cien. <\/p>\n<p>P.- muy buenas i\u00f1ako. ac\/dc, black sabbath, guns n roses, ramones, led zeppellin, deep purpple&#8230;? te molan alguno? saludos!<\/p>\n<p>R.- Los Zeppelin son uno de mis grupos preferidos. Como buen adolescente de los \u00faltimos 80-primeros 90 tuve mi \u00e9poca fuerte con los GnR. Los dem\u00e1s me gustan, sobre todo, Ramones, pero menos <\/p>\n<p>P.- El otro d\u00eda en un programa de radio a pregunta de un periodista sobre las posibilidades de que se fuera alg\u00fan d\u00eda al Madrid, el Kun Ag\u00fcero respondi\u00f3 de manera muy confusa y equ\u00edvoca. A un crack como t\u00fa no hace falta que te explique la profunda desaz\u00f3n que nos causa a todos los colchoneros(yo soy abonado y sufridor desde tiempo inmemorial) esa falta de contundencia a estas alturas.\u00bfCu\u00e1ntos a\u00f1os le das tu al Kun en nuestro Atleti? Creo que es parte innegociable e irrenunciable de nuestro futuro si queremos volver a codearnos,sin comlejos,con Madrid y Bar\u00e7a.<\/p>\n<p>R.- S\u00ed, y ayer repiti\u00f3. Kun no es Torres. Si el Madrid paga la cl\u00e1usula y el Atleti no monta en c\u00f3lera y traga, \u00e9l estar\u00eda dispuesto a jugar all\u00ed. Aunque no es su opci\u00f3n preferida. Creo, o quiero creer, que Kun seguir\u00e1 el a\u00f1o que viene, pero no creo que m\u00e1s de 2 o 3 a\u00f1os, la verdad, salvo que el Atleti se ponga a ganar t\u00edtulos todos los a\u00f1os.<\/p>\n<p>P.- buena maquina mi pregunta es \u00bf Que hay de los jugadores aquellos del Sao Paulo los que adquiriamos derechos por el traspaso de Cleber? \u00bfpodrian llegar este verano? \u00bf si asi fuera tienen nivel para el Atletico de Madrid?<\/p>\n<p>R.- Podr\u00edan, pero no me voy a tirar aqu\u00ed un farol de si valdr\u00edan o no porque no lo s\u00e9. No los he visto. La Liga brasile\u00f1a me la perdono.<\/p>\n<p>P.- Hola I\u00f1ako, yo no tengo tan claro como tu el fichaje de tiago; es mucho dinero, y tiene 29 a\u00f1os, asi que esta en el claro declibe ede su carrera, ademas , estoy imposibilaria la llegada de uno mejor para su puesto. Crees que es posible que llegue LLorente?? con lo que den por forlan mas raul garcia seria suficiente?? Que me dices de pedro leon??? Muchas gracias, me gusta mucho esto de las entrevistas digitales.<\/p>\n<p>R.- Lo que pasa con Tiago es que juega en un puesto donde hay muy poca oferta, como se ha visto con lo que le ha costado al Atleti encontrar uno o al mismo Madrid hasta que lleg\u00f3 Xabi o mira ahora el Liverpool sin el donostiarra. Hay pocos mediocentros organizadores, ni pivotes defensivos ni mediapuntas, centrocampistas de toda la vida. En cuanto a la edad, Tiago tiene 29 a\u00f1os (28 hasta el 2 de mayo) poco cascados, porque en los \u00faltimos ha jugado poco. Eso cuenta mucho a la hora de prever su futuro. No est\u00e1 en declive y ya sabes que funciona en el Atleti, lo que nunca es sencillo. Yo creo que la relaci\u00f3n calidad-precio es buena. Me encantar\u00eda Llorente, pero me temo que el Athletic pedir\u00eda el oro y el moro. Quiz\u00e1s con esos cerca de 30 que t\u00fa dices, cuele, pero quiz\u00e1s sea demasiado <\/p>\n<p>P.- hola i\u00f1ako, tu alineaci\u00f3n para el mundial?buen dia!<\/p>\n<p>R.- Vald\u00e9s; Ramos, Puyol, Piqu\u00e9, Capdevilla; Busquets, Xavi; Navas, Silva; Villa y Torres<\/p>\n<p>P.- i\u00f1ako \u00bf te veremos algun dia en una tertulia futbolera?\u00bfme da la impresion q prefieres q te pisen un huevo antes de ir a un programa de estos<\/p>\n<p>R.- Depende la tertulia. Se puede hablar de deporte de un modo serio, interesante y divertido. Creo.<\/p>\n<p>P.- Buenos dias I\u00f1ako! una pregunta rapida&#8230;ves al sevilla fc en champions la temporada que viene??un saludo!<\/p>\n<p>R.- Pues quiero verle, para que te voy a enga\u00f1ar, pero cada vez que se lo pone a tiro el Mallorca, falla. A su favor, que los de Manzano a\u00fan reciben al Madrid y van a Bilbao y Coru\u00f1a. Y que el Atleti le va a regalar tres puntos envueltos y con lazo. Creo que entrar\u00e1. Aunque ojito al Villarreal<\/p>\n<p>P.- Dos rapidas. \u00bfcalderon o anfield? y \u00bfdurant o melo?<\/p>\n<p>R.- Las dos son, pap\u00e1 o mam\u00e1. Anfield y Durant por los pelos. Por regularidad en el primer caso y edad en el segundo<\/p>\n<p>P.- Buenos dias I\u00f1ako. \u00bfTan mal esta la cosa que dejan a Pitarch fuera del palco?, esto indica que seguir, no va a seguir, digo yo. \u00bfQuien esta mirando jugadores? \u00bfCerezo? \u00bfGil Marin?. Que planificacion o desplanificacion vamos a sufrir este a\u00f1o. \u00bfAlguien ha pensado en Radomir para ese puesto? <\/p>\n<p>R.- Supongo y espero que no seguir\u00e1. Hay una red de ojeadores del club por debajo de Pitarch, pero independientes de su continuidad, que son los que hacen la mayor\u00eda de los informes. No me extra\u00f1ar\u00eda que Amorrortu, el mejor colocado para el puesto, ya est\u00e9 al tanto de cosas. Yo he pensado en Radomir y veo que t\u00fa tambi\u00e9n. Me temo que ellos no<\/p>\n<p>P.- Hola Crack!! SOS Una duda importante (estoy pendiente de mi Atleti para pedirme los d\u00edas en el curro) Si el Atleti cae eliminado el jueves (espero que no) la final de Copa \u00bfpasar\u00eda seguro al 19? Leyendo hoy el as no parece tan seguro. <\/p>\n<p>R.- No. Si el Atleti cae eliminado, la final de Copa pasar\u00eda casi seguro al 13 de mayo<\/p>\n<p>P.- \u00bfc\u00f3mo ves las posibilidades de q si el atleti b entra en play off (ojala), \u00e9stos se jueguen en el calderon??? a mi me haria mazo de ilusion&#8230; a ver q hacemos con el alcala ste domingo (yo voy fijo), lo bueno sq dependemos d nosotros mismos pese a haber pinchado el otro dia, lo malo la presion&#8230; \u00bfcomo ves al b?<\/p>\n<p>R.- Estar\u00eda muy bien, pero desconozco como est\u00e1 el tema de fechas en cuanto a conciertos, etc&#8230; Me preocupa que en Segunda B en estas \u00faltimas jornadas todos los a\u00f1os pasan cosas rar\u00edsimas y los filiales tienden a salir perjudicados. A ver&#8230;<\/p>\n<p>P.- Hola, I\u00f1ako. Me alegra saber que te va bien. \u00bfVas a ir a Sud\u00e1frica? Espero que s\u00ed. <\/p>\n<p>R.- Hola, Javi, cuanto tiempo. Me alegra saber de ti. A Sur\u00e1frica no voy, donde espero ir es a Hamburgo. A ver si el Atleti no falla. Un abrazo<\/p>\n<p>P.- Hola I\u00f1ako,no te voy a preguntar sobre el Atletico sino por m\u00fasica y sabiendo tus gustos planeteros \u00bf qu\u00e9 te ha parecido el \u00faltimo disco de Los Planetas &#8220;Una opera egipcia&#8221;? espero que me publiquen la pregunta, gracias.<\/p>\n<p>R.- Publicada queda. No me gusta Una \u00d3pera Egipcia porque no me mola el rollo flamenco de Jota. No me interesa. respeto que un grupo ya veterano evolucione, me parece loable y meritorio y todo lo que se quiera, pero mis Planetas son los del siglo pasado<\/p>\n<p>P.- hola i\u00f1ako, ves similitudes entre este posible doblete y el del 96?, es que recuerdo que se presum\u00eda no de doblete sino de triplete y ah\u00ed tenemos al B a punto de clasificarse para el playoff de ascenso.<\/p>\n<p>R.- Es muy diferente. Aquel Atleti jugaba de cine y este a ido avanzando a tirones. Y una Liga son palabras mayores. Ah\u00ed no hay suerte que valga. Pero en cuento al filial s\u00ed, lo que espero es que a esta generaci\u00f3n se le saque m\u00e1s provecho que a aquella&#8230;<\/p>\n<p>P.- hola I\u00f1ako. Me gust\u00f3 el otro d\u00eda cuando hablabas del petete Correa, &#8220;poseedor de mas talento que ganas de explotarlo&#8221;. Definici\u00f3n perfecta. Dado que la misma situaci\u00f3n se puede aplicar a Jurado, te pregunto \u00bfque puede mover a un t\u00edo que lo tiene todo para ser un \u00eddolo a quedarse en la mediocridad? Y no considero a Jurado mediocre, pero s\u00ed un serio candidato a tal condici\u00f3n. Saludos.<\/p>\n<p>R.- No es el mismo caso. Jurado s\u00ed es profesional, si le pone ganas, pero es que su forma de jugar es esa y f\u00edsicamente siempre va a andar justo. A\u00fan as\u00ed, y pese a ciertos partidos desesperantes, su temporada est\u00e1 siendo bastante aceptable<\/p>\n<p>P.- I\u00f1ako,unas de basket \u00bfa quien prefieres para el Estu en play-off el Madrid o el Tau?\u00bfSabes si hay alguien de la cantera destacable para el a\u00f1o proximo?<\/p>\n<p>R.- Siempre al Madrid. Veo pocas opciones en cualquier caso y prefiero jug\u00e1rmelas a poder re\u00edrme durante varias semanas.<\/p>\n<p>P.- \u00bfque puedo hacer para conseguir una entrada para la final de copa?\u00bfdonde puedo conseguirla?no me fio de las paguinas webs que dicen que la venden&#8230; por circunstancias de la vida ya no soy abonado y me encuentro un poco perdido, pero pagaria lo que fuese&#8230;<\/p>\n<p>R.- Por ahora no te f\u00edes porque no se han puesto a la venta a\u00fan. Pero luego seguramente la \u00fanica opci\u00f3n que te quede sea alg\u00fan tipo de reventa, porque supongo que los abonados copar\u00e1n todas. o encuentra a un abonado que no vaya a ir y te la pille<\/p>\n<p>P.- \u00bfhe de mantener mi fe en el &#8220;sueco chiflado&#8221;?\u00bfma\u00f1ana har\u00e1 algo?espero poder seguir defendi\u00e9ndole y no tener que oir m\u00e1s comparaciones con Eto\u00b4o de mis amigos.\u00bftu tambi\u00e9n tienes fe en el &#8220;sueco chiflado&#8221;?\u00bfcrees que est\u00e1 haciendo una buena temporada?.Muchas gracias<\/p>\n<p>R.- Tampoco est\u00e1 Etoo rompi\u00e9ndola en el Inter. Yo al sueco siempre le mantengo la fe y cuando a final de a\u00f1o miremos sus n\u00fameros, ser\u00e1n buenos<\/p>\n","protected":false},"excerpt":{"rendered":"<p>El redactor del Diario AS I\u00f1ako D\u00edaz-Guerra analiza cada semana la situaci\u00f3n del Atl\u00e9tico de Madrid. El periodista ha charlado con los lectores sobre la situaci\u00f3n deportiva que atraviesa el club del Manzanares as\u00ed como otros temas tan mundanos como el baloncesto, la m\u00fasica o el cine.<\/p>\n<p>TWITTER DE I\u00d1AKO D\u00cdAZ-GUERRA <\/p>\n<p>ARCHIVO DE ENTREVISTAS:<\/p>\n<p>20 de abril &#8211; 13 de abril &#8211; 06 de abril &#8211; 30 de marzo &#8211; 23 de marzo &#8211; 16 de marzo &#8211; 09 de marzo &#8211; 02 de marzo &#8211; 23 de febrero &#8211; 16 de febrero &#8211; 09 de febrero &#8211; 02 de febrero &#8211; 27 de enero &#8211; 20 de enero &#8211; 12 de enero &#8211; 05 de enero &#8211; 29 de diciembre &#8211; 22 de diciembre &#8211; 16 de diciembre &#8211; 10 de diciembre &#8211; 01 de diciembre &#8211; 24 de noviembre &#8211; 17 de noviembre &#8211; 10 de noviembre &#8211; 6 de noviembre &#8211; 3 de noviembre &#8211; 27 de octubre &#8211; 20 de octubre &#8211; 13 de octubre &#8211; 06 de octubre &#8211; 29 de septiembre &#8211; 22 de septiembre &#8211; 15 de septiembre &#8211; 08 de septiembre &#8211; 01 de septiembre &#8211; 25 de agosto &#8211; 18 de agosto &#8211; 11 de agosto &#8211; 27 de julio &#8211; 21 de julio &#8211; 14 de julio &#8211; 07 de julio &#8211; 30 de junio &#8211; 23 de junio &#8211; 16 de junio &#8211; 09 de junio &#8211; 02 de junio -26 de mayo -19 de mayo &#8211; 12 de mayo &#8211; 05 de mayo &#8211; 28 de abril &#8211; 21 de abril &#8211; 14 de abril &#8211; 07 de abril &#8211; 24 de marzo &#8211; 17 de marzo &#8211; 10 de marzo &#8211; 3 de marzo &#8211; 24 de febrero &#8211; 10 de febrero &#8211; 17 de febrero &#8211; 13 3 de enero &#8211; 2 3 de diciembre &#8211; 2 de diciembre &#8211; 25 de noviembre &#8211; 4 de noviembre &#8211; 18 de noviembre &#8211; 4 de noviembre &#8211; 11 de noviembre &#8211; 4 de noviembre &#8211; 24 de octubre &#8211; 7 de octubre &#8211; 30 de septiembre &#8211; 23 de septiembre &#8211; 16 de septiembre<\/p>\n","protected":false},"author":1,"featured_media":0,"comment_status":"open","ping_status":"open","sticky":false,"template":"","format":"standard","meta":{"footnotes":""},"categories":[],"tags":[],"class_list":["post-10228","post","type-post","status-publish","format-standard","hentry"],"_links":{"self":[{"href":"https:\/\/intervius.com\/index.html\/wp-json\/wp\/v2\/posts\/10228","targetHints":{"allow":["GET"]}}],"collection":[{"href":"https:\/\/intervius.com\/index.html\/wp-json\/wp\/v2\/posts"}],"about":[{"href":"https:\/\/intervius.com\/index.html\/wp-json\/wp\/v2\/types\/post"}],"author":[{"embeddable":true,"href":"https:\/\/intervius.com\/index.html\/wp-json\/wp\/v2\/users\/1"}],"replies":[{"embeddable":true,"href":"https:\/\/intervius.com\/index.html\/wp-json\/wp\/v2\/comments?post=10228"}],"version-history":[{"count":0,"href":"https:\/\/intervius.com\/index.html\/wp-json\/wp\/v2\/posts\/10228\/revisions"}],"wp:attachment":[{"href":"https:\/\/intervius.com\/index.html\/wp-json\/wp\/v2\/media?parent=10228"}],"wp:term":[{"taxonomy":"category","embeddable":true,"href":"https:\/\/intervius.com\/index.html\/wp-json\/wp\/v2\/categories?post=10228"},{"taxonomy":"post_tag","embeddable":true,"href":"https:\/\/intervius.com\/index.html\/wp-json\/wp\/v2\/tags?post=10228"}],"curies":[{"name":"wp","href":"https:\/\/api.w.org\/{rel}","templated":true}]}}