{"id":10225,"date":"2010-04-27T00:00:00","date_gmt":"2006-11-06T00:00:00","guid":{"rendered":"https:\/\/intervius.com\/index.html\/?p=10225"},"modified":"2006-11-06T00:00:00","modified_gmt":"2006-11-06T00:00:00","slug":"Maldini10225","status":"publish","type":"post","link":"https:\/\/intervius.com\/index.html\/Maldini10225\/","title":{"rendered":"Maldini"},"content":{"rendered":"<p>Pregunta.- Wenas Julio, estube viendo la Copa \u00c1frica de este a\u00f1o y hubo un jugador de Angola que llam\u00f3 mucho mi atenci\u00f3n: Mabin\u00e1. No crees que deber\u00eda salir del Petro Atl\u00e9tico de Angola e ir a Europa, creo que calidad suficiente tiene<\/p>\n<p>Respuesta.- Hola Kuran. Recuerdo bien a Mabin\u00e1, lateral derecho con mucho recorrido aunque si no me equivoco jug\u00f3 alg\u00fan partido por la izquierda. Pienso como t\u00fa, de momento no ha salido de Angola pero deber\u00eda haberlo hecho. <\/p>\n<p>P.- Hola Maldini dicen que el Arsenal va a hacer un fuerte desembolso este verano para acabar con los 5 a\u00f1os de sequia de t\u00edtulos, se dice que chamakh esta casi hecho, sabes algo m\u00e1s de posibles fichajes. Un saludo<\/p>\n<p>R.- S\u00ed que Chamack est\u00e1 casi cerrado, pero aun solo casi. Espero m\u00e1s fichajes, pero sobre todo que Wenger siga dando cancha a la gente joven. No veo al Arsenal siendo el principal motor del mercado futbol\u00edstico, francamente. <\/p>\n<p>P.- Hola Maldini, una pregunta personal que siempre me pregunta mi sobrino. Cuando no est\u00e1s trabajando o viendo f\u00fatbol, \u00bfa qu\u00e9 dedicas tu tiempo? Un saludo crack<\/p>\n<p>R.- Familia, mis hijas, cine, algo de m\u00fasica. Pero la verdad es que suelo estar trabajando y m\u00e1s ahora en \u00e9poca de pre mundial. Luego llegar\u00e1 el momento de las vacaciones, <\/p>\n<p>P.- Hola Julio. Me gustar\u00eda saber tu opini\u00f3n acerca de Kamel Ghilas ( quien te gusta m\u00e1s como delantero centro para Argelia, Ghezzal o \u00e9l?). Si puede ser me gustar\u00eda que alg\u00fan d\u00eda dijeras tu once ideal de Argelia para el mundial. Gracias crack y sigue as\u00ed.<\/p>\n<p>R.- Hola Juan, para delantero centro no me gustan ni Ghezzal ni Gilas, creo que Ghezzal rinde m\u00e1s por detr\u00e1s de un punta pero Saadane al final creo que le pondr\u00e1 de nueve. Como &#8220;trequartista&#8221; en el Siena le hemos visto jugar bien. En la Gu\u00eda AS que publicaremos antes del mundial ver\u00e1s un an\u00e1lisis detallado de los 23 convocados por Argelia, el t\u00e9cnico, el equipo tipo, las variantes t\u00e1cticas etc. DE Argelia y de los otros 31. <\/p>\n<p>P.- Hola Julio, \u00bfCu\u00e1ndo saldr\u00e1 la gu\u00eda AS del Mundial?<\/p>\n<p>R.- Obviamente d\u00edas antes de empezar el mundial, estamos trabajando en ello y espero que sea la Gu\u00eda de referencia. En ello estamos,. <\/p>\n<p>P.- Le Tissier, Shearer, Bobby Moore, Giresse, Caminero, Kiko, Giggs, Zanetti, Socrates, Valeron, Barnes, Juninho Pernambucano&#8230;etc. creo que ya vas viendo el denominador comun, jugadores que tecnicamente no tienen nada que envidiar a los grandes de la historia pero que eligieron pasar sus carreras en equipos fuera de la elite. Que te parece este modelo de jugador que parece se esta perdiendo? Falta alguien en la lista?<\/p>\n<p>R.- Me parece un gran modelo, y desde luego hay enorme talento en tu lista. Aunque muchos de ellos no llegaron a un grande por no tener grandes ofertas. Barnes jug\u00f3 en el Liverpool, Zanetti casi toda su carrera en Inter, estos s\u00ed que jugaron en grandes-<\/p>\n<p>P.- Hola Maldini, que tal? \u00bfTe parece que gareth Bale es un lateral izquierdo tan bueno como para ir a un Real Madrid?\u00bfQue te parece Van den Borre?Por \u00faltimo,\u00bfPor qu\u00e9 Dunga no lleva a Pato a la selecci\u00f3n? A mi parecer es el mejor delantero brasile\u00f1o. Un saludo.<\/p>\n<p>R.- Hola Pablo. Bale me parece de nivel Real Madrid, s\u00ed. Quiz\u00e1 ahora mismo el mejor lateral izquierdo del momento. Van den Borre est\u00e1 claramente estancado. Lo de Pato habr\u00eda que pregunt\u00e1rselo a Dunga, pero mucho tiene que ver con el grupo que ya tiene armado. <\/p>\n<p>P.- Muy buenas Maldini que tal?Siempre he tenido admiracion por Enzo Scifo. Como lo definirias tu?Tendria hueco en el once del Madrid?Gracias y saludos.<\/p>\n<p>R.- Hola Oscar. Scifo era un jugador fenomenal, de mucha calidad, ordenado, un centrocampista que jugaba y hac\u00eda jugar. En su d\u00eda se habl\u00f3 de que pod\u00eda firmar por el Real Madrid, pero qued\u00f3 en nada. <\/p>\n<p>P.- Hace poco postraste en twitter que ya hab\u00edas grabado la 3\u00aasesi\u00f3n de comentarios para ProEvolutionSoccer 2011. Mi pregunta es, \u00bfen esta nueva entrega tambi\u00e9n vendr\u00e1n modificadas vuestras voces debido a una mala selecci\u00f3n de la frecuencia de muestreo del audio de dichos comentarios? Apenas \u00e9rais (Carlos Martinez y t\u00fa) reconocibles. \u00bfSabes el por qu\u00e9 de ese fallo? Muchas gracias. Un saludo y enhorabuena por tus cr\u00f3nicas y an\u00e1lisis.<\/p>\n<p>R.- Hola Juan Luis. S\u00ed justo ahora estamos grabando las voces del PES 2011. No s\u00e9 mucho de temas t\u00e9cnicos pero seguro que todo lo que haya que mejorar se mejorar\u00e1. No tengas dudas. <\/p>\n<p>P.- Julio no crees que con tanta lesion de ultima hora y tanto jugador tocado estan bajando las posibilidades de Espa\u00f1a para el mundial, que porcentajes les das a estos equipos para proclamarse campeones del mundo: Espa\u00f1a, Brasil, Inglaterra, Alemania y Argentina, gracias por contestar.<\/p>\n<p>R.- Vamos a ver como llega Iniesta, y tb Cesc, son las dos dudas. Favorito para m\u00ed Espa\u00f1a, despues Brasil. No creo mucho en Alemania, la verdad<\/p>\n<p>P.- Hola Maldini, el otro dia al comentar la delantera de alemania para el mundial en Play futbol, no diste el nombre de Thomas Muller, \u00bfNo crees que Low lo lleve tras su buena tenporada?, y crees que Toni kroos tiene opciones de ir al mundial<\/p>\n<p>R.- Creo que Muller va a ir, pero dudo que juegue de nueve. Contra Argentina jug\u00f3 a la derecha en su debur con la selecci\u00f3n. Creo que Alemania jugar\u00e1 con un punta y est\u00e1 entre G\u00f3mez y Klose, Podolski por detr\u00e1s a la izda y quiz\u00e1 Muller derecha. S\u00ed creo que Kroos ir\u00e1 convocado. <\/p>\n<p>P.- hola julio ..muy buen jugador Pablo Daniel Osvaldo de espa\u00f1ol que te parece \u00bfcomo que no triunfo en italia? .<\/p>\n<p>R.- Hola Emilio. Me ha sorprendido Osvaldo, sinceramente pensaba que lo har\u00eda peor y as\u00ed lo dije. Me equivoqu\u00e9, entono el mea culpa y me alegro por \u00e9l y por el Espanyol. Para jugar como \u00fanico punta por su movilidad ha aportado mucho. <\/p>\n<p>P.- \u00bfCrees que la Juve acabar\u00e1 4\u00aa? Para mi que ir\u00e1 el vencedor del Palermo Sampdoria, aunque veo favoritos a los visitantes que cuentan con un jugador en un gran estado de forma(Cassano) y un gran goleador(Pazzini). \u00bfCrees que ir\u00e1n al Mundial ambos jugadores?<\/p>\n<p>R.- No creo que la Juve acabe cuarta, faltan solo 9 puntos. Dif\u00edcil partido de pronosticar el Palermo-Samp. No me atrevo. Cassano no va al mundial (y bien que lo va a lamentar Lippi), Pazzini ya veremos, ahora no est\u00e1 claro.<\/p>\n<p>P.- buenas crack \u00bfComo ves la eliminatoria de vuelta en Anfield?<\/p>\n<p>R.- Complicada. Dura para los dos, pero sin Torres el Liverpool pierde demasiado. Necesita un ritmo alto de partido y tendr\u00e1 opciones. Del Atleti creo que Quique ha crecido una barbaridad como entrenador, lo demostr\u00f3 en Turquia ante el Galatasaray. Y gracias por el nick!!<\/p>\n<p>P.- Buenas Julio, como parece que va a ser su ultima temporada en el futbol espa\u00f1ol, me gustaria que me dieses tu opinion personal sobre Raul. Gracias<\/p>\n<p>R.- Hola Juan. Para m\u00ed Ra\u00fal enorme profesional, un siete u ocho en todo y sumado todo eso ha salido un jugador sobresaliente. Aun as\u00ed siempre v\u00ed exagerado lo de que pod\u00eda ser bal\u00f3n de oro. Pero no salen muchos jugadores como \u00e9l. <\/p>\n<p>P.- Buenas Julio. No podr\u00ecas haber hecho una mejor entrada en tu blog que la de Mourinho, parece que te ley\u00f2.Veamos, soy cul\u00e9 y ando muy preocupado por hoy, no porque no tenga fe, que la tengo, sino porque creo que tenemos un problema mucho m\u00e0s importante en el cero del campo de lo que parece. Nos falta Iniesta (como casi todo el a\u00f1o) y eso nos quit ritmo (como casi todo el a\u00f1o). Keita no sabe mover la pelota, aunque ayude mucho en los apyos y coberturas y si nos ahogan a Xavi veo dif\u00eccil que la pelota fluya como solo sabemos hacerla jugar: r\u00e0pido. Lo que podr\u00eca pasar es que Messi retrase su posici\u00f2n (como vimos en el Meazza) y, por lo tanto, perdamos mordida en ataque. Conclusi\u00f2n: necesitamos a alguien de enlace que sepa mover la pelota con velocidad (un sustituto de Iniesta). Yo propondr\u00eca jugar con Henry, Ibra y Pedrito en ataque dejando a Messi dicha funci\u00f2n. O darle una oportunidad a Tour\u00e9 que la toca mucho mejor que Keita. Tu que opinas?<\/p>\n<p>R.- Yo con el Barcelona sigo pensando lo mismo. Desde el punto de vista colectivo no est\u00e1 al nivel de la excelencia de la temporada pasada, pero tiene a un Messi aun mejor. Y eso compensa lo otro. En el caso de Xavi e Iniesta uno m\u00e1s uno en este caso no son dos., es mucho m\u00e1s. Controlar a ambos para el rival es imposible, con uno solo es m\u00e1s factible. Espero que Messi no quiera hacerlo todo \u00e9l solo ma\u00f1ana. <\/p>\n<p>P.- hola crack.\u00bfQue te parecen las jovenes promesas de la liga italiana jovetic, pastore y hamsik?\u00bfCon cual te quedarias?<\/p>\n<p>R.- Hamsik no he hecho una buena temporada pero es un jugador que me gusta por la llegada que tiene. Pastore y JOvetic hacen un f\u00fatbol m\u00e1s vistoso, con m\u00e1s t\u00e9cnica individual. De los tres me quedo con Jovetic, pero me gustan los tres. <\/p>\n<p>P.- Buenos dias Don Maldini. Sneijder va estar recuperado para ma\u00f1ana, seguro. Crees que Mourinho va a salir como en la ida y como contra el Chelsea, con Sneijder y 3 puntas? Gracias crack<\/p>\n<p>R.- Hola Otmar, eres un cl\u00e1sico por aqu\u00ed. S\u00ed, creo que saldr\u00e1 Snejder m\u00e1s tres puntas como hizo en Londres ante el Chelsea. Aunque los puntas trabajen a destajo como Pandev o Etoo, pero son puntas al fin y al cabo. S\u00ed, trabajan, claro, pero no mete a Muntari y s\u00ed a Pandev, esa es la diferencia. <\/p>\n<p>P.- hola.\u00bfComo ves la eliminatoria entre el lyon y el bayern?\u00bfQuien crees que va a pasar?\u00bfCrees que pjanic puede ir a un grande de la liga espa\u00f1ola o inglesa?<\/p>\n<p>R.- Hola Miguel. Complicado, el Bayern tiene bajas pero ahora mismo est\u00e1 m\u00e1s en forma que el Lyon que tiene que llevar la iniciativa. Creo que pasar\u00e1 el Bayern pero es un partido muy abierto. <\/p>\n<p>P.- Maldini, de un cul\u00e9, dos preguntas rapidas, \u00bfcomo ves el partido de ma\u00f1ana ante el Inter?, \u00bfConsiderarias logico lo que se rumorea de que se va a incluir a bojan en una oferta por clichy?<\/p>\n<p>R.- Hola Manuel. He contestado antes sobre el partido. Veo un Bar\u00e7a dominando, un Inter muy agresivo con balones largos a Milito. Es dif\u00edcil. No es el Arsenal o el Stuttgart que dieron tantas facilidades atr\u00e1s. Evidentemente el Bar\u00e7a al cien por cien deber\u00eda pasar, sobre todo si el \u00e1rbitro no permite el juego demasiado duro. <\/p>\n<p>P.- hola.\u00bfQuien crees que se va a llevar la liga alemana?\u00bfy la italiana? \u00bfQue te parece subotic del borussia de dortmund?<\/p>\n<p>R.- Bayern e Inter. Subotic me gusta, buena salida de bal\u00f3n y agresivo cuando hay que serlo. Creo que ser\u00e1 suplente en el mundial. Antic prefiere un central zurdo al lado de Vidic. El puesto era para Drago, pero con su lesi\u00f3n deber\u00eda ser para Lukovic. Ya veremos. <\/p>\n","protected":false},"excerpt":{"rendered":"<p>El periodista experto en f\u00fatbol internacional acude a su cita semanal con los lectores. Maldini ha charlado con los internautas sobre la actualidad del f\u00fatbol internacional. <\/p>\n<p>ARCHIVO DE ENTREVISTAS:<br \/>\n20 de abril de 2009 &#8211; 13 de abril de 2009 &#8211; 06 de abril de 2009 &#8211; 23 de marzo de 2009 &#8211; 16 de marzo de 2009 &#8211; 09 de marzo de 2009 &#8211; 02 de marzo de 2009 &#8211; 23 de febrero de 2009 &#8211; 16 de febrero de 2009 &#8211; 09 de febrero de 2009 &#8211; 03 de febrero de 2009 &#8211; 26 de enero de 2009 &#8211; 19 de enero de 2009 &#8211; 12 de enero de 2009 &#8211; 05 de enero de 2009 &#8211; 22 de diciembre de 2009 &#8211; 15 de diciembre de 2009 &#8211; 9 de diciembre de 2009 &#8211; 1 de diciembre de 2009 &#8211; 3 de noviembre de 2009 &#8211; 27 de octubre de 2009 &#8211; 20 de octubre de 2009 &#8211; 13 de octubre de 2009 -29 de septiembre de 2009 &#8211; 22 de septiembre de 2009 &#8211; 15 de septiembre de 2009 &#8211; 08 de septiembre de 2009 &#8211; 01 de septiembre de 2009 &#8211; 25 de agosto del 2009 &#8211; 18 de agosto del 2009 &#8211; 11 de agosto del 2009 &#8211; 04 de agosto del 2009 &#8211; 23 de junio del 2009 &#8211; 16 de junio del 2009 &#8211; 09 de junio del del 2009 &#8211; 02 de junio del 2009 &#8211; 26 de mayo del 2009 &#8211; 19 de mayo del 2009 &#8211; 12 de mayo del 2009 &#8211; 5 de mayo del 2009 &#8211; 28 de abril del 2009 &#8211; 21 de abril del 2009 &#8211; 14 de abril del 2009 &#8211; 7 de abril del 2009 &#8211; 31 de marzo del 2009 &#8211; 10 de marzo del 2009 &#8211; 3 de marzo del 2009 &#8211; 24 de febrero del 2009 &#8211; 17 de febrero del 2009 &#8211; 11 de febrero del 2009 &#8211; 3 de febrero del 2009 &#8211; 27 de enero del 2009 &#8211; 13 de agosto del 2008 &#8211; 28 de junio del 2008 &#8211; 6 de junio del 2008 <\/p>\n<p>TWITTER DE MALDINI <\/p>\n","protected":false},"author":1,"featured_media":0,"comment_status":"open","ping_status":"open","sticky":false,"template":"","format":"standard","meta":{"footnotes":""},"categories":[],"tags":[],"class_list":["post-10225","post","type-post","status-publish","format-standard","hentry"],"_links":{"self":[{"href":"https:\/\/intervius.com\/index.html\/wp-json\/wp\/v2\/posts\/10225","targetHints":{"allow":["GET"]}}],"collection":[{"href":"https:\/\/intervius.com\/index.html\/wp-json\/wp\/v2\/posts"}],"about":[{"href":"https:\/\/intervius.com\/index.html\/wp-json\/wp\/v2\/types\/post"}],"author":[{"embeddable":true,"href":"https:\/\/intervius.com\/index.html\/wp-json\/wp\/v2\/users\/1"}],"replies":[{"embeddable":true,"href":"https:\/\/intervius.com\/index.html\/wp-json\/wp\/v2\/comments?post=10225"}],"version-history":[{"count":0,"href":"https:\/\/intervius.com\/index.html\/wp-json\/wp\/v2\/posts\/10225\/revisions"}],"wp:attachment":[{"href":"https:\/\/intervius.com\/index.html\/wp-json\/wp\/v2\/media?parent=10225"}],"wp:term":[{"taxonomy":"category","embeddable":true,"href":"https:\/\/intervius.com\/index.html\/wp-json\/wp\/v2\/categories?post=10225"},{"taxonomy":"post_tag","embeddable":true,"href":"https:\/\/intervius.com\/index.html\/wp-json\/wp\/v2\/tags?post=10225"}],"curies":[{"name":"wp","href":"https:\/\/api.w.org\/{rel}","templated":true}]}}