{"id":10211,"date":"2012-04-26T00:00:00","date_gmt":"2006-11-06T00:00:00","guid":{"rendered":"https:\/\/intervius.com\/index.html\/?p=10211"},"modified":"2006-11-06T00:00:00","modified_gmt":"2006-11-06T00:00:00","slug":"Emilio_Sanchez_Mediavilla10211","status":"publish","type":"post","link":"https:\/\/intervius.com\/index.html\/Emilio_Sanchez_Mediavilla10211\/","title":{"rendered":"Emilio S\u00e1nchez Mediavilla"},"content":{"rendered":"<p>Pregunta.- &#8220;A sangre fr\u00eda&#8221; es una de mis novelas favoritas, \u00bfcu\u00e1l es tu libro favorito sobre el periodismo narrativo? <\/p>\n<p>Respuesta.- Nuestros gustos preiod\u00edsticos (hablo tambi\u00e9n en nombre de mis socios de editorial, Alvaro Lorca, Guillermo L\u00f3pez y Alberto S\u00e1zez) son promiscuos y seguramente contradictorios. Te citar\u00e9 algunos: desde Los \u00e1ngeles del infierno, de Hunter S.Thompshon, a los fuegos artificiales de Tom Wolfe pasando por la prosa socarrona de Pla, la frialdad deJohn Hershey en Hiroshima&#8230;Nuesto \u00faltimo descubrimiento es Gottland (publicado por Acantilado), de Mariusz Szczygiel. <\/p>\n<p>P.- buenas, Emilio: enhorabuena por la valent\u00eda y&#8230; \u00bfqu\u00e9 fue lo que os hizo decidiros por dar el paso y poner en marcha la editorial? Asier<\/p>\n<p>R.- Una mezcla de insensatez y frustraci\u00f3n laboral. La idea surge en un tejado de Madrid y el pacto qued\u00f3 sellando entre latas de Mahou. Cuando quisimos arrepentirnos ya era demasiado tarde<\/p>\n<p>P.- Emilio, \u00bfcomo ves la problematica actual en torno de las editoriales en Espa\u00f1a?me encanto el libro de &#8220;Mata a tus idolos&#8221;!!<\/p>\n<p>R.- Mata a tus \u00eddolos en un libro maravilloso. Fue un descubrimiento de \u00c1lvaro, que cuando se pone a curiosear descubre artilugios asombrosos. En cuanto al sector editorial, me preocupa la r\u00e1pida rotaci\u00f3n de las novedades en librer\u00edas. Es muy dif\u00edcil que un libro vaya conquistando a los lectores poco a poco, boca a boca. Los A veces da la sensaci\u00f3n de que la vida del libro muere a las dos semanas de salir a la venta. Pasado este tiempo llegan las temidas devoluciones, cada m\u00e1s numerosas. <\/p>\n<p>P.- Hola, Emilio. Enhorabuena por lanzarte a un proyecto as\u00ed en un momento como \u00e9ste. \u00bfQu\u00e9 m\u00e1s libros ten\u00e9is en mente? \u00bfAlguno de ensayos sobre el futuro del periodismo? \u00bfAlg\u00fan recopilatorio de blogueros? \u00bfY para cu\u00e1ndo uno de viajes en plan Kapucinski? \u00bfY obras de escritores latinoamericanos? \u00a1Gracias!<\/p>\n<p>R.- En junio publicaremos D\u00eda de Visita, de Marcos \u00c1viles, un periodista peruano de la cantera de la revista Etiqueta Negra (posiblemente la mejor revista de periodismo narrativo es espa\u00f1ol). Los ensayos y las recopilaciones nos dan m\u00e1s pereza. Personalmente el futuro del periodismo me preocupa muy poco. No nos interesan las discusiones bizantinas metaperiod\u00edsticas. Y en cuanto a Kapucinski, cualquier d\u00eda me planto en las oficinas de Anagrama y les exijo los derechos de publicaci\u00f3n a punta de pistola. Kapu es uno de los nuestros.<\/p>\n<p>P.- \u00bfNo crees que hay una &#8220;dictadura&#8221; total con la edici\u00f3n de libros sobre f\u00fatbol? \u00bfPara cu\u00e1ndo otros deportes?<\/p>\n<p>R.- Hasta ahora hemos publicado libros sobre torturadores estadounidenses, freelances espa\u00f1oles en ciudades sitiadas, cr\u00f3nica cultural sobre el Nueva York de los 70. Nos apetec\u00eda un capricho aparentemente m\u00e1s ligero y nos apeteci\u00f3 echar una mirada ir\u00f3nica y melanc\u00f3lica al mundo del f\u00fatbol. Entiendo tu sensaci\u00f3n de dictadura, pero nuestra colecci\u00f3n de Hooligans ilustrados se aleja mucho de los libros deportivos tradicionales. Andres Trapiello ha escrito una hermosa rese\u00f1a sobre Una insolencia, el libro del Bar\u00e7a de Marcos Abal y apuntaba precisamente a esa idea: en hooligans ilustrados el f\u00fatbol es tan solo un excusa para hablar de la infancia, los recuerdos y los ajustes de cuenta.<\/p>\n<p>P.- \u00bfPara cu\u00e1ndo alg\u00fan libro sobre traineras? <\/p>\n<p>R.- En Libros del K.O. (que se escuche en todo el mundo) hay una gran pasi\u00f3n por las traineras. El que escribe defiende los colores de Pedre\u00f1a. Mis socios se mueven entre la ignorancia y Orio.<\/p>\n<p>P.- Emilio, en la p\u00e1gina web de libros del KO aparece el lema &#8220;todo va a ir mal, y nos parece estupendo&#8221; \u00bfes original o se lo habeis copiado a Rajoy?<\/p>\n<p>R.- La frase es original y se le ocurri\u00f3 a Guillermo en unos de esos arrebatos de nihilismo luminoso que experimenta cuando apoyo el codo en una barra de bar. Luego Rajoy nos lo copi\u00f3, claro. Pero Mariano lo dice con mucha menos gracia. Es la diferencia entre un se\u00f1or mostacho y una barba desganada.<\/p>\n<p>P.- Felicidades por el proyecto. \u00bfC\u00f3mo surgi\u00f3 la idea de la serie &#8220;hooligans ilustrados&#8221;? Mas en general, \u00bfc\u00f3mo funcion\u00e1is, pedis proyectos de libros a los autores o se ofrecen ellos con algunas ideas? Gracias<\/p>\n<p>R.- Seamos sinceros: Hooligans ilustrados nace de un rechazo. Con el dinero de mi despido me march\u00e9 a Jerusal\u00e9n con la idea de pedirle un libro a Enric Gonz\u00e1lez. Por entonces la editorial solo exist\u00eda en nuestras cabezas. Qued\u00e9 con Enric Gonz\u00e1lez con el cebo de una entrevista que nunca sali\u00f3 publicada. Al segundo caf\u00e9 le dije: &#8220;voy a montar una editorial y quiero que escribas tus memorias period\u00edsticas con nosotros&#8221;. Entonces Enric me miro y dijo la gran frase: &#8220;Yo es que ya tengo editora. Es rubia y con ojos azules, cosas que obviamente no puedo decir de ti&#8221;. Como los editores del KO sabemos combinar la megaloman\u00eda con la sensatez, yo llevaba un plan b, en forma de capricho que Enric no podr\u00eda rechazar: &#8220;escribe entonces un peque\u00f1o libro sobre f\u00fatbol, unas memorias sentimentales sobre el Espanyol&#8221;. Las palabras &#8220;Espanyol&#8221; y &#8220;libro peque\u00f1o&#8221; sirvieron para convencer al periodista perezoso m\u00e1s genial. Despu\u00e9s de eso, pensamos que ser\u00eda una buena idea continuar con la colecci\u00f3n. Y aqu\u00ed est\u00e1n todos: Antonio Luque (Sr.Chinarr sobre el Betis), Manuel Jabois, Ram\u00f3n Lobo, Julio Ruiz, Marcos Abal&#8230;<\/p>\n<p>P.- Emilio, \u00bfd\u00f3nde viste el Mundial de Sud\u00e1frica? \u00bfqu\u00e9 momento te pareci\u00f3 m\u00e1s especial?<\/p>\n<p>R.- El Mundial lo vi en diferentes bares de Malasa\u00f1a y en un b\u00fanker secreto en la Prospe. La final, por eso del discurso sentimental del anuncio de Mahou, lo vi con mis padres en Santander. Fue un error. Mis padres ignoraban que fuese un fan\u00e1tico indocumentado y se asustaron. Mientras celebraba el gol de Iniesta mi madre dijo una de esas frases de madre: &#8220;pero hombre, si no es para tanto&#8221;<\/p>\n<p>P.- Hola Emilio, bravo por lanzaros al mundo editorial. Mi pregunta es bastante directa, espero no importunarte. En cuanto a n\u00fameros puros y duros \u00bfSe puede vivir de esto? \u00bfCuales son los mayores obst\u00e1culos que encontr\u00e1is? \u00bfHay que hacer muchos malabares? Bueno son 3 preguntas, jeje. Gracias!<\/p>\n<p>R.- Nuestro objetivo es poder vivir de esto. De momento malvivimos dos de los cuatro socios (lo otros dos mantienen sus respectivos trabajos). Obviamente con las cifras actuales es inviable, pero llevamos solo 6 meses editando libros. Ninguna empresa, y menos una editorial especializada en periodismo, puede cumplir sus objetivos en tan poco tiempo. Yo creo que s\u00ed conseguiremos vivir los cuatro de Libros del K.O. Maybe not today, maybe not tomorrow, but soon<\/p>\n<p>P.- Emilio \u00bfno crees que &#8220;holligan&#8221; e &#8220;ilustrado&#8221; son adjetivos incompatibles?<\/p>\n<p>R.- Esa era precisamente la ida de la colecci\u00f3n: jugar con ese aparente ox\u00edmoron. Es un t\u00edtulo provocativo que pretende tambi\u00e9n derribar prejuicios. Bueno, esta \u00faltima frase es bastante solemne y tampoco te la creas del todo. En serio, nos parec\u00eda muy divertido unir el fanatismo irracional de un Marca o Sport con la prosa y la iron\u00eda de algunos de nuestros periodistas favoritos. Y quer\u00edamos que gente que odia el f\u00fatbol entienda y se identifique con la emoci\u00f3n del hincha. El libro va dedicado a esos amigos que te dicen entre asombrados y escandalizados: &#8220;No entiendo c\u00f3mo te puede gustar el f\u00fatbol&#8221;. Aritz, Palop, si me est\u00e1is leyendo, leer estos libros.<\/p>\n<p>P.- Buenos d\u00edas, Emilio. Primero enhorabuena por vuestro proyecto, con los libros publicados hasta ahora hab\u00e9is conseguido una selecci\u00f3n de t\u00edtulos y autores magn\u00edficos. Pero se nota una ausencia de mujeres en ambos sentidos. \u00bfTen\u00e9is en mente publicar a alguna periodista o alg\u00fan tema relacionado con mujeres? Un saludo y mis condolencias por el partido de ayer.<\/p>\n<p>R.- A las condolencias de ayer, sumo las del martes y el s\u00e1bado, querida cul\u00e9. Tienes raz\u00f3n de que hasta ahora no hay mujeres en nuestro cat\u00e1logo, pero no es ni mucho menos una l\u00ednea buscada, solo casualidad. Al fin y al cabo solo llevamos seis meses. Eso si, por el camino hemos intentado seducir a periodistas como Leila Guerrieiro. Pero es que las mujeres sois muy dif\u00edciles.<\/p>\n<p>P.- \u00bfDicen que es usted todo un &#8220;Gutista&#8221;? Defina y ampl\u00ede este concepto&#8230; y si habr\u00e1, o no habr\u00e1 libro del K.O. al respecto.<\/p>\n<p>R.- Habr\u00e1 un perfil de Guti, tipo New Yorker, que publicaremos al finales de 2015. Ser\u00e9 su sombra durante un a\u00f1o. Iremos a Estambul, haremos la quiniela juntos y conduciremos nuestras motos por las calles de Bangok. Ah, y la definici\u00f3n: Guti es Baudelaire con botas. Segurola dixit<\/p>\n<p>P.- Como editor de los ilustrados amantes del futbol \u00bfque le parece que el Sr. Wert, que rebaja las becas, aumenta las tasas, despide profesores y pertenece a un gobierno que recorta salarios o hace a los pensionistas enfermos adelantar el dinero de sus medicinas para recuperarlo 6 meses despues, conceda a los clubes de futbol una moratoria de 8 a\u00f1os para pagar las deudas que tienen con todos los espa\u00f1oles?<\/p>\n<p>R.- Como amantes del f\u00fatbol, estamos avergonzados por su impunidad fiscal. Y ahora m\u00e1s que nunca. Wert siempre da un poco de miedo. Estamos esperando al d\u00eda en que aplique un impuesto de lujo al libro.<\/p>\n<p>P.- \u00bfUn periodista nunca tira la toalla? <\/p>\n<p>R.- Nunca. Y si lo hace, que no se note.<\/p>\n<p>P.- Se ha escrito mucho sobre el Barcelona en los \u00faltimos meses, y el tono de los libros tiende a la metaf\u00edsica o a la autocomplacencia. \u00bfDe qu\u00e9 va el libro del Barcelona de esta colecci\u00f3n? Gracias.<\/p>\n<p>R.- El libro del Bar\u00e7a de esta colecci\u00f3n, de Marcos Abal, se aleja much\u00edsimo del discurso oficial del Bar\u00e7a. Esa es una din\u00e1mica que se repite en todos nuestros libros. En ellos no hay se\u00f1or\u00edo ni ej\u00e9rcitos simb\u00f3licos. El de Abal son los recuerdos de un ni\u00f1o de provincias que elige la melancol\u00eda y los tonos oto\u00f1ales cul\u00e9s frente a la euforia de luces de centro comercial del Madrid<\/p>\n<p>P.- \u00bfHab\u00e9is pensado en traducir vuestros libros a otros idiomas?<\/p>\n<p>R.- Por supuesto. Si alguna editorial se anima, ya sabe donde encontrarnos<\/p>\n<p>P.- Emilio, enhorabuena por todos los libros que hab\u00e9is publicado hasta ahora. \u00bfCu\u00e1les son los pr\u00f3ximos proyectos de Libros del K.O.? \u00bfTendremos m\u00e1s entregas de Hooligans ilustrados?<\/p>\n<p>R.- El pr\u00f3ximo libro es Plomo en los bolsillos, un libro sobre el Tour de Francia escrito por el mayor talento del periodismo espa\u00f1ol: Ander Izagirre. Est\u00e1 narrado como un cuento fant\u00e1stico que le narra un abuelo a su nieto en la cama. Hay que leer a Ander. Su prosa es humilde y transparente. Aunque \u00e9l es un poco cabr\u00f3n: me ha invitado a San Sebasti\u00e1n para ver en Anoeta c\u00f3mo el Racing de Santander baja a segunda divisi\u00f3n.<\/p>\n<p>P.- Muy buenas Emilio. Yo quer\u00eda mandarte una sugerencia y una pregunta. En primer lugar, animarte a que te lances a escribir algo de primera mano, que yo se que andas sobrado de talento. En segundo lugar, quer\u00eda saber si teneis previsto incorporar todos vuestros libros al soporte digital. <\/p>\n<p>R.- Todos nuestros libros est\u00e1n publicados en versi\u00f3n digital. Lo sacamos a la venta el mismo d\u00eda que en papel y a precios muy competitivos&#8230; Y en cuanto a lo de escribir yo algo, la verdad es que me traigo entre manos un par de planes asombrosos.<\/p>\n","protected":false},"excerpt":{"rendered":"<p>La editorial Libros del K.O. pretende recuperar el libro como formato period\u00edstico, desde el reportaje a los obituarios. Su \u00faltima colecci\u00f3n, Hooligans ilustrados, se centra en la pasi\u00f3n deportiva con las firmas de Enric Gonz\u00e1lez, Ram\u00f3n Lobo, Antonio Luque (l\u00edder de se\u00f1or Chinarro) y Julio Ruiz, entre otros. Emilio S\u00e1nchez Mediavilla, uno de los fundadores de la editorial, charlar\u00e1 con los lectores sobre este y otros proyectos.<\/p>\n","protected":false},"author":1,"featured_media":0,"comment_status":"open","ping_status":"open","sticky":false,"template":"","format":"standard","meta":{"footnotes":""},"categories":[],"tags":[],"class_list":["post-10211","post","type-post","status-publish","format-standard","hentry"],"_links":{"self":[{"href":"https:\/\/intervius.com\/index.html\/wp-json\/wp\/v2\/posts\/10211","targetHints":{"allow":["GET"]}}],"collection":[{"href":"https:\/\/intervius.com\/index.html\/wp-json\/wp\/v2\/posts"}],"about":[{"href":"https:\/\/intervius.com\/index.html\/wp-json\/wp\/v2\/types\/post"}],"author":[{"embeddable":true,"href":"https:\/\/intervius.com\/index.html\/wp-json\/wp\/v2\/users\/1"}],"replies":[{"embeddable":true,"href":"https:\/\/intervius.com\/index.html\/wp-json\/wp\/v2\/comments?post=10211"}],"version-history":[{"count":0,"href":"https:\/\/intervius.com\/index.html\/wp-json\/wp\/v2\/posts\/10211\/revisions"}],"wp:attachment":[{"href":"https:\/\/intervius.com\/index.html\/wp-json\/wp\/v2\/media?parent=10211"}],"wp:term":[{"taxonomy":"category","embeddable":true,"href":"https:\/\/intervius.com\/index.html\/wp-json\/wp\/v2\/categories?post=10211"},{"taxonomy":"post_tag","embeddable":true,"href":"https:\/\/intervius.com\/index.html\/wp-json\/wp\/v2\/tags?post=10211"}],"curies":[{"name":"wp","href":"https:\/\/api.w.org\/{rel}","templated":true}]}}