{"id":10206,"date":"2012-04-25T00:00:00","date_gmt":"2006-11-06T00:00:00","guid":{"rendered":"https:\/\/intervius.com\/index.html\/?p=10206"},"modified":"2006-11-06T00:00:00","modified_gmt":"2006-11-06T00:00:00","slug":"Inako_Diaz_Guerra10206","status":"publish","type":"post","link":"https:\/\/intervius.com\/index.html\/Inako_Diaz_Guerra10206\/","title":{"rendered":"I\u00f1ako D\u00edaz Guerra"},"content":{"rendered":"<p>Pregunta.- Hola crack,\u00bf Bob Dylan o Leonar Cohen?.<\/p>\n<p>Respuesta.- Me encantan Cohen, pero soy profundamente dylaniano. Por el personaje, por la trascendencia, por las letras, por todo. Blonde on Blonde es uno de mis 3 o 4 discos preferidos. Blood on the tracks no anda lejos.<\/p>\n<p>P.- Muy buenas I\u00f1ako!!Alguna vez has recibido alguna propuesta para asistir a programas tipo Punto Pelota?La pregunta de consultorio la dejo para otra ocasion..aun me estoy lamiendo las heridas jaja.Gracias y cuidate!!<\/p>\n<p>R.- No. Hay relaciones que ambas partes saben imposibles y ni se plantean. <\/p>\n<p>P.- Hola figura. Hoy quien estamos m\u00e1s fellices, \u00bflos torristas de siempre o los madridistas? Un abrazo y gracias por tu consejo de Berl\u00edn, fue excepcional.<\/p>\n<p>R.- Los madridistas. Un alto porcentaje de los torristas quer\u00edamos que marcase, pero pasara el Bar\u00e7a. As\u00ed que sensaci\u00f3n agridulce. Para el madridismo s\u00f3lo dulce. Y, por cierto, me parece lo normal. A ver si abandonamos ya el cinismo ese de que alegrarse de que pierda tu n\u00e9mesis est\u00e1 mal. Siempre que sea con buen rollo, es parte importante de la gracia de esto. Eso s\u00ed, agradecer\u00eda luego que cuando los atl\u00e9ticos vayan esta noche con el Bayern no se ofenda nadie ni digan eso de que es de equipo peque\u00f1o&#8230; <\/p>\n<p>P.- Una sentimental I\u00f1ako. Me encanta mi novia pero la vecina del quinto me pone mil desde que me mud\u00e9. Qu\u00e9 hago? Por el atleti no te preocupes que Falcao va a marcar en el minuto tres. As\u00ed te lo digo.<\/p>\n<p>R.- Pues, hombre, primero convendr\u00eda saber si la vecina del quinto piensa parecido o si comenta con sus amigas que el vecino nuevo le da mal rollo porque la desnuda con la mirada. Si piensa lo mismo, la siguiente pregunta clave es si vives s\u00f3lo o con tu novia. Si vives con tu novia, ni se te ocurra. Se iba a enterar en menos de lo que tardas en decir Haz las maletas.<\/p>\n<p>P.- Hola I\u00f1ako, de verdad es lamentable el final del caso Barca. Me surge una inquietud, \u00bfser\u00e1 verdad que no hay que el equipo cul\u00e9 no fallo en nada, como dijo su entrenador? Me temo que se quieren enmascarar las fallas. Cu\u00e1l es tu opini\u00f3n, cual o cuales son las falencias que fueron desnudadas? <\/p>\n<p>R.- Ostras, me cuesta entender del todo la pregunta por el tema ling\u00fc\u00edstico, pero interpreto que t\u00fa s\u00ed ves fallos graves en este triste final de temporada del Bar\u00e7a. Yo no tanto. Los ha habido, sin duda, pero por juego el Bar\u00e7a mereci\u00f3 sin duda eliminar al Chelsea y tampoco hubiera sido milagroso que ganase al Madrid, al que domin\u00f3. Pero claro que ha habido falllos. M\u00e1s que nunca la preferencia de Guardiola por las plantillas cortas se ha acabado notando. A la hora de la verdad, Tello o Cuenca (que lo han hecho bien y van a ser jugadores \u00fatiles) no son lo que te tienen que sacar las casta\u00f1as del fuego. La lesi\u00f3n de Villa dej\u00f3 un agujero enorme porque no hab\u00eda otro delantero de verdad en la plantilla y se ha acabado notando en los asedios f\u00fatiles en Londres o a ratos contra el Madrid. Pero si Messi mete el penalti seguramente ahora estar\u00edamos hablando de que sigue el gran Bar\u00e7a. No conviene apresurarse a sentenciar a un equipo por caer en una semifinal de Champions que mereci\u00f3 ganar y perder la Liga ante otro equipazo.<\/p>\n<p>P.- Hola I\u00f1ako. \u00bfUna final Chelsea-Real Madrid supondr\u00e1 el triunfo del catenaccio como modelo de juego para los pr\u00f3ximos a\u00f1os?<\/p>\n<p>R.- No. Para empezar el Madrid juega a algo que nada tiene que ver con el catenaccio, guste m\u00e1s o guste menos<\/p>\n<p>P.- Ahora todo el madridismo dor\u00e1ndole la p\u00edldora al Ni\u00f1o&#8230; ahora ya no es paqueTorres, ahora es Torres Selecci\u00f3n. \u00bfPor qu\u00e9 son as\u00ed?<\/p>\n<p>R.- Y ahora la gente duda de Guardiola. Y Mou si gana la Champions ya no ser\u00e1 borde. Y Nadal estar\u00eda acabado hace dos meses y ahora va a ganar el Gran Slam&#8230; Hay mucha veleta que gira con el viento que m\u00e1s sopla en cada momento.<\/p>\n<p>P.- Una lectura positiva a la derrota ayer del Bar\u00e7a es el partidazo que se marc\u00f3 Cech. En las veces que he visto al Chelsea este a\u00f1o, el checo ha estado de lujo. No crees que estas actuaciones pueden ser determinantes para que Courtois pase un a\u00f1ito m\u00e1s con nosotros?<\/p>\n<p>R.- Ha mejorado mucho durante la temporada y el Chelsea ya parec\u00eda proclive a ceder un a\u00f1o m\u00e1s a Courtois. Espero que sea al Atleti.<\/p>\n<p>P.- Toquemos madera, pero si pasamos ma\u00f1ana ante el Valencia, a qui\u00e9n prefieres en la final y por qu\u00e9? Sporting Portugal o Ath. Bilbao?<\/p>\n<p>R.- Me encanta este Athletic y me cae bien, as\u00ed que quiero que pase. Pero si quitamos el factor simpat\u00eda y s\u00f3lo hablamos de lo que ser\u00eda mejor para el Atleti, ser\u00eda preferible el Sporting. Primero, porque no me gustan nada los cruces europeos con espa\u00f1oles, son impredecibles. Y segundo, y m\u00e1s importante, porque creo que el Sporting es peor.<\/p>\n<p>P.- Al toque: 1. Se salva el Estu? 2. Qui\u00e9n gana el anillo? 3. La plata en los JJOO (basket) ser\u00e1 para&#8230; 4. El MVP de la NBA se lo merece&#8230; 5. Y el MVP de la L. Endesa deber\u00eda ser&#8230; Gracias!<\/p>\n<p>R.- 1. S\u00ed. 2. Oklahoma. 3. Espa\u00f1a 4. LeBron 5. Si el Lagun Aro no se cae, Andy Panko<\/p>\n<p>P.- El otro d\u00eda estaba comentando con unos amigos el tema de lo car\u00edsimas que son las entradas en Espa\u00f1a y lo asequibles que son en Alemania. Y nos surgi\u00f3 la pregunta de cu\u00e1nto puede valer una entradita normal, del mont\u00f3n, para ver un partido de la NBA&#8230; Sabes por d\u00f3nde van los tiros? Gracias por contestar.<\/p>\n<p>R.- Depende much\u00edsimo del rival y de la importancia del partido. Puedes ir a ver a los Knicks al Madison en un partido normal por 10 o 20 $ (desde Cuenca, eso s\u00ed) pero para un partido de playoff olv\u00eddate por menos de 100 o 200<\/p>\n<p>P.- Hola I\u00f1ako. Gracias por tus cr\u00f3nicas y la entrevista semanal que son fant\u00e1sticas. Hace unos meses te pregunt\u00e9 por Tur\u00edn. Me ha encantado, te la recomiendo. Dos preguntas: 1. \u00bfQu\u00e9 sentiste al ver como eliminaban al Bar\u00e7a con un juego tan mezquino? Al menos marc\u00f3 nuestro Torres. 2. Una de m\u00fasica, \u00bfqu\u00e9 opinas de MARLANGO? Creo que son un grupo estupendo y Leonor Watling una diosa. Gracias por tu tiempo. Saludos. \u00a1\u00a1Y que ganemos ma\u00f1ana al Valencia!!<\/p>\n<p>R.- Apunto Tur\u00edn, aunque reconozco que a m\u00ed de Italia (quitando Florencia) me tira de Roma para abajo. 1. Me dio rabia, pero no pienso criticar la supuesta mezquindad del Chelsea. La \u00fanica forma que ten\u00eda de pasar era as\u00ed. Y se trata de eso, no de que te expongan en un museo. Hizo lo que deb\u00eda. 2. Me gusta bastante m\u00e1s Leonor Watling que Marlango, la verdad. Un saludo<\/p>\n<p>P.- \u00bfCrees que el futuro del Cholo Simeone puede depender de este partido o esperas que el proyecto del Atleti sea m\u00e1s a largo plazo? Yo creo que esta plantilla en uno o dos a\u00f1os con \u00e9l puede estar, como la expresi\u00f3n de Mou, &#8220;al punto&#8221; para cosas m\u00e1s importantes (Liga,&#8230;), eso si, con mejor defensa. Gracias crack<\/p>\n<p>R.- No. Salvo cosa extra\u00f1\u00edsima, Simeone seguir\u00e1. De ah\u00ed a hablar de largo plazo&#8230; Tambi\u00e9n siguieron Quique o Abel y estaban discutidos en noviembre. En el escenario de continuidad que planteas, la plantilla es prometedora porque tiene casi todo el trabajo m\u00e1s dif\u00edcil y caro hecho: los atacantes. Quedar\u00edan dos operaciones caras: comprar a Diego y un mediocentro. La defensa y el banquillo se podr\u00edan reforzar a menor coste. Aun as\u00ed, no estar\u00eda para pelear la Liga con estos Madrid y Bar\u00e7a. Nadie lo va a estar. Y hay otro problema. No tiene dinero y va a vender en cuanto nos descuidemos. Como siempre.<\/p>\n<p>P.- No te saca de quicio el cachondeo que se traen los madridistas con el gol de Torres??estoy deseando q pase contra el bayern y q un gol de torres les qite la copa&#8230;seria tan feliz.eres de radio?? tiempo de juego o carrusel??y por ultimo no crees q se esta perdiendo todo el respeto que se ha ganado este barsa a base de copas y buen juego??veo tanta gente hablando de fin de ciclo&#8230;q si messi no rinde en las grandes citas&#8230;cuanto madridista resentido y con poco gusto por el buen futbol..entre ellos un compa\u00f1ero tuyo<\/p>\n<p>R.- Bueno, no esperaba otra cosa. La clase se tiene o no, pero no se compra. Siempre he sido de Carrusel, pero cuando el partido me interesa de verdad prefiero verlo con los comentarios de TV (si me gustan) o sin sonido. En la radio actual a veces el juego acaba siendo secundario. Messi tiene 24 a\u00f1os. \u00bfFin de ciclo? Por favor&#8230;<\/p>\n<p>P.- \u00bfQu\u00e9 piensas de Jordi Alba? He oido que tiene problemas con su renovaci\u00f3n por el tema de los derechos de imagen en la Eurocopa. \u00bfCrees que acabar\u00e1 en Madrid o Bar\u00e7a?<\/p>\n<p>R.- Huele a Bar\u00e7a desde hace tiempo<\/p>\n<p>P.- hola i\u00f1ako,ahora que messi esta fuera de las 2 grandes competiciones y casi del pichichi\u00bfcrees que cr7 se llevara el balon de oro?saludos desde algeciras <\/p>\n<p>R.- S\u00ed. Este Bal\u00f3n de Oro parece para Cristiano. Veremos c\u00f3mo acaba la Champions y qu\u00e9 tal en la Eurocopa, pero por ahora ser\u00eda el justo ganador.<\/p>\n<p>P.- Hola I\u00f1ako. El Estudiantes (recuerdo especialmente a Pepu) era el equipo que m\u00e1s protestaba (y con raz\u00f3n) cuando el Madrid era una calamidad y le met\u00edan con calzador en Supercopas, Copa Uleb y dem\u00e1s. No les iba ni les ven\u00eda pero bueno, all\u00e1 cada uno. Ahora veo que ni siquiera se ha consumado el descenso y la prensa ya se est\u00e1 moviendo para intentar salvarlo. Que si el Canarias igual no paga, que si el Lucentum desaparece, que si hay que ser pen\u00faltimos por lo que pueda pasar&#8230; Supongo que en el caso de que se d\u00e9, el Estudiantes saldr\u00e1 a decir que no, que hay que gan\u00e1rselo en la pista y que si hay que bajar se baja. Si no quedar\u00edan con el culo al aire \u00bfno?<\/p>\n<p>R.- Este es uno de las argumentaciones m\u00e1s peregrinas que he le\u00eddo en bastante tiempo. Y en Twitter se lee cada una que&#8230; Una cosa ser\u00eda que llegado el momento la ACB decidiera que el Estu no baja porque no le da la gana, que lo deja en la Liga Endesa y que desciende, por poner un ejemplo,el Manresa, que pasaba por all\u00ed. O que juegan 19 el a\u00f1o que viene. Eso s\u00ed ser\u00eda meterle con calzador. Pero no es de lo que se est\u00e1 hablando. Los dos casos que comentas nada tienen que ver con el Estu, favorecer\u00edan igual al Valladolid (si le adelanta) o al que caiga si el Estu sale de descenso. Lo del Alicante es una cuesti\u00f3n entre el club y un juez, completamente ajena a la ACB. Y lo del Canarias son unas normas establecidas desde hace a\u00f1os que todo equipo nuevo en la Liga debe asumir: hay que pagar ese canon. Si el Canarias lo paga, subir\u00e1. Si no, no. Lo que no puede pretender es ser el primero que no cumpla con eso. Ya me dir\u00e1s qu\u00e9 tiene que ver el Estudiantes con todo eso.<\/p>\n<p>P.- Buenas, I\u00f1ako! \u00bfTe asusta o te pone la posibilidad de jugarse la final de la UEL y la clasificaci\u00f3n para la Champions en una semana? No hemos tenido plantilla en todo el a\u00f1o, no la vamos a tener ahora. A mi claro que me pone, pero me preocupa y mucho el cansancio.<\/p>\n<p>R.- Hombre, \u00bfd\u00f3nde hay que firmar? Si con la temporada que ha llevado, el Atleti llega al tramo decisivo jugando la final de la Europa League y peleando de verdad por la Champions ser\u00e1 un \u00e9xito milagroso. Sigo sin ver del todo lo de la Champions y eso que el calendario es bueno. Me da mal feeling el partido del domingo contra el Betis, porque creo que afectar\u00e1 lo de ma\u00f1ana, pase lo que pase, o resaca o depresi\u00f3n. Si el Atleti gana en Sevilla, entonces s\u00ed me creer\u00e9 de verdad lo de la Champions.<\/p>\n<p>P.- Hola I\u00f1ako, dado que el Valencia va a basar su f\u00fatbol en los balones a\u00e9reos \u00bfCon qu\u00e9 centrales piensas que jugaremos?<\/p>\n<p>R.- Me da que God\u00edn y Miranda<\/p>\n<p>P.- Hola I\u00f1ako. Te he hecho esta pregunta un par de veces y no me has contestado pero es que estoy verdaderamente intrigado. Vi a Gallinari en los dos partidos de Euroliga contra el Madrid y era un desastre absoluto. Sin embargo veo que sus n\u00fameros en la NBA son realmente buenos. \u00bfCu\u00e1l es su verdadero nivel? \u00bfVino de vacaciones esos meses a Europa, no se adapt\u00f3, o simplemente fueron malos partidos puntuales?<\/p>\n<p>R.- En siete partidos de Euroliga, Gallinari promedi\u00f3 16 puntos y 19,3 de valoraci\u00f3n. Es algo irregular todav\u00eda, le pillar\u00edas en los d\u00edas malos, pero es buen\u00edsimo.<\/p>\n<p>P.- Buenas I\u00f1ako crack!! vaya por delante que soy madridista pero queria final espa\u00f1ola, no todo elmundo es igual&#8230;pero despues del partido de ayer viendo articulos y tertulias todo el mundo se dedic\u00f3 a decir la mala suerte que tuvo el barca, que desde luego la tuvo pero a mi me parece que si que hubo errores de bulto para no pasar..no se puede pretender llegar tocando hasta la linea de gol, no vi al barcelona tirar desde fuera del area que es un recurso muy util ante defensas tan cerradas&#8230;y no he visto a nadie decir eso, no creo que solo haya sido mala suerte..sobre todoen la vuelta, \u00bfestas de acuerdo? gracias crack!<\/p>\n<p>R.- Claro que cometi\u00f3 errores, si no habr\u00eda pasado. Pero en el c\u00f3mputo general de la eliminatoria fue muy superior. Ayer no supo matar el partido cuando lo tuvo, pero la mala suerte en ambos partidos fue mucho m\u00e1s decisiva que sus errores.<\/p>\n<p>P.- Hola I\u00f1ako. Mi situaci\u00f3n es muy triste. Estudie dise\u00f1o gr\u00e1fico, aprobe, pero luego no me salio curro y llevo ya 4 a\u00f1os currando de comercial de mierda. Tengo pensao meterme en la UNED y cursar Periodismo, una ilusion de la infancia. A mi edad (25) \u00bfme lo aconsejarias? \u00bfpodria tener luego salidas? se que sera duro, pero \u00bfpodre cumplir mi sue\u00f1o y currar en AS? Como deber\u00eda hacerlo&#8230;Lo del Chelsea ayer es la victoria m\u00e1s r\u00e1cana que recuerdo (el inter de Mou gan\u00f3 3-1 la ida al menos). Triunf\u00f3 el antifutbol.<\/p>\n<p>R.- Sinceramente, si vienes de una situaci\u00f3n tan jodida de cuatro a\u00f1os sin poder currar en lo que te gusta, periodismo no es la mejor opci\u00f3n. No est\u00e1 bien la cosa, somos muchos, hay poco curro, EREs, etc&#8230; Si hay otra cosa que tambi\u00e9n te guste&#8230; Siento ser portador de malas noticias, pero es que tantos a\u00f1os haciendo el Atleti me han hecho as\u00ed.<\/p>\n","protected":false},"excerpt":{"rendered":"<p>I\u00f1ako D\u00edaz-Guerra, jefe de secci\u00f3n de AS, ha charlado con los internautas sobre el Atl\u00e9tico y la vuelta de las semifinales de la Europa League. Adem\u00e1s, la NBA y la Liga Endesa tambi\u00e9n han tenido cabida en la charla.<\/p>\n<p>I\u00f1ako en Twitter<\/p>\n","protected":false},"author":1,"featured_media":0,"comment_status":"open","ping_status":"open","sticky":false,"template":"","format":"standard","meta":{"footnotes":""},"categories":[],"tags":[],"class_list":["post-10206","post","type-post","status-publish","format-standard","hentry"],"_links":{"self":[{"href":"https:\/\/intervius.com\/index.html\/wp-json\/wp\/v2\/posts\/10206","targetHints":{"allow":["GET"]}}],"collection":[{"href":"https:\/\/intervius.com\/index.html\/wp-json\/wp\/v2\/posts"}],"about":[{"href":"https:\/\/intervius.com\/index.html\/wp-json\/wp\/v2\/types\/post"}],"author":[{"embeddable":true,"href":"https:\/\/intervius.com\/index.html\/wp-json\/wp\/v2\/users\/1"}],"replies":[{"embeddable":true,"href":"https:\/\/intervius.com\/index.html\/wp-json\/wp\/v2\/comments?post=10206"}],"version-history":[{"count":0,"href":"https:\/\/intervius.com\/index.html\/wp-json\/wp\/v2\/posts\/10206\/revisions"}],"wp:attachment":[{"href":"https:\/\/intervius.com\/index.html\/wp-json\/wp\/v2\/media?parent=10206"}],"wp:term":[{"taxonomy":"category","embeddable":true,"href":"https:\/\/intervius.com\/index.html\/wp-json\/wp\/v2\/categories?post=10206"},{"taxonomy":"post_tag","embeddable":true,"href":"https:\/\/intervius.com\/index.html\/wp-json\/wp\/v2\/tags?post=10206"}],"curies":[{"name":"wp","href":"https:\/\/api.w.org\/{rel}","templated":true}]}}