{"id":10196,"date":"2012-04-23T00:00:00","date_gmt":"2006-11-06T00:00:00","guid":{"rendered":"https:\/\/intervius.com\/index.html\/?p=10196"},"modified":"2006-11-06T00:00:00","modified_gmt":"2006-11-06T00:00:00","slug":"Jose_Samano10196","status":"publish","type":"post","link":"https:\/\/intervius.com\/index.html\/Jose_Samano10196\/","title":{"rendered":"Jos\u00e9 S\u00e1mano"},"content":{"rendered":"<p>Pregunta.- porque estaba tan disgustado xavi por su exclusi\u00f3n del partido, si no estaba fino.-<\/p>\n<p>Respuesta.- Hola, buenas tardes a todos y encantado con vuestro inter\u00e9s. Como era previsible, la charla de hoy es un mon\u00f3logo sobre el cl\u00e1sico del s\u00e1bado. El disgusto de Xavi lo interpreto como algo absolutamente normal. \u00bfQu\u00e9 jugador no se molesta cuando es relevado, no le ha salido el encuentro so\u00f1ado y su equipo va perdiendo un partido clave? Bien sabe Xavi por qu\u00e9 le cambian (el s\u00f3leo) y no le veo para nada crey\u00e9ndose sospechoso ante Guardiola.<\/p>\n<p>P.- Hola Jos\u00e9. Sabes lo que pasa con Piqu\u00e9? Gracias. Un saludo<\/p>\n<p>R.- Que su rendimiento ha bajado notablemente en los \u00faltimos meses. Los motivos, los desconozco. Y otra cosa, recuerdo a pocos, por no decir a ninguno, que a lo largo de su carrera no hayan tenido altibajos. El primero suele ser una vez lograda la primera cumbre. Subid\u00f3n, y frenazo. Unos superan el par\u00f3n si f\u00edsica y mentalmente se amueblan de nuevo. Veremos con Piqu\u00e9, al que ma\u00f1ana veo titular. El Bar\u00e7a le necesita como primera l\u00ednea de pase. Con \u00e9l es m\u00e1s f\u00e1cil saltar el primer dique del adversario.<\/p>\n<p>P.- Buenas tardes. \u00bfCree que el cl\u00e1sico afectar\u00e1 a las eliminatorias de Champions? \u00bfVe final espa\u00f1ola?<\/p>\n<p>R.- Claro que afectar\u00e1 pero habr\u00e1 que ver si, en cada caso, para bien o para mal. El Bar\u00e7a llega muy presionado tras perder la Liga y est\u00e1 en deuda. Recuerdo que hace dos temporadas, al celebrar en el Camp Nou la Liga, el propio Guardiola dijo a la afici\u00f3n que estaban en deuda tras la eliminaci\u00f3n ante el Inter de Mourinho. Supongo que ahora tambi\u00e9n intentar\u00e1 remediar el varapalo del s\u00e1bado. En cuanto al Madrid, cabe pensar que atada la Liga una ca\u00edda en Europa no ser\u00eda tan traum\u00e1tica, pero no hay que olvidar en la constante comparaci\u00f3n Bar\u00e7a-Madrid\/Madrid-Bar\u00e7a, el motor de sus retos. Lo digo porque el Bar\u00e7a de Guardiola tiene dobletes&#8230; Por si fueran pocos los incentivos que tienen, uno m\u00e1s para el Madrid.<\/p>\n<p>P.- Se\u00f1or S\u00e1mano, qu\u00e9 le parece la cantidad de cr\u00edticas que provoca las informaciones de su redactor Diego Torres?<\/p>\n<p>R.- Nunca llueve a gusto de todos. En este caso, s\u00ed para el m\u00edo: Diego Torres es un excelente profesional.<\/p>\n<p>P.- Jos\u00e9: \u00a1Saludos! Durante esta temporada, he observando a Victor Vald\u00e9s en salidas estrepitosas, dejando el arco solo en desbalances defensivos. En todas le ha costado un gol en contra al Barcelona. Por favor los analizas y me dejas saber t\u00fa opini\u00f3n. \u00a1Gracias!<\/p>\n<p>R.- Las salidas siempre me han parecido el punto m\u00e1s d\u00e9bil de la inmensa mayor\u00eda de los porteros que he visto. Es una suerte muy dif\u00edcil en la que el guardameta debe superar muchos obst\u00e1culos y no siempre en ventaja. A Vald\u00e9s, como a Casillas o Buffon, le atribuyo otras muchas cualidades. Y la contribuci\u00f3n de Vald\u00e9s\/Casillas a sus equipos me resulta capital. Creo, por referirme a la jugada del s\u00e1bado en el gol de Khedira, que m\u00e1s que culpa de V\u00edctor Vald\u00e9s es dem\u00e9rito de quien empareja a Adriano con Pepe para defender un saque de esquina, el &#8220;punto&#8221; ante la &#8220;i&#8221;. A partir de ah\u00ed, el portero est\u00e1 m\u00e1s vendido. Y otro imprevisto: Puyol, que suele ser muy expeditivo, estuvo muy blando ante Khedira. <\/p>\n<p>P.- Don Jos\u00e9, he estado pensando que es muy probable que estad\u00edsticamente, la mayor\u00eda de la gente que lee los comentarios de un partido de f\u00fatbol de ligua sean los partidarios del equipo ganador. \u00bfPodr\u00eda esto influir en la narrativa del partido?<\/p>\n<p>R.- En mi caso y en los que conozco o he conocido m\u00e1s de cerca, en absoluto. Pero es l\u00f3gico que los perdedores no quieran hurgar en la herida y prefieran bajar la persiana medi\u00e1tica tras la derrota. Ser\u00eda demasiada penitencia.<\/p>\n<p>P.- Sin \u00e1nimo por comparar a Pepe con Alves. \u00bfNo crees que el Bar\u00e7a para demostrar su tan reiterada Excelencia deber\u00eda presionar a su jugador a que se disculpase por su agresi\u00f3n a Cristiano p\u00fablicamente tal y como hizo el Madrid con Pepe?<\/p>\n<p>R.- Lo de Alves estuvo mal, muy mal. Una pena, porque por fin fue un cl\u00e1sico en paz, sin agravios ni reproches, con un ganador claro y meritorio y un \u00e1rbitro a la altura. Alves, y m\u00e1s cuando est\u00e1 descentrado, siempre es el azulgrana m\u00e1s proclive al cortocircuito. No soy qui\u00e9n para decir a nadie si debe disculparse, pero tal y como fue el partido no creo que haya mucho que menear. Que prevalezca lo intachable, que fue abrumadoramente mayoritario para suerte del f\u00fatbol, del deporte.<\/p>\n<p>P.- Enhorabuena por su magnifica pluma. Quisiera que hiciera una valoraci\u00f3n del Atl\u00e9tico de Madrid desde la llegada de Cholo Simeone. Muchas gracias.<\/p>\n<p>R.- Gracias a usted. Con Simeone el Atl\u00e9tico tambi\u00e9n me despista, no acabo de verle como un equipo regular. Tiene picos, como en el segundo tiempo ante el Bar\u00e7a, o los partidos casi completos ante el Valencia o el Espanyol y luego se desploma en otros partidos. Sigo echando de menos un mensaje institucional de m\u00e1xima exigencia, alguien con mando absoluto que apele a la memoria hist\u00f3rica del Atl\u00e9tico. No obstante, para como empez\u00f3 creo que una final europea y flirtear con los puestos de &#8220;Champions&#8221; hasta el final puede conducir a una temporada m\u00e1s que aceptable que derive en un pr\u00f3ximo curso a\u00fan mejor. A la espera de los resultados finales, creo que, por ahora, la mejor contribuci\u00f3n de Simeone ha sido a la paz social.<\/p>\n<p>P.- Muchas gracias por la excelente covertura del clasico. Solo una pregunta de records desde San Salvador \u00bfdesde cuando no perd\u00eda 2 partidos consecutivos el Bar\u00e7a? Saludos&#8230;<\/p>\n<p>R.- Al inicio del primer curso de Guardiola (Wisla y Numancia) en 2008 y luego esa misma temporada, ya en 2009, cuando siendo campe\u00f3n de Liga perdi\u00f3 con el Mallorca y Osasuna. Saludos para San Salvador.<\/p>\n<p>P.- Hola Jos\u00e9. Felicidades por tus art\u00edculos. \u00bfApuestas por la continuidad en el Madrid la temporada que viene de Coentrao y Pepe?\u00bfVes en ambos la calidad exigida para jugar un club como el Madrid?. Saludos.<\/p>\n<p>R.- Si fuera directivo del Madrid apostar\u00eda por la continuidad de los dos. Lo peor de Coentrao son los 30 millones que cost\u00f3, todo un peaje para el chico. Creo que es muy buen suplente de Marcelo, y en ese punto habr\u00eda que valorar si su coste merece la pena y qu\u00e9 alternativas habr\u00eda. No me parece un jugador tan vers\u00e1til como cree su entrenador. En cuanto a Pepe, centrado y sin cruce de cables, me parece uno de los mejores centrales del planeta. El Madrid deber\u00eda trabajar con \u00e9l ese borr\u00f3n.<\/p>\n<p>P.- Estimado Sr. S\u00e1mano, lo primero felicitarle por sus cr\u00f3nicas, ponderadas e imparciales. \u00bfComparte Vd. la opini\u00f3n editorial de El Pa\u00eds, de que Ronaldo es una &#8220;estrella de hojalata&#8221;? Muchas gracias.<\/p>\n<p>R.- Gracias por su generosidad. Ya contest\u00e9 la semana pasada y lo vuelvo a hacer con gusto. No, no comparto esa definici\u00f3n de CR. No la compart\u00eda antes del cl\u00e1sico ni despu\u00e9s. Cristiano me parece una estrella con MAY\u00daSCULAS.<\/p>\n<p>P.- Felicidades por su labor, aunque critico la censura que ofrece el medio para el que trabaja en los comentarios. Mi pregunta es, \u00bfno cree que el partido del Real Madrid est\u00e1 sobrevalorado? En efecto, el Barcelona no jug\u00f3 como debe en la segunda parte y en los primeros minutos del encuentro, pero durante una buena secci\u00f3n parec\u00eda impensable acabar el partido sin que el equipo blanco recibiera una nueva goleada pese a adelantarse pronto en el marcador (algo habitual).<\/p>\n<p>R.- Antes que nada, no s\u00e9 de qu\u00e9 censura me habla. Si se refiere a estas charlas le aseguro que el \u00fanico veto son a los insultos y vejaciones (m\u00e1s de la que quisiera). En cuanto a su pregunta en s\u00ed, no comparto su an\u00e1lisis. El Madrid hizo un partido muy consistente, logr\u00f3 que ocurriera casi siempre lo que le conven\u00eda. Encapsul\u00f3 a Messi hasta anularle, no concedi\u00f3 casi remates y su respuesta al atropellado gol de Alexis fue inmediata y contundente. No hubo un minuto del partido en el que viera al Bar\u00e7a por encima del Madrid, porque jam\u00e1s estuvo c\u00f3modo. Gran m\u00e9rito de su rival que, como l\u00edder con cuatro puntos de ventaja, hizo lo que deb\u00eda y explot\u00f3 la mayor parte de sus virtudes.<\/p>\n<p>P.- Hola Jos\u00e9. Le supongo el valor para contestarme a esta pregunta. Le adelanto que la escribe un ac\u00e9rrrimo lector de su diario muy decepcionado \u00bfSe da cuenta que aquellos que alaban la ecuanimidad de la secci\u00f3n de deportes de El Pa\u00eds como un oasis de mesura son siempre cul\u00e9s? \u00bfLe provoca alguna reflexi\u00f3n? Todos deber\u00edamos hacer autocr\u00edtica alguna vez&#8230;<\/p>\n<p>R.- \u00a1No sabe usted la cantidad de cul\u00e9s que nos tildan de antibarcelonistas! Las discrepancias, sin m\u00e1s, me parecen enriquecedoras y por supuesto que hacemos autocr\u00edtica, y no solo con el Madrid y el Bar\u00e7a. Sostengo, adem\u00e1s, que en estos tiempos todo se ha vuelto extremista, en un bando u otro no se aceptan los matices. En mi modesta opini\u00f3n, el periodismo corre el riesgo de rendirse a las militancias. Me resulta sorprendente la cantidad de ocasiones que se pasan por alto los elogios a uno u otro y solo hay combusti\u00f3n ante las cr\u00edticas a tal o cual equipo. <\/p>\n<p>P.- La ausencia por lesi\u00f3n de VILLA durante tanto tiempo, no est\u00e1 resultanto clave debido a la cifra de goles que aportaba el guaje ?<\/p>\n<p>R.- Ha sido una baja capital para el Bar\u00e7a. Villa, que no estaba en su mejor momento cuando se lesion\u00f3, ha sido un goleador m\u00e1s que fiable desde que se asom\u00f3 en el Sporting. Para un equipo como el Bar\u00e7a, Villa es el punto final. Como debiera haberlo sido Alexis (que, no obstante, nunca ha sido un goleador tan voraz como el asturiano), pero se ha lesionado demasiadas veces. En condiciones normales, Villa deber\u00eda estar en la tabla de goleadores junto a Benzema e Higua\u00edn. Pero ello no garantiza que el Bar\u00e7a hubiera ganado esta Liga. Nunca se sabr\u00e1.<\/p>\n<p>P.- Hola Jos\u00e9. Me gustar\u00eda saber tu valoraci\u00f3n del partido de Sergio Ramos y de, aunque se le mencione poco, de Casillas. Gracias.<\/p>\n<p>R.- Casillas apareci\u00f3 justo a tiempo, a su manera, como el maravilloso portero que es. Su parada a Xavi con 0-1 fue tan sutil que ni los \u00e1rbitros vieron que era c\u00f3rner. Una jugada que pudo meter al Bar\u00e7a en el partido. En cuanto a Sergio, me parece que un d\u00eda m\u00e1s estuvo magn\u00edfico, un tit\u00e1n. Es un central extraordinario y ha ganado mucho en concentraci\u00f3n. Sus auxilios a los laterales son una garant\u00eda para el equipo, es muy complicado superarle en velocidad, tiene cintura, es un cabeceador poderos\u00edsimo en las dos \u00e1reas y cada vez se anticipa mejor, mide mejor.<\/p>\n<p>P.- ha cambiando en algo su opinion sincera sobre Mourino despues del Clasico?? en el tema tactico y profesional.? opina usted si se sobrevaloro al Barcelona en esta temporada??<\/p>\n<p>R.- Jug\u00f3 con los mejores (salvo Marcelo, aunque el partido de Coentrao fue aceptable) y sin experimentos como Pepe o Coentrao de medios centros, supo crear un embudo para Messi, el punto clave del Bar\u00e7a. Las ayudas de \u00d6zil y Di Mar\u00eda, que sin la pelota dibujaban un cuadrado con Khedira y Alonso, resultaron decisivas. Le recomiendo, por cierto, que lea el art\u00edculo que hoy publicamos de Santi Solari, que destripa t\u00e1cticamente el partido como nadie.<\/p>\n<p>P.- \u00bfFue descabellado por parte de Guardiola dejar en el banquillo a Pedro, Cesc y Alexis y salir desde un principio con Thiago y Tello, jugadores con poca continuidad en el equipo y tal vez un tanto inexpertos?<\/p>\n<p>R.- A partido pasado todo es m\u00e1s f\u00e1cil. Lo que m\u00e1s me sorprendi\u00f3 fue lo de Alexis, porque creo que el Bar\u00e7a peca en ocasiones de despoblar en exceso el \u00e1rea de gol. No digo que deba tener un ariete de referencia, un pivote fijo para los centrales, sino alguien que estire el equipo cuando merodea por la periferia del \u00e1rea. Hay jugadas en las que tras llevar el bal\u00f3n a un costado no tiene a nadie en el \u00e1rea, a nadie que alrgue al equipo y cree p\u00e1nico entre los centrales para que llegue la segunda l\u00ednea. Con Tello supongo que busc\u00f3 un desborde que no tiene Pedro ante un lateral m\u00e1s defensivo que atacante como Arbeloa, pero le sali\u00f3 mal y el chico no tuvo su d\u00eda. Y otra cosa: m\u00e1s que la alineaci\u00f3n titular, me extra\u00f1\u00f3 que visto el curso del juego Guardiola tardara en reaccionar, en alterar algo.<\/p>\n<p>P.- En mi humilde opini\u00f3n el Bar\u00e7a sigue siendo (si juegan los titulares, claro) bastante mejor, puesto por puesto, que el Madrid. \u00bfCrees que el m\u00e9rito de este triunfo, por tanto, lo tiene Mou?\u00bfo la culpa de la derrota la tiene Pep?<\/p>\n<p>R.- Solo me atrever\u00eda a decir que en esta ocasi\u00f3n el experimental fue Pep, no Mou. Y que, a tenor de los precedentes, en los cl\u00e1sicos casi siempre triunfa el m\u00e1s fidedigno, el que no tirado de probeta. Y digo que no me atrevo a otras conclusiones porque desconozco por completo qu\u00e9 informaci\u00f3n tiene Guardiola (o ha tenido otras veces Mourinho) que yo desconozca.<\/p>\n<p>P.- \u00bfLe parecen exagerados los comentarios sobre fin de un ciclo en el FC Barcelona en una temporada en la que ha ganado tres t\u00edtulos, esta enla final de Copa del Rey y vivo en la Champions?<\/p>\n<p>R.- Los interrogantes sobre el futuro del Bar\u00e7a y un posible cambio de ciclo creo que pasan por otras cuestiones m\u00e1s all\u00e1 de los resultados: \u00bfSeguir\u00e1 Guardiola? En caso de que no, \u00bfqui\u00e9n ser\u00e1 el sucesor? \u00bfY ese sustituto sabr\u00e1 gestionar a Messi como lo ha hecho Guardiola? \u00bfC\u00f3mo est\u00e1n los dep\u00f3sitos de Xavi y Puyol? \u00bfY el estado de Pedro y Piqu\u00e9, volver\u00e1n a ser lo que eran? \u00bfSin Guardiola, habr\u00e1 intervencionismo presidencial a la hora de la planificaci\u00f3n del pr\u00f3ximo curso? Si el Bar\u00e7a no se desv\u00eda de su camino de estos a\u00f1os no creo que estemos ante cambio rotundo de ciclo. Y me refiero con ello a que el Bar\u00e7a seguir\u00e1 siendo competitivo ante un Madrid del que no espero el m\u00e1s m\u00ednimo baj\u00f3n.<\/p>\n<p>P.- Sr. S\u00e1mano: la semana pasada me contest\u00f3 que discrepaba con el editorial de su peri\u00f3dico en el que se llam\u00f3 &#8220;estrella de hojalata&#8221; a Ronaldo. Supongo que los editoriales est\u00e1n fuera de su \u00e1mbito de competencia, como lo de &#8220;Arbeloa y Mayor Oreja&#8221;. Entender\u00e1 entonces el desacuerdo de muchos madridistas con su peri\u00f3dico, \u00bfno?<\/p>\n<p>R.- En un peri\u00f3dico hay todo tipo de opiniones, el abanico es muy amplio.<\/p>\n<p>P.- Buenas tardes. Al hilo del \u00faltimo Bar\u00e7a-Madrid, una persona ajena al inter\u00e9s por el f\u00fatbol me pregunt\u00f3 si no es triste que la prensa deportiva sea m\u00e1s le\u00edda que la nacional y que se debata sobre este deporte como si fuera importante. Me gustar\u00eda conocer su opini\u00f3n al respecto. Gracias<\/p>\n<p>R.- La gente tiene muy claro su orden de prioridades y no creo que el f\u00fatbol est\u00e9 entre las capitales para su vida diaria. Otra cosa es que le apasione y, como toda pasi\u00f3n, le sirva para evadirse de realidades mucho m\u00e1s crudas. <\/p>\n<p>P.- Buenas tardes Se\u00f1or S\u00e1mano. Enhorabuena por la secci\u00f3n que dirige. Mi pregunta es sobre si son ciertos los rumores de desavenencias por la filtraci\u00f3n de la alineaci\u00f3n del Barcelona y el porqu\u00e9 s\u00ed hay filtraciones del estado del vestuario del Real Madrid y pr\u00e1cticamente nada del vestuario del Barcelona en ning\u00fan peri\u00f3dico. \u00bfFalta de informantes, ausencia de conflicto alguno, poca diligencia period\u00edstica? Gracias.<\/p>\n<p>R.- Supongo que tiene que ver con que cuando se gana y abunda el \u00e9xito todo concilio interno de un vestuario es mejor, m\u00e1xime si los jugadores y el entrenador comparten una idea y en muchos casos se conocen desde p\u00e1rvulos. Cuando no hay compenetraci\u00f3n, los jugadores salen (Eto&#8221;o, Ibrahimovic, Bojan&#8230;)<\/p>\n<p>P.- Buenos d\u00edas Jos\u00e9; Supongo que hoy es inevitable que muchas preguntas sean del partido del s\u00e1bado. Una por equipo. \u00bfSe han impuesto los jugadores al entrenador en el Real Madrid? Por el Barcelona, \u00bfes l\u00f3gico que un equipo que juga con extremos, no tenga un rematador? Nunca entend\u00ed como en el Real Madrid pod\u00edan jugar juntos Beckham y Ronaldo. Para m\u00ed no ten\u00eda sentido. Un saludo<\/p>\n<p>R.- No dir\u00eda que los jugadores se hayan impuesto, ni mucho menos, porque eso ser\u00eda quitar m\u00e9ritos a quien los tiene: Mourinho. Pero s\u00ed creo que poco a poco le han hecho ver algunas cuestiones y \u00e9l, que es inteligente, las ha aceptado. En cuanto a los extremos, es l\u00f3gica su apreciaci\u00f3n y ya dec\u00eda en otra respuesta que el Bar\u00e7a debiera llenar m\u00e1s el \u00e1rea. Por su forma de jugar no tanto con gente fijo incrustada cerca del portero adversario si no que ocuparan al asalto ese espacio. Lo hace Alexis, lo hac\u00eda Villa, lo ha hecho Cesc hasta enero y Pedro cuando estaba en su mejor momento. Hay partidos en los que me da la sensaci\u00f3n de que a Messi, por excelso que sea (que lo es) se le pide un don de la ubicuidad casi divino.<\/p>\n<p>P.- Hola Jos\u00e9, s\u00f3lo animaros a continuar as\u00ed. Es un placer leeros. Me encantar\u00eda que pudieras contar c\u00f3mo hac\u00e9is para transcribir las entrevistas con deportistas. En El Pa\u00eds se suelen leer unas entrevistas magn\u00edficas, repletas de respuestas interesantes y con reflexiones que, honestamente, cuesta creer que algunos deportistas sean capaces de llegar a ellas conscientemente. \u00bfPuedes arrojar algo de luz sobre c\u00f3mo se transcriben las entrevistas? Saludos<\/p>\n<p>R.- La entrevista es un juego de dos, un buen periodista y un entrevistado dispuesto a no tomarse como tr\u00e1mite la charla. Si congenian y brota una espont\u00e1nea complicidad, mucho mejor.<\/p>\n<p>P.- Le doy parte de una reflexi\u00f3n personal. Entiendo que Iraola es el jugador m\u00e1s influyente del Athletic en los \u00faltimos 20 a\u00f1os aunque no sea valorado como tal. Su calidad t\u00e9cnica y t\u00e1ctica, extraordinariamente constante, siempre se ha hecho notar para bien incluso en onces muy pobres. Su estilo carente de altisonancias dentro y fuera del campo, y su incidencia tambi\u00e9n en este equipo tan result\u00f3n me hacen pensar que ser\u00e1 dif\u00edcilmente sustituible dentro de unos a\u00f1os. <\/p>\n<p>R.- Me gusta Iraola, su juegoe inequ\u00edvoco compromiso con el Athletic, pero no le tengo por el jugador m\u00e1s influyente en los \u00faltimos 20 a\u00f1os. Creo que ese jugador est\u00e1 a punto de llegar (Llorente, Muniain&#8230;)<\/p>\n<p>P.- \u00bfEl cl\u00e1sico supone la consagraci\u00f3n de Ozil?<\/p>\n<p>R.- Yo ya le hab\u00eda consagrado hace tiemp, dicho lo cual nunca le hab\u00eda visto con tanto aliento como el s\u00e1bado. Ocup\u00f3 espacios como nunca, jam\u00e1s le vi descolgado.<\/p>\n<p>P.- Hola Jos\u00e9 &#8211; que piensas del tridente Silva-Aguero-Tevez ?<\/p>\n<p>R.- Pienso que un entrenador que no fuera Mancini les hubiera sacado mucho m\u00e1s provecho. Infinitamente m\u00e1s.<\/p>\n<p>P.- Buenas tardes: \u00bfQu\u00e9 le pareci\u00f3 la actuaci\u00f3n de Adriano? <\/p>\n<p>R.- No es un tercer marcador en una defensa de tres, sino un lateral de largo recorrido pujante en ataque. Por alto, como se vio en el primer gol o ante CR en la final de Copa, tiene problemas para cerrar por su estatura.<\/p>\n<p>P.- Hola, Jos\u00e9, siempre es un placer leer tus textos e respuestas. No que toca a lo clasico, como interpretas el silencio de Mourinho despu\u00e9s del encuentro?<\/p>\n<p>R.- Mourinho fue coherente consigo mismo. Ya hab\u00eda anunciado que solo hablar\u00eda en Champions y porque la UEFA le obliga. De haber salido en la rueda de prensa del s\u00e1bado me hubiera parecido muy ventajista. <\/p>\n<p>P.- Cual ser\u00eda su delantera y lateral derecho titular para la Eurocopa?<\/p>\n<p>R.- Cual ser\u00eda su delantera y lateral derecho titular para la Eurocopa?<\/p>\n<p>P.- Hola Jos\u00e9, Por cambiar de tema. \u00bfA qu\u00e9 equipos de segunda ves en primera?, \u00bfQu\u00e9 dos crees que ascender\u00e1n directamente y cu\u00e1l gracias a la promoci\u00f3n?. Un saludo. <\/p>\n<p>R.- De forma directa, Deportivo y Valladolid. Con lo dem\u00e1s no me atrevo, pero empiezo a seguir a\u00fan m\u00e1s de cerca al Alcorc\u00f3n, la mayor sorpresa de la categor\u00eda. Frente a equipos con m\u00e1s presi\u00f3n por su pasado (Celta, H\u00e9rcules, Almer\u00eda) quiz\u00e1 tenga opciones. Nada tiene que perder, lo suyo es un sue\u00f1o.<\/p>\n<p>P.- \u00bfSolo va a responder preguntas sobre el Cl\u00e1sico? &#8230;<\/p>\n<p>R.- Ya ve que no, pero si no me prguntan apenas por otras cuestiones&#8230;.<\/p>\n<p>P.- \u00bfQu\u00e9 le parece la protesta de los Biris el s\u00e1bado pasado, lanzando pelotas de tenis al campo? A mi modo de ver es una manera pac\u00edfica y llamativa de mostrar su desprecio a una &#8220;liga escocesa&#8221; donde Bar\u00e7a y Madrid parten el bacalao. Un saludo desde A Coru\u00f1a<\/p>\n<p>R.- Me pareci\u00f3 una protesta ingeniosa, pero Bar\u00e7a y Madrid no son culpables de concitar el inter\u00e9s que despiertan tanto en Espa\u00f1a como en casi todo el planeta. Otra cosa es que haya cuestiones mal repartidas y m\u00e1s de un agravio.<\/p>\n<p>P.- Veo que te resulta bastante dificil separar tu faceta de critico de tu militancia madridista, considero la cronica del partido bastante erronea. Es posible ser critico y militante al mismo tiempo?<\/p>\n<p>R.- Ya dec\u00eda antes: para unos barcelonistas, para otros madridistas&#8230;<\/p>\n<p>P.- Sr. S\u00e1mano: para desengrasar, una que no es del cl\u00e1sico. Una opini\u00f3n sobre la temporada del levante ud y los sospechosos penalties en contra a final de partido en los dos \u00faltimos<\/p>\n<p>R.- Lo del Levante es sublime, me imagino que inolvidable para los levantinistas. Todo un ejemplo.<\/p>\n<p>P.- \u00bfJos\u00e9, crees que el cambio en la actitud de Crisitano (m\u00e1s compa\u00f1erismo, m\u00e1s seguridad en si mismo) es un reflejo de la madurez a la que ha llegado el equipo de Mou?<\/p>\n<p>R.- CR ha evolucionado para bien en todos los sentidos y supongo que algo tendr\u00e1 que ver su entrenador. Cristiano ha comprendido que con el colectivo de su parte \u00e9l brilla mucho m\u00e1s.<\/p>\n<p>P.- Hola Jos\u00e9 no creo que esta pregunta entre a tiempo pero deber\u00eda. Ver\u00e1s tengo un hijo de 15 a\u00f1os del Madrid y yo soy simpatizante del Bar\u00e7a. Vemos los partidos juntos y alabamos y criticamos las virtudes y defectos de uno y otro. Mi hijo es increiblemente objetivo (creo que m\u00e1s que yo). D\u00edgame, \u00bfYa no hay sitio para nosotros el los foros de deportes actuales? Gracias sinceramente<\/p>\n<p>R.- Tenga por seguro que si crea un foro yo me apuntar\u00e9 de los primeros. Encomiable.<\/p>\n","protected":false},"excerpt":{"rendered":"<p>El Redactor Jefe de Deportes charla con los lectores sobre la actualidad deportiva el Lunes 23 de abril a las 17.00 <\/p>\n","protected":false},"author":1,"featured_media":0,"comment_status":"open","ping_status":"open","sticky":false,"template":"","format":"standard","meta":{"footnotes":""},"categories":[],"tags":[],"class_list":["post-10196","post","type-post","status-publish","format-standard","hentry"],"_links":{"self":[{"href":"https:\/\/intervius.com\/index.html\/wp-json\/wp\/v2\/posts\/10196","targetHints":{"allow":["GET"]}}],"collection":[{"href":"https:\/\/intervius.com\/index.html\/wp-json\/wp\/v2\/posts"}],"about":[{"href":"https:\/\/intervius.com\/index.html\/wp-json\/wp\/v2\/types\/post"}],"author":[{"embeddable":true,"href":"https:\/\/intervius.com\/index.html\/wp-json\/wp\/v2\/users\/1"}],"replies":[{"embeddable":true,"href":"https:\/\/intervius.com\/index.html\/wp-json\/wp\/v2\/comments?post=10196"}],"version-history":[{"count":0,"href":"https:\/\/intervius.com\/index.html\/wp-json\/wp\/v2\/posts\/10196\/revisions"}],"wp:attachment":[{"href":"https:\/\/intervius.com\/index.html\/wp-json\/wp\/v2\/media?parent=10196"}],"wp:term":[{"taxonomy":"category","embeddable":true,"href":"https:\/\/intervius.com\/index.html\/wp-json\/wp\/v2\/categories?post=10196"},{"taxonomy":"post_tag","embeddable":true,"href":"https:\/\/intervius.com\/index.html\/wp-json\/wp\/v2\/tags?post=10196"}],"curies":[{"name":"wp","href":"https:\/\/api.w.org\/{rel}","templated":true}]}}