{"id":10175,"date":"2010-04-22T00:00:00","date_gmt":"2006-11-06T00:00:00","guid":{"rendered":"https:\/\/intervius.com\/index.html\/?p=10175"},"modified":"2006-11-06T00:00:00","modified_gmt":"2006-11-06T00:00:00","slug":"Javier_G-_Matallanas10175","status":"publish","type":"post","link":"https:\/\/intervius.com\/index.html\/Javier_G-_Matallanas10175\/","title":{"rendered":"Javier G. Matallanas"},"content":{"rendered":"<p>Pregunta.- Hola, \u00bfque piensas del posible fichaje de villa por el barcelona? \u00bf que fichajes crees que hara tito floren? gracias, un saludo<\/p>\n<p>Respuesta.- Es posible que se realice. Queda saber si seguir\u00e1 Ibrahimovic, porque Villa en una banda pierde efectividad. Y me da que el buen rendimiento que van a tener Torres y Villa juntos en el Mundial puede provocar que alg\u00fan equipo les quiera tambi\u00e9n de pareja en sus filas. Florentino ir\u00e1 a por Silva y Cesc, como poco. <\/p>\n<p>P.- Que te parece Juande Ramos para el a\u00f1o que viene.<\/p>\n<p>R.- \u00bfPara donde? Por tu nick imagino que para el Atl\u00e9tico. Pues el Atleti ten\u00eda un acuerdo con \u00e9l antes de firmar a Abel y podr\u00eda ser. Vamos a esperar&#8230; Sin duda es un buen entrenador.<\/p>\n<p>P.- Hola Mata!!! \u00bfcu\u00e1ntos kilos ha bajado el precio de Ribery con el asunto de la zagala esa francesa?<\/p>\n<p>R.- Pues su cotizaci\u00f3n ha podido bajar, efectivamente, pero no se cuantificarlo&#8230;<\/p>\n<p>P.- Hola Matallanas, un placer leerte en AS y en tu blog. Ibrahimovic me encantaba, se dec\u00eda que estaba un poco chalado, pero este a\u00f1o no ha dado ni un problema y me parece un genio. Pero cada vez veo m\u00e1s necesaria la oferta del Manchester City para que Ibra se vaya y con ese dinero fichen a Villa, lo que significa fichar gol seguro y en buenas proporciones. Creo que Guardiola tambien se ha dado cuenta. \u00bfQu\u00e9 opinas? \u00bfSabes a trav\u00e9s de tus compa\u00f1eros de Barcelona si esa posibilidad est\u00e1 abierta? Ibra ya dijo que aun le queda jugar en Inglaterra y que no acabar\u00eda en Can Bar\u00e7a. Mil Gracias y sigue igual!<\/p>\n<p>R.- Estoy de acuerdo totalmente contigo. Y lo he comentado en una pregunta anterior que para llegar Villa ser\u00eda mejor la salida de Ibra. Me consta a mi personalmente desde hace meses que existe la posibilidad muy cercana y muy real de que Villa vista de azulgrana. Veremos.<\/p>\n<p>P.- Hola Mata! \u00bfTan dificil es tener marcados en rojo a los jugadores que terminan contrato? El Valencia se hizo con Bruno y Mathieu, adem\u00e1s de Dominguez. El racing ya ha fichado laterales para el a\u00f1o que viene (Cisma y Francis). Man\u00e9 est\u00e1 haciendo una gran temporada en el Getafe. \u00bfPor qu\u00e9 el atleti no ficha esta clase de jugadores y se gasta el dinero en lo que necesita, un mediocentro como Tiago. \u00bfTan complicado es? Porque estoy seguro que cualquier judaor de equipo peque\u00f1o que le ofrezcan ir al atleti aceptar\u00e1 segur\u00edsimo. Gracias crack!<\/p>\n<p>R.- Coincido contigo, pero no todo el que termina contrato es jugador para el Atl\u00e9tico. Con Ujfalusi se hizo, por ejemplo. Y con Juanito. Y se va a hacer con Fran Merida. <\/p>\n<p>P.- Hola Matallanas. \u00bfPorqu\u00e9 el atl\u00e9tico no vende a Simao, aunque le den poquito? Con 31 a\u00f1os no puedes esperar que te den una millonada. Ha hecho grandes cosas para el atleti, pero este a\u00f1o ha demostrado que est\u00e1 en la cuesta abajo, asique creo que es mejor adelantarse. Si Pedro Le\u00f3n tiene una clausula de 10 millones y 24 a\u00f1os, \u00bfa qu\u00e9 esperan? Lo que te den por Simao m\u00e1s alg\u00fan canterano con opci\u00f3n de recompra, como Joel o incluso Ibrahima, que se foguee en el sur de madrid. Gracias de antemano crack!<\/p>\n<p>R.- Buen planteamiento. Me sumo a tu propuesta. Y Simao har\u00e1 lo que pida, si se quiere quedar, seguir\u00e1, si pide salir, saldr\u00e1. Pero Pedro Le\u00f3n debe jugar en el Atl\u00e9tico.<\/p>\n<p>P.- Me sorprende el olvido en que ha entrado Canales. A m\u00ed me parece un jugador que atesora clase en el manejo del bal\u00f3n y da pases de alta jerarquia. El Madrid se est\u00e1 estrujando la cabeza para potenciar el centro del campo, y yo veo que este jugador, al lado de jugadores de primer nivel, puede explotar sus condciones. Canales podr\u00eda ser el mejor fichaje. Creo que es el relevo natural de Guti, pero mucho m\u00e1s profesional. \u00bfQu\u00e9 opinas, Javi?<\/p>\n<p>R.- Canales va a ser un gran futbolista. Toda la tormenta medi\u00e1tica que le ha ca\u00eddo, porque llegar al Real Madrid implica un chaparr\u00f3n de portadas y focos te televisi\u00f3n, le ha podido afectar un pel\u00edn. No s\u00e9 si debe estar ya en el Real Madrid la pr\u00f3xima temporada o aguantar una cesi\u00f3n a un primera, porque creo que Parejo est\u00e1 m\u00e1s hecho que el y volver\u00e1 al Madrid. <\/p>\n<p>P.- Hola! El Madrid al vender al bayern a Robben, lo hizo con alguna cl\u00e1usula de que viniera Ribery a cambio? Podr\u00eda el madrid repescar a Robben? De sabios es rectificar&#8230; \u00bfQui\u00e9n no querr\u00eda ver a CR9 y Robben por las bandas en el Bernab\u00e9u? Un saludo crack<\/p>\n<p>R.- Me parece que lo de repescar a Robben es una utop\u00eda. Y el Bayern neg\u00f3 publicamente esa cl\u00e1usula. Pero me parece mejor Robben, con sus lesiones y dem\u00e1s, que Ribery.<\/p>\n<p>P.- Hola crack me gusta mucho tu criterio celebro q estes en as. Vamos a ver si tu me puedes decir se oyeron tracas en tu barrio el martes en la noche? En el mio no, solo lo celebre yo. \u00bfeso es ser antipatriota? y por ultimo, \u00bfhubo robo al chelsea digo al barca perdon? <\/p>\n<p>R.- La celebraci\u00f3n es l\u00edcita y hasta l\u00f3gica. Yo estaba trabajando en el peri\u00f3dico, pero me dijo Nini que despertaron a Marito algunos vecinos con el jolgorio. Yo soy m\u00e1s antiguo, quiz\u00e1s, y siento de coraz\u00f3n lo de ir con los equipos espa\u00f1oles, por m\u00e1s pol\u00edtica que metan algunos catalanes, yo siento al Bar\u00e7a como espa\u00f1ol. El \u00e1rbitro se equivoc\u00f3 para los dos, es l\u00f3gico que los del Bar\u00e7a protesten como protestaron los del Valencia en la semifinal de la Europa League en el Calder\u00f3n o el Chelsea el a\u00f1o pasado. Siempre ocrurrir\u00e1! Un abrazo fuerte!<\/p>\n<p>P.- Hola, esto, el mejor barca de la historia puede no ganar nada, y un madrid mas de tantos puede ganarle la liga al mejor barca,\u00bfeso seria un titulo como dijo Laporta del 2-6?<\/p>\n<p>R.- No me parece un Madrid m\u00e1s de tantos, sus n\u00fameros en Liga son hist\u00f3ricos. Y aunque no gane nada, el Bar\u00e7a seguir\u00e1 siendo el mejor de la historia, el \u00fanico que gan\u00f3 seis t\u00edtulos en un a\u00f1o.<\/p>\n<p>P.- Hola Javier, eres un fenomeno. Una pregunta original \u00bfDonde ves el a\u00f1o que viene a Ribery y a cesc? gracias<\/p>\n<p>R.- A Cesc en el Madrid y a Ribery en el Bar\u00e7a. Gracias a ti&#8230;<\/p>\n<p>P.- Hola Mata. Mi pregunta es sobre el Mundial. Tengo un sentimiento pesimista. Torres, F\u00e1bregas, Iniesta, tienen lesiones importantes. Otros llegar\u00e1n sin gasolina. \u00d3jala me equivoque, pero creo que nos echar\u00e1n pronto a casa. \u00bf compartes mi preocupaci\u00f3n ?<\/p>\n<p>R.- Es l\u00f3gica tu preocupaci\u00f3n, como la tiene Del Bosque. Pero yo soy un optimista y con la Selecci\u00f3n siempre pienso que vamos a ser campeones, desde que vi con intensidad mi primer Mundial en el 82. Nos pueden mandar para casa, pero somos la mejor Selecci\u00f3n del mundo y creo que lo vamos a ganar. Ya nos toca!!!<\/p>\n<p>P.- Saludos Mata. Cortita y al pie que tu sabes de esto. A dia de hoy, \u00bfqu\u00e9 intenciones barrunta la c\u00fapula del atleti respecto a Quique para la pr\u00f3xima temporada? \u00bfo no lo saben ni ellos mismos a\u00fan? y si no siguiera dame 2 posibles sustitutos que gusten en las oficinas. Gracias<\/p>\n<p>R.- A\u00fan no est\u00e1 decidido, aunque cuenta con opciones de seguir, claro. Juande y Goyo Manzano gustan, y mucho. No descarto al Cholo Simeone, pero no s\u00e9 si consideran que es su momento.<\/p>\n<p>P.- Hola crack, tu crees que es necesaria una manifestaci\u00f3n para que no renueven a Pitarch? Esta gente no se da cuenta qeu no le quiere nadie? Y no te empieza a preocupar que Tiago empiece a pasar de esforzarse para estar perfecto para el Mundial? Gracias maquina<\/p>\n<p>R.- Pitarch es un actor de reparto que pinta poco o nada en el Atl\u00e9tico.No creo que siga y si sigue tampoco afecta, aunque a veces la imagen que da del Atleti no es la mejor. Pero no creo que merezca una manifestaci\u00f3n. Y vamos a confiar en la profesionalidad de Tiago y de todos los mundialistas. Un abrazo crack!<\/p>\n<p>P.- Mata: El Madrid pierde el cl\u00e1sico y todo son cr\u00edticas a la direcci\u00f3n deportiva del Madrid, que si no hay proyecto, que no hay estilo&#8230;Sin embargo, el Atleti, que tu bien conoces, lleva as\u00ed a\u00f1os y a\u00f1os, \u00bfpor qu\u00e9 desde la prensa se dice lo mismo? \u00bfpor qu\u00e9 al presidente del at. Madrid se le r\u00eden las gracias? \u00bfpor qu\u00e9 MAGil no es tan criticado como lo pueden ser otros de la acera de enfrente? Deber\u00edais ser mucho m\u00e1s ecu\u00e1nimes \u00bfno crees? Un saludo, A\u00fapa Atleti<\/p>\n<p>R.- Tambi\u00e9n se les critica, pero en el Real Madrid todo se magnifica y los adjetivos son m\u00e1s grandilocuentes. Y la distanca que existe actualmente entre Madrid y Atleti tambi\u00e9n marca el nivel de cr\u00edtica. Un saludo cordial!<\/p>\n<p>P.- Buenos dias Mata. tu cres que Guti el a\u00f1o que viene podria reforzar en el Atletico De Madrid la media? tu que tienes contactos en el club que me dices?<\/p>\n<p>R.- Guti ha estado dos veces a punto de firmar por el Atl\u00e9tico en los \u00faltimos a\u00f1os. Pero creo que ya no hay opciones. Adem\u00e1s, quiere salir de la ciudad de Madrid&#8230; <\/p>\n<p>P.- Buenos d\u00edas Matallanas! No se si mi pregunta llega un poco tarde. Como seguramente sabr\u00e1s, se esta comentando por ciertos foros que la recuperaci\u00f3n de Ra\u00fal de su lesi\u00f3n es un montaje de Gines y ciertos peri\u00f3dicos. Yo Raulista total me parece de risa. \u00bfC\u00f3mo ves al capit\u00e1n en su recuperaci\u00f3n y en su tan sonada marcha? Y ahora hablamos del Madrid. Este s\u00e1bado con mi Zaragoza, \u00bfser\u00e1n capaces de sumar o las ganas del Zaragoza podr\u00e1 con ellos? Un saludo!<\/p>\n<p>R.- El de La Romareda ser\u00e1 un partido bonito, intenso, con un Zaragoza que ha acertado en los refuerzo del mercado de invierno y un Madrid que quiere campeonar como sea. Lo de Ra\u00fal me parece que se ha recuperado antes como siempre ha hecho en su carrera. No siempre hay que ver cosas raras con Ra\u00fal, un superprofesional y un mito del madridismo al que le toca salir del equipo por cuesti\u00f3n de edad. Salu2!!!<\/p>\n<p>P.- Remontar\u00e1 el Bar\u00e7a frente al Inter?<\/p>\n<p>R.- Puede que poder pudiera. Perfectamente.<\/p>\n<p>P.- Apreciado Javier, me parece infame que se ponga en el aire el futuro de Quique. El Atleti era un equipo hundido cuando se fue Abel, era carne de segunda, \u00bfpor qu\u00e9? por la mala planificaci\u00f3n, por la descompensaci\u00f3n del equipo, por las carencias en puestos clave que un primera no puede permitirse. Quiue ha hecho malabarismos para solucionar eso, para salir al paso. Estaba en tres competiciones y se le critica que en liga no vaya bien. Eso es imposible. Creo que Quique con 3 a\u00f1os por delante har\u00eda a un Atleti grande, un proyecto a largo plazo. Si fallamos con esto de nuevo, si volvemos a cambiar de entrenador estamos perdidos. Y lo digo antes del partido de esta noche ! Qu\u00e9 opinas? Creo que nos parecemos en eso al Madrid, su c\u00e1ncer, despedir a grandes entrenadores.<\/p>\n<p>R.- Puedes tener raz\u00f3n. Quique ha estado de notable en Copa y en UEFA y de suficiente en Liga. Salu2!!!<\/p>\n<p>P.- hola crack.\u00bfquien crees que es mejor delantero ahora mismo aguero o higuain y tu los cambiarias ahora mismo?<\/p>\n<p>R.- Son los dos muy buenos, de caracter\u00edsticas muy diferentes y complementarios. A mi gustar\u00eda tenerlos a los dos en mi equipo. Abrazo!!!<\/p>\n<p>P.- Tanto hablar de que el Madrid querr\u00eda a Mourinho&#8230; suponiendo que fuese as\u00ed&#8230; \u00bfCrees que el Inter le dejar\u00eda marchar? \u00bfCrees que \u00e9l querr\u00eda venir al Madrid con Pardeza y Valdano por encima?. Ojo, y yo prefiero a Pellegrini \u00bfeh?-.<\/p>\n<p>R.- Mourinho tiene un clausula de 5 millones de euros para salir del Inter. Si el Madrid pag\u00f3 4 al Villarreal por Pellegrini, pagar\u00eda 5 por Mou, pienso, en caso de ir a por el portugu\u00e9s. Creo que Valdano no querr\u00eda cohabitar con \u00e9l. Pellegrini merece un respeto que no le tienen todos en el club. Un saludo!<\/p>\n<p>P.- Hola Matallanas, Saludos desde nairobi. Hoy es mi cumple y aver si tengo surte de que me respondas. Por estas lejanas tierras intento seguir toda la actualidad del Atleti y tengo una duda \u00bf a quien ves con m\u00e1s posibilidades se quedarse en la primer aplantilla de cara al a\u00f1o que viene? \u00bfIbra o Borja baston? Un fuerte abrazo<\/p>\n<p>R.- A los dos. Pero Borja ser\u00e1 m\u00e1s importante porque a\u00fan o ha tenido minutos esta temporada por su lesi\u00f3n de menisco, pero creo que es un delantero para hacer carrera en el Atl\u00e9tico. Gracias por seguirnos desde Nairobi!!!<\/p>\n<p>P.- Hola Javier&#8230;&#8230;.. \u00bfQu\u00e9 esperanzas hay en el partido de hoy del Atleti?, creo que se notar\u00e1 m\u00e1s la baja de El Kun, que la baja de Torres en el Liverpool, ya que ellos tienen m\u00e1s potencial arriba.<\/p>\n<p>R.- Yo pienso al contrario, que notar\u00e1n m\u00e1s la falta de Torres, su mejor futbolista. Creo que ser\u00e1 un partido muy t\u00e1ctico, que lo puede romper Jurado y Reyes si est\u00e1n enchufados. Gerrard es muy peligroso, es buen\u00edsimo. No s\u00e9 si se resolver\u00e1 la eliminatoria esta noche&#8230;<\/p>\n<p>P.- mata si un jugador que ha costado 65 millones de euros se niega a operarse del pubis y se pierde media temporada para poder jugar un mundial y luego operarse y perderse media temporada de la siguiente, no crees que como m\u00ednimo el club deber\u00eda informar de ello a sus socios, que se supone pagan su ficha??<\/p>\n<p>R.- Kak\u00e1 jug\u00f3 con molest\u00edas los primeros meses y ahora lo est\u00e1 pagando. La operaci\u00f3n de osteapat\u00eda de pubis no garantiza la recuperaci\u00f3n y te lo digo por experiencia ya que estoy operado de esa lesi\u00f3n en el a\u00f1o 91, aunque las t\u00e9cnicas han mejorado es mucho mejor el trabajo preventivo como han hecho muchos cracks como Ra\u00fal o Torres&#8230; Yo conf\u00edo en la honradez de Kak\u00e1. <\/p>\n<p>P.- Hola Mata, crees que kike se atrevera a poner a Salvio o a Borja en lugar de jugadores sin compromiso como Jurado. Me puedes decir en que refuerzos se esta trabajando para el proximo a\u00f1o. FORZA ATLETI Y A POR EL LIVERPOOL.<\/p>\n<p>R.- Borja puede jugar unos minutos y Salvio, tambi\u00e9n. Y creo que Jurado jugar\u00e1 hoy bien. Fran M\u00e9rida ya esta hecho, intentar\u00e1n a Luis Filipe. Y puede llegar Pedro Le\u00f3n. Y mucho canterano. Un abrazo<\/p>\n<p>P.- Buenas Crack,que opinas de la tan mal adaptacion de Bemzema al Madrid?Crees que despues de los ultimos sucesos la proxima campa\u00f1a seguira?yo antes seguia la liga francesa solo por verle jugar a el me chiflaba la verdad,y cuando jugo en champions contra el Bar\u00e7a parecia prometedor,crees que seguira estancado o que su calidad sobrepasara esta parada tan mala?gracias y un saludo<\/p>\n<p>R.- A Benzema le ha perjudicado la presi\u00f3n puesta desde el propio club para que fuera titular. Cost\u00f3 caro, pero no por eso era obligatorio que fuera titular por m\u00e1s que gane casi tres veces m\u00e1s que Higuain. Es un buen delantero y puede triunfar a\u00fan en el Madrid. Me extra\u00f1a que le traspasen, antes venden a Higuain que tiene m\u00e1s mercado&#8230;<\/p>\n","protected":false},"excerpt":{"rendered":"<p>Javier G. Matallanas, adjunto a la direcci\u00f3n de AS, ha charlado con los lectores sobre la actualidad deportiva. <\/p>\n<p>ARCHIVO DE ENTREVISTAS:<br \/>\n15 de abril &#8211; 08 de abril &#8211; 25 de marzo &#8211; 18 de marzo &#8211; 11 de marzo &#8211; 04 de marzo &#8211; 26 de febrero &#8211; <18 de febrero - 11 de febrero - 04 de febrero - 28 de enero - 21 de enero - 14 de enero - 07 de enero - 31 de diciembre - 24 de diciembre - 18 de diciembre - 10 de diciembre - 3 de diciembre - 26 de noviembre - 19 de noviembre\n<\/p>\n","protected":false},"author":1,"featured_media":0,"comment_status":"open","ping_status":"open","sticky":false,"template":"","format":"standard","meta":{"footnotes":""},"categories":[],"tags":[],"class_list":["post-10175","post","type-post","status-publish","format-standard","hentry"],"_links":{"self":[{"href":"https:\/\/intervius.com\/index.html\/wp-json\/wp\/v2\/posts\/10175","targetHints":{"allow":["GET"]}}],"collection":[{"href":"https:\/\/intervius.com\/index.html\/wp-json\/wp\/v2\/posts"}],"about":[{"href":"https:\/\/intervius.com\/index.html\/wp-json\/wp\/v2\/types\/post"}],"author":[{"embeddable":true,"href":"https:\/\/intervius.com\/index.html\/wp-json\/wp\/v2\/users\/1"}],"replies":[{"embeddable":true,"href":"https:\/\/intervius.com\/index.html\/wp-json\/wp\/v2\/comments?post=10175"}],"version-history":[{"count":0,"href":"https:\/\/intervius.com\/index.html\/wp-json\/wp\/v2\/posts\/10175\/revisions"}],"wp:attachment":[{"href":"https:\/\/intervius.com\/index.html\/wp-json\/wp\/v2\/media?parent=10175"}],"wp:term":[{"taxonomy":"category","embeddable":true,"href":"https:\/\/intervius.com\/index.html\/wp-json\/wp\/v2\/categories?post=10175"},{"taxonomy":"post_tag","embeddable":true,"href":"https:\/\/intervius.com\/index.html\/wp-json\/wp\/v2\/tags?post=10175"}],"curies":[{"name":"wp","href":"https:\/\/api.w.org\/{rel}","templated":true}]}}