{"id":10151,"date":"2012-04-17T00:00:00","date_gmt":"2006-11-06T00:00:00","guid":{"rendered":"https:\/\/intervius.com\/index.html\/?p=10151"},"modified":"2006-11-06T00:00:00","modified_gmt":"2006-11-06T00:00:00","slug":"Amaral10151","status":"publish","type":"post","link":"https:\/\/intervius.com\/index.html\/Amaral10151\/","title":{"rendered":"Amaral"},"content":{"rendered":"<p>Pregunta.- En la Sala Matisse record\u00e1steis con cari\u00f1o una vez m\u00e1s a D\u00edas de vino y rosas. Eva, \u00bfAnimar\u00edas t\u00fa a Juan a subirse a un escenario con su primer grupo, en ese desead\u00edsimo concierto?<\/p>\n<p>Respuesta.- Por supuesto, me encantar\u00eda volver a ver a D\u00edas d vino y rosas en directo. Estuve en el \u00faltimo concierto y recuerdo a una amiga m\u00eda y a m\u00ed llorando. Ser\u00eda estupendo volver a verlos.<\/p>\n<p>P.- \u00bfEn qu\u00e9 pens\u00e1is para inspiraros y componer vuestras canciones?Muchas gracias por crear buena m\u00fasica que te hace sentir tan bien \ud83d\ude42<\/p>\n<p>R.- Nos inspiramos en todo lo que nos rodea, en la calle, en nuestras vidas, en las de nuestros amigos, y en el cine, la literatura, etc.<\/p>\n<p>P.- Hola majos, \u00bfAlg\u00fan consejo para bandas como la nuestra, que acaba de empezar y en breve dar\u00e1 el primer concierto?Muchas gracias, saludos.<\/p>\n<p>R.- Que no acepteis consejos de nadie y sigais vuestro propio instinto.<\/p>\n<p>P.- Hola de nuevo! Otra pregunta que siempre he tenido en mente: La segunda voz masculina de &#8220;Las Puertas del Infierno&#8221; en el CD GNDR, no es Juan, verdad?<\/p>\n<p>R.- Es Xoel L\u00f3pez.<\/p>\n<p>P.- Buenos d\u00edas. Soy fan vuestro desde hace mucho tiempo. Os sigo y tengo todos vuestros discos. Me gustar\u00eda saber si ten\u00e9is pensado hacer conciertos &#8220;grandes&#8221; como los de la gira de &#8220;Gato Negro &#8211; Drag\u00f3n rojo&#8221;. Si as\u00ed fuese, \u00bfcuando empezar\u00edais esa gira?. Por \u00faltimo, me gustar\u00eda que me firmaseis un disco \u00bfcuando vendr\u00e9is a Valencia a firmar o donde os puedo remitir un disco para que me lo firm\u00e9is? Seguid as\u00ed y no lo dej\u00e9is nunca, por favor. Muchas gracias por vuestro tiempo. Un Abrazo.<\/p>\n<p>R.- S\u00ed, vamos a tocar en Europa y en Am\u00e9rica, y despu\u00e9s de esto, volveremos a Espa\u00f1a y tocaremos en Andaluc\u00eda en el Festival Territorios de Sevilla, en Extremadura, en el Contempopr\u00e1nea, en Alburquerque, en Galicia tocaremos en A Coru\u00f1a en el Coliseum, en Valencia el 7 de julio en Viveros, en Santander, etc. Pod\u00e9is ver las fechas en www.amaral.es<\/p>\n<p>P.- Hola Eva, Hola Juan. Un placer como siempre. Podemos esperar gira con HLS para el 2013 o sera a\u00f1o de descanso?Y una pregunta-peticion. Resurreccion sonara en Londres?Un beso.<\/p>\n<p>R.- Yo creo que acabaremos de girar en octubre.<\/p>\n<p>P.- Hola, el viernes estar\u00e9 en el HMV Forum de Londres porque queria veros y de paso os recomiendo al dia siguiente Miles Kane en el mismo sitio. Mi pregunta es que haces con frida y felini cuando sales de gira? te los llevas contigo? se los lleva alguien a su casa? a una resi? te los cuidan en casa? Es verdad eso de que la musica amansa a las fieras?<\/p>\n<p>R.- Frida y Felini se quedan en su casa y nunca est\u00e1n solos : )<\/p>\n<p>P.- \u00bfQu\u00e9 tal os llev\u00e1is con el p\u00fablico ma\u00f1o? \u00bfEs cierto que no acudisteis a la pasada gala de los Premios de la M\u00fasica Aragonesa el pasado 28 de febrero en el Teatro Principal de Zaragoza? He visto la gala, que est\u00e1 disponible online, y mand\u00e1is a otra persona ajena al grupo a recogerlo. Si que os he visto en unas cuantas galas en Madrid. Muchas gracias y un saludo. Vuestro \u00faltimo disco est\u00e1 que se sale, enhorabuena.<\/p>\n<p>R.- Muchas gracias. Hemos estado en la gala de los Premios de la M\u00fasica Aragonesa en otras ocasiones, cuando nos ha sido posible. Esta vez ten\u00edamos ensayos y era imposible posponerlos, porque en ellos participaba otro grupo amigo. Los chicos de Arag\u00f3n Musical saben que estuvimos intentando ir hasta el \u00faltimo momento. El p\u00fablico ma\u00f1o es el p\u00fablico de nuestra casa, de nuestra ciudad. Con eso est\u00e1 dicho todo.<\/p>\n<p>P.- Holas chicos, solo deciros que gracias por este disco y gracias por ser as\u00ed, vosotros mismos. \u00bfVais a venir a tocar a Valencia o cerca? Un abrazo<\/p>\n<p>R.- Vamos a estar el 7 de julio en Jardines de Viveros. Un abrazo.<\/p>\n<p>P.- \u00bfOs interesa la pol\u00edtica? \u00bfC\u00f3mo os defin\u00eds ideol\u00f3gicamente? Saludos<\/p>\n<p>R.- No nos identificamos con ning\u00fan partido pol\u00edtico, pero obviamente nos interesan las cosas que pasan en el mundo y en nuestro pa\u00eds. Creemos en la libertad, en el respeto, en la posibilidad de pensar libremente y, como la mayor\u00eda de la gente, nos sentimos muy lejos de los que manejan los hilos en la pol\u00edtica.<\/p>\n<p>P.- No es pregunta, es un link para Juan. &#8220;Fractal Zoom&#8221; de Brian Eno, (Nerve Net, 1992) \u00bfA este tema t refer\u00edas en VLC? http:\/\/www.allmusic.com\/album\/nerve-net-r56071<\/p>\n<p>R.- Muchas gracias. Un beso.<\/p>\n<p>P.- \u00bfTen\u00e9is alguna idea ya del videoclip de &#8220;Hoy es el Principio del Final&#8221;? \u00bfporqu\u00e9 elegist\u00e9is esa como 3r single? Es imposible estar sentado. Felicidad total por la elecci\u00f3n \ud83d\ude42<\/p>\n<p>R.- En este momento se est\u00e1 rodando. Creemos que va a ser muy chulo. Lo est\u00e1 llevando a cabo el realizador Alberto Van Stokkum.<\/p>\n<p>P.- Eva, dijiste que &#8220;sin Los Secretos no existir\u00eda &#8220;Cuando suba la Marea&#8221;&#8221;. Me qued\u00e9 flipada, aunque al escucharla con Urquijo creo que lo entend\u00ed. Lo explicas? besosss<\/p>\n<p>R.- Los Secretos tienen un mont\u00f3n de canciones que son cl\u00e1sicos y que todos las hemos escuchado desde peque\u00f1os. Son una influencia que a veces se manifiesta y a veces no. En el caso de Cuando suba la marea creemos que son una influencia clara. Estamos muy orgullosos de ellos.<\/p>\n<p>P.- Buenos d\u00edas. Os he visto en 2009 en Santander y me pareci\u00f3 una actuaci\u00f3n impresionante. Ya tengo mi entrada para el concierto del 28 de julio en Amstel M\u00fasica en Grande. \u00bfQu\u00e9 sorpresas nos traer\u00e1 esta actuaci\u00f3n?<\/p>\n<p>R.- Va a ser un concierto el\u00e9ctrico y ca\u00f1ero. Tocaremos todas las canciones de Hacia lo salvaje y muchas m\u00e1s de los discos anteriores. Ganas enormes de tocar.<\/p>\n","protected":false},"excerpt":{"rendered":"<p>La banda, que est\u00e1 a punto de iniciar la gira europea que les llevar\u00e1 por Londres, Par\u00eds o Berl\u00edn, ha charlado en directo con los oyentes.<\/p>\n","protected":false},"author":1,"featured_media":0,"comment_status":"open","ping_status":"open","sticky":false,"template":"","format":"standard","meta":{"footnotes":""},"categories":[],"tags":[],"class_list":["post-10151","post","type-post","status-publish","format-standard","hentry"],"_links":{"self":[{"href":"https:\/\/intervius.com\/index.html\/wp-json\/wp\/v2\/posts\/10151","targetHints":{"allow":["GET"]}}],"collection":[{"href":"https:\/\/intervius.com\/index.html\/wp-json\/wp\/v2\/posts"}],"about":[{"href":"https:\/\/intervius.com\/index.html\/wp-json\/wp\/v2\/types\/post"}],"author":[{"embeddable":true,"href":"https:\/\/intervius.com\/index.html\/wp-json\/wp\/v2\/users\/1"}],"replies":[{"embeddable":true,"href":"https:\/\/intervius.com\/index.html\/wp-json\/wp\/v2\/comments?post=10151"}],"version-history":[{"count":0,"href":"https:\/\/intervius.com\/index.html\/wp-json\/wp\/v2\/posts\/10151\/revisions"}],"wp:attachment":[{"href":"https:\/\/intervius.com\/index.html\/wp-json\/wp\/v2\/media?parent=10151"}],"wp:term":[{"taxonomy":"category","embeddable":true,"href":"https:\/\/intervius.com\/index.html\/wp-json\/wp\/v2\/categories?post=10151"},{"taxonomy":"post_tag","embeddable":true,"href":"https:\/\/intervius.com\/index.html\/wp-json\/wp\/v2\/tags?post=10151"}],"curies":[{"name":"wp","href":"https:\/\/api.w.org\/{rel}","templated":true}]}}