{"id":10146,"date":"2010-04-19T00:00:00","date_gmt":"2006-11-06T00:00:00","guid":{"rendered":"https:\/\/intervius.com\/index.html\/?p=10146"},"modified":"2006-11-06T00:00:00","modified_gmt":"2006-11-06T00:00:00","slug":"Alfredo_Relano10146","status":"publish","type":"post","link":"https:\/\/intervius.com\/index.html\/Alfredo_Relano10146\/","title":{"rendered":"Alfredo Rela\u00f1o"},"content":{"rendered":"<p>Pregunta.- Hola Alfredo. \u00bfNo te parece que Cristiano est\u00e1 algo sobrevalorado? Basa todo su futbol en la cantidad de veces que chuta por partido. Si pasara m\u00e1s la pelota y jugara para el equipo, me pregunto cuantos goles meter\u00eda. Es un futbolista bueno, con unas condiciones f\u00edsicas tremendas, pero cualquier comparaci\u00f3n con Messi es risible y no creo que est\u00e9 a la altura de los Zidane, Ronaldinho&#8230; ni de lejos. Le veo m\u00e1s en la liga de goleadores furiosos como Etoo, Drogba o Rooney que en superclases como aquellos. Saludos.<\/p>\n<p>Respuesta.- Yo no dir\u00eda sobrevalorado. Me parece excpecional, por sus condiciones f\u00edsicas y t\u00e9cnicas. Pero podr\u00eda ser \u00e1\u00fan mejor,q uiz\u00e1 a\u00fan mejor que Messi, si no fuera tan individualistas y tan eg\u00f3latra. Ayer chut\u00f3 once veces, m\u00e1s de la mitad de ellas sin posibilidad clara de gol. Messi le gana de largo en actitud solidaria.<\/p>\n<p>P.- Sr. Rela\u00f1o, en este apasionante final de liga, \u00bfve usted al Real Madrid como campeon? <\/p>\n<p>R.- Pues por poco margen, s\u00ed. Se trata de que el Bar\u00e7a emapte otro partido. Ha empatado uno muy r\u00e1pido. Me parece que el Madrid tiene ahora m\u00e1s condici\u00f3n de favorito, porque s\u00ed le veo ganando todos los puntos.<\/p>\n<p>P.- Buenos d\u00edas Alfredo, cuando se vaya Guti, \u00bfqui\u00e9n va a dar el pase que deja en ventaja al delantero y rompa la defensa contraria? \u00bfqu\u00e9 hace M.Diarra en el Madrid, desde que no est\u00e1 Capello? <\/p>\n<p>R.- Vendr\u00e1n Canales y quiz\u00e1 Silva. No ser\u00e1 lo mismo, pero Guti tampoco ha estado disponible siempre, ni mucho menos. En toda su carrera en el Madrid ha jugado el 49 % de los minutos posibles, as\u00ed que el problema es s\u00f3lo medio problema. Pero es cierto que le echaremos de menos. <\/p>\n<p>P.- Buenos d\u00edas don Alfredo, soy joven, pero he visto siempre al Real Madrid jugar abiertos, con bandas, ocupando el ancho del campo, vertical y con chispa, eso para mi es una filosofia de juego, y sin desmerecer a Pellegrini, Mourinho es el entrenador que m\u00e1s cerca veo a lo que siempre ha sido el Real Madrid, correoso, vertical, chispante, castigador e insuperable en su estadio. <\/p>\n<p>R.- A m\u00ed tambi\u00e9n me gusta el juego por las bandas. Ayer lo hizo el Madrid, por cierto. Para Pellegrini es una aspiraci\u00f3n, aunque no siempre ha resultado. Respecto a Mourinho, es ganador, desde luego. Presiona muy arriba. Lo \u00fanico que no me gusta de \u00e9l es su talante desafiante.<\/p>\n<p>P.- Expliqueme la retirada de la tarjeta a Kameni y Albiol Alfredo, no veo las diferencias con las alegaciones y pruebas presentadas en el caso de Guardiola y Zlatan, video clarificador al cien por cien), asi que d\u00edgame usted c\u00f3mo se producen estas casualidades en la joranda que todos los merengues, los aficionados y la realidad medi\u00e1tica, tenia se\u00f1alada como el dia que el FCB perder\u00eda puntos. Curioso sino menos&#8230; <\/p>\n<p>R.- Siempre he criticado los rearbitrajes y los cambios de tarjetas a posteriori. Si hay algo que me parece peor que el arbitraje en Espa\u00f1a son los comit\u00e9s y nunca he dicho nada que se aparte de esto. No hacen justicia, hacen po\u00edl\u00edtica. Y si se refiere al villarato (que me figuro que es eso) creo que est\u00e1 desactivado, al menos provisionalmente, desde el estallido que se produjo con el caso comparado Cristiano-Messi, y que se prolong\u00f3 hasta Almer\u00eda, con los gritos del p\u00fablico. Cuando Guardiola dijo aquello de &#8220;El villarato se ha instalado&#8221;, quer\u00eda decir en realidad: &#8220;Nos han quitado el villarato, habr\u00e1 que seguir sin \u00e9l&#8221;. Descontado lo de Tour\u00e9, no he visto favores al Bar\u00e7a desde entonces. Un d\u00eda de estos tengo que hacer un art\u00edculo sobre ello.<\/p>\n<p>P.- Hola, an\u00edmeme un poco que empiezo a tener canguelo&#8230; Del equipo titular de la Roja tenemos a Torres operado a apenas dos meses del mundial, Cesc e Iniesta medio lesionados, Senna una sombra del de la Eurocopa (que l\u00e1stima!) Ramos est\u00e1 bastante mal, Casillas no es el de siempre&#8230; \u00bfNos encomendamos a Xavi y Villa? <\/p>\n<p>R.- Lo siento, pero a m\u00ed tambi\u00e9n me empieza a preocupar. Lo bueno es que queda tiempo para que esos se vengan arriba. Y en este tiempo han salido otros que no estaban. Por ejemplo, Piqu\u00e9, que afirma la defensa. Podremos tirar de Nieves, quiz\u00e1 de Vicente. O de Pedro. Xavi sigue inmenso, aunque el s\u00e1bado le frenaran, y en torno a \u00e9l se puede hacer cualquier cosa.<\/p>\n<p>P.- Buenos d\u00edas, me gustaria saber su opinion acerca de George Best y su influencia en el futbol britanico y europeo. Muchas gracias. Un saludo desde Le\u00f3n <\/p>\n<p>R.- Best fue un jugador fenomenal, de rapidez, regate original, visi\u00f3n y gol. Pero m\u00e1s all\u00e1 de eso lo que trascendi\u00f3 de \u00e9l fue su personalidad, que se alej\u00f3 del estereotipo del futbolista de la \u00e9poca, en general sencillo, retraido, poco preocupado por el mundo&#8230; Best pein\u00f3 y visti\u00f3 a la \u00faltima, juergue\u00f3 a la \u00faltima, le dio un aire m\u00e1s joven al f\u00fatbol. Con \u00e9l fue cuando el f\u00fatbol pas\u00f3 del blanco y negro al color (justo coincidi\u00f3 con al extensi\u00f3n de la foto y la televisi\u00f3n al color) y qued\u00f3 como un s\u00edmbolo. Acort\u00f3 su carrera por sus excesos, pero quedan de \u00e9l muchos videos en los que disfrutarle. Ya sabe la frase que dej\u00f3: &#8220;He gastado mucho dinero con las mujeres y los coches de lujo; el resto lo he malgastado.&#8221;<\/p>\n<p>P.- hola sr. Rela\u00f1o, crees que Florentino volvera a cometer los mismos errores de su pasada etapa, es decir cambiar de entrenador, fichar a algun galactico por fichar como rooney o ribery en vez de lo que necesita la plantilla, jugadores tipo (cesc,silva,goucuf.. etc) ?? un saludo <\/p>\n<p>R.- Me parece que est\u00e1 dudando. Hasta ahora lo ha probado todo menos la paciencia y quiz\u00e1 piense que ya es el momento.<\/p>\n<p>P.- Don Alfredo desde Guatemala, que piensa de mantener a pellegrini para la pr\u00f3xima temporada, por un lado ha fallado en todos los juegos clave, pero cambiar t\u00e9cnico es volver a empezar todo el proceso, no cree que con uno o dos refuerzos (cuales cree usted que serian los mejores) ser\u00eda mejor mantenerlo. <\/p>\n<p>R.- Unas cosas con otras yo s\u00ed creo que ser\u00eda mejor mantenerlo. Un equipo tarda alg\u00fan tiempo en hacerse.<\/p>\n<p>P.- Hola Alfredo. Parece que las intenciones de Raul y Guti para fin de temporada son similares: cobrar el a\u00f1o que les queda e irse con la carta de libertad. Sin embargo mientras de Raul se dice que &#8220;hay que facilitarle la salida por la puerta grande&#8221; de Guti escucho que &#8220;es mucha cara irse cobrando&#8221;. Quiz\u00e1s no con estas mismas palabras, pero s\u00ed con ese sentimiento, al menos as\u00ed lo veo yo. \u00bfQu\u00e9 opinas de este doble rasero para una misma conducta? \u00a1gracias! <\/p>\n<p>R.- La conducta no ha sido la misma, con perd\u00f3n. Ra\u00fal ha sido un ejemplo moral, Guti ha sido un genio, pero no un ejemplo. De ah\u00ed que se les vea de forma distinta. Yo les guardar\u00e9 el mismo cari\u00f1o a los dos en el recuerdo, me han hecho disfrutar, han sido dos futbolistas singulares. Pero no ha sido la misma conducta.<\/p>\n<p>P.- Sr. Relano. Porque no puede encajar el modelo del manager ingles, responsable de todo, en Espana? No es mas una cuestion de que realmente no se quiere\/apetece hacer? Gracias. <\/p>\n<p>R.- No se quiere\/apetece, no es costumbre. Me parece un modelo mejor, pero no es costumbre. <\/p>\n<p>P.- Hola Alfredo, si Kak\u00e1 hace un Mundial descomunal, y se sale, que hacemos los madridistas, ilusionarnos para el a\u00f1o que viene? \u00bfy si el a\u00f1o que viene entonces no funciona, diremos que esta cansado por el mundial? yo lo pondria en el mercado y silva por el. <\/p>\n<p>R.- Habr\u00eda que estar m\u00e1s en el cuadro m\u00e9dico del Madrid para saber si se est\u00e1 escaqueando, que es lo que usted parece pensar. Ya hay malestar en torno a \u00e9l, desde luego. Ha hecho muy poco para todo lo que ha costado. Pero no me parece que pueda haber otra salida que tener paciencia.<\/p>\n<p>P.- Entre Cesc o Silva quien es mas necesario para el Madrid? <\/p>\n<p>R.- Me gustan los dos. Quiz\u00e1 cuadrase mejor Cesc, porque es m\u00e1s mediocampista. Pero ser\u00e1 m\u00e1s dif\u00edcil.<\/p>\n<p>P.- Hola Alfredo te agradecemos mucho los cartageneros que nos visitaras el a\u00f1o pasado cuando subimos de 2\u00aa B a 2\u00aa division \u00bfVendras este a\u00f1o si subimos a 1\u00aa? ah jugamos con una idea de futbol mas atractiva que la del real madrid tocando siempre el balon y con dos extremos bien abiertos de lucas y ander lafuente muy buenos los dos,un abrazo y te esperamos con los brazos abiertos <\/p>\n<p>R.- Gracias, he tenido oportuinidad de ver alg\u00fan partido en Canal + y siempre recordamos aqu\u00ed lo bien que lo pasamos all\u00ed. S\u00ed, va siendo hora de que concertemos otra cita. Lo voy a comentar con los compa\u00f1eros.<\/p>\n<p>P.- Buenos d\u00edas, \u00bfen qu\u00e9 consisten los v\u00eddeos de la colecci\u00f3n de los mundiales que van a sacar AS y El pa\u00eds a partir del domingo que viene? Son resumenes al estilo de los maravillosos que hac\u00edan los de M\u00e1s deporte de canal plus? Porque de ser as\u00ed no me pierdo ni uno. Gracias. <\/p>\n<p>R.- S\u00ed, me parece que son esos. Va a merecer la pena, desde luego. <\/p>\n<p>P.- Hola Alfredo, tengo una sugerencia. As\u00ed como se hacen entrevistas, \u00bfhabeis pensado en hacer algo as\u00ed como mini-debates?, habr\u00eda que apuntarse con anterioridad para poder participar, y luego si digamos hay 10 plazas, pues el periodista que participara est\u00e1 hablando digamos 5 minutos con cada una, por decir unas cifras vamos&#8230;., claro que esto ser\u00eda muy por encima la idea, faltar\u00edan muchos detalles. Digo esto porque lo que m\u00e1s echo de menos en este tipo de entrevistas es la opci\u00f3n a comentar y\/o rebatir las contestaciones a las preguntas. Saludos <\/p>\n<p>R.- Me parece una buena idea. Lo voy a comentar con Luis Nieto, nuestro director de la web, a ver c\u00f3mo se podr\u00eda hacer. Gracias.<\/p>\n<p>P.- He visto jugar a Platin\u00ed, Cantona y Zidane. Como franc\u00e9s y amante del futbol, es un honor que sean compatriotas mios. Pero sinceramente creo que en Espa\u00f1a no se valora, suficientemente, el talento de un crack mundidal como Xavi Hern\u00e1ndez. Podr\u00eda ser titular en cualquier equipo del mundo. Y har\u00eda mejor a ese equipo. Xavi asociado con Iniesta, Cesc, Silva, Xabi Alonso, Senna, Busquets&#8230; es una delicia para la vista. <\/p>\n<p>R.- Gracias, amigo. Coincido con usted y lo escribo con alguna frecuencia. Xavi es sensacional, de hecho ya ha tenido un Bal\u00f3n de Bronce. &#8220;Yo no gano balones de oro, yo los fabrico&#8221;, de dijo a Guasch, y es verdad. Con Xavi cerca todo es m\u00e1s f\u00e1cil.<\/p>\n<p>P.- hola Alfredo \u00bfcrees que Del Bosque se atrevera a llevar a Navas y a Pedro ? salud amigo&#8230; <\/p>\n<p>R.- Navas ya est\u00e1 en la lista. Pedro quiz\u00e1s entre. Hay que ver qu\u00e9 bajas hay a \u00faltima hora, pero yo creo que Pedro entrar\u00e1. Esa facilidad de gol no es nada desde\u00f1able.<\/p>\n<p>P.- Hola se\u00f1or Rela\u00f1o. \u00bfPara cu\u00e1ndo una entrevista digital con los redactores que siguen la actualidad del F.C. Barcelona? Que el peri\u00f3dico &#8220;sea&#8221; de Madrid no creo que impida que estas interesantes charlas de su peri\u00f3dico, y que ahora han ampliado a otros deportes que no son el f\u00fatbol, puedan abordar la actualidad azulgrana. Muchas gracias<\/p>\n<p>R.- Gracias, creo que lo vamos a hacer. Le agradezco la sugerencia.<\/p>\n<p>P.- \u00bfCree usted que Pellegrini premiar\u00e1 a Kak\u00e1 con minutos cuando est\u00e9 bien, para prepararlo para el mundial? espero que no.<\/p>\n<p>R.- Pellegrini se ha mostrado bastante acertado en la utilizaci\u00f3n de jugadores, en las buenas y en las malas. Yo creo que har\u00e1 lo correcto. <\/p>\n<p>P.- \u00bfPor qu\u00e9 altas y bajas del Real Madrid 2010-2011 apuestas?<\/p>\n<p>R.- Bajas: Dudek, Metzelder, Diarra, Guti y Ra\u00fal. Drenthe, Gago y Lass seg\u00fan ofertas. Drenthe pdor\u00eda ser una cesi\u00f3n. Altas no las s\u00e9, va a depender de que salga lo de Cesc y Silva, de si ratifican lo de Rib\u00e9ry (se est\u00e1 desinflando eso, proque est\u00e1 perdiendo claramente con Robben, y&#8230;). <\/p>\n<p>P.- Hola Alfredo. \u00bfNo crees que Pep Guardiola protesta mucho a los \u00e1rbitros y que Xavi Hdez. se queja mucho sin raz\u00f3n cuando en la ida le han ayudado mucho? (recuerdo los 4 ptos. ante el S.Gij\u00f3n). Un saludo.<\/p>\n<p>R.- No se quejan m\u00e1s d elo normal. Todo el mundo se queja cuando le va mal. El que no se queja es porque le va bien.<\/p>\n<p>P.- Hola, alfredo \u00bfcrees que algunos jugadores del madrid pueden estar un poco hartos de CR9 (por ejemplo van der vart ayer cuando le quito el balon)? \u00bfcrees que el barca va a pinchar alguna vez mas? \u00bftienes idea de porque albiol provoco la tarjeta ayer? opino que fue una tonteria&#8230; gracias un saludo<\/p>\n<p>R.- Me preocupa el talante tan eg\u00f3latra de Cristiano, desde luego. No es edificante y no es bueno para el equipo. Pienso que s\u00ed, que el Bar\u00e7a puede empatar en Vila-Real o en Sevilla. No estoy seguro de si provoc\u00f3 la tarjeta; me parece que ahora est\u00e1 un poquito m\u00e1s al l\u00edmite f\u00edsicamente y quiz\u00e1 fue por eso.<\/p>\n<p>P.- C\u00f3mo ve la eliminatoria del Atleti-Liverpool? Qu\u00e9 porcentajes dar\u00edas? gracias<\/p>\n<p>R.- La ve\u00eda mejor para el Liverpool hasta saber que no va a estar Torres. Ahora la veo m\u00e1s igualada, aunque a\u00fan para el Liverpool. El Atl\u00e9tico no puede utilizar a Tiago en esta competici\u00f3n, ni a Ag\u00fcero en la ida.<\/p>\n<p>P.- Hola Sr Rela\u00f1o&#8230;siempre he contemplado estas charlas con curiosidad desde la distancia y lo que mas admiro en ellas es su frescura por estar al margen de los estereotipos de opinion&#8230; y eso es justamente lo que queria preguntarte&#8230;\u00bfa que se debe que las respuestas de los jugadores de futbol en general sigan el patron del &#8220;topicazo&#8221; hasta limites surrealistas?&#8230;&#8221;hay que seguir trabajando&#8221;&#8230;&#8221;lo importante es el equipo&#8221;&#8230;&#8221;aun no hemos ganado nada&#8221;&#8230;&#8221;hay que seguir en esa linea&#8221;&#8230;y la madre de todos los topicazos: &#8220;el futbol es asi&#8230;&#8221;; \u00bfes por miedo a las repercusiones, falta de sentido critico, acomodacion, nivel cultural? muchas gracias&#8230;<\/p>\n<p>R.- Es un viejo h\u00e1bito implantado en Espa\u00f1a desde tiempos remotos. Quiz\u00e1 por miedo a meter la pata, a que se saque punta de cualquier cosa. Lo he lamentado siempre m\u00e1s en los entrenadores, que podr\u00edan abrir m\u00e1s sus conocimientos al aficionado. Cuanto m\u00e1s se supiera de f\u00fatbol m\u00e1s rico ser\u00eda el debate. Una costumbre, ya le digo, y costumbres hacen leyes&#8230; Y gracias por su cumplido.<\/p>\n<p>P.- Sr. Rela\u00f1o,me gustaria saber en una escala del 1 al 10 que posibilidades cree usted que tiene Espa\u00f1a de ganar el mundial, y cuales son sus favorios.<\/p>\n<p>R.- De uno a diez, un ocho. Me dan miedo Brasil, como siempre, y Argentina, por Messi e Higua\u00edn, aunque Maradona es como criptonita para Messi.<\/p>\n<p>P.- Don Alfredo, si se cesa a Pellegrini suena Michel como sustituto, \u00bfcon qui\u00e9n ha empatado para entrenar a todo un Real Madrid? Dicen que es de la casa, pero lleva tres a\u00f1os fuera y descenci\u00f3 al Castilla con Granero, De la Red, Mata, Negredo&#8230;lo de Guardiola est\u00e1 nublando a la gente la mente, cuando los entrenadores son como los jugadores, gente como Guardiola en los banquillos o Messi en el terreno de juego, salen cada mucho tiempo. Un poco de cordura para el Real Madrid, por favor.<\/p>\n<p>R.- No creo que se vaya Pellegrini, ni creo que en ese caso el Madrid fichara a Michel. Creo que Michel vendr\u00e1 al Madrid, pero m\u00e1s adelante. En todo caso, en esta temporada en el Getafe est\u00e1 compensando aquella falta.<\/p>\n<p>P.- \u00bfQui\u00e9n crees que se llevar\u00e1 el pichichi. Higua\u00edn o Messi? Un saludo<\/p>\n<p>R.- Messi est\u00e1 delante. Creo que \u00e9l, pero no estoy nada seguro.<\/p>\n<p>P.- Hola Alfredo, saludos desde Alemania. Acerca de la vestimenta de los jugadores: ayer Casillas llevaba pantal\u00f3n blanco, se supone que para no llevar el mismo color que los jugadores del Valencia. Sin embargo, el s\u00e1bado tanto los jugadores del Espanyol como los del barcelona llevaban pantal\u00f3n azul, me atrever\u00eda a decir que el mismo azul. Como yo no conozco lo que dice el reglamento al respecto, me gustar\u00eda que arrojaras un poco de luz sobre el asunto. Gracias.<\/p>\n<p>R.- No hay que ser demasiado r\u00edgidos en esto. Se trata de que el \u00e1rbitro y los espectadores no tengan problemas para distinguir unos y otros y luego aplicar el sentido com\u00fan. Hay tres elementos: camiseta, medias u calz\u00f3n. Si la camiseta y uno de los otros dos elementos son diferentes, es bastante.<\/p>\n<p>P.- Hola Don Alfredo. Sabe ud lo que pasa con la renovacion de Higuain? Muchas gracias por su respuesta.<\/p>\n<p>R.- Hola Don Alfredo. Sabe ud lo que pasa con la renovacion de Higuain? Muchas gracias por su respuesta.<\/p>\n<p>P.- \u00bfQue opinas sobre que la final de copa sea en el Camp Nou? no crees que existe un inter\u00e9s especial en la federacion para que el Atleti la gane.<\/p>\n<p>R.- No creo. \u00bfPor qu\u00e9? No lo relaciono. Creo que se ha llegado a eso por un l\u00edo. Si me permite decirlo, pienso que la final de Copa deber\u00eda ser siempre en emadrid y en el Bernab\u00e9u. \u00bfY si llega el Madrid? Pues tambi\u00e9n. Llega pocas veces y la inmensa mayor\u00eda de las que ha jugado ah\u00ed las ha perdido, as\u00ed que no habr\u00eda que apurarse por eso. Si hubiera estado designada en fecha g\u00e1bil y con tiempo oportuno para el Bernab\u00e9u no tendr\u00edamos ese problema. <\/p>\n<p>P.- quien crees que deberia ser mas indispensable para el madrid a estas alturas? higuain o cr9? <\/p>\n<p>R.- Cristiano. Es un agitador, adem\u00e1s de todo lo dem\u00e1s. <\/p>\n<p>P.- Por que crees que el Real Madrid no deja hacer el equipo a petici\u00f3n del entrenador? Si tu conf\u00edas en la filosof\u00eda de un entrenador para estilo, tendr\u00e1s que preguntar que quiere? Por que yo creo que si le preguntan a Pellegrini que quer\u00eda no hubiesen fichado a todos estos jugadores y se hubieran fichado a otros distintos?<\/p>\n<p>R.- Florentino est\u00e1 convencido de que el club s\u00f3lo es rentable si tiene superjugadores que fascinan en otros mercados y yo creo que tiene raz\u00f3n en eso. El problema es armonizar la presencia de gal\u00e1cticos con los dem\u00e1s, compensar la plantilla, y ah\u00ed es donde entra el entrenador.<\/p>\n","protected":false},"excerpt":{"rendered":"<p>Alfredo Rela\u00f1o, director del Diario As, ha charlado con los internautas sobre la actualidad deportiva. <\/p>\n<p>ARCHIVO DE ENTREVISTAS:<\/p>\n<p>12 de abril &#8211; 22 de marzo &#8211; 17 de marzo &#8211; 08 de marzo &#8211; 01 de marzo &#8211; 22 de febrero &#8211; 15 de febrero &#8211; 08 de febrero &#8211; 01 de febrero &#8211; 25 de enero &#8211; 18 de enero &#8211; 11 de enero &#8211; 04 de enero &#8211; 21 de diciembre &#8211; 14 de diciembre &#8211; 07 de diciembre &#8211; 30 de noviembre &#8211; 23 de noviembre &#8211; 16 de noviembre &#8211; 10 de noviembre &#8211; 02 de noviembre &#8211; 26 de octubre &#8211; 13 de octubre &#8211; 05 de octubre &#8211; 28 de septiembre &#8211; 21 de septiembre &#8211; 16 de septiembre &#8211; 07 de septiembre &#8211; 31 de agosto &#8211; 24 de agosto &#8211; 29 de junio &#8211; 24 de junio &#8211; 16 de junio &#8211; 08 de junio &#8211; 01 de junio &#8211; 25 de mayo &#8211; 18 de mayo &#8211; 11 de mayo &#8211; 4 de mayo &#8211; 27 de abril &#8211; 20 de abril &#8211; 13 de abril &#8211; 30 de marzo &#8211; 23 de marzo &#8211; 16 de marzo &#8211; 9 de marzo &#8211; 2 de marzo &#8211; 23 de febrero &#8211; 16 de febrero &#8211; 9 de febrero <\/p>\n","protected":false},"author":1,"featured_media":0,"comment_status":"open","ping_status":"open","sticky":false,"template":"","format":"standard","meta":{"footnotes":""},"categories":[],"tags":[],"class_list":["post-10146","post","type-post","status-publish","format-standard","hentry"],"_links":{"self":[{"href":"https:\/\/intervius.com\/index.html\/wp-json\/wp\/v2\/posts\/10146","targetHints":{"allow":["GET"]}}],"collection":[{"href":"https:\/\/intervius.com\/index.html\/wp-json\/wp\/v2\/posts"}],"about":[{"href":"https:\/\/intervius.com\/index.html\/wp-json\/wp\/v2\/types\/post"}],"author":[{"embeddable":true,"href":"https:\/\/intervius.com\/index.html\/wp-json\/wp\/v2\/users\/1"}],"replies":[{"embeddable":true,"href":"https:\/\/intervius.com\/index.html\/wp-json\/wp\/v2\/comments?post=10146"}],"version-history":[{"count":0,"href":"https:\/\/intervius.com\/index.html\/wp-json\/wp\/v2\/posts\/10146\/revisions"}],"wp:attachment":[{"href":"https:\/\/intervius.com\/index.html\/wp-json\/wp\/v2\/media?parent=10146"}],"wp:term":[{"taxonomy":"category","embeddable":true,"href":"https:\/\/intervius.com\/index.html\/wp-json\/wp\/v2\/categories?post=10146"},{"taxonomy":"post_tag","embeddable":true,"href":"https:\/\/intervius.com\/index.html\/wp-json\/wp\/v2\/tags?post=10146"}],"curies":[{"name":"wp","href":"https:\/\/api.w.org\/{rel}","templated":true}]}}