{"id":10143,"date":"2010-04-19T00:00:00","date_gmt":"2006-11-06T00:00:00","guid":{"rendered":"https:\/\/intervius.com\/index.html\/?p=10143"},"modified":"2006-11-06T00:00:00","modified_gmt":"2006-11-06T00:00:00","slug":"Quim_Monzo10143","status":"publish","type":"post","link":"https:\/\/intervius.com\/index.html\/Quim_Monzo10143\/","title":{"rendered":"Quim Monz\u00f3"},"content":{"rendered":"<p>Pregunta.- \u00bfCrees que el ser humano realmente tiene &#8220;alma&#8221; o como dice Punset &#8220;Somos una comunidad andante de c\u00e9lulas en busca del amor&#8221;?<\/p>\n<p>Respuesta.- \u00bfEso lo dice Punset o lo dijo Campoamor? &#8220;Una comunidad andante de c\u00e9lulas en busca del amor &#8220;&#8230;por favor.<\/p>\n<p>P.- Qu\u00e8 et sembla el &#8220;m\u00f3n&#8221; facebook, Quim?<\/p>\n<p>R.- Estic fascinat perqu\u00e8 tinc tres o quatre p\u00e0gines a les quals la gent mescriu pensant-se que jo hi s\u00f3c al darrere. Un dia em vaig trobar un senyor en un ascensor que em va dir, precisament ahir em vaig fer amic teu al facebook. Molt poc seri\u00f3s<\/p>\n<p>P.- En un Taller de Narraci\u00f3n (Deusto, Bilbao) basan un par de ejercicios -consignas para escribir en cuentos tuyops, adem\u00e1s de recomendar &#8220;86 cuentos&#8221;, un compendio de muchos cuentos tuyos&#8230; \u00bfQu\u00e9 te parece ayudar a inspirar y a a escribir a otros? <\/p>\n<p>R.- Me parece la mar de bien. Yo nunca estuve en un taller literario, porque en mi \u00e9poca de joven eso aqu\u00ed no exist\u00eda. Pero me hubiese encantado asistir porque seguro que as\u00ed pierdes parte de la verg\u00fcenza inicial. <\/p>\n<p>P.- Bon d\u00eda Quim. Siento una gran admiraci\u00f3n por sus fant\u00e1sticos relatos. Como un olor puede recordarme a una persona olvidada, sus historias desentierran experiencias o momentos que alg\u00fan d\u00eda viv\u00ed. \u00bfSon sus libros una cat\u00e1rsis para ordenar y aclarar situaciones que pululan por su interior? Saludos desde Teruel.<\/p>\n<p>R.- Francamente, todo eso de catarsis me supera. Escribo historias porque me divierte mucho m\u00e1s que jugar a la play station. Escribir es el empe\u00f1o m\u00e1s excitante que he encontrado hasta el momento.<\/p>\n<p>P.- \u00bfQu\u00e9 es un papanatas?<\/p>\n<p>R.- Un papanatas es un cr\u00e9dulo, uno que marca el paso de la corneta que le tocan. Y cuando le cambian la corneta \u00e9l sigue marcando el paso de esa otra nueva corneta.<\/p>\n<p>P.- Capote, Roald Dahl, Salinger.. usted los conoce bien porque los ha traducido, \u00bfqu\u00e9 autores le interesan m\u00e1s ahora?<\/p>\n<p>R.- Llevo unos cuantos a\u00f1os enamorado de C\u00e9sar Aira. Pero hay muchos m\u00e1s. Y no s\u00f3lo de ahora, sino de todos los tiempos. Ahora acaban de reeditar las obras de Copi y pienso volv\u00e9rmelas a leer por s\u00e9ptima o novena vez.<\/p>\n<p>P.- \u00bfCree usted que la casposidad tiene un l\u00edmite o seguir\u00e1 nuestra clase pol\u00edtica demostrando lo contrario? \u00bfNo cree que se deber\u00eda inventar alg\u00fan tipo de H&#038;S capaz de actuar a nivel cerebral?<\/p>\n<p>R.- La casposidad mental es infinitamente superior a la capilar y nuestra clase pol\u00edtica demostrar\u00e1 que no hay l\u00edmites ni list\u00f3n suficientemente alto para ella. <\/p>\n<p>P.- Que m\u00fasica podr\u00edas recomendar, que grupos has escuchado y te han gustado \u00faltimamente? Podr\u00edas recomendar m\u00fasica que se pueda relacionar con el estilo de tu libro? <\/p>\n<p>R.- Estos \u00faltimos meses no paro de escuchar los discos de The Avalanches y de Vinicio Capossela. Este \u00faltimo me lo dieron a conocer en Mundo Babel de Radio3.<\/p>\n<p>P.- enhorabuena se\u00f1or Q.Monz\u00f3, pertenezco a su sociedad secreta de fans y que tambien sufre con estupor el vivir en los tiempos actuales. confiese, para cuando un libro con ilustraciones propias? un comic, porque no? <\/p>\n<p>R.- Desde hace a\u00f1os, mi editor alem\u00e1n, Joachim Unseld, me insiste una y otra vez en lo mismo. \u00bfNo ser\u00e1 usted, rei, Unseld disfrazado?<\/p>\n<p>P.- Me preguntaba si finalmente ha visto su exposici\u00f3n (tambi\u00e9n si lo ha hecho disfrazado) y si le ha gustado o quiere matar a los que la hicieron. Adem\u00e1s quer\u00eda pedirle si pod\u00eda solicitar a Anagrama que reediten con una nueva traducci\u00f3n (por favor) &#8220;Gasolina&#8221;.<\/p>\n<p>R.- Finalmente no fui a ver la exposici\u00f3n. Antes de que la inaugurasen, mientras la montaban, s\u00ed. Pero una vez montada me dio verg\u00fcenza pasearme por ah\u00ed. Sobre &#8220;Gasolina&#8221;, Anagrama la reedita pero con la misma traducci\u00f3n de siempre. Sugerencias al respecto, al se\u00f1or Herralde.<\/p>\n<p>P.- Bon dia Quim. Eres el capo. As\u00ed a bote pronto dir\u00eda que tu y Thomas Bernhard s\u00f3is dos de los m\u00e1s grandes humoristas que ha dado la literatura en los \u00faltimos a\u00f1os. \u00bfQu\u00e9 opini\u00f3n te merece Bernhard? <\/p>\n<p>R.- Me gusta porque es sumamente serio y es esa seriedad exacerbada lo que hace que sus textos sean tan humor\u00edsticos. Pasa como con Kafka. Aqu\u00ed tenemos una idea de Kafka angustiada, apocal\u00edptica, pero en Centroeuropa lo consideran un autor humor\u00edstico, que es lo que es, a mucha honra.<\/p>\n<p>P.- Tu calvicie, \u00bfla llevas bien?<\/p>\n<p>R.- Antes de morir, Terenci Moix me explic\u00f3 qui\u00e9n le hab\u00eda hecho sus injertos. Conserv\u00e9 el nombre y el tel\u00e9fono y as\u00ed me luce el pelo ahora.<\/p>\n<p>P.- Se puede vivir de escribir?<\/p>\n<p>R.- S\u00ed, si eres de buena familia no har\u00e1 falta que te esfuerces mucho. Con que escribas un libro cada siete u ocho a\u00f1os ser\u00e1 suficiente. Si por el contrario eres de familia trabajadora, pues quiz\u00e1 tendr\u00e1s que compensarlo dando clases de literatura en una universidad.<\/p>\n<p>P.- Se\u00f1or Monz\u00f3, trabajo en teatro y he le\u00eddo sus TRES columnas dejando a la altura del bet\u00fan a todo mi gremio en tres plumazos. Era un lector suyo pero, con todo el respeto que no ha tenido usted con nosotros, abandono mi afici\u00f3n por usted. Me parece muy bien que no le guste nuestro trabajo, pero, \u00bfporqu\u00e9 ese ensa\u00f1amiento? \u00bfLe ha roto el coraz\u00f3n alguna actriz?<\/p>\n<p>R.- Esos tres art\u00edculos son parte del texto que le\u00ed en el discurso del D\u00eda Mundial del Teatro que se celebr\u00f3 hace unas semanas. Cuando los actores me pidieron que hiciese yo el discurso les dije: pero es que no yo voy al teatro, y ellos me dijeron: no te preocupes. As\u00ed que ellos se lo buscaron. Y le recuerdo que yo en ning\u00fan momento digo que no me gusta el teatro, a m\u00ed el teatro me gusta, mucho, lo que no soporto es las tonter\u00edas del escenario. Y, sobre la actriz o las actrices le dir\u00e9 que actualmente llevo una vida santa y prefiero no entrar en detalla historias pornogr\u00e1ficas del pasado.<\/p>\n<p>P.- \u00bfQu\u00e9 cuentistas de hoy en Espa\u00f1a le interesan? \u00bfY de Am\u00e9rica Latina? Muchas gracias<\/p>\n<p>R.- Gonzalo Calcedo me gusta much\u00edsimo. C\u00e9sar Aira, como dije antes. Fogwill. Andr\u00e9s Neuman&#8230;<\/p>\n<p>P.- Se\u00f1or Monz\u00f3, qu\u00e9 hay que hacer para triunfar en la vida?<\/p>\n<p>R.- Sobre todo, hacer lo que a uno le apetezca. Si consigues eso (hacer lo que a uno le apetece) ya has triunfado.<\/p>\n<p>P.- \u00bfCree que estamos solos en el Universo o que probablemente ya nos hayan visitado y, al ver el panorama, llegado a la conclusi\u00f3n de no volver jam\u00e1s?<\/p>\n<p>R.- No estamos solos. El problema es que no s\u00f3lo ya nos han visitado sino que se han quedado entre nosotros. \u00bfSe ha fijado c\u00f3mo visten los banqueros, los directores de las compa\u00f1\u00edas a\u00e9reas, y los del Foro de Davos? \u00bfUsted cree que lo de las americanas de Sala i Mart\u00edn es normal?<\/p>\n<p>P.- Quim, perdona por esta pregunta ego\u00edsta. He acabado mi primera novela, voy por la segunda. \u00bfTienes alg\u00fan consejo para lograr que la publiquen? Un abrazo. <\/p>\n<p>R.- Cuando yo era joven la \u00fanica forma de conseguir publicar era ganar un premio. Ahora lo de los premios es m\u00e1s complicado porque o son muy poco importantes o ya est\u00e1 todo previamente pactado. Y, adem\u00e1s, se publica tanto y tanto&#8230; la cosa est\u00e1 jodida, realmente. Yo no quiero que te deprimas pero o consigues que un editor se lea tu novela (cosa ya dif\u00edcil) y se enamore de ella o&#8230; Aunque hay otra soluci\u00f3n: hazte presentador de televisi\u00f3n y enseguida te publicar\u00e1n lo que escribas.<\/p>\n<p>P.- Hola Quim. Un libro para este Sant Jordi. PD Estoy harto de vestirme y desvestirme cada dia de mujer.<\/p>\n<p>R.- &#8220;Maletes perdudes&#8221; (&#8220;Maletas perdidas&#8221;), de Jordi Punt\u00ed.<\/p>\n<p>P.- Buenas tardes QUIM. Ayer fui uno de los 18000 participantes en la Cursa de Bombers de Barcelona. Te v\u00ed con tu pastel y tu diario bajo el brazo, con cara de incr\u00e9dulo, posiblemente pensando que hac\u00eda tanta gente a las 10 de la ma\u00f1ana corriendo. S\u00e9 que est\u00e1s deseando aputarte a la pr\u00f3xima edici\u00f3n, verdad?<\/p>\n<p>R.- Una propuesta: \u00bfpor qu\u00e9 el pr\u00f3ximo a\u00f1o, vosotros y todas las otras cincuentamil carreras que se hacen entre el Paral.lel y Montju\u00efc, no las hac\u00e9is alrededor de la casa de Jordi Hereu, que estar\u00e1 la mar de contento de que le amargu\u00e9is uno de cada dos fines de semana de forma perpetua e improtestable? Porque, cuando no es la Cursa dels Bombers es la Marat\u00f3, cuando no la Media Marat\u00f3, cuando no la de los patinetes, cuando no la de la Merc\u00e8, cuando no una pedalada popular&#8230; \u00bfNo os aburre ver siempre el mismo paisaje? Cambiad de barrio, por favor!<\/p>\n<p>P.- Hola Quim: \u00bfComo ve un aut\u00e9ntico gastr\u00f3nomo com tu que Barcelona haya prescindido de sus bares y restaurantes de comida tradicional (sencill y sabrosa) para convertirse en esta especie de para\u00edso del shoarma, el buffet libre chino y, sobretodo, la cocina de dise\u00f1o (complicada e ins\u00edpida)?<\/p>\n<p>R.- No tengo nada en contra del shauarma, cuando est\u00e1 bien hecho, cosa que no siempre sucede. No tengo nada en contra de los restaurantes chinos o japoneses, como el extraordinario Kikuchan de la calle Num\u00e0ncia. Pero me repatean el h\u00edgado la impostura de la inmensa mayor\u00eda de restaurantes de dise\u00f1o que han acabado con la cocina de este pa\u00eds.<\/p>\n<p>P.- Soy inmigrane y respeto enormemente la cultura catalana, pero no entiendo que multen por poner carteles que no sean en catal\u00e1n. \u00bfqu\u00e9 opinas?<\/p>\n<p>R.- No multan por poner carteles que no sean en catal\u00e1n. Multan por no poner tambi\u00e9n carteles en catal\u00e1n. <\/p>\n<p>P.- Ahora se habla mucho de que con la llegada del e-book el libro sufrir\u00e1 la pirateria tanto como la m\u00fasica o el cine, \u00bfle preocupa que esto afecte a sus ingresos? <\/p>\n<p>R.- Me preocupa la desfachatez con la que mucha gente cree que el trabajo de los artistas no merece recompensa. As\u00ed se han cargado ya la industria musical y todo el mundo cree tener derecho a bajarse de internet pel\u00edculas y canciones sin pagar ni un duro. Es evidente que en cuanto todos los libros est\u00e9n digitalizados, eso empezar\u00e1 tambi\u00e9n a pasar con nosotros. De hecho, ya ha empezado a pasar. El otro d\u00eda Rom\u00e1n Gubern explicaba que hab\u00eda descubierto un libro suyo pirateado y colgado por ah\u00ed. Ser\u00e1 cuesti\u00f3n de pens\u00e1rselo mucho antes de volver a publicar un libro.<\/p>\n<p>P.- \u00bfQu\u00e9 le sugerir\u00eda a quien ha decidido dedicarse a escribir cuentos en los tiempos que corren? Intentemos descartar la mendicidad, por favor.<\/p>\n<p>R.- Que los escriba y los reescriba y los reescriba hasta que le parezca que ya no hay nada mejorable. Que no hay nada de lo que se pueda prescindir, que ha llegado al l\u00edmite de la econom\u00eda, de la brevedad. Y que intente publicarlos en revistas, aunque aqu\u00ed hay poca tradici\u00f3n de publicar relatos en revistas a diferencia de lo que sucede en Estados Unidos, donde los textos siempre se publican primero en un peri\u00f3dico y despu\u00e9s en libro.<\/p>\n<p>P.- Crees que un conocimiento b\u00e1sico de las culturas no castellanas en Espa\u00f1a ayudar\u00eda a la madurez de la democracia? No te duele ser m\u00e1s conocido fuera de Espa\u00f1a?<\/p>\n<p>R.- Creo que ayudar\u00eda much\u00edsimo a la democracia. Creo que uno de los grandes problemas desde la transici\u00f3n es precisamente \u00e9se, que nunca ning\u00fan gobierno ha querido afrontar.<\/p>\n<p>P.- Un microrrelato en este instante. As\u00ed, a pelo.<\/p>\n<p>R.- Pero, \u00bft\u00fa qu\u00e9 crees? \u00bfque esto es una cafeter\u00eda donde pides un cortado, uno con leche&#8230;?<\/p>\n<p>P.- Hola Quim, si tuvieras que llevarte 5 libros a una isla desierta, cu\u00e1les te llevar\u00edas? Muchas gracias y no dejes de escribir!<\/p>\n<p>R.- El Libro de Familia. Con ese ya tendr\u00eda suficiente para, cuando me llegue el Alzheimer en la isla desierta, saber qui\u00e9n me ha impelido a huir de mi mundo anterior.<\/p>\n<p>P.- Yo ya s\u00e9 que adoptar es costoso en tr\u00e1mites, pero \u00bfy acoger? \u00bfle interesa a usted acoger ni\u00f1os y no tan ni\u00f1os? \u00bfquiere hacer usted feliz tanto culturalmente como econ\u00f3micamente a un pobre estudiante de filolog\u00eda?<\/p>\n<p>R.- Quiz\u00e1s si yo fuese sacerdote y dependiendo de la edad que usted tenga podr\u00edamos hablar del asunto.<\/p>\n<p>P.- \u00bfEs la Literatura un oficio pol\u00edtico?<\/p>\n<p>R.- En absoluto. A mi modo de ver, al menos. Mezclar literatura y pol\u00edtica es la mejor forma de desgraciar lo que sea que est\u00e9s escribiendo.<\/p>\n<p>P.- Buenos d\u00edas, sr. Monz\u00f3. El pasado lunes compr\u00e9 la Internacional Papanatas y estoy disfrutando much\u00edsimo con su lectura. Hasta ahora s\u00f3lo hab\u00eda le\u00eddo sus libros de relatos, no conoc\u00eda sus art\u00edculos. Leo sus art\u00edculos y me vienen inmediatamente a la cabeza Camba y Pla. Usted est\u00e1 a la misma altura como articulista, lo cual me parece poco menos k milagroso. \u00bfCree k se alinea usted con un hipot\u00e9tico equipo de f\u00fatbol en el que figurasen Pla y Camba?<\/p>\n<p>R.- Buenos d\u00edas, sr. Monz\u00f3. El pasado lunes compr\u00e9 la Internacional Papanatas y estoy disfrutando much\u00edsimo con su lectura. Hasta ahora s\u00f3lo hab\u00eda le\u00eddo sus libros de relatos, no conoc\u00eda sus art\u00edculos. Leo sus art\u00edculos y me vienen inmediatamente a la cabeza Camba y Pla. Usted est\u00e1 a la misma altura como articulista, lo cual me parece poco menos k milagroso. \u00bfCree k se alinea usted con un hipot\u00e9tico equipo de f\u00fatbol en el que figurasen Pla y Camba?<\/p>\n","protected":false},"excerpt":{"rendered":"<p>El escritor Quim Monz\u00f3 es uno de los protagonistas de este Sant Jordi por su libro Esplendor y gloria de la Internacional Papanatas que se presenta como jocosa denuncia de la incongruencia del gremio pol\u00edtico. Su ultim\u00edsima creaci\u00f3n es un microrrelato que cabe en un pin de nevera. <\/p>\n","protected":false},"author":1,"featured_media":0,"comment_status":"open","ping_status":"open","sticky":false,"template":"","format":"standard","meta":{"footnotes":""},"categories":[],"tags":[],"class_list":["post-10143","post","type-post","status-publish","format-standard","hentry"],"_links":{"self":[{"href":"https:\/\/intervius.com\/index.html\/wp-json\/wp\/v2\/posts\/10143","targetHints":{"allow":["GET"]}}],"collection":[{"href":"https:\/\/intervius.com\/index.html\/wp-json\/wp\/v2\/posts"}],"about":[{"href":"https:\/\/intervius.com\/index.html\/wp-json\/wp\/v2\/types\/post"}],"author":[{"embeddable":true,"href":"https:\/\/intervius.com\/index.html\/wp-json\/wp\/v2\/users\/1"}],"replies":[{"embeddable":true,"href":"https:\/\/intervius.com\/index.html\/wp-json\/wp\/v2\/comments?post=10143"}],"version-history":[{"count":0,"href":"https:\/\/intervius.com\/index.html\/wp-json\/wp\/v2\/posts\/10143\/revisions"}],"wp:attachment":[{"href":"https:\/\/intervius.com\/index.html\/wp-json\/wp\/v2\/media?parent=10143"}],"wp:term":[{"taxonomy":"category","embeddable":true,"href":"https:\/\/intervius.com\/index.html\/wp-json\/wp\/v2\/categories?post=10143"},{"taxonomy":"post_tag","embeddable":true,"href":"https:\/\/intervius.com\/index.html\/wp-json\/wp\/v2\/tags?post=10143"}],"curies":[{"name":"wp","href":"https:\/\/api.w.org\/{rel}","templated":true}]}}