{"id":10141,"date":"2010-04-22T00:00:00","date_gmt":"2006-11-06T00:00:00","guid":{"rendered":"https:\/\/intervius.com\/index.html\/?p=10141"},"modified":"2006-11-06T00:00:00","modified_gmt":"2006-11-06T00:00:00","slug":"Carlos_Boyero10141","status":"publish","type":"post","link":"https:\/\/intervius.com\/index.html\/Carlos_Boyero10141\/","title":{"rendered":"Carlos Boyero"},"content":{"rendered":"<p>Pregunta.- D\u00edgame que el Bar\u00e7a va a remontar el mi\u00e9rcoles, que esto no ser\u00e1 nadar para morir en la orilla, que no se impondr\u00e1n se\u00f1ores tan serios como Van Gaal o Mourinho.<\/p>\n<p>Respuesta.- Ser\u00eda horroroso no s\u00f3lo para el f\u00fatbol que Mourinho ganara la Champions. El triunfo crea modelos. No quiero imaginarme este espect\u00e1culo tratando de ser cl\u00f3nico con la actitud de Mourinho. Ser\u00eda bonito que los ni\u00f1os quisieran jugar como lo hace el Barcelona. No como el Inter. Van Gaal siempre me ha parecido un cretino con pretensiones. Aunque no olvido el trabajo que hizo con aquella maravillosa generaci\u00f3n de futbolistas que tuvo en el Ajax, la victoria de aquel equipo lleno de vida y de talento sobre el Mil\u00e1n en la final de la Copa de Europa. Aunque soy agn\u00f3stico, voy a poner velas a Dios o al diablo para que el Barcelona destroce al Inter el pr\u00f3ximo mi\u00e9rcoles. <\/p>\n<p>P.- \u00bfNo le han invitado al festival de Malaga?<\/p>\n<p>R.- S\u00ed, pero naturalmente, no voy. Hay all\u00ed sobredosis de cr\u00edticos serios. No me necesitan para nada en la gran fiesta del maravilloso cine espa\u00f1ol. <\/p>\n<p>P.- \u00bfQu\u00e9 opini\u00f3n le merezco?<\/p>\n<p>R.- Me cae usted fatal. Lo cual no me impide reconocerle un talento especial. Una forma de ver la vida y el cine muy original. Por supuesto, sus permanentes transgresiones, incluidas bastantes pasotes del Dogma, me aburren cantidad. Pero en dos ocasiones usted me ha impresionado y me ha conmovido, en &#8220;Rompiendo las olas&#8221; y &#8220;Bailar en la oscuridad&#8221;. Por si acaso, no he vuelto a revisarlas. <\/p>\n<p>P.- \u00bfPodr\u00eda Ud. hablar sin tacos y palabras gruesas? Resultan desagradables. Reconozco que de vez en cuando suelto alguno. Est\u00e1n tan devaluados que a la gente le molesta mas que le llaman tonto que cosas m\u00e1s gordas. Haga la prueba.<\/p>\n<p>R.- Lamento no poder complacerla. Entre los abuelos, hay de todo. No tienen bula para deberles eterno respeto. Mi diccionario de insultos puede ser muy rico, pero a veces la groser\u00eda y la vulgaridad son mis mejores armas de expresi\u00f3n. Los tontos somos as\u00ed de directos. <\/p>\n<p>P.- \u00bfQu\u00e9 hay que hacer o estudiar para ser como t\u00fa? Un saludo <\/p>\n<p>R.- Con frecuencia, me resulta \u00e9pico soportarme. Siga siendo usted. Es probable que duerma mejor que yo. <\/p>\n<p>P.- \u00bfNo le record\u00f3 &#8220;Un Profeta&#8221; a &#8220;The Wire&#8221;? Ese protagonista turbio, esos secundarios al borde de la sociedad&#8230;<\/p>\n<p>R.- No especialmente. A ver si me explico: &#8220;Un profeta&#8221; es muy buen cine franc\u00e9s, &#8220;The wire&#8221; pertenece al mejor cine norteamericano. No siento ni una gota de simpat\u00eda por ning\u00fan personaje de &#8220;Un profeta&#8221;. En &#8220;The wire&#8221;, me enganchan hasta los mayores hijos de puta. <\/p>\n<p>P.- \u00bfCrees que encontrar\u00e1n a Bin Laden alguna vez, Boyero?<\/p>\n<p>R.- Est\u00e1 bien guardado en mi casa. En serio, dudo que exista. Aunque a muchos les convenga hacernoslo creer. Si este fulano anda vivo, habr\u00eda que meter en la c\u00e1rcel por incompetentes a todos los servicios secretos de Occidente. <\/p>\n<p>P.- Hola Carlos. Quer\u00eda preguntarte tu opini\u00f3n sobre el boom de la novela negra n\u00f3rdica. Ya dijiste que le\u00edste los de Larsson, pero \u00bfhas le\u00eddo algo m\u00e1s de las tierras del norte? Gracias<\/p>\n<p>R.- He le\u00eddo casi todos los libros de Henning Mankell. Me gusta su atm\u00f3sfera, me creo al inspector Kurt Walander. Dej\u00e9 a la mitad, aunque volver\u00e9 a recuperarla, una novela finlandesa bastante curiosa, pero me resulta imposible recordar el t\u00edtulo. Y en mi biblioteca reposan muchas novedades de novelas negras y n\u00f3rdicas. Me dan pereza. Siempre he detestado las modas. Las leer\u00e9 cuando ya nadie me hable de ellas. Soy as\u00ed de snob. <\/p>\n<p>P.- \u00bfQu\u00e9 le ha pasado a Evo Morales? \u00a1V\u00e1lgame!<\/p>\n<p>R.- Si lo dice por la homosexualidad y la calvicie, imagino que este hombre anda pasado de alcohol y de otras sustancias. La coca debe de ser formidable en su pa\u00eds. Pero luego pasa lo que pasa. Lo digo por experiencia. <\/p>\n<p>P.- \u00bfQu\u00e9 le parece Samaranch? \u00bfTen\u00eda alguna opini\u00f3n sobre \u00e9l?<\/p>\n<p>R.- No siento especial simpat\u00eda por su alabada persona. Imagino que todo en \u00e9l era pol\u00edtica. Y lo hizo muy bien, ya que siempre se llev\u00f3 perfectamente con el poder. <\/p>\n<p>P.- \u00bfQui\u00e9n es el mejor protagonista de series de la \u00faltima d\u00e9cada?\u00bfQuiz\u00e1s Mc Nulty de The wire? \u00bfDiaz Ferran? Saludos<\/p>\n<p>R.- Tony Soprano. <\/p>\n<p>P.- Saludos Carlos. He intentado ver &#8220;Elogio del amor&#8221; del insoportable de Godard y me ha sido imposible llegar a la mitad. Pero, \u00bfexiste alguna pel\u00edcula de este director medianamente humana?. Ser\u00e1 que no fuma, ni bebe, ni come,&#8230;\u00a1dios m\u00edo, es algo infumable lo de este se\u00f1or!.<\/p>\n<p>R.- Compadezcame. En el pr\u00f3ximo festival de Cannes tendr\u00e9 que tragarme su \u00faltima entrega, su \u00faltimo &#8220;poema f\u00edlmico&#8221;, que es como definen sus pel\u00edculas, o lo que sean, los enterados de siempre. <\/p>\n<p>P.- Buenos d\u00edas Carlos, alg\u00fan d\u00eda habr\u00e1 que dedicarle el epacio que se merece a los enormes actores secundarios del cine, aquellos que son capaces de hacer de una buena pel\u00edcula, una inolvidable. Yo quiero recordar a uno que me hizo amar el cine cuando ve\u00eda los antiguos western en compa\u00f1\u00eda de mi padre, el genial Walter Brennan. \u00bfLos tuyos?<\/p>\n<p>R.- Walter Brennan y Telma Ritter. Y, c\u00f3mo no, el maravilloso Jos\u00e9 Isbert, haciendo cualquier cosa.<\/p>\n<p>P.- \u00bfQu\u00e9 tan bien funcionar\u00e1 Gonz\u00e1lez I\u00f1\u00e1rritu sin los guiones de Arriaga? \u00bfHa podido ver ya su pel\u00edcula sin su m\u00e1s estrecho colaborador? Saludos desde M\u00e9xico.<\/p>\n<p>R.- La ver\u00e9 en Cannes. Es lo que m\u00e1s me apetece de su programaci\u00f3n. Yo tambi\u00e9n tengo dudas despu\u00e9s de la rotura de esa asociaci\u00f3n perfecta. Lo que tengo claro es que con Arriga o sin \u00e9l, I\u00f1\u00e1rritu sabe hablar extraordinariamente con su c\u00e1mara. Me gust\u00f3 &#8220;Lejos de la tierra quemada&#8221;, la primera pel\u00edcula que ha dirigido Arriaga. <\/p>\n<p>P.- \u00bfQu\u00e9 har\u00eda usted si lleva casi 10 a\u00f1os con su novia pero no puede dejar de pensar en la compa\u00f1era de trabajo que recientemente ha conocido y con la que tan bien se lleva? <\/p>\n<p>R.- No se ensa\u00f1en conmigo poni\u00e9ndome cebos f\u00e1ciles. Tengan piedad. Llevo una semana muy mala. <\/p>\n<p>P.- \u00bfQu\u00e9 te parece hacer una versi\u00f3n de &#8220;Sexo en Nuevo York&#8221; con nuestras ministras\/ pol\u00edticas?.Yo me imagino a Elena Salgado como Miranda, seca y estirada, Leire Paj\u00edn es Samantha, todo carnalidad, Carme Chac\u00f3n es Charlotte, pija y maternal, y Carrie ser\u00eda por supuesto Bibiana A\u00eddo, no se me ocurre nadie mejor para reflejar la inanidad disfrazada de modernidad de la neoyorkina.<\/p>\n<p>R.- No me gusta &#8220;Sexo en Nueva York&#8221;. No me gustan las ministras ni los ministros. Hablemos de cosas serias, hablemos de &#8220;Casablanca&#8221;, &#8220;El hombre tranquilo&#8221;, &#8220;El apartamento&#8221;, y &#8220;El buscavidas&#8221;. Aunque reconozco que es usted ingenioso. Excepto en la carnalidad de la insoportable Leire Paj\u00edn. Ni ciego de copas me atraer\u00eda esa carnalidad. <\/p>\n<p>P.- \u00bfCu\u00e1l de las actrices que conoce personalmente es la m\u00e1s encantadora?<\/p>\n<p>R.- Yo. <\/p>\n<p>P.- Me da pena ver a Segurola en manos de indocumentados,que lo m\u00e1s parecido que han visto a un bal\u00f3n de f\u00fatbol es una piscina en Mallorca al borde del mar. \u00bfLo conoces personalmente? \u00bfTe gusta c\u00f3mo escribe?<\/p>\n<p>R.- Es un cronista superdotado, un excelente narrador de historias. No compro el Marca. Usted, al parecer, s\u00ed. Echo de menos en la secci\u00f3n de Deportes de EL PA\u00cdS los art\u00edculos de Segurola, de Julio C\u00e9sar Iglesias, de Valdano. <\/p>\n<p>P.- Hola Carlos. \u00bfQue libro recomendar\u00edas para regalar ma\u00f1ana, que es Sant Jordi?<\/p>\n<p>R.- Dos novelas tremendas de Richard Yates: &#8220;Revolutionary road&#8221; y &#8220;Las hermanas Grimes&#8221;. Pero le advierto, son desoladoras. Depende de la persona a la que vaya a hacerle el regalo. Pero seguro que no se equivoca si le regala &#8220;El poder del perro&#8221;. Si su historia pretende mont\u00e1rselo de l\u00edrica, o de rom\u00e1ntica, no puedo aconsejarle. <\/p>\n<p>P.- Hola Carlos, Roberto Bola\u00f1o o Javier Mar\u00edas?<\/p>\n<p>R.- No veo la relaci\u00f3n entre ellos. Me gustan mucho las novelas de Bola\u00f1o y los art\u00edculos de Javier Mar\u00edas. Y no sigan pregunt\u00e1ndome sobre pap\u00e1 y mam\u00e1. <\/p>\n<p>P.- \u00bfPor qu\u00e9 est\u00e1s hoy tan hablador?, te extiendes m\u00e1s de lo habitual en tus respuestas. El Boyero borde, monosil\u00e1bico e ingenioso tipo House mola, pero \u00e9ste menos avinagrado tambi\u00e9n se agradece y se sigue con inter\u00e9s. Un saludo.<\/p>\n<p>R.- Yo tambi\u00e9n me lo pregunto, ya que tengo una nube negra en la cabeza. Imagino que hablar me hace alejarme provisionalmente de ella. <\/p>\n<p>P.- \u00bfhas estudiado periodismo o te autoproclamas &#8220;critico de cine&#8221;?. Yo d\u00edria que por tu l\u00e9xico no has estudiado la carrera de periodismo, pero a\u00fan voy mas, no tienes ni idea de cine. Mucho leer, como dices que haces, pero tus palabras dejan mucho que desear. Y por favor no censures mis preguntas, para que los demas las puedan ver, pues siempre escribo y nunca se me publica, puesto que voy e ir\u00e9 siempre en tu contra. Gracias.<\/p>\n<p>R.- Acojonado me ha dejado usted. Siga as\u00ed. C\u00f3mo a\u00f1oro tener enemigos medianamente presentables. <\/p>\n<p>P.- veo todas las semanas tu programa por el plus. eres el unico critica que habla claro, se agradece. la pregunta \u00bfque te parecio la pelicula seven de david fincher?<\/p>\n<p>R.- Le queda poco tiempo para seguir disfrut\u00e1ndome. El programa desaparece a finales de mayo. Estos cuatro a\u00f1os haciendo televisi\u00f3n me han merecido la pena. Sobre todo, por la gente encantadora que formaba el equipo. &#8220;Seven&#8221; la sigo viendo un par de veces al a\u00f1o, y siempre me sigue provocando escalofr\u00edos. <\/p>\n<p>P.- \u00bfAdios o hasta luego?<\/p>\n<p>R.- \u00bfConoces esta frase de &#8220;El largo adi\u00f3s&#8221;?: &#8220;Le dije adi\u00f3s cuando todo era triste, solitario y final&#8221;.<\/p>\n","protected":false},"excerpt":{"rendered":"<p>Carlos Boyero acude una semana m\u00e1s a su cita semanal con los lectores. Boyero, uno de los m\u00e1s populares e influyentes cr\u00edticos de cine y feroz columnista de televisi\u00f3n, de cine y de la vida en general, ha charlado con los internautas sobre todo lo imaginable. <\/p>\n<p>Foto: Bernardo P\u00e9rez<br \/>\nARCHIVO DE ENTREVISTAS:<br \/>\n15 de abril 8 de abril &#8211; 25 de marzo<br \/>\n&#8211; 18 de marzo &#8211; 11 de marzo<br \/>\n&#8211; 4 de marzo &#8211; 18 de febrero<br \/>\n&#8211; 4 de febrero &#8211; 28 de enero<br \/>\n&#8211; 21 de enero &#8211; 14 de enero<br \/>\n7 de enero &#8211; 17 de diciembre<br \/>\n10 de diciembre &#8211; 3 de diciembre<br \/>\n26 de noviembre &#8211; 19 de noviembre<br \/>\n12 de noviembre &#8211; 5 de noviembre<br \/>\n29 de octubre &#8211; 22 de octubre<br \/>\n15 de octubre &#8211; 8 de octubre<br \/>\n24 de septiembre<br \/>\n-3 de septiembre &#8211; 23 de julio<br \/>\n&#8211; 9 de julio &#8211; 2 de julio<br \/>\n25 de junio &#8211; 18 de junio<br \/>\n11 de junio &#8211; 4 de junio<br \/>\n21 de mayo 14 de mayo<br \/>\n7 de mayo &#8211; 30 de abril<br \/>\n23 de abril &#8211; 14 de abril<br \/>\n2 de abril &#8211; 26 de marzo<br \/>\n12 de marzo &#8211; 5 de marzo<br \/>\n26 de febrero &#8211; 12 de febrero<br \/>\n5 de febrero &#8211; 22 de enero<br \/>\n15 de enero &#8211; 18 de diciembre<br \/>\n11 de diciembre &#8211; 4 de diciembre<br \/>\n27 de noviembre &#8211; 20 de noviembre<br \/>\n13 de noviembre &#8211; 6 de noviembre<br \/>\n30 de octubre &#8211; 16 de octubre<br \/>\n9 de octubre &#8211; 25 de septiembre<br \/>\n18 de septiembre -04 de septiembre<br \/>\n28 de agosto &#8211; 17 de julio<br \/>\n10 de julio &#8211; 3 de julio<br \/>\n26 de junio &#8211; 19 de junio<br \/>\n12 de junio &#8211; 5 de junio<br \/>\n22 de mayo &#8211; 15 de mayo<br \/>\n8 de mayo &#8211; 24 de abril<br \/>\n17 de abril &#8211; 10 de abril<br \/>\n3 de abril &#8211; 13 de marzo<br \/>\n6 de marzo &#8211; 28 de febrero<br \/>\n14 de febrero &#8211; 08 de febrero<br \/>\n31 de enero &#8211; 24 de enero<br \/>\n17 de enero &#8211; 3 de enero<br \/>\n27 de diciembre &#8211; 20 de diciembre<br \/>\n13 de diciembre &#8211; 07 de diciembre<br \/>\n29 de noviembre &#8211; 22 de noviembre<br \/>\n15 de noviembre &#8211; 08 de noviembre<br \/>\n02 de noviembre -25 de octubre<\/p>\n<p>Carlos Boyero, en lalistaWIP.com<\/p>\n","protected":false},"author":1,"featured_media":0,"comment_status":"open","ping_status":"open","sticky":false,"template":"","format":"standard","meta":{"footnotes":""},"categories":[],"tags":[],"class_list":["post-10141","post","type-post","status-publish","format-standard","hentry"],"_links":{"self":[{"href":"https:\/\/intervius.com\/index.html\/wp-json\/wp\/v2\/posts\/10141","targetHints":{"allow":["GET"]}}],"collection":[{"href":"https:\/\/intervius.com\/index.html\/wp-json\/wp\/v2\/posts"}],"about":[{"href":"https:\/\/intervius.com\/index.html\/wp-json\/wp\/v2\/types\/post"}],"author":[{"embeddable":true,"href":"https:\/\/intervius.com\/index.html\/wp-json\/wp\/v2\/users\/1"}],"replies":[{"embeddable":true,"href":"https:\/\/intervius.com\/index.html\/wp-json\/wp\/v2\/comments?post=10141"}],"version-history":[{"count":0,"href":"https:\/\/intervius.com\/index.html\/wp-json\/wp\/v2\/posts\/10141\/revisions"}],"wp:attachment":[{"href":"https:\/\/intervius.com\/index.html\/wp-json\/wp\/v2\/media?parent=10141"}],"wp:term":[{"taxonomy":"category","embeddable":true,"href":"https:\/\/intervius.com\/index.html\/wp-json\/wp\/v2\/categories?post=10141"},{"taxonomy":"post_tag","embeddable":true,"href":"https:\/\/intervius.com\/index.html\/wp-json\/wp\/v2\/tags?post=10141"}],"curies":[{"name":"wp","href":"https:\/\/api.w.org\/{rel}","templated":true}]}}