{"id":1014,"date":"2007-02-22T00:00:00","date_gmt":"2006-11-06T00:00:00","guid":{"rendered":"https:\/\/intervius.com\/index.html\/?p=1014"},"modified":"2006-11-06T00:00:00","modified_gmt":"2006-11-06T00:00:00","slug":"Pilar_Lozano1014","status":"publish","type":"post","link":"https:\/\/intervius.com\/index.html\/Pilar_Lozano1014\/","title":{"rendered":"Pilar Lozano"},"content":{"rendered":"<p>Pregunta.- Piensa que el reciente triunfo del medio judicial, jueces y abogados que tienen la valentia de poner a la luz los hechos de los paramilitares -y las consecuencias que ellos implicaran- es el comienzo de una verdadera revolucion hacia el reconocimiento de la verdad, la justicia, la democracia, de un verdadero respeto del pueblo colombiano, indispensable para su existencia? <\/p>\n<p>Respuesta.- Es lo que esperamos todos los colombianos, que se conozca la verdad y que haya una renovaci\u00f3n de la clase pol\u00edtica del pa\u00eds. Hasta ahora la Justicia lo ha hecho muy bien, con mucha independencia, que es lo que se necesita.<\/p>\n<p>P.- Cree usted que el nombramiento de Fernando Araujo es una estrategia del Presidente Uribe para desviar la atenci\u00f3n de la opici\u00f3n p\u00fablica nacional pero sobre todo internacional, y evitar as\u00ed que la sombra de la parapol\u00edtca continue expandiendose por todos los rincones de ejecutivo?<\/p>\n<p>R.- Hay muchas opiniones sobre este tema; para unos es un acierto del Presidente, pero para otros no es Ara\u00fajo la persona adecuada para el momento que vive el pa\u00eds. Muchos piensan que es una jugada pol\u00edtica para enfocar la atenci\u00f3n internacional en las Farc.<\/p>\n<p>P.- \u00bfC\u00f3mo lo esc\u00e1ndalo afecta a las relaciones bilaterales entre Washington y Bogot\u00e1?<\/p>\n<p>R.- Se sabe que en el Congreso de Estados Unidos se habla del Para-Gate y que muchos congresisstas tiene inquietudes al respecto. Esta situaci\u00f3n fue la finalmente llev\u00f3 a la ca\u00edda de la Canciller Ara\u00fajo. Al gobierno le exigen una mayor claridad frente a los grupos paramilitares y a su infiltraci\u00f3n en el Estado. <\/p>\n<p>P.- \u00bfEL TLC y Plan Colombia sufren mucho com los \u00faltimos acontecimentos pol\u00edticos?<\/p>\n<p>R.- Existe un temor grande, porque el Congreso ahora es mayoritariamente dem\u00f3crata y estudiar\u00e1 el TLC. La parapol\u00edtica es una variable m\u00e1s. Depender\u00e1 de ellos el valor que le den.<\/p>\n<p>P.- Cordial saludo desde la hermosa MANIZALES.No le parece que mucho periodista colombiano no se interesa por estudiar las fortalezas del pa\u00ecs y en cambio despotrican, en forma b\u00e0rbara? En mi calidad de ciudadano entiendo que los periodistas deben ser muy estudiosos y asesorar a la ciudadan\u00eca, para que no se deje meter gato por liebre de los pol\u00ecticos insensibles y vac\u00ecos? Gracias ilustre periodista pilar. aguadas1@hotmail.com<\/p>\n<p>R.- Tiene raz\u00f3n. El periodismo tiene la obligaci\u00f3n de darle elementos al lector para que se forme un criterio sobre la realidad. Pero las malas noticias no son despotricar del pa\u00eds. Por desgracia en Colombia pasan demasiadas cosas malas y nuestra obligaci\u00f3n es denunciarlas, para as\u00ed ayudar a que el pa\u00eds se transforme .<\/p>\n<p>P.- \u00bfCual es la ciudad colombiana que m\u00e1s le cautiva&#8230; por qu\u00e9?<\/p>\n<p>R.- Mit\u00fa, en el Vaup\u00e9s, porque en ella se junta lo que m\u00e1s amo: selva y r\u00edo.<\/p>\n<p>P.- \u00bfQu\u00e9 consecuencias a nivel de pol\u00edtica exterior, puede traer a corto y mediano plazo el perfil del nuevo Canciller? No es una persona preparada para desempe\u00f1ar su cargo, como \u00e9l mismo lo ha reconocido; psicol\u00f3gica y emocionalmente puede que no aguante la presi\u00f3n del cargo y por \u00faltimo que tenga a sus espaldas en caso de Camabc\u00fa?<\/p>\n<p>R.- Es muy dif\u00edcil predecir c\u00f3mo puede afectar al Canciller su dura experiencia de 6 a\u00f1os de secuestro. Los siquiatras hablan de estr\u00e9s postraum\u00e1tico. Pero cada caso es distinto. Lo de Chambac\u00fa, es un caso juzgado y \u00e9l fue exonerado. L\u00f3gicamente, saldr\u00e1 a relucir muchas veces. Ara\u00fajo ha dicho que tiene c\u00f3mo probar su inocencia.<\/p>\n<p>P.- Buenos d\u00edas Pilar Me gustar\u00eda preguntarle por la situaci\u00f3n de seguridad de la capital del pa\u00eds. Si es segura para trabajar y llevar una vida normal. Es posible que vaya a Bogot\u00e1 para trabajar y estoy interesado en saber las condiciones de seguridad para los europeos en la zona. Gracias por todo<\/p>\n<p>R.- La inseguridad ha bajado en Bogot\u00e1. Es una ciudad latinoamericana con los problemas normales de robos, etc. Seg\u00fan la Alcald\u00eda los homicidios han bajado sustancialmente. Pero cada vez hay m\u00e1s europeos trabajando aqu\u00ed. Es el caso de espa\u00f1oles de han venido a trabajar con bancos, empresas de servicios p\u00edblicos, etc. Y siempre hablan muy bien de los colombianos y de esta ciudad.<\/p>\n<p>P.- Hola Pilar. Hace dos a\u00f1os el ex-presidente Lopez Michelsen, promovi\u00f3 el debate de un r\u00e9gimen parlamentario vs. el actual r\u00e9gimen presidencialista. Pero su propuesta no tuvo gran eco, y la Presidencia mostr\u00f3 su desacuerdo con ella. En la actualidad acreditados congresistas afines al presidente Uribe, como Benedetti, vuelven a proponer el tema (justo despu\u00e9s de una entrevista con el presidente). \u00bfCree que esa ser\u00e1 la estrategia de \u00c1lvaro Uribe para lograr el tercer mandato, o a\u00fan m\u00e1s tiempo? <\/p>\n<p>R.- Proponerlo en este momento, para muchos es absurdo, cuando el Congreso enfrenta el esc\u00e1ndalo de la parapol\u00edtica. Parece que no es un debate que est\u00e9 al orden del d\u00eda. <\/p>\n<p>P.- Estoy haciendo una tesis sobre la prohibici\u00f3n del terrorismo en los conflictos armados, calificando situaciones y analizando la normativa interancional aplicable. Me resulta dif\u00edcil entender el conflicto de Colombia, donde todas las partes se acusan unas a otras de terroristas. Desde tu punto de vista, \u00bfconsideras que hay verdaderamente una guerra civil o una situaci\u00f3n de tensiones internas con actos terroristas? <\/p>\n<p>R.- Tiene toda la raz\u00f3n. Para un extranjero es casi que imposible entender esta situaci\u00f3n. Y para un colombiano, pues tambi\u00e9n. Aunque no se puede hablar de una guerra civil, s\u00ed hay un conflicto armado, irresoluble hasta ahora. Hay que venir ac\u00e1 para poder entender algo.<\/p>\n<p>P.- Sra. Lozano: \u00bfel asunto de las FARC o el ELN son utilizados por los pol\u00edticos colombianos con fines partidistas al igual que ocurre en Espa\u00f1a con nuestros pol\u00edticos respecto a ETA? \u00bfEs un factor del que se sirven en su lucha indiscriminada por el poder? Muchas gracias.<\/p>\n<p>R.- Es una realidad que ha servido para ocultar el mayor problema del pa\u00eds: la enorme corrupci\u00f3n de su clase pol\u00edtica.<\/p>\n<p>P.- Quisiera conocer la visi\u00f3n como residente en ese pa\u00eds, de la situaci\u00f3n de violaci\u00f3n de derechos humanos por parte de todos los actores pol\u00edticos del conflicto de Colombia. \u00bfEs visible la impunidad? \u00bfLa ciudadan\u00eda como responde?<\/p>\n<p>R.- la violacion de los derechos humanos sigue siendo pan de cada d\u00eda por parte de todos los actores armados. por desgracia en este pa\u00eds, con tantos a\u00f1os de violencia, hay como un adormecimento frente a lo que ocurre y la protesta es y ha sido demasiado poca frente a los hechos de horror : masacres, asesinatos, secuestro hasta de ni\u00f1os y ancianos. Defender los derechos humanos aqui es una proeza <\/p>\n<p>P.- Estimada Pilar: He vivido en Colombia varios a\u00f1os . Vivi la transici\u00f3n de Pastrana a Uribe. Pas\u00e9 de estar encerrado en Bogot\u00e1 a desplazarme libremente por gran parte del pais. De una terrible crisis econ\u00f3mica a finales de los 90 a ser una de las economia con mayor crecimiento de AL No defiendo ningun tipo de violencia pero \u00bfno es lo que esta ocurriendo un mal menor repecto a las mejoras que est\u00e1 experimentando el pais?. \u00bfPor que solo se habla de Colombia para mal? Ay hombe<\/p>\n<p>R.- Indiscutiblemente se puede ahora viajra mas libremente por las carreteras colombianas. La situacion economica ha mejorado para unos pocos . Las cifras muestran que la concentraci\u00f3n de riqueza es cada vez mayor y el pais es cada vez m\u00e1s inequitativo. Lo que esta sucediendo no es un mal menor: es grave ver como durante dos decadas gran parte de la clase politica se alio con paramilitares mataron y robaron los recursos destinados a los m\u00e1s pobres. De colombia no solo se habla de lo malo. Tambien se registran noticias positivas. Por degracia lo malo es tan grave que opaca lo dem\u00e1s. <\/p>\n<p>P.- \u00bfComo cree usted que debe abordarse la lucha contra la corrupci\u00f3n y la violencia en Colombia? <\/p>\n<p>R.- la justicia esta dando el primer paso . Si no hay renovacion pol\u00edtica y apoyo de la ciudadan\u00eda a lo hecho por la justicia todo puede terminar como los anteriores esc\u00e1ndalos: un esc\u00e1ndalo m\u00e1s . La violencia no se acaba solo con una respuesta militar . Esta demostrado. <\/p>\n<p>P.- Complacidos recibimos el nombramiento de FERNANDO ARAUJO, nuestra imagen esta desdibujada en el exterior por la PARAPOLITICA , solo la presion internacional nosayudara, lo creeras tu ? <\/p>\n<p>R.- No creo que la imagen este desfigurada. Es la realidad.<\/p>\n<p>P.- \u00bfCu\u00e1l es el efecto que el secuestro de Ingrid Betancourt tiene en la pol\u00edtica local?<\/p>\n<p>R.- Desde fuera de Colombia el secuestro de Ingrid se ve diferente. En Colombia forma parte de un tema tan doloroso como es el secuestro. Hay muchos secuestrados y el debate es sobre la situaci\u00f3n de todos ellos. En concreto, sobre los canjeables del grupo que hace parte Ingrid, el tema del acuedo humanitario s\u00ed genera diferencias de enfoque <\/p>\n<p>P.- Recientemente, el presidente \u00c1lvaro Uribe ha admitido que la ex candidata a la presidencia Ingrid Betancourt, de cuyo secuestro se cumplen ma\u00f1ana cinco a\u00f1os, podr\u00eda haber sido trasladada a otro pa\u00eds por las FARC \u00bfC\u00f3mo se ha vivido en Colombia el secuestro de Betancourt? Desde fuera da la impresi\u00f3n de que se asume como un caso irresoluble. Muchas gracias.<\/p>\n<p>R.- Es un caso dif\u00edcil. dentro del DIH las Farc tendr\u00edan que liberar a todos los secuestrados civiles, sin contraprestaci\u00f3n. Como no lo hacen, el gobierno debe cumplir con su tarea y velar por sus ciudadanos. A ambos les falta voluntad pol\u00edtica para resolver este tema. Este a\u00f1o dos cumplen diez a\u00f1os en poder de las Farc!!! Ingrid ees un caso m\u00e1s dentro de esta dif\u00edcil situaci\u00f3n.<\/p>\n<p>P.- \u00bfSe movilizan los colombianos por la liberaci\u00f3n de Ingrid Betancourt?<\/p>\n<p>R.- Ac\u00e1, el caso de Ingrid es uno m\u00e1s de la extensa lista de secuestrados. Canjeables por razones pol\u00edticas hay 54 en total. Tiene m\u00e1s visibilidad en los medios y cada a\u00f1o se hace un acto de recordaci\u00f3n de su secuestro.<\/p>\n<p>P.- \u00bfNo estaba el sr. Fernando Ara\u00fajo relacionado a un proceso judicial por el caso Chambacu, que ya concluy\u00f3? \u00bfExiste alguna raz\u00f3n para no elegir a otra persona que no hubiese sido juzgada por ning\u00fan motivo?. Esto es relevante ya que es la imagen del pa\u00eds en el exterior. Gracias.<\/p>\n<p>R.- Uribe ha nombrado a muchos que est\u00e1n investigados, como el ex ministro Londo\u00f1o, que a\u00fan sigue con l\u00edos judiciales. Ara\u00fajo est\u00e1 exonerado y asegura que puede probar su inocencia a cualquiera. <\/p>\n<p>P.- Pilar, \u00bfc\u00f3mo crees que se podr\u00e1 resolver la situaci\u00f3n a corto plazo? \u00bfEs posible que la gente que ama el turismo prolongado viva all\u00ed una temporada calmada y sin miedos? Gracias<\/p>\n<p>R.- La situaci\u00f3n para los turostas es relativa. La mayor\u00eda habla maravillas de Colombia y su gente. A algunos les va mal, pero&#8230; eso pasa en todas partes. Pero, s\u00ed, Colombia vive una situaci\u00f3n dif\u00edcil que no se resuelve a corto plazo. Entender lo que aqu\u00ed pasa no es f\u00e1cil.<\/p>\n<p>P.- Son 2 preguntas en 1: \u00bfCree que una persona que ha estado secuestrada durante 6 a\u00f1os y con tan poco tiempo para superar este trauma puede estar preparado para asumir una cartera tan dif\u00edcil como la de Exteriores de Colombia? \u00bfNo es una falta de responsabilidad del actual presidente?<\/p>\n<p>R.- Algunos piensan que es irresponsabilidad. Como todo, habr\u00e1 que ver qu\u00e9 sucede con el nuevo Canciller, que adem\u00e1s no tiene exoeriencia.<\/p>\n","protected":false},"excerpt":{"rendered":"<p>En Colombia, el nombramiento de Fernando Ara\u00fajo como ministro de Exteriores, se ha recibido con sorpresa, tras la renuncia previa de la anterior ministra, Mar\u00eda Consuelo Ara\u00fajo. Sobre el pa\u00eds se cierne un ambiente de duda, y la propia Corte pidi\u00f3 hace d\u00edas a la Fiscal\u00eda que investigue al ex ministro \u00c1lvaro Ara\u00fajo Noguera, acusado de su presunta participaci\u00f3n en un secuestro, entre otros asuntos. Para hablar de estos temas y contarnos la situaci\u00f3n de primera mano, Pilar Lozano, corresponsal de EL PA\u00cdS en Bogot\u00e1, ha charlado con los lectores.<\/p>\n","protected":false},"author":1,"featured_media":0,"comment_status":"open","ping_status":"open","sticky":false,"template":"","format":"standard","meta":{"footnotes":""},"categories":[],"tags":[],"class_list":["post-1014","post","type-post","status-publish","format-standard","hentry"],"_links":{"self":[{"href":"https:\/\/intervius.com\/index.html\/wp-json\/wp\/v2\/posts\/1014","targetHints":{"allow":["GET"]}}],"collection":[{"href":"https:\/\/intervius.com\/index.html\/wp-json\/wp\/v2\/posts"}],"about":[{"href":"https:\/\/intervius.com\/index.html\/wp-json\/wp\/v2\/types\/post"}],"author":[{"embeddable":true,"href":"https:\/\/intervius.com\/index.html\/wp-json\/wp\/v2\/users\/1"}],"replies":[{"embeddable":true,"href":"https:\/\/intervius.com\/index.html\/wp-json\/wp\/v2\/comments?post=1014"}],"version-history":[{"count":0,"href":"https:\/\/intervius.com\/index.html\/wp-json\/wp\/v2\/posts\/1014\/revisions"}],"wp:attachment":[{"href":"https:\/\/intervius.com\/index.html\/wp-json\/wp\/v2\/media?parent=1014"}],"wp:term":[{"taxonomy":"category","embeddable":true,"href":"https:\/\/intervius.com\/index.html\/wp-json\/wp\/v2\/categories?post=1014"},{"taxonomy":"post_tag","embeddable":true,"href":"https:\/\/intervius.com\/index.html\/wp-json\/wp\/v2\/tags?post=1014"}],"curies":[{"name":"wp","href":"https:\/\/api.w.org\/{rel}","templated":true}]}}