{"id":10139,"date":"2010-04-20T00:00:00","date_gmt":"2006-11-06T00:00:00","guid":{"rendered":"https:\/\/intervius.com\/index.html\/?p=10139"},"modified":"2006-11-06T00:00:00","modified_gmt":"2006-11-06T00:00:00","slug":"La_Oreja_de_Van_Gogh10139","status":"publish","type":"post","link":"https:\/\/intervius.com\/index.html\/La_Oreja_de_Van_Gogh10139\/","title":{"rendered":"La Oreja de Van Gogh"},"content":{"rendered":"<p>Pregunta.- Ya que estais componiendo, nos podeis decir si teneis ya alguna canci\u00f3n del proximo cd ya bastante encaminada? Espero veros pronto por TARRAGONA!<\/p>\n<p>Respuesta.- Muy buenas a todos, ya estamos aqu\u00ed! La verdad se que acabamos de ponernos a componer nuestr siguiente trabajo y a\u00fan poca cosa os podemos anticipar. Deciros que vamos a intentar que todo est\u00e9 preparado para primeros del a\u00f1o que viene y que estamos con mucha ilusi\u00f3n! <\/p>\n<p>P.- Hola chicos!!! En primer lugar daros la enhorabuena, y las gracias, por cada nuevo proyecto que nos regal\u00e1is&#8230; \u00a1Sois geniales! En la pel\u00edcula se muestra un paralelismo entre nuevos grupos del lugar y un poco lo que ha sido vuestra trayectoria durante estos a\u00f1os&#8230;Siempre que os preguntan soleis responder con que vuestra situaci\u00f3n actual es un c\u00famulo de circunstancias y buena suerte pero&#8230;personalmente creo que se debe a mucho m\u00e1s que eso, la calidad de vuestro trabajo es un hecho m\u00e1s que objetivo, pero, sicneramente \u00bfCre\u00e9is que vuestro \u00e9xito habr\u00eda sido el mismo en un contexto tan&#8230;&#8221;inestable&#8221; o &#8220;conflictivo&#8221; como el de Tel Aviv u Oriente en general? \u00bfCon qu\u00e9 dificultades, cre\u00e9is que os habr\u00edais podido encontrar de haber vivido en \u00e9sa zona?Un besote enorme!Neus__(s\u00ed, de las veteranas vaya)<\/p>\n<p>R.- Hola Neus! Nunca sabremos si hubiera funcionado, pero lo que sabemos es que la inquietud musical est\u00e1 presente hasta en las peores condiciones.<\/p>\n<p>P.- \u00bfQu\u00e9 acogida estais teniendo de vuestros fans despu\u00e9s de la marcha de Amaia Montero?<\/p>\n<p>R.- Estamos muy agradecidos a todos nuestros fans, ya que desde el principio el apoyo ha sido incre\u00edble. Muchas gracias!<\/p>\n<p>P.- Hola chicos los felicito por el documental, pero mi pregunta es \u00bf V a llegar a la Argentina? hay muchisimos fans que lo queremos el cd dvd libro, si tuvieramos la opotunidad viajariamos a Espa\u00f1a para solo comprarlo, a y tambien queremos giraa los amooo besos y uno muy especial a Alvarooo te amo saludos desde Argentina<\/p>\n<p>R.- Hola a todos los argentinos que nos segu\u00eds, que sabemos sois muchos!!! No tenemos confirmaci\u00f3n toda\u00eda, pero parece que la intenci\u00f3n s\u00ed es que llegue la pel\u00edcula a todos los pa\u00edses. Esperamos que sea pronto!<\/p>\n<p>P.- \u00bfc\u00f3mo se os ha ido tanto la pinza de iros a grabar una peli al mar muerto?????? porqu\u00e9 no hab\u00e9is grabado aqu\u00ed en Espa\u00f1a o en San Sebasti\u00e1n por ejemplo, con lo bonito que es????porque Israel?<\/p>\n<p>R.- Hola! El proyecto empez\u00f3 siendo algo mucho m\u00e1s peque\u00f1o, que consist\u00eda en rodar videoclips para la reedici\u00f3n de &#8220;Nuestra casa&#8230;&#8221; y nos propusieron como escenario para ello el Mar Muerto, idea que nos encant\u00f3, porque aunque haya lugares en el mundo m\u00e1s bonitos, ninguno se parece tanto a Marte&#8230; Como hab\u00e9is podido comprobar, el proyecto ha terminado siendo mucho m\u00e1s grande, pero estamos contentos con el resultado y la experiencia.<\/p>\n<p>P.- En primer lugar felicitaros por vuestra musica y vustra fantastica idea para el documental \u00bfteneis mas proyectos pendientes? gracias<\/p>\n<p>R.- Muchas gracias Paula! Ahora mismo nuestro proyecto m\u00e1s importante es la composici\u00f3n del siguiente disco, que nos gustar\u00eda tenerlo preparado para primeros del a\u00f1o que viene y adem\u00e1s continuaremos hasta julio con una serie de conciertos que contin\u00faan la gira de &#8220;A las cinco en el Astoria&#8221;.<\/p>\n<p>P.- Hola! Me pareci\u00f3 muy buena la iniciativa del bosque de Pescueza, qu\u00e9 tal la experiencia en Extremadura?<\/p>\n<p>R.- Hola! La experiencia fue incre\u00edble, nos trataron de maravilla, el pueblo entero particip\u00f3 y creemos que iniciativas como \u00e9sta son necesarias para hacer de este mundo un lugar mejor.<\/p>\n<p>P.- Qu\u00e9 canci\u00f3n de Nuestra Casa a la Izquierda del Tiempo os cost\u00f3 m\u00e1s versionar porque recordabais su antiguo sonido?Muchas felicidades por todo lo que haceis!Espero veros en Tenerife!<\/p>\n<p>R.- Un saludo a Tenerife, que en breve estaremos de concierto muy cerca! El repertorio del disco &#8220;Nuestra casa&#8230;&#8221; est\u00e1 formado s\u00f3lo por las canciones que consiguieron sonar de la forma que basc\u00e1bamos, as\u00ed que con las que hay, no hubo muchas deficultades. <\/p>\n<p>P.- \u00bfOs gustaria hacer algun dia un disco de versiones? Si es asi, \u00bfque grupos o canciones incluiriais?<\/p>\n<p>R.- Hola! La verdad es que ser\u00eda un proyecto bonito y divertido, aunque de momento no tenemos tiempo para pensar en ello; quiz\u00e1 m\u00e1s adelante&#8230;<\/p>\n<p>P.- Aunque todos los conciertos son especiales, el de Salamanca tuvo su peculiaridad porque tocasteis junto a la joven orquesta sinfonica. \u00bfQue tal fue la experiencia de compartir escenario con ellos?<\/p>\n<p>R.- Hola Carmen! Como dices, fue un concierto muy especial y les mandamos un besazo a La Joven Orquesta Sinf\u00f3nica de Salamanca y a su director Ignacio, que lo hicieron de maravilla, para convertirlo en una noche inolvidable.<\/p>\n<p>P.- hola chicos!!! dos preguntillas:-\u00bfd\u00f3nde os fotografiasteis para la portada de &#8220;El viaje de Copperpot&#8221;? (es una pregunta un poco rara pero interesante)-de donde sacais esa creatividad para componer as\u00ed??? muchas gracias!!!<\/p>\n<p>R.- Hola Dani! Las fotos de &#8220;El viaje&#8230;&#8221; se hicieron en el Paseo de Francia, en San Sebasti\u00e1n y en cuanto a la creatividad, siempre nos hemos inspirado mucho en historias propias o que nos cuenta la gente, y que nos ocurren a la mayor\u00eda a diario. <\/p>\n<p>P.- \u00bfQu\u00e9 tal ha sido lo de grabar &#8220;Ay Haiti&#8221; con Carlos Jean? \u00bfHa habido qu\u00edmica? \u00bfLo fichar\u00edais como productor?<\/p>\n<p>R.- Hola! Nos ha hecho mucha ilusi\u00f3n formar parte del proyecto de Carlos, ya que nos parece fundamental aportar todo lo posible en situaciones como esta y adem\u00e1s ya nos conoc\u00edamos anteriormente.<\/p>\n<p>P.- Hola!! \u00bfCon que os quedais de todo lo que habeis hecho rodando la pelicula? Un Saludo y Besoss!!<\/p>\n<p>R.- Hola Julen! Quiz\u00e1 lo m\u00e1s significativo del viaje, ha sido la convivencia con todo el equipo y con toda la gente que hemos ido conociendo en los diferentes lugares.<\/p>\n<p>P.- \u00bfPensais hacer un giro a vuestra m\u00fasica para ese ansiado nuevo disco que ya estais preparando? Si es as\u00ed, \u00bfpodeis darnos una peque\u00f1a pista? A muchos fans nos gustar\u00eda que sacaseis vuestro lado m\u00e1s rockero, cuyas posibilidades se han acentuado y de qu\u00e9 manera con la llegada de Leire al grupo.<\/p>\n<p>R.- Al ponernos a componer, no pensamos en un estilo en global o en lo que queremos buscar en plan general, sino que las ideas van surgiendo canci\u00f3n a canci\u00f3n y cada una tiene un esp\u00edritu. De todas maneras, la forma en la que vamos a componer este disco va a ser muy parecida a las anteriores (esta vez tambi\u00e9n con Leire) ya que es la \u00fanica forma en la que sabemos hacerlo.<\/p>\n<p>P.- Llegar\u00e1 el documental a M\u00e9xico? Si es asi, GRACIAS!<\/p>\n<p>R.- Hola! A\u00fan no tenemos confirmaci\u00f3n, pero sabemos que la compa\u00f1\u00eda est\u00e1 haciendo todo lo posible para que el documental llegue a muchos pa\u00edses.<\/p>\n<p>P.- Hola! me da mucho gusto que os vaya bien y quisiera que mandaran saludos a el staff del Fan Club &#8220;Leire Cuentame al Oido&#8221; de Mexico! Vosotros son lo maximo! LEire como siempre tan hermosa! y los chavos tan Geniales como siempre :D! porfavor solo os pido eso! gracias y mucha suerte! atte: Antonio Mancera, Mex, DF.<\/p>\n<p>R.- Hola Antonio Mancera! Queremos agradecerles todo el apoyo, que sabemos hacen muchos esfuerzos y siempre nos tratan incre\u00edble y por supuesto les mandamos un saludo a todos los que forman parte del staff Fan Club &#8220;Leire Cuentame al Oido&#8221;. Un besazo!<\/p>\n<p>P.- Hola chic@s!! Como sabr\u00c3\u00a9is, \u00c3\u00baltimamente se est\u00c3\u00a1n volviendo a editar discos en formato vinilo en todo el mundo, y tambi\u00c3\u00a9n en nuestro pa\u00c3\u00ads son cada vez m\u00c3\u00a1s los grupos y cantantes que sacan disco en este formato en ediciones limitadas. Qu\u00c3\u00a9 pens\u00c3\u00a1is del vinilo, os gusta este formato? Y tendremos alg\u00c3\u00ban disco de La Oreja de Van Gogh en 12 pulgadas en el futuro? Un abrazo!!<\/p>\n<p>R.- Hola Javier! Nos encanta el formato vinilo, somos de esos rom\u00e1nticos&#8230; Adem\u00e1s, hubo una versi\u00f3n del bonus track de &#8220;Lo que te cont\u00e9&#8230;&#8221; que se edit\u00f3 en vinilo con remezclas para discoteca. As\u00ed que quiz\u00e1 repitamos en un futuro.<\/p>\n<p>P.- soys los mejores no cambieis nunca. Esta pregunta es para leire.\u00bfte lo pasaste bien con los chicos rodando la peli?<\/p>\n<p>R.- Hola! La experiencia en general fue incre\u00edble, pero como sab\u00e9is mis chicos son divertid\u00edsimos y una vez m\u00e1s, me hicieron pasar momentos muy buenos durante el rodaje.<\/p>\n<p>P.- cuando van ah venir a los estados unidos en california ? yo vivo en okland i me encanta su musica<\/p>\n<p>R.- Hi! Nos encantar\u00eda decirte que vamos a ir en breve, ya que en alguna ocasi\u00f3n hemos podido visitar el pa\u00eds y siempre nos ha ido de maravilla, pero creemos que a\u00fan no hay nada previsto. Os tendremos informados a trav\u00e9s de la web www.laorejadevangogh.com<\/p>\n<p>P.- Hola a todos! Bueno primero daros la enhorabuena y las gracias por lo incre\u00edbles que son cada una de vuestras canciones! \u00bfCuanto es lo m\u00ednimo y lo m\u00e1ximo que hab\u00e9is tardado en componer una canci\u00f3n? Os espero el 30 de abril en la firma de discos y el 1 en el concierto de Ibiza:)! Un besazo!<\/p>\n<p>R.- Hola! Ha habido de todo: canciones que en un d\u00eda estaban pr\u00e1cticamente completas y otras que todav\u00eda, incluso despu\u00e9s de masterizar, creemos se podr\u00edan seguir desarrollando. Nos vemos pronto!<\/p>\n<p>P.- cual es realmente la historia del documental si pudierais definirla en una frase?? muchos besos!!! vengan por canarias pronto!! =)<\/p>\n<p>R.- Hola Rosa! El documental habla sobre todo de la amistad, la m\u00fasica y los sue\u00f1os e ilusiones de la gente, que no son diferentes en ninguna parte del mundo.<\/p>\n<p>P.- ya hab\u00e9is hecho de casi todo y encima siempre con \u00e9xito&#8230; pero qu\u00e9 es lo que le falta hacer a LOVG??? hay alguna espinita clavada??? besos chicos!!!<\/p>\n<p>R.- Hola! A lo largo de nuestra carrera nos han ido proponiendo proyectos curiosos que han permitido que vivi\u00e9ramos experiencias \u00fanicas, y aunque no pensemos en nada en concreto, seguro que seguir\u00e1n surgiendo cosas interesantes e ilusionantes. Lo \u00fanico que nos preocupa, es poder seguir haciendo m\u00fasica. Besos!!!<\/p>\n","protected":false},"excerpt":{"rendered":"<p>Con motivo del estreno de su primera peli documental, Un Viaje al Mar Muerto, La Oreja de Van Gogh estuvo charlando con sus seguidores sobre la experiencia en Israel, la pel\u00edcula y sobre todo lo que quer\u00e1is preguntar. \u00a1Consultad el encuentro!<\/p>\n","protected":false},"author":1,"featured_media":0,"comment_status":"open","ping_status":"open","sticky":false,"template":"","format":"standard","meta":{"footnotes":""},"categories":[],"tags":[],"class_list":["post-10139","post","type-post","status-publish","format-standard","hentry"],"_links":{"self":[{"href":"https:\/\/intervius.com\/index.html\/wp-json\/wp\/v2\/posts\/10139","targetHints":{"allow":["GET"]}}],"collection":[{"href":"https:\/\/intervius.com\/index.html\/wp-json\/wp\/v2\/posts"}],"about":[{"href":"https:\/\/intervius.com\/index.html\/wp-json\/wp\/v2\/types\/post"}],"author":[{"embeddable":true,"href":"https:\/\/intervius.com\/index.html\/wp-json\/wp\/v2\/users\/1"}],"replies":[{"embeddable":true,"href":"https:\/\/intervius.com\/index.html\/wp-json\/wp\/v2\/comments?post=10139"}],"version-history":[{"count":0,"href":"https:\/\/intervius.com\/index.html\/wp-json\/wp\/v2\/posts\/10139\/revisions"}],"wp:attachment":[{"href":"https:\/\/intervius.com\/index.html\/wp-json\/wp\/v2\/media?parent=10139"}],"wp:term":[{"taxonomy":"category","embeddable":true,"href":"https:\/\/intervius.com\/index.html\/wp-json\/wp\/v2\/categories?post=10139"},{"taxonomy":"post_tag","embeddable":true,"href":"https:\/\/intervius.com\/index.html\/wp-json\/wp\/v2\/tags?post=10139"}],"curies":[{"name":"wp","href":"https:\/\/api.w.org\/{rel}","templated":true}]}}