{"id":10127,"date":"2012-04-12T00:00:00","date_gmt":"2006-11-06T00:00:00","guid":{"rendered":"https:\/\/intervius.com\/index.html\/?p=10127"},"modified":"2006-11-06T00:00:00","modified_gmt":"2006-11-06T00:00:00","slug":"Vicente_Verdu10127","status":"publish","type":"post","link":"https:\/\/intervius.com\/index.html\/Vicente_Verdu10127\/","title":{"rendered":"Vicente Verd\u00fa"},"content":{"rendered":"<p>Pregunta.- Sr. Verd\u00fa \u00bfCree que se puede decir mucho m\u00e1s acerca de la sociedad de consumo y del capitalismo que lo que ya dijeron, Foucault, Boudrillard, Bordieu, Lyotard, Debord, o Adorno? \u00bfCree que se puede ir mucho m\u00e1s all\u00e1 o que las obras de estos grandes pensadores han logrado sedimentar aunque sea un \u00e1pice en la conciencia pol\u00edtica de la clase media? Muchas gracias, admiro mucho su intenci\u00f3n y sus libros<\/p>\n<p>Respuesta.- No s\u00e9 si mucho m\u00e1s respecto a la sociedad de consumo a la que se refer\u00edan pero esa sociedad y esa cultura no ha dejado de evolucionar y sigue habiendo faena para nuevos an\u00e1lisis y para difundirlos con un car\u00e1cter menos sat\u00e1nico entre la clase media que, a su vez, es un receptor que ha cambiado ya su naturaleza. Muchas gracias por prestarme atenci\u00f3n. Un abrazo. <\/p>\n<p>P.- Sr. Verd\u00fa, \u00bfes el espa\u00f1ol s\u00fabdito de la cultura pol\u00edtica o ciudadano?<\/p>\n<p>R.- A mi parecer la cultura pol\u00edtica tiene poca autoridad y menos cr\u00e9dito. El ciudadano est\u00e1 despistado pero, no obstante, es capaz de ser m\u00e1s cr\u00edtico y c\u00ednico que nunca.<\/p>\n<p>P.- Querido tocayo, \u00bfen qu\u00e9 situaci\u00f3n ves a Espa\u00f1a respecto a los otros pa\u00edses de la UE? \u00bfEs cabeza de rat\u00f3n o cola de le\u00f3n? \u00bfCu\u00e1l de las dos opciones es peor?<\/p>\n<p>R.- M\u00e1s cabeza de rat\u00f3n y ahora dolorosamente nos damos cuenta que no hemos dejado de pertenecer a esa especie. Lo peor es la falsa creencia de que no s\u00f3lo hab\u00edamos crecido econ\u00f3micamente sino ascendido en el escal\u00f3n de la fauna. Basta darse una vuelta por Francia e incluso la zarandeada Italia para comprobar que no hemos abandonado la segunda divisi\u00f3n y la Champions League que proclamaba Zapatero refiri\u00e9ndose al ascenso espa\u00f1ol es m\u00e1s un deseo que una verdad, menos una realidad que una quimera. Desgraciadamente.<\/p>\n<p>P.- \u00bfConsidera que la huelga general del 29M fue un fracaso, tal y como pronosticaba en su art\u00edculo \u00abEst\u00e9tica de la huelga general\u00bb?<\/p>\n<p>R.- Fue una expresiva representaci\u00f3n del malestar pero sin consecuencias para corregir la direcci\u00f3n que se propon\u00eda atacar.<\/p>\n<p>P.- Encantado, Vicente. \u00bfNo es cierto que el capitalismo ha funcionado hasta ahora porque conoce bien el alma humana, sus deseos y debilidades? Ante un sistema tan malvadamente refinado, \u00bfcabe una alternativa real? \u00bfLa soluci\u00f3n es personal o colectiva?<\/p>\n<p>R.- Lo cierto es que fracasadas las dem\u00e1s utop\u00edas socialistas y comunistas, el capitalismo ha quedado como una ecolog\u00eda global. Otro mundo es posible pero no conocemos su dise\u00f1o y, en consecuencia, c\u00f3mo plantear una estrategia radical. \u00bfSoluciones personales? No hay persona sin los dem\u00e1s.<\/p>\n<p>P.- \u00bfCree que hay una falta de \u00e9tica y valores en esta sociedad? \u00bfQu\u00e9 hacer para solucionarlo? Muchas gracias Sr. Verd\u00fa aunque no son preguntas f\u00e1ciles.<\/p>\n<p>R.- Es imposible vivir sin valores. Ser\u00eda una carnicer\u00eda la ausencia de moralidad. Pero es cierto que el nuevo sistema de valores se encuentra en construcci\u00f3n y los valores del tiempo anterior se han carcomido demasiado. Soy optimista sin embargo sobre el porvenir que, no sin grandes costes humanos, est\u00e9 forj\u00e1ndose ya. <\/p>\n<p>P.- Sr. Verd\u00fa, \u00bfConsidera ud. que la democracia y el capitalismo est\u00e1n enfermos o que son la enfermedad en s\u00ed mismos?<\/p>\n<p>R.- La democracia actual ha enfermado gravemente en los \u00faltimos treinta a\u00f1os. Ahora, incluso, puede que nos hallemos ante su momia. El capitalismo se metamorfosea sin cesar porque no puede vivir sin clientela. La Gran Crisis actual incluye tambi\u00e9n su crisis, tiende a matar y a suicidar en lo que he llamado &#8220;La hoguera del capital&#8221; que es el t\u00edtulo del \u00faltimo libro que he publicado. <\/p>\n<p>P.- Buenas tardes. \u00bfCree que los recortes y las medidas extremas que est\u00e1 tomando el Gobierno pueden sacar a Espa\u00f1a de la crisis o solo nos llevar\u00e1n a la ruina? <\/p>\n<p>R.- Creo que est\u00e1n llev\u00e1ndonos a la ruina. No entiendo que estemos asistiendo a la aplicaci\u00f3n de recetas desacreditadas hace noventa a\u00f1os.<\/p>\n<p>P.- Sr Verdu que felicidad hablar con Ud. Le comento de la realidad de mi pais, vivo en Per\u00fa. En este momente vivimos conflictos sociales por temas medio ambientales, se quiere hacer explotaci\u00f3n minera, abusando de los derechos de los ciudadanos. El gobierno antes que apoyar a los ciudadanos en sus reclamos justos por cierto, los reprime e incluso a sabiendas que se contamina.<\/p>\n<p>R.- La corrupci\u00f3n de los pol\u00edticos y los Gobiernos que forman ya no tiene fronteras. Siento lo que padecen ustedes.<\/p>\n<p>P.- Hola Vi\u00e7ent El recuperar los valores; la apertura de la partitocracia al individuo y el estimulo de los mejores, \u00bfpuede ayudarnos en esta situacion? Gracias. Saludos<\/p>\n<p>R.- As\u00ed lo creo y lo he escrito en mi \u00faltimo libro &#8220;La hoguera del capital&#8221;<\/p>\n<p>P.- Sr. Vicente, encantada de dirigirme a usted. No s\u00e9 si mi pregunta es tan simple como aparenta: \u00bfrealmente una familia con todos sus miembros en paro tiene motivos para ser optimista cuando no tiene esperanza? Gracias y un saludo.<\/p>\n<p>R.- Esa es la estampa que condensa la oscuridad de esta maldita \u00e9poca<\/p>\n<p>P.- Vicente, \u00bfno crees que la democracia es una ficci\u00f3n pol\u00edtica, una especie de eufemismo para crear la falsa ilusi\u00f3n de equidad y participaci\u00f3n?<\/p>\n<p>R.- Efectivamente. La democracia de representaci\u00f3n parlamentaria es una c\u00e1scara que oculta un malvado vac\u00edo.<\/p>\n<p>P.- Hola paisano. \u00bfQu\u00e9 alternativa posible tenemos a esta Europa tan alejada del sue\u00f1o de sus fundadores? Espero que no sea volver a la autarqu\u00eda&#8230;<\/p>\n<p>R.- Tanto la c\u00e1rcel de la autarqu\u00eda como el funcionamiento represor de esta Uni\u00f3n Europea dirigida por tecn\u00f3cratas nos cierran la posibilidad de ver m\u00e1s all\u00e1 de esta realidad cruel y opresora <\/p>\n<p>P.- \u00bfCree que teor\u00edas como la de Serge Latouche y su apuesta por el decrecimiento pueden aportar alg\u00fan tipo de soluci\u00f3n global en un pr\u00f3ximo futuro a esta crisis sist\u00e9mica? Muchas gracias, D. Vicente y enhorabuena por el premio.<\/p>\n<p>R.- El nombre de decrecimiento no dice bien lo que se propugna. No se trata de regresar o de frenar sino de avanzar con sentido humano.<\/p>\n<p>P.- Saludos Vicente. Nos venden que la crisis es el resultado de la mala gesti\u00f3n de tal o cual partido y que la soluci\u00f3n es aceptar recortes y m\u00e1s recortes &#8220;porque es lo que toca&#8221;. Pero, de verdad, \u00bfqui\u00e9nes son los responsables de esta situaci\u00f3n? \u00bfSabemos nombres y apellidos? \u00bfVan a pagar por ella? \u00bfY c\u00f3mo evitar el desmantelamiento del estado del bienestar? Gracias.<\/p>\n<p>R.- En mi opini\u00f3n la causa determinante es la descomposici\u00f3n del sistema pol\u00edtico. A trav\u00e9s de ese pudridero se ha ido contagiando y agrandando la corrupci\u00f3n general.<\/p>\n<p>P.- \u00bfQu\u00e9 salida ve usted a la crisis actual?<\/p>\n<p>R.- La reversi\u00f3n de las pol\u00edticas que ahora se aplican. Si no es as\u00ed la patolog\u00eda crecer\u00e1 y las empresas y los ciudadanos agonizantes morir\u00e1n irreversiblemente.<\/p>\n<p>P.- Existe el mecanismo de participaci\u00f3n ciudadana, pero se le recorta a los ciudadanos esa posibilidad. Todas las protestas sociales en Per\u00fa son el \u00fanico medio que encuentran los ciudadanos, m\u00e1s pobres para ser escuchados por el gobierno actual y que sucedi\u00f3 tambi\u00e9n por el anterior. \u00bfPor qu\u00e9 este actuar de los representantes pol\u00edticos, por qu\u00e9 cree ud se da en nuestra regi\u00f3n en Latinoam\u00e9rica?<\/p>\n<p>R.- La democracia ha derivado en una falacia. \u00bfQu\u00e9 hacer? En otros tiempos las agitaciones sociales contaban con una organizaci\u00f3n y un objetivo alternativo. Ahora la agitaci\u00f3n se quema en la agitaci\u00f3n. Esta es la gran tragedia que se deriva de haber perdido la fe en las utop\u00edas.<\/p>\n<p>P.- Sr. Verd\u00fa. Buenas tarde. Si tenemos informaci\u00f3n abundante, conocimiento a\u00f1ejo y herramientas educativas; si disfrutamos de artes inspiradoras, de ciencia y solidaridad, de misticismo y tecnolog\u00eda universal; si viajamos, contrastamos, aprendemos y cada vez sabemos m\u00e1s, entonces \u00bfpor qu\u00e9 este necio presente? No lo entiendo. <\/p>\n<p>R.- Seguramente porque en el aprendizaje no se ha incluido todav\u00eda un pensamiento nuevo y liberador. Un pensamiento acoplado a los tiempos y organizado para transformarlo tras entenderlo con propiedad.<\/p>\n<p>P.- Sr. Verd\u00fa, si la democracia es una &#8220;momia&#8221;, como apunt\u00f3 en una de sus respuestas, \u00bfen cu\u00e1l sistema pol\u00edtico estar\u00eda pensando para las generaciones sucesivas?&#8230;<\/p>\n<p>R.- Es imposible saberlo pero lo seguro es que sea un sistema menos jer\u00e1rquico, m\u00e1s interactivo y personalizado como ha ense\u00f1ado el paradigma de la red social.<\/p>\n<p>P.- Hola, Sr Verd\u00fa! \u00bfPor qu\u00e9 cree usted, que no hay ambici\u00f3n para que la humanidad tenga un futuro mejor? Muchas gracias<\/p>\n<p>R.- Creo precisamente que cada vez m\u00e1s hay la ambici\u00f3n y la apremiante necesidad de crear un futuro mejor y con sentido humano.<\/p>\n<p>P.- Sr. Verd\u00fa, \u00bfno cree que a veces se realizan cr\u00edticas demasiado abstractas al capitalismo, como si fuera un sistema del que pudi\u00e9ramos librarnos con s\u00f3lo pretenderlo, para sustuirlo por otro supuestamente mejor? \u00bfNo ser\u00eda mejor ir a lo concreto, denunciar desfacheteces, crear tensiones, etc.? Un saludo.<\/p>\n<p>R.- Efectivamente. El cambio no vendr\u00e1 de una revoluci\u00f3n integral sino de microrrevoluciones.<\/p>\n<p>P.- Al capitalismo s\u00f3lo le queda devorarse a s\u00ed mismo?<\/p>\n<p>R.- Me parece que ya lo est\u00e1 haciendo. En mi \u00faltimo libro &#8220;La hoguera del capital&#8221; me refiero tanto al infierno en que se va echando a los parados como a la autocombusti\u00f3n de un sistema que est\u00e1 arrasando aceleradamente a su clientela. Las descomunales desigualdades sociales son el perfil del fuego que devora al ciudadano y al sistema.<\/p>\n<p>P.- \u00bfQu\u00e9 piensa usted sobre lo que est\u00e1 haciendo con la sanidad p\u00fablica el gobierno de la naci\u00f3n ampar\u00e1ndose en el inmerecido desprestigio de sus profesionales por ser trabajadores p\u00fablicos? <\/p>\n<p>R.- Todos dar\u00edamos la misma respuesta col\u00e9rica. El ajuste, los recortes del presupuesto, son medidas criminales, obras de un loco nacional e internacional.<\/p>\n<p>P.- Desde Holanda los problemas de Espana se ven de una forma muy distinta. La crisis aqui no es politica, si no mas bien economica (pero sin los dramatismos de nuestro pais), la sociedad holandesa la afronta con innovacion, mayor competitividad y esfuerzo. ?Como puede pretender Espana ser competitiva cuando sus politicos ni siquiera se toman la molestia de aprender Ingles? <\/p>\n<p>R.- Lo mismo digo. En mi opini\u00f3n es la descomposici\u00f3n pol\u00edtica la causa primera del desastre general.<\/p>\n<p>P.- \u00bfQu\u00e9 papel jugaron los socialistas en &#8220;la noche neoliberal&#8221;. Felipe Gonz\u00e1lez fue el responsable de la introducci\u00f3n del neoliberalismo en Espa\u00f1a?<\/p>\n<p>R.- A partir de 1975, m\u00e1s o menos, fue desmont\u00e1ndose en toda Europa la sociademocracia y el Estado del Bienestar. En Espa\u00f1a a\u00fan resisti\u00f3 hasta hace unos seis o siete a\u00f1os.<\/p>\n<p>P.- Sr. Verd\u00fa, dado que cada vez las pol\u00edticas dependen m\u00e1s de decisiones que se toman en contextos internacionales, alejados del ciudadano de a pie, y de que la econom\u00eda parece determinar la capacidad de decisi\u00f3n de los gobierno, \u00bfcree que la crisis econ\u00f3mica puede acabar dando lugar a una crisis del sistema democr\u00e1tico? <\/p>\n<p>R.- Creo, al rev\u00e9s, que es la crisis del sistema democr\u00e1tico la mayor causante de las crueldades que se han derivado de un sistema econ\u00f3mico sin control. <\/p>\n","protected":false},"excerpt":{"rendered":"<p>El periodista y escritor Vicente Verd\u00fa profundiza en la sociolog\u00eda de la crisis con una dosis de optimismo en su nuevo libro, La hoguera del capital, ensayo ganador del premio Temas de hoy y del que charlar\u00e1 con los lectores.<br \/>\nVicente Verd\u00fa: &#8220;La Uni\u00f3n Europea ha sido una ruina en t\u00e9rminos democr\u00e1ticos&#8221;<br \/>\nM\u00e1s entrevistas digitales<\/p>\n","protected":false},"author":1,"featured_media":0,"comment_status":"open","ping_status":"open","sticky":false,"template":"","format":"standard","meta":{"footnotes":""},"categories":[],"tags":[],"class_list":["post-10127","post","type-post","status-publish","format-standard","hentry"],"_links":{"self":[{"href":"https:\/\/intervius.com\/index.html\/wp-json\/wp\/v2\/posts\/10127","targetHints":{"allow":["GET"]}}],"collection":[{"href":"https:\/\/intervius.com\/index.html\/wp-json\/wp\/v2\/posts"}],"about":[{"href":"https:\/\/intervius.com\/index.html\/wp-json\/wp\/v2\/types\/post"}],"author":[{"embeddable":true,"href":"https:\/\/intervius.com\/index.html\/wp-json\/wp\/v2\/users\/1"}],"replies":[{"embeddable":true,"href":"https:\/\/intervius.com\/index.html\/wp-json\/wp\/v2\/comments?post=10127"}],"version-history":[{"count":0,"href":"https:\/\/intervius.com\/index.html\/wp-json\/wp\/v2\/posts\/10127\/revisions"}],"wp:attachment":[{"href":"https:\/\/intervius.com\/index.html\/wp-json\/wp\/v2\/media?parent=10127"}],"wp:term":[{"taxonomy":"category","embeddable":true,"href":"https:\/\/intervius.com\/index.html\/wp-json\/wp\/v2\/categories?post=10127"},{"taxonomy":"post_tag","embeddable":true,"href":"https:\/\/intervius.com\/index.html\/wp-json\/wp\/v2\/tags?post=10127"}],"curies":[{"name":"wp","href":"https:\/\/api.w.org\/{rel}","templated":true}]}}