{"id":10112,"date":"2012-04-11T00:00:00","date_gmt":"2006-11-06T00:00:00","guid":{"rendered":"https:\/\/intervius.com\/index.html\/?p=10112"},"modified":"2006-11-06T00:00:00","modified_gmt":"2006-11-06T00:00:00","slug":"Juanma_Trueba10112","status":"publish","type":"post","link":"https:\/\/intervius.com\/index.html\/Juanma_Trueba10112\/","title":{"rendered":"Juanma Trueba"},"content":{"rendered":"<p>Pregunta.- En una hipot\u00e9tica final de Champions Bar\u00e7a-Madrid, \u00bfqui\u00e9n acusar\u00eda m\u00e1s el golpe de una derrota, a nivel institucional y deportivo? Gracias.<\/p>\n<p>Respuesta.- Ser\u00eda duro para cualquiera de los dos clubes, pero imagino que lo ser\u00eda m\u00e1s para el Real Madrid, por la simple raz\u00f3n de que el Bar\u00e7a ha sido el \u00faltimo campe\u00f3n y el Madrid no gana desde 2002. Creo que esa supuesta final generar\u00eda, tanto en Madrid como en Bar\u00e7a, m\u00e1s angustia que ilusi\u00f3n.<\/p>\n<p>P.- Se\u00f1or Juanma, haber si tengo suerte y me contesta. Ozil en cuanto se juegan dos partidos semanales pierde toda la chispa y si el contrario tapa a Xabi el equipo se parte. \u00bfCree usted que hay f\u00edsico para todo lo que se viene?<\/p>\n<p>R.- Me gusta lo de se\u00f1or Juanma. Me suena a se\u00f1or Ra\u00fal. Y al grano: \u00d6zil es un genio y los genios son gente particular. Inconstante, en su mayor\u00eda. Dicho lo cual, \u00d6zil te da mucho m\u00e1s de lo que te quita. Y no creo que sea tanto un problema f\u00edsico como mental. Suponiendo que sea un problema ser un genio.<\/p>\n<p>P.- Que tal Sr. Trueba&#8230;Piensa al igual q yo q si el Atleti (ganando o no) deja a cero su porter\u00eda, no cree q Juanfran merece una prueba con la roja por lo menos y Arbeloa un toque de atenci\u00f3n, por lo menos??? Gracias&#8230;Lo digo pq dicen q Juanfran no se enfrent\u00f3 a\u00fan a nadie&#8230;Bueno pues hoy es una prueba para \u00e9l mismo tb&#8230;no??<\/p>\n<p>R.- Tengo dudas respecto a Juanfran. No s\u00e9 hasta que punto es buena idea incorporar a un equipo tan hecho como la Selecci\u00f3n a un futbolista que ha estrenado posici\u00f3n durante este a\u00f1o. Arbeloa le saca esa ventaja, la del oficio y la de la confianza del entrenador. El madridista es un futbolista sin grandes recursos, pero cumplidor en defensa, y eso todav\u00eda no lo asegura Juanfran. Aunque hoy tendr\u00e1 una buena oportunidad de dejarme mal.<\/p>\n<p>P.- Juanma Cordial Saludo, desde tu punto de vista, \u00bfcual es la alineacion que mas favorece al futbol de contragolpe del Real Madrid, el 4-3-3 es una constante que deberia imperar en todos los partidos o seria mejor un 4-4-2 mas defensivo?<\/p>\n<p>R.- Me quedo con el 4-2-3-1, con un pivote formado por Xabi y Granero, o con Xabi y Kak\u00e1.<\/p>\n<p>P.- que te parece que a manolo jimenez le hayan caido dos partidos?? no crees que hay una justicia diferente para los grandes y otra para el resto?? ( a mi entender no es lo mismo meter el dedo en el ojo que llamar rencoroso a alguien)<\/p>\n<p>R.- Sin duda, la justicia es interesada y fluctuante. La deportiva, al menos. Lo peor es que ya no sorprende a nadie. Y sigo hablando de la justicia deportiva. O no.<\/p>\n<p>P.- Hola Juanma, \u00bfSe han cambiado los papeles hist\u00f3ricos entre Madrid y Barca? Canguelo madridista y clavo ardiendo versi\u00f3n cul\u00e9&#8230;.<\/p>\n<p>R.- En alg\u00fan sentido s\u00ed. Nadie esperaba (o casi nadie) que el Barcelona tuviera la constancia necesaria para la remontada y pocos imaginaban hace algunos a\u00f1os que el Madrid utilizar\u00eda repetidamente los argumentos victimistas del Bar\u00e7a. Ser\u00e1 que los polos se atraen y terminan por confundirse.<\/p>\n<p>P.- Un saludo, Juanma es descabellado pensar que el Madrid refuerce su saga central con un jugador como Amorabieta, el unico a mi forma de ver que puede con Messi<\/p>\n<p>R.- Lo veo improbable. Si algo tiene el Real Madrid son centrales, y centrales de futuro, en el caso de Varane.<\/p>\n<p>P.- Buenas. Se rumorea que el Madrid estar\u00eda interesado y dispuesto en contratar a Borja Valero para la temporada que viene para mejorar su fluidez de juego. Tiene una calidad innata a la hora de controlar y distribuir el juego, buen manejo del bal\u00f3n, visi\u00f3n de juego, capacidad de recuperar balones e incluso potencial ofensivo; unos atributos que le diferencian del resto de centrocampistas de hoy d\u00eda. Creo que su posible llegada podr\u00eda permitir al Madrid gozar de una mayor claridad y paciencia en el juego y de una mayor creaci\u00f3n que a veces necesita. Mientras que lo de Nuri Sahin es un &#8220;verdadero misterio&#8221;. \u00bfCrees que podr\u00eda adquirir el mismo rol de director de orquestra que adopta Xavi en el Barcelona?. \u00bfLe ver\u00edas como acompa\u00f1ante de Alonso o como posible sustituto?. \u00bfTe quedar\u00edas con \u00e9l o con Javi Mart\u00ednez?. Gracias.<\/p>\n<p>R.- Advierto que te gusta Borja Valero&#8230; a m\u00ed tambi\u00e9n. Me consta, adem\u00e1s, que es madridista (aunque no tanto como su hijo) y que se dejar\u00eda la piel por el equipo. El problema, como casi siempre, es que exista un entrenador dispuesto a darle confianza y minutos. Borja, en compa\u00f1\u00eda de Xabi, formar\u00eda un pivote extraordinario y creativo.<\/p>\n<p>P.- Buenas. \u00bfQu\u00e9 opini\u00f3n tienes acerca de estos prometedores jugadores del Castilla como Jes\u00e9, Morata, Joselu, Carbajal y Nacho?. \u00bfVaticinan futuro en el primer equipo?. \u00bf O crees que los dar\u00e1n salida como a Pablo Sarabia?. Son de lo mejorcito de la categor\u00eda y tienen pie y medio en Segunda la temporada que viene. Gracias.<\/p>\n<p>R.- El que m\u00e1s me ha asombrado de todos ellos ha sido Jes\u00e9. Ahora bien, de ah\u00ed a su consolidaci\u00f3n en el primer equipo hay un tramo considerable. Depende tanto de ellos como del entrenador de la primera plantilla. No s\u00f3lo hace falta que alguien aporree la puerta. Tambi\u00e9n es necesario alguien dispuesto a abrirla.<\/p>\n<p>P.- Juanma: \u00bfno crees que lo que m\u00e1s perjudica a Alexis (a pesar del doblete de ayer) es su posici\u00f3n? Es decir, claramente no es un 9, y Guardiola siempre lo hace jugar all\u00ed. A mi modo de ver, el chileno lo hace mucho mejor escorado en la banda. \u00bfQu\u00e9 opinas? Un saludo.<\/p>\n<p>R.- Estoy de acuerdo. Sin embargo, aunque le reconozco como un buen futbolista, tengo dudas de que est\u00e9 al nivel del Barcelona actual. Sobre este asunto discuto con asiduidad en Twitter. Y en ocasiones hasta medio me convencen. <\/p>\n<p>P.- Hola Juanma, cu\u00e1nto tiempo. Seg\u00fan lo veo yo, el partido de esta noche se antoja crucial para los intereses del Madrid en ambas competiciones. Quiero decir, que si gana hoy, tendr\u00e1 la liga muy en su mano y afrontar\u00e1 la ida contra el Bayern este martes con una tranquilidad y unas sensaciones \u00f3ptimas (y optimistas). Pero si pierde o empata&#8230; buf&#8230; negros nubarrones se cernir\u00e1n sobre el equipo de cara a la resoluci\u00f3n de ambas competiciones. Es por ello que considero este partido como la llave que decidir\u00e1 el \u00e9xito o el fracaso de este proyecto. \u00bfQu\u00e9 opinas t\u00fa al respecto? Un saludo.<\/p>\n<p>R.- Lo veo exactamente igual que t\u00fa. Creo que si el Real Madrid gana esta noche tendr\u00e1 la Liga en el bolsillo y el futuro despejado. Todo lo contrario si no consigue vencer. En el derbi se juegan puntos decisivos para el campeonato y tambi\u00e9n moral imprescindible para afrontar el \u00faltimo tramo. Mucha moral para un lado o para el otro.<\/p>\n<p>P.- Hola. De los posibles fichajes que puede realizar el Barcelona para la temporada que viene, \u00bfcual crees que encajar\u00eda mejor en el sistema actual que tiene Guardiola?: Gareth Bale o Jordi Alba; Thiago Silva, Vertonghen o Sahko; Neymar o Hazard y Van Persie o Cavani. Gracias.<\/p>\n<p>R.- Jordi Alba y Van Persie. Neymar encajar\u00eda en cualquier lado, pero su cabeza me hace desconfiar. Y Guardiola no es demasiado partidario de los jugadores sonajero.<\/p>\n<p>P.- Hola. \u00bfCuales son para ti los 5 mejores porteros de la historia del futbol?. De esta enorme lista,\u00bf con cuales te quedar\u00edas?. Lev Yashin, Gordon Banks, Dino Zoff, Josef Maier, Ricardo Zamora, Chilavert, Peter Schemeichel, Peter Shilton, , Jean Marie Pfaff, Rinat Dasayev, Thomas Ravelli, Michel Preud?homme, Jorge Campos, Higuita, Jos\u00e9 \u00c1ngel Iribar, Oliver Kahn, Taffarel, , Van der Sar, Buffon, Cech, Casillas. Gracias.<\/p>\n<p>R.- Zamora, Yashin, Maier, Ir\u00edbar y Casillas. Conste que de los dos primeros s\u00f3lo tengo referencias&#8230; pero son tan buenas&#8230;<\/p>\n<p>P.- \u00bfC\u00f3mo es posible que los equipos sigan confiando en Clemente?\u00bfNo hay mejores entrenadores?<\/p>\n<p>R.- Cr\u00eda fama y \u00e9chate a dormir. Se demuestra, una vez m\u00e1s, que nos puede la nostalgia. Por eso hay gente que se sigue queriendo casar con Gina Lollobrigida.<\/p>\n<p>P.- Buenas noches Sr. Trueba&#8230;cortita y al pie, \u00bfhay liga? si por lo que fuera, conjunci\u00f3n astral el madrid la perdiera y no llegaran a la final de champions (que ya dan por hecho) que le quedar\u00eda a Florentino a Mou y a todos los que se han entregado a &#8220;la v\u00eda portuguesa&#8221;? Gracias, seria un placer leerle.<\/p>\n<p>R.- \u00bfQu\u00e9 les quedar\u00eda? Una gran excusa, supongo. El f\u00fatbol las proporciona sin medida. Aunque entiendo que Mourinho deber\u00eda darlas desde otro equipo&#8230;<\/p>\n<p>P.- Hola Juanma, \u00bfha estado el Atleti hibernando todo este siglo esperando al partido de esta noche?<\/p>\n<p>R.- No lo descarto en absoluto. Ser\u00eda muy del Atl\u00e9tico.<\/p>\n<p>P.- Buenas Juanma.En los \u00faltimos a\u00f1os consider\u00f3 que el madridismo comete un error sobre todo la prensa afine al club.Resulta que cada vez que toca hacer auto-cr\u00edtica sale el barca a la palestra.Si Mou se equivoca se mete de por medio a Guardiola,si es Pepe se habla de Busquets o Alves,si fue un fallo el fichaje de Coentrao ya est\u00e1n los que recuerdan a Ibra o Chigrinsky, y as\u00ed continuamente.\u00bfno crees que es un error y que el club deber\u00eda auto-enjuiciarse sin mirar al vecino?.Yo creo que nos ir\u00eda mejor y si nos olvidaramos del Barca el club ser\u00eda mas fuerte y se tomar\u00edan mejores decisiones.<\/p>\n<p>R.- Totalmente de acuerdo. La comparaci\u00f3n es perversa porque la comparaci\u00f3n, y m\u00e1s en este caso, suele ser perdedora. El Real Madrid s\u00f3lo deber\u00eda compararse con el Barcelona en su aspiraci\u00f3n deportiva: ser el mejor jugando lo mejor posible. <\/p>\n<p>P.- Hola crack. Con respecto a Mou y la cantera. Entiendo que, como entrenador, no cuente con la cantera. El trabajo de ellos es muy cortoplacista y si no tiene la necesidad (falta de dinero y\/o fichajes) pues hace bien. Otra cosa es que su puesto es m\u00e1s amplio, por lo que s\u00e9, a lo ingl\u00e9s, a lo Ferguson. En este caso, el puesto es m\u00e1s a medio\/largo plazo y aqu\u00ed s\u00ed que me parece un error suyo &#8211; a nivel desempe\u00f1o del trabajo &#8211; el no contar\/potenciar la cantera. C\u00f3mo lo ves? Gracias<\/p>\n<p>R.- El argumento es razonable. Pero la cantera no ofrece menos garant\u00edas que jugadores como Altintop, Khedira o Coentrao. El cortoplacismo, adem\u00e1s, es enormemente caro. Por no hablar de la ilusi\u00f3n que se genera en el entorno cuando un chico de la cantera encuentra un lugar en el primer equipo.<\/p>\n<p>P.- Trueba, lo de Casillas: a qui\u00e9n no gusta en la directiva. Supongo que ser\u00e1 como persona, no como portero. Otra: Sigues pensndo que Granero no entrar\u00e1 en los planes de Mou? <\/p>\n<p>R.- Desde lo m\u00e1s alto del club se pens\u00f3, en tiempos, que Buffon era mucho mejor portero que Casillas. Eso demuestra una desconfianza que no se ha curado totalmente y de la que participa el actual entrenador. Y s\u00ed, sigo creyendo que a Mourinho no le convence Granero. No hay m\u00e1s que comprobar su escasa participaci\u00f3n en los partidos trascendentes. Granero le luce como canterano y como alternativa para encuentros menores, pero no le aporta soluciones mayores. Y creo que se equivoca.<\/p>\n<p>P.- hola juanma,ante defensas cerradas como la del valencia,he observado que el madrid carece de un delantero que sepa jugar en espacios cortas y sepa abrir cerrojos por eso el fichaje del kun aguero me parece necesario,un saludo.<\/p>\n<p>R.- Ag\u00fcero vale para cualquier gran equipo del mundo y por supuesto para el Real Madrid. No hace falta siquiera la excusa de que no hay otro para abrir cerrojos (que los hay). El talento del Kun es extraordinario y no descarto que el Bernab\u00e9u lo puede comprobar alg\u00fan d\u00eda. Cercano.<\/p>\n","protected":false},"excerpt":{"rendered":"<p>El subdirector de Diario AS analizar\u00e1 con los internautas c\u00f3mo llegan Real Madrid y Atl\u00e9tico al derbi.<\/p>\n<p>Juanma Trueba en Twitter<\/p>\n","protected":false},"author":1,"featured_media":0,"comment_status":"open","ping_status":"open","sticky":false,"template":"","format":"standard","meta":{"footnotes":""},"categories":[],"tags":[],"class_list":["post-10112","post","type-post","status-publish","format-standard","hentry"],"_links":{"self":[{"href":"https:\/\/intervius.com\/index.html\/wp-json\/wp\/v2\/posts\/10112","targetHints":{"allow":["GET"]}}],"collection":[{"href":"https:\/\/intervius.com\/index.html\/wp-json\/wp\/v2\/posts"}],"about":[{"href":"https:\/\/intervius.com\/index.html\/wp-json\/wp\/v2\/types\/post"}],"author":[{"embeddable":true,"href":"https:\/\/intervius.com\/index.html\/wp-json\/wp\/v2\/users\/1"}],"replies":[{"embeddable":true,"href":"https:\/\/intervius.com\/index.html\/wp-json\/wp\/v2\/comments?post=10112"}],"version-history":[{"count":0,"href":"https:\/\/intervius.com\/index.html\/wp-json\/wp\/v2\/posts\/10112\/revisions"}],"wp:attachment":[{"href":"https:\/\/intervius.com\/index.html\/wp-json\/wp\/v2\/media?parent=10112"}],"wp:term":[{"taxonomy":"category","embeddable":true,"href":"https:\/\/intervius.com\/index.html\/wp-json\/wp\/v2\/categories?post=10112"},{"taxonomy":"post_tag","embeddable":true,"href":"https:\/\/intervius.com\/index.html\/wp-json\/wp\/v2\/tags?post=10112"}],"curies":[{"name":"wp","href":"https:\/\/api.w.org\/{rel}","templated":true}]}}