{"id":10084,"date":"2012-03-30T00:00:00","date_gmt":"2006-11-06T00:00:00","guid":{"rendered":"https:\/\/intervius.com\/index.html\/?p=10084"},"modified":"2006-11-06T00:00:00","modified_gmt":"2006-11-06T00:00:00","slug":"Javier_G-_Matallanas10084","status":"publish","type":"post","link":"https:\/\/intervius.com\/index.html\/Javier_G-_Matallanas10084\/","title":{"rendered":"Javier G. Matallanas"},"content":{"rendered":"<p>Pregunta.- \u00bfJugaran Botia y Lass(Rayo) en el Atletico ? Gracias<\/p>\n<p>Respuesta.- Hay bastantes opciones de que los fiche el Atl\u00e9tico, pero no es seguro ninguno de los dos fichajes y el de Lass es a\u00fan m\u00e1s complicado porque el Valencia puede haberse adelantado. <\/p>\n<p>P.- Buenas Mata.Manolete insiste en qu\u00e9 falcao y Diego no vestir\u00e1n la rojiblanca el a\u00f1o que viene \u00bfes cierta la informaci\u00f3n?.\u00bfcu\u00e1les ser\u00edan las alternativas?.Hoy public\u00e1is que Casillas y Mou tienen varios desencuentros \u00bfqui\u00e9n crees que ganara el pulso?.Ayer varios medios apuntaban que Mou lo tiene hecho con el City para la pr\u00f3xima temporada \u00bfsabes algo?.Un abrazo Mata.<\/p>\n<p>R.- El Atl\u00e9tico se puede ver obligado a traspasar a Falcao porque al hacer su compra ayudado con un fondo de inversi\u00f3n probablemente necesite venderlo. Y Diego est\u00e1 cedido por el Wolfsburgo, depender\u00e1 de lo que pida el equipo alem\u00e1n por su traspaso. Diego se quiere quedar, pero el problema es su salario que es demasiado alto para el Atl\u00e9tico.<\/p>\n<p>P.- \u00bfComo valoras la compra por parte de Gil y Cerezo del 5% de Abasolo? \u00bfUn paso mas para la venta del club? \u00bfSi quieren vender porque compran mas acciones?<\/p>\n<p>R.- Abasalo ha vendido porque considera que ha intentado de todas maneras posibles cambiar el modelo de gesti\u00f3n del Atl\u00e9tico y no lo ha conseguido. No tiene nada que ver su venta de acciones con una futura venta. La venta del club se lleva moviendo m\u00e1s de un a\u00f1o y se sigue moviendo, pero de momento no hay ning\u00fan comprador que ponga los 160 millones de euros que piden por el Club Atl\u00e9tico de Madrid Sociedad An\u00f3nima Deportiva. <\/p>\n<p>P.- \u00bfQue sabes de los tumores que hablan de Enrique Granados como cabeza visible de una plataforma atletica dispuesta hacerse con la mayoria accionarial?<\/p>\n<p>R.- No hab\u00eda escuchado nada. Pero me parece fenomenal que haya alternativas y aparezcan posibles compradores del Atl\u00e9tico.<\/p>\n<p>P.- Muy buenas crack! El Madrid esta temporada no se ha enfrentado a ningun equipo grande a no ser el bar\u00e7a (tuvo q hacer el partido del siglo para sacar un empate) y en la champions solo ha jugados con equipos de tercer escalon (mientras tanto al Bar\u00e7a le temen en toda eurora), cree usted que el Bayern puede sacar a relucir las carencias del Moudrid?<\/p>\n<p>R.- Bayern Munich-Madrid ser\u00e1 una gran semifinal. A mi juicio, el Madrid es mejor, pero el cojunto alem\u00e1n le plantar\u00e1 cara. Robben, Ribery, Mario G\u00f3mez, M\u00fcller, Schweinsteiger &#8230; Son un pedazo de equipo y la historia dice que el Bayern siempre es complicado para el Madrid, pero yo creo que el Madrid ganar\u00e1 y estar\u00e1 en la final de Munich.<\/p>\n<p>P.- Visto lo de Torres, la pierna de Villa, y el estado de Llorente, digo yo que el delantero titular en la Eurocopa no puede ser Soldado. \u00bfO s\u00ed?<\/p>\n<p>R.- Pueden ser titulares cualquiera de los cuatro que nombras. O ninguno porque tambi\u00e9n podemos jugar sin delantero, con Silva o Cesc de falso nueve. No bostante creo que los titulares de la final ser\u00e1n Torres y Villa.<\/p>\n<p>P.- Hola fen\u00f3meno. La prensa inglesa habla de una oferta de 50 kilos del Man City por Falcao. Lo vender\u00edas? Quiz\u00e1 ser\u00eda interesante cambiarlo por dos de 25? Qu\u00e9 sustitutos te gustar\u00edan a ti? Saludos y gracias por responder<\/p>\n<p>R.- De sustituto me gustar\u00eda Pipita Higuain o Luis Su\u00e1rez. Pero los dos son inalcanzables para la precaria econom\u00eda del Atl\u00e9tico. Yo no vender\u00eda a Falcao, pero va a ser inevitable.<\/p>\n<p>P.- crees que neymar fichara este verano por el bar\u00e7a<\/p>\n<p>R.- Parece que no se har\u00e1 hasta 2014. Pero todo es posible en el culebr\u00f3n Neymar.<\/p>\n<p>P.- Visto lo que pas\u00f3 entre el Villarreal y el Real Madrid,\u00bfno habr\u00eda sido mejor que el \u00e1rbitro pitara los penaltys que escamote\u00f3 al equipo amarillo,y as\u00ed el equipo blanco hubiera tenido que preocuparse de remontar un resultado adverso y no del arbitraje?<\/p>\n<p>R.- Interesante reflexi\u00f3n. El Madrid debe ocuparse de jugar al f\u00fatbol, que es un equipazo, y dejar de lado los arbitrajes.<\/p>\n<p>P.- El perdedor del Sporting-Zaragoza,\u00bfestar\u00eda virtualmente descendido a segunda,o tendr\u00eda alguna posbilidad de salvarse?<\/p>\n<p>R.- Matem\u00e1ticamente a\u00fan tendr\u00e1 posibilidades y por tanto a\u00fan tendr\u00e1 opciones de salvarse&#8230;<\/p>\n<p>P.- hola crack! que hay de cierto en lo de capoue por el atleti? se ira falcao? gracias<\/p>\n<p>R.- A Capoue lo est\u00e1n siguiendo, otra cosa es que lo puedan fichar. Falcao tiene pinta de no aguantar m\u00e1s de un a\u00f1o de rojiblanco.<\/p>\n<p>P.- hola sr javier,ahora mismo benzema es uno de los mejores delanteros del mundo y es una pieza clave en el madrid,como lo ves tu,un saludo.<\/p>\n<p>R.- Es un gran delantero, est\u00e1 en el TOP 10 mundial. Higuain tambi\u00e9n y lo mejor que puede hacer Mourinho es ponerlos a jugar juntos como se demostr\u00f3 ante la Real Sociedad.<\/p>\n<p>P.- Hola Javi sigues al Anzhi?.Ysi es a si como ves al equipo y que jugadores te gustan mas.Gracias Javier.<\/p>\n<p>R.- No, no lo sigo.<\/p>\n<p>P.- Muy buenas Matallanas! te queria preguntar una cosilla que el otro dia le pregunte a Manolete pero no me contest\u00f3.. \u00bf El Atleti si ganase la Europa League, se meteria directo el a\u00f1o que viene en dicha competicion si no quedase en la liga en los puestos d E.League? GRACIAS!!<\/p>\n<p>R.- S\u00ed, el campe\u00f3n se clasifica autom\u00e1ticamente para la siguiente edici\u00f3n, salvo que se clasifique para la Champions League.<\/p>\n<p>P.- hola javi, que el madrid, cristiano y messi esten pulverizando records goleadores, que conclusion sacas del nivel de la liga espa\u00f1ola en su conjunto. un saludo<\/p>\n<p>R.- Para m\u00ed es la mejor liga del mundo, aunque exista tanta distancia de Madrid y Bar\u00e7a con los dem\u00e1s. Lo de Messi y Cristiano es hist\u00f3rico y emocionante y tenemos que disfrutarlos e intentar ver cada partido que juegan.<\/p>\n<p>P.- Hola Javi crack, dime que este a\u00f1o le gan\u00e1is por fin al Moudrid \u00a1\u00a1\u00a1\u00a1 Un saludo.<\/p>\n<p>R.- Yo creo que le plantar\u00e1 cara seguro. Y si Delgado Ferreiro hace un buen arbitraje, vamos si es justo, seguro que el Atl\u00e9tico puede ganar.<\/p>\n<p>P.- C\u00f3mo es posible que se tenga esa animadversi\u00f3n por MOU, sus ruedas iniciales de prensa eran llanas, sinceras, comprensivas y magistrales&#8230; por qu\u00e9 la prensa le castiga de esa manera. Existe antimadrilismo a tu alrededor?<\/p>\n<p>R.- A mi alrededor no hay antimadridismo apenas. En el peri\u00f3dico muchos compa\u00f1eros son madridistas, mis padres y uno de mis hermanos son del Madrid. Mourinho se ha ido ganando esa antipat\u00eda con sus gestos (lo del dedo en el ojo es inaudito) y sus palabras. Y criticar a Mourinho no es ser antimadridista ni pseudomadrista como el mismo ha llamado a los seguidores que no est\u00e1n de acuerdo con \u00e9l.<\/p>\n<p>P.- Hola, Javier, si me permites el atrevimiento de llamarte as\u00ed. \u00bfCrees que beneficiar\u00eda al Aleti la compra del club, como ha pasado con el M\u00e1laga?<\/p>\n<p>R.- Creo que ser\u00eda muy positiva la entrada de unos nuevos gestores. Seguro que le ir\u00eda mejor al Atl\u00e9tico. Y llamame como quieras, Javier mejor que Javi, que a mi madre no le gusta Javi! Un abrazo!!!<\/p>\n<p>P.- buenas tardes,\u00bfcrees que malaga entrara en champions o uefa?razonalo<\/p>\n<p>R.- Disputar\u00e1 los puestos de Champions con Valencia, Atl\u00e9tico, Osasuna, Levante, Athletic y Sevilla. Y creo que tiene muchas opciones de entrar porque los equipos de Pellgrini, como ya demostr\u00f3 en el Villarreal, hacen un tramo final de temporada muy bueno.<\/p>\n<p>P.- Usted no ve mal que Guardiola se queje de los arbitros indirectamente, y no se hable del barcelona, como si pasa cuando Mou dice cualquier cosa?<\/p>\n<p>R.- Si Mourinho se quejara en la forma que lo hace Guaridola y el Madrid lo hiciera como el Bar\u00e7a ser\u00eda mejor para el f\u00fatbol y para la convivencia. Pero que tanto Madrid como Bar\u00e7a se quejen de los arbitrajes me parece fort\u00edsimo.<\/p>\n<p>P.- Hola, yo solo quer\u00eda preguntarle si cree que se est\u00e1 haciendo una campa\u00f1a contra la imagen de Iker Casillas y por qu\u00e9, no paro de ver en todas partes que hay conflictos en el Real Madrid y siempre meten por el medio a Iker. Creo q no se lo merece, ha dado mucho al Madrid y a Espa\u00f1a y se merece todo el respeto del mundo. Gracias<\/p>\n<p>R.- Me da la impresi\u00f3n de que si hay algo de lo que dices. <\/p>\n<p>P.- \u00bfQu\u00e9 hay de cierto en las informaciones que apuntan que Ra\u00fal dejar\u00e1 el Schalke este a\u00f1o?<\/p>\n<p>R.- Si no le dan dos a\u00f1os de contrato probablemente se marche. <\/p>\n","protected":false},"excerpt":{"rendered":"<p>Javier G. Matallanas, adjunto a la direcci\u00f3n de AS, ha charlado con los lectores e internautas sobre la actualidad deportiva, poniendo especial atenci\u00f3n a la actualidad colchonera, la Europa League y Champions League.<\/p>\n<p>Matallanas en Twitter<\/p>\n","protected":false},"author":1,"featured_media":0,"comment_status":"open","ping_status":"open","sticky":false,"template":"","format":"standard","meta":{"footnotes":""},"categories":[],"tags":[],"class_list":["post-10084","post","type-post","status-publish","format-standard","hentry"],"_links":{"self":[{"href":"https:\/\/intervius.com\/index.html\/wp-json\/wp\/v2\/posts\/10084","targetHints":{"allow":["GET"]}}],"collection":[{"href":"https:\/\/intervius.com\/index.html\/wp-json\/wp\/v2\/posts"}],"about":[{"href":"https:\/\/intervius.com\/index.html\/wp-json\/wp\/v2\/types\/post"}],"author":[{"embeddable":true,"href":"https:\/\/intervius.com\/index.html\/wp-json\/wp\/v2\/users\/1"}],"replies":[{"embeddable":true,"href":"https:\/\/intervius.com\/index.html\/wp-json\/wp\/v2\/comments?post=10084"}],"version-history":[{"count":0,"href":"https:\/\/intervius.com\/index.html\/wp-json\/wp\/v2\/posts\/10084\/revisions"}],"wp:attachment":[{"href":"https:\/\/intervius.com\/index.html\/wp-json\/wp\/v2\/media?parent=10084"}],"wp:term":[{"taxonomy":"category","embeddable":true,"href":"https:\/\/intervius.com\/index.html\/wp-json\/wp\/v2\/categories?post=10084"},{"taxonomy":"post_tag","embeddable":true,"href":"https:\/\/intervius.com\/index.html\/wp-json\/wp\/v2\/tags?post=10084"}],"curies":[{"name":"wp","href":"https:\/\/api.w.org\/{rel}","templated":true}]}}