{"id":10077,"date":"2012-04-10T00:00:00","date_gmt":"2006-11-06T00:00:00","guid":{"rendered":"https:\/\/intervius.com\/index.html\/?p=10077"},"modified":"2006-11-06T00:00:00","modified_gmt":"2006-11-06T00:00:00","slug":"Mela_Chercoles10077","status":"publish","type":"post","link":"https:\/\/intervius.com\/index.html\/Mela_Chercoles10077\/","title":{"rendered":"Mela Ch\u00e9rcoles"},"content":{"rendered":"<p>Pregunta.- Mela!Lo 1\u00ba: enhorabuena por tu trabajo en T5!!!a m\u00ed me encanta c\u00f3mo eres y tu forma de sentir el motociclismo. Bueno, ah\u00ed voy!Tras las declaraciones de Vale diciendo que no se est\u00e1 siguiendo el camino que \u00e9l quiere&#8230;le ves retir\u00e1ndose a final de a\u00f1o?qu\u00e9 futuro le ves?hay Rossi para rato? Un abrazo.<\/p>\n<p>Respuesta.- Uves y r\u00e1fagas para tod@s!!! Menudo arranque de Mundial que hemos tenido en Catar. Fue espectacular y veo que ha generado muchas preguntas para este chat digital, as\u00ed que vamos al l\u00edo: Lo primero, muchas gracias, y sobre el futuro de Rossi&#8230; S\u00f3lo \u00e9l lo sabe, pero yo no me lo imagino retir\u00e1ndose a final de a\u00f1o en ninguno de los dos supuestos posibles, es decir, ni arrastr\u00e1ndose otro a\u00f1o como el pasado con la Ducati ni tras remontar el vuelo y volver con regularidad a la pelea por las victorias y podios. Le gustar\u00eda seguir en Ducati mucho tiempo, pero si no consiguen entre todos que la Desmosedici funcione cambiar\u00e1 de aires, seguro. Me lo imagino en tal caso subido de nuevo a una Yamaha, aunque no en el equipo oficial, por orgullo, sino en uno sat\u00e9lite.<\/p>\n<p>P.- Mela! \u00bfSe conoce ya el significado del jabal\u00ed de Maverick? \u00bfC\u00f3mo le han preparado psicol\u00f3gicamente para soportar la presi\u00f3n de ganar o ganar? gracias<\/p>\n<p>R.- La historia del jabal\u00ed de Maverick Vi\u00f1ales como nueva mascota, que incorpora en su pizarra y le acompa\u00f1a en su moto (la FTR Honda de Moto3), la cont\u00e9 en el AS durante los IRTA de Jerez. Me dijo Vi\u00f1ales que opt\u00f3 por el jabal\u00ed enfurecido porque todos le dicen en el box que es lo que parece cuando se baja de la moto, sea con el puesto que sea, y pidiendo siempre m\u00e1s mejoras.<\/p>\n<p>P.- \u00bfEl patrioterismo chabacano en la retransmisi\u00f3n es por devoci\u00f3n o son directrices de Vasile?<\/p>\n<p>R.- Es tu forma de verlo y no lo comparto. Yo soy as\u00ed. Por cierto, me siento muy orgulloso de los deportistas espa\u00f1oles, en general, y de los pilotos de motos en particular. As\u00ed que lo repito con devoci\u00f3n: SOY ESPA\u00d1OL, \u00bfA QU\u00c9 QUIERES QUE TE GANE?<\/p>\n<p>P.- Felicidades por la retransmisi\u00f3n de Tele5, auqnue con algunos peros, lo de la cortinilla y lo de la publicidad en la \u00faltima vuelta a ver si les apretas para que lo corrijan. Y la retransmisi\u00f3n bien, pero Mela, creo que tus conocimientos son suficientes, creo que ir a imitar las retransmisiones de F1 no es lo mejor, creo que puedes encontrar un estilo mejor. Eso si Dennis un crack como siempre. Y la pregunta, como viste el adelantamiento de Marquez a Luthi? legal pero un poco feo y justo o en Moto2 todo vale y si hay hueco se entra? Gracias y a mejorar si os dejan!<\/p>\n<p>R.- En la apurada de frenada con la que arranca la \u00faltima vuelta de una carrera tan apretada como la de Moto2 vivida en Losail casi todo vale. Fue un lance de carrera, un adelantamiento duro, pero no sucio, y que Luthi podr\u00eda haber evitado cerrando mejor la puerta o, viendo ya la frenada perdida, asumir el adelantamiento para intentar dev\u00f3lverselo lo antes posible. El hecho de que M\u00e1rquez luego fuera a la oficina de Luthi a disculparse deja claro que alg\u00fan resquemor quedaba en su conciencia, pero nada sancionable. PD: Gracias por tu cr\u00edtica constructiva sobre la retransmisi\u00f3n de T5. <\/p>\n<p>P.- Mela, \u00bfQu\u00e9 balance haces del primer GP de Baty con la Honda?\u00bfHasta d\u00f3nde crees que llegar\u00e1? \u00bfPor qu\u00e9 eligi\u00f3 el neum\u00e1tico blando? gracias<\/p>\n<p>R.- Todo lo que no sea ver este a\u00f1o pelear por el podio o ser el primero del pelot\u00f3n de los perseguidores de Lorenzo, Pedrosa y Stoner ser\u00e1 una decepci\u00f3n para m\u00ed. De hecho, tengo la esperanza de verle ganar carreras tambi\u00e9n este a\u00f1o, o al menos pelearlas, pero es cierto que su arranque en Losail fue m\u00e1s flojo de lo esperado. Eso s\u00ed, como \u00e9l mismo dice en su columna del AS de hoy, Mejor 9 puntos que 45, porque el a\u00f1o pasado en la primera carrera del a\u00f1o se rompi\u00f3 el f\u00e9mur y eso arruin\u00f3 su primera mitad de campeonato. Te paso el enlace por si a\u00fan no la has le\u00eddo. Como siempre, es muy buena. http:\/\/www.as.com\/motor\/articulo\/mejor-puntos-45\/20120410dasdaimot_3\/Tes Respecto a su problema principal, la falta de confianza con el tren delantero. Espero que no tenga nada que ver el hecho de que Bati sea el \u00fanico piloto de Honda que monta suspensiones Showa (los dem\u00e1s montan \u00d6hlins). Respecto al neum\u00e1tico blando, era con el que mejor se sent\u00eda y, falto de confianza como estaba, igual es mejor ir un poco m\u00e1s lento al final, por desgaste, pero con mejor agarre al principio.<\/p>\n<p>P.- Mela! \u00bfHan solucionado ya el problema Luthi y M\u00e1rquez? \u00bfQui\u00e9n ten\u00eda raz\u00f3n? Y m\u00e1s l\u00edos el s\u00e1bado hubo pique entre Pol Espargar\u00f3 y Toni El\u00edas \u00bfQui\u00e9n era el culpable? gracias<\/p>\n<p>R.- Ya he contado que M\u00e1rquez se fue a pedirle disculpas a Luthi, o m\u00e1s bien a darle su punto de vista de la acci\u00f3n. El suizo no qued\u00f3 del todo conforme y le inquiri\u00f3 que era peligroso lo que hab\u00eda hecho. Respecto a Pol y El\u00edas, cada uno ten\u00eda su versi\u00f3n y yo no lo vi, as\u00ed que no te puedo decir m\u00e1s de lo que dijeron ellos. Lo publiqu\u00e9 en el As del domingo. Te lo paso: \u201cPol no estaba haciendo una vuelta r\u00e1pida e iba muy lento con otros cuantos m\u00e1s, como Marc, Iannone, Luthi\u2026 Ha hecho ver que iba r\u00e1pido y que le hab\u00eda molestado. Se ha enfadado y cuando \u00edbamos para boxes me ha clavado el carenado y el neum\u00e1tico en mi tubo de escape. Es incomprensible. Pero eso no viene de ahora\u2026 Que aproveche ahora que no estoy bien\u201d, dijo Toni. La versi\u00f3n de Pol difer\u00eda: \u201c\u00c9l se queja de que hay muchos pilotos esperando y \u00e9l lo hace \u00e9l en todas las vueltas. Me lo he encontrado dos veces seguidas y en la segunda le he dado un toque y me ha hecho con la mano como que pasa de todo\u201d.<\/p>\n<p>P.- Hola Mela, sigues el mundial de superbikes? que te parecen las carreras que est\u00e1 haciendo Checa? felicitaciones por tu trabajo en motogp, saludos<\/p>\n<p>R.- Claro que sigo las SBK y, ahora mismo, lo que m\u00e1s me preocupa es el estado de salud de Joan Lascorz. Jumbo se hizo da\u00f1o de verdad tras caerse a 200 por hora en un test y estamos a la espera de conocer el alcance de sus lesiones en la m\u00e9dula espinal. Cruza los dedos t\u00fa tambi\u00e9n. En cuanto a Checa, SEN-SA-CIO-NAL Lleva tres victorias de cuatro posibles y apunta a que puede revalidar el t\u00edtulo.<\/p>\n<p>P.- Mela!! Este a\u00f1o cenamos canguro!! \u00bfA qui\u00e9n ves m\u00e1s fino para el t\u00edtulo a Jorge o a Dani? \u00bfEl problema del antebrazo de Casey le lastrar\u00e1 en Jerez? gracias Maestro!<\/p>\n<p>R.- Buena pregunta con dif\u00edcil respuesta. Llevo advirtiendo hace tiempo que Pedrosa, a la chita callando, est\u00e1 al nivel de Lorenzo y Stoner. Sin embargo, su arranque de gran premio fue desolador, con problemas de gomas, ca\u00edda, aver\u00eda y un s\u00e9ptimo en parrilla con el que salv\u00f3 los muebles. En el warm up dieron con la tecla y su carrera fue fant\u00e1stica, con otra salida para el recuerdo. Dicho todo esto, \u00bft\u00fa crees que hay que contar con el para el t\u00edtulo? Pues claro que s\u00ed, siempre y cuando le respeten las lesiones. Y con Lorenzo, por supuest\u00edsimo. Todo lo fuerte que se le ve\u00eda en invierno qued\u00f3 ratificado con un gran premio inaugural inconmensurable del mallorqu\u00edn. De entrada, le quit\u00f3 la pole a Stoner, que estaba llamado a firmar la cuarta consecutiva en este circuito, y al d\u00eda siguiente le gan\u00f3 gracias a una fe inquebrantable en sus fuerzas y posibilidades. Gan\u00f3 en el circuito de Stoner, donde ya lo hab\u00eda hecho en 125cc pero no en MotoGP, y eso tiene mucho m\u00e9rito porque all\u00ed el australiano hab\u00eda celebrado ya cuatro victorias en la clase reina y una en 250. Tanto \u00e9l como Pedrosa tienen tantas opciones como Stoner de llevarse el t\u00edtulo este a\u00f1o y mi p\u00e1lpito personal es que el australiano este a\u00f1o no lo gana. Va a correr con una presi\u00f3n que no tuvo el a\u00f1o pasado y en esas circunstancias hay que ver c\u00f3mo responde. De entrada le ha salido un dolor en el brazo que algunos no acaban de creerse&#8230;<\/p>\n<p>P.- Hola Mela!! \u00bfQu\u00e9 les ha pasado a las motos de Aspar en este primer Gran Premio? \u00bfLlegar\u00e1n a pelear por carreras en posteriores GP?<\/p>\n<p>R.- Vamos por categor\u00edas. En Moto3, Moncayo y Faubel dijeron que sufrieron problemas mec\u00e1nicos que les imped\u00eda exprimir al m\u00e1ximo sus motores. Faubel dijo de la Kalex KTM que les falta &#8220;un poco de chasis y dos poquitos de motor&#8221;. Y Moncayo incidi\u00f3 en lo mismo: &#8220;C\u00f3mo dice H\u00e9ctor, nos faltan dos poquitos de motor aunque yo dir\u00eda dos pocazos&#8221;. En Moto2, Terol va a necesitar tiempo para adaptarse a la nueva categor\u00eda, la m\u00e1s canalla del Mundial y dijo que le penaliz\u00f3 su mala calificaci\u00f3n. En cuanto a El\u00edas, que fue una de esas carreras en las que toca sufrir. Estoy convencido de que tanto uno como otro ir\u00e1n a m\u00e1s. El problema es que el nivel es muy alto y, aunque ellos vayan mejorando, los de arriba tambi\u00e9n pueden y deben hacerlo. Y en MotoGP fue un desastre, porque De Puniet se cay\u00f3 dos veces en los entranamientos y destroz\u00f3 dos chasis de la Aprilia, as\u00ed que para la carrera s\u00f3lo contaba una moto en el box y no fue capaz de acabar como la mejor CRT, tal como se presum\u00eda, porque Edwards estuvo m\u00e1s fino que \u00e9l todo el fin de semana con la Suter BMW. En cuanto a Aleix, sufri\u00f3 mucho todo el fin de semana. Deben ir a m\u00e1s ambos.<\/p>\n<p>P.- Hola Mela!! Soy Pedrito, Enhorabuena por GP de trabajo de todo el equipo, de verdad, curro impresionante \u00bfC\u00f3mo definir\u00edas en un adjetivo al Maestro Nieto, Lara, Keko, Dennis y a Marco? gracias<\/p>\n<p>R.- En una palabra : EQUIPAZO!!!<\/p>\n<p>P.- Mela! M\u00f3jate \u00bfQui\u00e9n son las primeras decepciones de la temporada en las tres categor\u00edas? gracias<\/p>\n<p>R.- En MotoGP, sin duda, Rossi. En Moto2, El\u00edas y Sim\u00f3n. Y en Moto3, V\u00e1zquez. Espero que todos ellos vayan a m\u00e1s en las pr\u00f3ximas carreras.<\/p>\n<p>P.- Mela, \u00bfCu\u00e1les son las 5 mejores carreras de la era Moto GP (2002-2012), seg\u00fan tu opini\u00f3n? Y de la era 500 cc (desde que tengas recuerdos de ellas, claro est\u00e1)?<\/p>\n<p>R.- Tendr\u00eda que analizarlo de manera m\u00e1s detenida, pero a vuela pluma te dir\u00eda que Estoril 06 (la de El\u00edas batiendo a Rossi por 2 mil\u00e9simas), Montmel\u00f3 09 (Rossi gana a Lorenzo en la \u00faltima curva), Jerez 10 (Lorenzo y Pedrosa peleando por la victoria), Laguna Seca 08 (la pasada de Rossi a Stoner en el Sacacorchos) y Alemania 03 (Sete gana a Rossi en la \u00faltima curva). Y de 500cc me vas a perdonar que no te conteste ahora, porque tardar\u00eda mucho y hay m\u00e1s preguntas. Lo trasladar\u00e9 al Twitter y lo vemos ah\u00ed entre todos, pero te adelanto Suzuka 89 (duelazo Schwantz-Rainey), Suzuka 94 (la aparici\u00f3n estelar de Abe), Assen 92 (la victoria de Crivi, la primera espa\u00f1ola), Hockenheim 91 (la frenada at\u00f3mica de Kevin a Rainey entrando al motodrome) y Suzuka 01 (pique Rossi-Biaggi). Al final me has liado&#8230; Revisando igual cambiar\u00eda alguna. <\/p>\n<p>P.- \u00bfCrees que tus preferencias te influyen consciente o inconscientemente en tus entrevistas a los pilotos o crees que tratas a todos por igual?<\/p>\n<p>R.- Lo he dicho alguna vez ya, la objetividad no existe, porque desde el momento en el que eliges hablar de algo est\u00e1s siendo subjetivo, pero s\u00ed que existe la honestidad e intento ser lo m\u00e1s honesto posible.<\/p>\n<p>P.- Hola Mela \u00bfEste a\u00f1o ves que se supere el record de velocidad en la recta de Mugello? Saludos<\/p>\n<p>R.- Creo que lo marc\u00f3 all\u00ed Pedrosa con 348 por hora. Deber\u00eda caer, aunque hace falta que haya algo de viento de culo, a favor, como ocurri\u00f3 entonces con Dani.<\/p>\n<p>P.- HOLA MELA VI LA TRASMISION DE TELE5 Y ES BUENA ,DIGAMOS DEL 1 AL10 UN 8 PERO HAY UNA COSA QUE HAY QUE NO GUSTO Y SON LAS COSAS QUE SE DIJERON DE LOS PILOTOS QUE NO SON ESPA\u00d1OLES ,COMO STONER,LUTHI ESO NO LO HABIAMOS ESCUCHADO NUNCA ,ESO SE DEBE CORREJIR LO DEMAS BIEN,UN SALUDO<\/p>\n<p>R.- Gracias por tu cr\u00edtica constructiva. A los moteros nos gustan las motos y, si encima ganan los nuestros, mejor que mejor, pero en el fragor de la batalla me dejo llevar. En cualquier caso, es con cari\u00f1o. <\/p>\n<p>P.- Mela \u00bfSe equivoca Sim\u00f3n al cambiar de equipo? \u00bfCrees que Axel Pons deber\u00eda hacer el camino de Sim\u00f3n, bajar a Moto3 para subir fuerte a Moto2? gracias<\/p>\n<p>R.- Si la elecci\u00f3n de Sim\u00f3n fue acertada o err\u00f3nea se sabr\u00e1 con el tiempo y en funci\u00f3n de sus resultados. No le convence el chasis FTR y va a intentar que el equipo se pase a Kalex. Y en cuanto a Axel, en la presentaci\u00f3n del equipo me dijo que este era el \u00faltimo a\u00f1o que se daba para conseguir buenos resultados y que, de no llegar, lo dejar\u00eda para volcarse en sus estudios.<\/p>\n<p>P.- crees que yamaha puede volver a desarrollar una moto ganadora para lorenzo. un saludo<\/p>\n<p>R.- Yamaha ya ha desarrollado una moto ganadora para Lorenzo. La M1 de este a\u00f1o est\u00e1 el nivel de la Honda RC213V aunque en la larga recta de Losail s\u00ed que se vio alguna vez que un poco m\u00e1s de velocidad punta no le vendr\u00eda nada mal.<\/p>\n<p>P.- Mela! La primera ronda de la temporada \u00bfDovi o Ccrutchlow?, \u00bfFHM o Intervi\u00fa?,C\u00f3mo te gusta m\u00e1s escribirlo \u00bfCatar o Qatar? \u00bfRamos o Puyol? \u00bfLiga o Champions? Un abrazo!<\/p>\n<p>R.- DoviCrutch (perdona pero me es imposible elegir). Intervi\u00fa, por los recuerdos de adolescencia. Qatar, pero en el AS debo poner Catar. Ramos. Champions.<\/p>\n<p>P.- Mela! Los Alcoyanos estamos pendientes de Nico \u00bfVa a estar en lucha por el podio? \u00bf Le costar\u00e1 tanto como a Pol adaptarse o ir\u00e1 pronto arriba como M\u00e1rquez? Un saludo<\/p>\n<p>R.- Esa es la pregunta del mill\u00f3n. Ya sab\u00e9is vosotros bien que a trabajador nadie gana a Terol. Habr\u00e1 que estar a la expectativa y no descartemos nada, ni para bien ni para mal, porque esta categor\u00eda es dur\u00edsima.<\/p>\n<p>P.- Mav se va a pasear toda la temporada o Cortese y la sorpresa Fenati pueden ser alternativa. Gracias Mela<\/p>\n<p>R.- No hay t\u00edtulo f\u00e1cil. Recuerda c\u00f3mo sufri\u00f3 Terol el a\u00f1o pasado, cuando parec\u00eda que iba a ser coser y cantar. Adem\u00e1s de los rivales, que los hay de nivel, empezando por los que has nombrado y a los que yo a\u00f1adir\u00eda a Salom, a Oliveira, m\u00e1s Faubel y Moncayo cuando su motor corra m\u00e1s, hay que a\u00f1adir los sobresaltos que siempre surgen en forma de ca\u00eddas o aver\u00edas&#8230;<\/p>\n<p>P.- Mela! \u00bfApunta Bradl a ser la revelaci\u00f3n de la temporada? \u00bfLlegar\u00e1n las Yamaha Tech3 a pelear por ganar carreras? \u00bfEs pronto pero crees que de mantener la progresi\u00f3n Barber\u00e1 pasar\u00e1 a Ducati oficial? gracias<\/p>\n<p>R.- Barber\u00e1 hizo un gran premio muy notable, independientemente de que algunos de sus mejores tiempos llegaran en plan pillo, chupando la rueda de Lorenzo. Tanto como para ser piloto oficial de Ducati no lo s\u00e9, de entrada porque el box de Ducati es como el camarote de los hermanos Marx en estos momentos&#8230; Respecto a Bradl, sin duda que apunta a revelaci\u00f3n de la temporada. Y de las Tech 3, ahora mismo no hay diferencia mec\u00e1nica, porque todas las mil est\u00e1n reci\u00e9n paridas y son iguales, as\u00ed que la diferencia la marca un tal Jorge Lorenzo que est\u00e1 enorme y con la mirada del tigre de los viejos tiempos.<\/p>\n<p>P.- \u00bfCual tiene mejor moto Pedrosa o Lorenzo ?<\/p>\n<p>R.- A d\u00eda de hoy, la Yamaha parece m\u00e1s equilibrada y sufre menos los problemas de chattering (vibraciones) pero la Honda sigue teniendo un motorazo. No sabr\u00eda decirte. Molar\u00eda una segunda carrera con las motos cambiadas.<\/p>\n<p>P.- espero que mejoren las retrasmisione porque son malisimas<\/p>\n<p>R.- Yo tambi\u00e9n espero que mejoren porque acabamos de llegar y, como todo equipo nuevo, deber\u00edamos ir de menos a m\u00e1s. Eso s\u00ed, para m\u00ed no ha estado nada mal para empezar y para otro mont\u00f3n de gente tambi\u00e9n. <\/p>\n","protected":false},"excerpt":{"rendered":"<p>Mela Ch\u00e9rcoles, con \u2018M\u2019 de MotoGP, charla con los internautas de AS.com para comentar c\u00f3mo ha arrancado el Mundial de motociclismo.<\/p>\n","protected":false},"author":1,"featured_media":0,"comment_status":"open","ping_status":"open","sticky":false,"template":"","format":"standard","meta":{"footnotes":""},"categories":[],"tags":[],"class_list":["post-10077","post","type-post","status-publish","format-standard","hentry"],"_links":{"self":[{"href":"https:\/\/intervius.com\/index.html\/wp-json\/wp\/v2\/posts\/10077","targetHints":{"allow":["GET"]}}],"collection":[{"href":"https:\/\/intervius.com\/index.html\/wp-json\/wp\/v2\/posts"}],"about":[{"href":"https:\/\/intervius.com\/index.html\/wp-json\/wp\/v2\/types\/post"}],"author":[{"embeddable":true,"href":"https:\/\/intervius.com\/index.html\/wp-json\/wp\/v2\/users\/1"}],"replies":[{"embeddable":true,"href":"https:\/\/intervius.com\/index.html\/wp-json\/wp\/v2\/comments?post=10077"}],"version-history":[{"count":0,"href":"https:\/\/intervius.com\/index.html\/wp-json\/wp\/v2\/posts\/10077\/revisions"}],"wp:attachment":[{"href":"https:\/\/intervius.com\/index.html\/wp-json\/wp\/v2\/media?parent=10077"}],"wp:term":[{"taxonomy":"category","embeddable":true,"href":"https:\/\/intervius.com\/index.html\/wp-json\/wp\/v2\/categories?post=10077"},{"taxonomy":"post_tag","embeddable":true,"href":"https:\/\/intervius.com\/index.html\/wp-json\/wp\/v2\/tags?post=10077"}],"curies":[{"name":"wp","href":"https:\/\/api.w.org\/{rel}","templated":true}]}}