{"id":10076,"date":"2010-04-15T00:00:00","date_gmt":"2006-11-06T00:00:00","guid":{"rendered":"https:\/\/intervius.com\/index.html\/?p=10076"},"modified":"2006-11-06T00:00:00","modified_gmt":"2006-11-06T00:00:00","slug":"Carlos_Boyero10076","status":"publish","type":"post","link":"https:\/\/intervius.com\/index.html\/Carlos_Boyero10076\/","title":{"rendered":"Carlos Boyero"},"content":{"rendered":"<p>Pregunta.- Creo que Livia y t\u00edo Junior son los personajes que tienen m\u00e1s personalidad de la serie. Est\u00e1n perturbados, fueron grandes, pero ya no son m\u00e1s que despojos&#8230; \u00bfa ti tambi\u00e9n te gustan? <\/p>\n<p>Respuesta.- Dan mucho juego tragic\u00f3mico. Pero nunca me atrever\u00eda a definirlos como grandes. Se han comportado como unos hijos de puta toda su delincuente vida. Por supuesto, su maldad tiene mucha gracia. <\/p>\n<p>P.- No s\u00e9 si habr\u00e1s hablado de ella ya, pero&#8230;\u00bfhas visto ya la de Alicia en 3D? \u00bfmerece la pena tanto como dicen? Un abrazo<\/p>\n<p>R.- Por car\u00e1cter, por aficiones, s\u00f3lo Tim Burton pod\u00eda adaptar el perverso y fascinante universo de Lewis Carroll. Su ilustraci\u00f3n visual es brillante, pero no es una pel\u00edcula que retengo duraderamente en la memoria. Es oscura, y las gafas de las tres dimensiones aumentan excesivamente esa negrura. <\/p>\n<p>P.- Menudo repaso nos dio el Bar\u00e7a el otro d\u00eda&#8230; Hay que reconocer que son mucho mejores, a pesar de los 300 millones invertidos. \u00bfVes alguna posibilidad de ganar la liga?<\/p>\n<p>R.- No. Como soy agn\u00f3stico, no creo en los milagros. Adem\u00e1s, ser\u00eda un milagro muy cutre. No me gust\u00f3 el partido del Bernab\u00e9u. El Bar\u00e7a hizo lo que ten\u00eda que hacer. Pero \u00e9se no era el Barcelona que enamora. <\/p>\n<p>P.- O alguien me dice alguna novedad sobre &#8220;Historias de Roma&#8221; de Enric Gonz\u00e1lez o no descarto hacer alguna locura autodestructiva como encadenarme a una silla y ver toda la filmograf\u00eda de Lars Von Trier.<\/p>\n<p>R.- Haga una locura autodestructiva. O llame a la editorial. O al propio autor. Es mi amigo, pero no soy su representante. &#8220;Historias de Roma&#8221; saldr\u00e1 en mayo. <\/p>\n<p>P.- Tengo la horrible sensacion de que el Real Madrid se ha convertido en ese imb\u00e9cil que se quiere ligar a la chica que te gusta presumiendo de BMW descapotable y llev\u00e1ndola a cenar a sitios caros y casposos. Esto funciona con chicas f\u00e1ciles e insulsas de una noche (un torneo veraniego) pero no con una chica de las de verdad (la Liga o la Champions). Con estas chicas hay que curr\u00e1rselo y ser un loco rom\u00e1ntico, tal vez ,y muy a mi pesar, lo que es el Bar\u00e7a de Guardiola.<\/p>\n<p>R.- Demasiado retorcida su teor\u00eda. No s\u00e9 ni he practicado esos m\u00e9todos de seducci\u00f3n tan horteras. No puedo opinar. <\/p>\n<p>P.- \u00bfSigue siendo la tortilla del Sylkar la mejor de Madrid?<\/p>\n<p>R.- Si lo sabe, \u00bfpor qu\u00e9 me pregunta? Y las croquetas, y la ensaladilla, y&#8230;<\/p>\n<p>P.- \u00bfC\u00f3mo se justifica una Ley de partidos que pretende ilegalizar aquellas formaciones que no condenen la violencia y deja a Falange espa\u00f1ola campando por ah\u00ed a sus anchas sentando en el banquillo nada menos que a un juez? A menudo tengo la sensaci\u00f3n de que en la Transici\u00f3n, las v\u00edctimas del franquismo adem\u00e1s de puteadas terminaron por tener que poner la cama. <\/p>\n<p>R.- Aseguran las mentes l\u00facidas y posibilistas que la Transici\u00f3n fue ejemplar. Ellos sabr\u00e1n. A m\u00ed me dio mucha grima. Ning\u00fan fascista tuvo que dar explicaciones. Todos hermanados por el bien de la patria. <\/p>\n<p>P.- Hola Carlos. \u00bfQu\u00e9 te parecen los reestrenos de cl\u00e1sicos en el cine Callao? Una buena ocasi\u00f3n para verlos en pantalla grande \u00bfno? (aunque me temo que sea doblado)<\/p>\n<p>R.- Si est\u00e1 doblado, no tiene inter\u00e9s. Si las copias est\u00e1n restauradas, existe un criterio de selecci\u00f3n y se ofrecen en versi\u00f3n original, puede ejercer la bendita funci\u00f3n de filmoteca. Lo ideal ser\u00eda que ese experimento funcionara en todas las ciudades de Espa\u00f1a. <\/p>\n<p>P.- Una pregunta sin acritud, \u00bfte dieron muchas collejas en el colegio, o eras t\u00fa de los que daban collejas?<\/p>\n<p>R.- Hubo de todo. Nunca rehus\u00e9 una buena pelea. Lo que no perdono fueron las impunes e infinitas hostias que me dieron los ensotanados s\u00e1dicos. Una de ellas la devolv\u00ed. Aunque hubiera preferido tener una Magnum. Librar al mundo de un legitimado torturador. <\/p>\n<p>P.- \u00bfHas hecho alguna vez cr\u00edtica de cortos? \u00bfrecuerdas alguno que te haya gustado sobremanera? <\/p>\n<p>R.- Sospecho que usted ha hechos bastantes. Siga as\u00ed. No desfallezca. No es mi g\u00e9nero favorito, aunque algunos me han hecho gracia, como los primeros de Fernando Trueba. \u00bfNecesito aclararle que interpret\u00e9 algunos de ellos? Era un actor horroroso, impostado, falsamente natural, de esos a los que le tengo tanta man\u00eda. <\/p>\n<p>P.- Hola Carlos \u00bfQu\u00e9 te parece Gaby Milito? \u00bfSe equivoc\u00f3 el Madrid no fich\u00e1ndolo en su momento? Un abrazo.<\/p>\n<p>R.- Es un buen defensa. Debi\u00f3 de ser muy desagradable la movida que tuvieron \u00e9l y Puyol el otro d\u00eda con Jorge Valdano. Puedes entender las razones de los tres. <\/p>\n<p>P.- Hola Carlos, me tiene usted loca, pero lo que m\u00e1s me pone es su voz, sugerente, magn\u00e9tica, y tremendamente sexy. \u00bfCu\u00e1l es la voz del cine m\u00e1s le atrae? Tengo la mala costumbre de ver dobladas las pel\u00edculas, s\u00e9 que me pierdo mucho. Un beso.<\/p>\n<p>R.- Estoy de acuerdo. L\u00e1stima que mi f\u00edsico no corresponda a esa voz. Ser\u00eda demasiado. Efectivamente, se pierde usted el 50 por ciento en la interpretaci\u00f3n de un actor. Casi todos los mejores que conozco poseen voces a la altura de su arte. La de Nicholson es impresionante. Otro beso. <\/p>\n<p>P.- Buenas tardes, Carlos. Disfruto con la ficci\u00f3n e intuyo que me ha ense\u00f1ado muchas cosas pero no s\u00e9 decir qu\u00e9. Se lo cuento porque un desalmado que adora a S\u00e1nchez Drag\u00f3 acus\u00f3 ante m\u00ed a la ficci\u00f3n de no aportar ni ense\u00f1ar nada, y dijo que por eso s\u00f3lo merec\u00eda la pena leer ensayos y manuales. A\u00fan me duele no haberle sabido rebatir como era debido. \u00bfQu\u00e9 le hubiese dicho usted?<\/p>\n<p>R.- Las ficciones han salvado mi vida. <\/p>\n<p>P.- Hola Carlos. No quiero darte mal rollo y ojal\u00e1 que nos des la plasta durante muchos a\u00f1os. Pero cuando la di\u00f1es, \u00bfqu\u00e9 te gustar\u00eda que dijera tu obituario?<\/p>\n<p>R.- Nada. <\/p>\n<p>P.- Hola Carlos. \u00bfCrees que McNulty, al final, realmente perdona a Kima? Hay algo en su mirada cristalina que da a entender que le va a costar toda la vida entender la acci\u00f3n de su, hasta ese momento, alter ego femenina.<\/p>\n<p>R.- Imagino que ambos van a tener muy crudo el futuro. McNulty seguir\u00e1 bebiendo hasta reventar. A Kima le durar\u00e1n poco las parejas. <\/p>\n<p>P.- Buenas Sr. Boyero: En la pelicula Martin Hache, el personaje de Eusebio poncela nso deleita con un di\u00e1logo que no me canso de escuchar. Ese &#8220;Hay que follarse a las mentes, me gusta follarme a las mentes&#8221; es algo que siempre he tenido presente. \u00bfQu\u00e9 prefiere usted, el cuerpo o la mente? Gracias<\/p>\n<p>R.- Siempre el cuerpo. Ya sabe que soy muy convencional. Y prosaico. Lo \u00fanico que no me gusta de &#8220;Martin Hache&#8221; es el personaje que interpreta Poncela. <\/p>\n<p>P.- Hola Carlos, Hace poco estuve en Berl\u00edn y me pareci\u00f3 m\u00e1s interesante que bonita. \u00bfQu\u00e9 pel\u00edculas sobre esta ciudad te gustan? &#8220;Berl\u00edn Oeste&#8221; es el polo opuesto de &#8220;Alemania a\u00f1o cero&#8221;. &#8220;Good bye Lennin&#8221; es entra\u00f1able por ser la \u00fanica que despide con cari\u00f1o leg\u00edtimo el fin de la RDA.<\/p>\n<p>R.- Le puedo citar la que m\u00e1s detesto. Los modernos la adoran. Se llama &#8220;El cielo sobre Berl\u00edn&#8221;. La firma Wim Wenders. Alguien al que se le acab\u00f3 la inspiraci\u00f3n a partir de &#8220;Par\u00eds-Texas&#8221;, pero que lleva 25 a\u00f1os viviendo del mismo rollo. Eso s\u00ed, fue el hombre que dirigi\u00f3 la maravillosa &#8220;En el curso del tiempo&#8221;. No quiero volver a verla. Por si se me derrumba. <\/p>\n<p>P.- Pinta mal lo de Garzon, \u00bfno? \u00bfLo ve trabajando en un Mc Donalds?<\/p>\n<p>R.- Imagino que si le destruyen, le va a resultar muy complicado soportar la l\u00f3gica amargura. Constatar, que como siempre, siguen ganando los malos. <\/p>\n<p>P.- \u00bfQu\u00e9 es mejor: Vivir serena y apaciblemente o vivir con una mala leche c\u00f3smica?<\/p>\n<p>R.- No veo ning\u00fan encanto al masoquismo de sentirse jodido. Deme un permanente prado verde y cielo azul. Nunca me cansar\u00e9 de ellos. Nunca a\u00f1orar\u00e9 el prestigioso infierno. <\/p>\n<p>P.- Paro, miseria, pederastia, nuevo disco de Miguel Bose&#8230; \u00bfno le dan ganas de cortarse las venas cuando oye las noticias?<\/p>\n<p>R.- No pongo la tele. No escucho la radio. No tengo Internet. S\u00f3lo leo a la gente que me gusta en los peri\u00f3dicos. <\/p>\n<p>P.- \u00bfQu\u00e9 te parece la actitud del diario Marca y de otros medios respecto a Pellegrini? Es increible que buena parte de la afici\u00f3n quiera que se quede y ellos se dediquen a hacer ya una encuesta para buscarle sustituto. \u00bfA ti te gustar\u00eda que siguiera?<\/p>\n<p>R.- Si pienso en Mourinho, en Capello y en Ben\u00edtez, me dan escalofr\u00edos. S\u00f3lo quiero que Guardiola o Cruyff entrenen al Madrid. Aquella pintada de: &#8220;Seamos realistas, pidamos lo imposible&#8221; no la perpetr\u00f3 un borracho, ni un loco.<\/p>\n<p>P.- Me emociona el cari\u00f1o con el que habla de su novia. \u00bfEs usted de esos que, como yo, necesitan de la mujer para sentir que est\u00e1n vivos o se considera m\u00e1s independiente? <\/p>\n<p>R.- Lo mejor de mi vida ha ocurrido cuando funcionaba el amor. Saber que tiene finitud es lacerante. El actual me dura ya 7 a\u00f1os. Estoy orgulloso de batir mi r\u00e9cord. <\/p>\n<p>P.- \u00bf Que opina de la ley que obliga a las televisiones a invertir el 5% en cine espa\u00f1ol?<\/p>\n<p>R.- Una barbaridad por decreto. Me aburren mucho las teles. Tambi\u00e9n gran parte del cine espa\u00f1ol. Las primeras, al menos, no se tiran el rollo de que est\u00e1n fabricando cultura. Cada vez que escucho lo de &#8220;excepci\u00f3n cultural&#8221;, siento la cercan\u00eda del v\u00f3mito. <\/p>\n<p>P.- Hola, Carlos. Ayer vi &#8220;Sue\u00f1os de un seductor&#8221;. Me re\u00ed much\u00edsimo, pero luego me qued\u00e9 pensando en que ya no existen los Humphreys Bogart, si es que alg\u00fan d\u00eda existieron. Yo por lo menos en Madrid no los encuentro. \u00bfSon solo ficci\u00f3n? \u00bfConoces a alguno? Y, otra cosa, \u00bfpor qu\u00e9 ahora los hombre os acojon\u00e1is tanto con las mujeres?<\/p>\n<p>R.- No le digo d\u00f3nde vivo, porque no parar\u00eda usted de llamar al timbre. \u00bfCree usted que lo de sentirse acojonado con las mujeres es s\u00f3lo de ahora? A m\u00ed lo \u00fanico que me acojona son los imb\u00e9ciles. <\/p>\n<p>P.- Carlos, lo de Garz\u00f3n clama al cielo. \u00bfD\u00f3nde se han metido los intelectuales? \u00bfSi ahora no abren la boca, cuando la van a abrir?<\/p>\n<p>R.- Est\u00e1 usted muy mal informado. \u00bfNo ha visto usted a Almod\u00f3var? <\/p>\n<p>P.- Querido Carlos. Celebro reencontrarte, 20 a\u00f1os despu\u00e9s.\u00bfC\u00f3mo te lo haces para seguir coherente, ir a la tuya y no plegarte a nada y a nadie?. Con la edad has ganado sabor, como los buenas a\u00f1adas. Envidio tu prodigiosa memoria. No cambies. La pregunta: \u00bfNo te siente ya rara avis, especie en extinci\u00f3n? De buen rollo. Un abrazo sincero.<\/p>\n<p>R.- Mi recuerdo de ti es inmejorable, querido Frederic. Nos re\u00edmos mucho en aquella casa de Ponzano. Espero que la vida te haya tratado como te mereces. Un abrazo, amigo. <\/p>\n","protected":false},"excerpt":{"rendered":"<p>Carlos Boyero acude una semana m\u00e1s a su cita semanal con los lectores. Boyero, uno de los m\u00e1s populares e influyentes cr\u00edticos de cine y feroz columnista de televisi\u00f3n, de cine y de la vida en general, ha charlado con los internautas sobre todo lo imaginable. <\/p>\n<p>Foto: Bernardo P\u00e9rez<br \/>\nARCHIVO DE ENTREVISTAS:<br \/>\n8 de abril &#8211; 25 de marzo<br \/>\n&#8211; 18 de marzo &#8211; 11 de marzo<br \/>\n&#8211; 4 de marzo &#8211; 18 de febrero<br \/>\n&#8211; 4 de febrero &#8211; 28 de enero<br \/>\n&#8211; 21 de enero &#8211; 14 de enero<br \/>\n7 de enero &#8211; 17 de diciembre<br \/>\n10 de diciembre &#8211; 3 de diciembre<br \/>\n26 de noviembre &#8211; 19 de noviembre<br \/>\n12 de noviembre &#8211; 5 de noviembre<br \/>\n29 de octubre &#8211; 22 de octubre<br \/>\n15 de octubre &#8211; 8 de octubre<br \/>\n24 de septiembre<br \/>\n-3 de septiembre &#8211; 23 de julio<br \/>\n&#8211; 9 de julio &#8211; 2 de julio<br \/>\n25 de junio &#8211; 18 de junio<br \/>\n11 de junio &#8211; 4 de junio<br \/>\n21 de mayo 14 de mayo<br \/>\n7 de mayo &#8211; 30 de abril<br \/>\n23 de abril &#8211; 14 de abril<br \/>\n2 de abril &#8211; 26 de marzo<br \/>\n12 de marzo &#8211; 5 de marzo<br \/>\n26 de febrero &#8211; 12 de febrero<br \/>\n5 de febrero &#8211; 22 de enero<br \/>\n15 de enero &#8211; 18 de diciembre<br \/>\n11 de diciembre &#8211; 4 de diciembre<br \/>\n27 de noviembre &#8211; 20 de noviembre<br \/>\n13 de noviembre &#8211; 6 de noviembre<br \/>\n30 de octubre &#8211; 16 de octubre<br \/>\n9 de octubre &#8211; 25 de septiembre<br \/>\n18 de septiembre -04 de septiembre<br \/>\n28 de agosto &#8211; 17 de julio<br \/>\n10 de julio &#8211; 3 de julio<br \/>\n26 de junio &#8211; 19 de junio<br \/>\n12 de junio &#8211; 5 de junio<br \/>\n22 de mayo &#8211; 15 de mayo<br \/>\n8 de mayo &#8211; 24 de abril<br \/>\n17 de abril &#8211; 10 de abril<br \/>\n3 de abril &#8211; 13 de marzo<br \/>\n6 de marzo &#8211; 28 de febrero<br \/>\n14 de febrero &#8211; 08 de febrero<br \/>\n31 de enero &#8211; 24 de enero<br \/>\n17 de enero &#8211; 3 de enero<br \/>\n27 de diciembre &#8211; 20 de diciembre<br \/>\n13 de diciembre &#8211; 07 de diciembre<br \/>\n29 de noviembre &#8211; 22 de noviembre<br \/>\n15 de noviembre &#8211; 08 de noviembre<br \/>\n02 de noviembre -25 de octubre<\/p>\n<p>Carlos Boyero, en lalistaWIP.com<\/p>\n","protected":false},"author":1,"featured_media":0,"comment_status":"open","ping_status":"open","sticky":false,"template":"","format":"standard","meta":{"footnotes":""},"categories":[],"tags":[],"class_list":["post-10076","post","type-post","status-publish","format-standard","hentry"],"_links":{"self":[{"href":"https:\/\/intervius.com\/index.html\/wp-json\/wp\/v2\/posts\/10076","targetHints":{"allow":["GET"]}}],"collection":[{"href":"https:\/\/intervius.com\/index.html\/wp-json\/wp\/v2\/posts"}],"about":[{"href":"https:\/\/intervius.com\/index.html\/wp-json\/wp\/v2\/types\/post"}],"author":[{"embeddable":true,"href":"https:\/\/intervius.com\/index.html\/wp-json\/wp\/v2\/users\/1"}],"replies":[{"embeddable":true,"href":"https:\/\/intervius.com\/index.html\/wp-json\/wp\/v2\/comments?post=10076"}],"version-history":[{"count":0,"href":"https:\/\/intervius.com\/index.html\/wp-json\/wp\/v2\/posts\/10076\/revisions"}],"wp:attachment":[{"href":"https:\/\/intervius.com\/index.html\/wp-json\/wp\/v2\/media?parent=10076"}],"wp:term":[{"taxonomy":"category","embeddable":true,"href":"https:\/\/intervius.com\/index.html\/wp-json\/wp\/v2\/categories?post=10076"},{"taxonomy":"post_tag","embeddable":true,"href":"https:\/\/intervius.com\/index.html\/wp-json\/wp\/v2\/tags?post=10076"}],"curies":[{"name":"wp","href":"https:\/\/api.w.org\/{rel}","templated":true}]}}