{"id":10075,"date":"2010-04-13T00:00:00","date_gmt":"2006-11-06T00:00:00","guid":{"rendered":"https:\/\/intervius.com\/index.html\/?p=10075"},"modified":"2006-11-06T00:00:00","modified_gmt":"2006-11-06T00:00:00","slug":"Inako_Diaz_Guerra10075","status":"publish","type":"post","link":"https:\/\/intervius.com\/index.html\/Inako_Diaz_Guerra10075\/","title":{"rendered":"I\u00f1ako D\u00edaz Guerra"},"content":{"rendered":"<p>Pregunta.- Muy buenas I\u00f1ako. El viernes me llev\u00e9 una sorpresa cuando leo tu cr\u00f3nica y un rato despu\u00e9s leo la columna de opini\u00f3n de Rela\u00f1o y casi la totalidad de \u00e9sta \u00faltima est\u00e1 incluida en tu cr\u00f3nica. Qui\u00e9n copi\u00f3 a qui\u00e9n??.Esta misma pregunta se la envi\u00e9 a Rela\u00f1o y cual es mi sorpresa hoy q yo la envio el viernes y su entrevista est\u00e1 plagada de preguntas del cl\u00e1sico y no est\u00e1 mi pregunta, es esto censura?. Un saludo.<\/p>\n<p>Respuesta.- No, no es censura en absoluto. Supongo que quisieron hacer una charla \u00edntegra del cl\u00e1sico por la transcendencia del evento. Nadie copi\u00f3 a nadie. Fue un error al volcar las p\u00e1ginas a internet. Por alg\u00fan designio inescrutable de la tecnolog\u00eda la columna de Alfredo se incrust\u00f3 en medio de mi cr\u00f3nica.<\/p>\n<p>P.- Hola Inako buenos d\u00edas. Que te parece que Quique planificara el resto de temporada para el equipo titular en funci\u00f3n de los tres partidos importantes (dos Liverpool y otro final con Sevilla) que pueden ser cuatro, limitando su participaci\u00f3n a los partidos de liga en pocos minutos o ninguno seg\u00fan su estado f\u00edsico, ya que de seguir jugando en liga acabar\u00e1n arrastrandose por el campo como pas\u00f3 ayer contra el Espa\u00f1ol. Adem\u00e1s de esta forma podr\u00edan tener oportunidad de demostrar su val\u00eda jugadores como Salvio, Camacho, Borja, Cedric, Atienza, Pulido, Koke, etc. Un saludo y enhorabuena por tus comentarios. <\/p>\n<p>R.- Estoy razonablemente convencido de que lo har\u00e1 si no gana los dos partidos de esta semana (Xerez y Villarreal). Si los gana estar\u00e1 de verdad con opciones de ir a Europa por la Liga y, aunque seguir\u00e1 reservando jugadores, lo har\u00e1 con m\u00e1s cautela. <\/p>\n<p>P.- Qu\u00e9 pasa jefe. Perdemos la final de copa, la final de UEFA, y no nos clasificamos para Europa v\u00eda Liga. \u00bfQu\u00e9 te parecer\u00eda la temporada? Fracaso, decepcionante, meritoria, \u00e9xito&#8230;<\/p>\n<p>R.- Confusa. Si entramos en Europa como subcampeones de Copa, bastante pasable. Si ni siquiera, fracaso. Pero no de Quique, que ha levantado el equipo desde el fango, sino de quienes planificaron fatal y regalaron tres meses de competici\u00f3n<\/p>\n<p>P.- Venga I\u00f1ako, toca elegir: Messi o CR; Ibra o Eto\u00b4o; Lorenzo o Pedrosa; Rudy o Navarro; Pilar Rubio o Sara Carbonero; Paquirr\u00edn o John Cobra. Un saludo.<\/p>\n<p>R.- Messi, hoy Ibra y antes de la lesi\u00f3n Etoo, Lorenzo, Navarro, Pilar Rubio, la muerte lenta<\/p>\n<p>P.- Si te ofrecieran irte ahora mismo de corresponsal a EE.UU para cubrir NBA, NFL, NHL para el As que dir\u00edas? Habr\u00eda que irse el lunes sin falta eh!!!<\/p>\n<p>R.- El \u00fanico tr\u00e1mite ser\u00eda una dura negociaci\u00f3n en casa<\/p>\n<p>P.- Saludos I\u00f1ako. Dos de basket. \u00bfQu\u00e9 tal ves los play offs de la Nba este a\u00f1o? \u00bfC\u00f3mo valorar\u00edas -a falta de las rondas del KO- la temporada de los espa\u00f1oles?<\/p>\n<p>R.- Muy abiertos en el Oeste donde no va a haber ni una eliminatoria de 1\u00aa ronda desequilibrada. Creo que Lakers acabar\u00e1 llegando a la final, pero la serie con OKC va a ser preciosa y dura. En el Este, sigo teniendo el feeling de que Cavs no llegan a la final, aunque la raz\u00f3n me dice lo contrario. Sobresaliente la de Marc, notable alto la de Pau, suspenso la de Calder\u00f3n y Rudy y dif\u00edcil de evaluar la de Sergio, aunque si hay un sitio para \u00e9l en la NBA, cosa q dudo, es en NY<\/p>\n<p>P.- I\u00f1ako. \u00bfTe tiras mucho tiempo en la redacci\u00f3n o curras desde tu casa? Saludos <\/p>\n<p>R.- Me paso el d\u00eda en la redacci\u00f3n, como desde las 11.30 hasta que cierre. Algunos d\u00edas a las 10 otros a las 12, depende. Menos mal que es una redacci\u00f3n muy agradable<\/p>\n<p>P.- No s\u00e9 porque pero veo a Lillo meti\u00e9ndole mano ma\u00f1ana al trampas y t\u00fa?<\/p>\n<p>R.- Campo dif\u00edcil, moral tocada&#8230; Pero creo que no<\/p>\n<p>P.- Hoal I\u00f1ako. Estando el B a 3 puntos de la liguilla y quedando 5 jornadas,como se valora en el club(quique,mas bien)la posibilidad de alternarlos con el A? Flaco favor el que hace \u00faltimamente Quique desmantelando al B para luego no ponerlos! Leche,pa eso no te los lleves!Y completa la lista con pablos y pernias&#8230; Gracias<\/p>\n<p>R.- Tampoco se lleva muchos, a Ibrahima y a Rub\u00e9n P\u00e9rez, y el filial lleva tirando sin ellos todo el a\u00f1o. En el club, subir ser\u00eda un premio muy bonito, pero no es una prioridad. La prioridad es formar jugadores y yo comparto la teor\u00eda.<\/p>\n<p>P.- hola I\u00f1ako. C\u00f3mo se te mandan preguntas al Twitter?<\/p>\n<p>R.- Te haces una cuenta, te haces seguidora m\u00eda (AS_inako) y ya puedes responder a cualquier comentario sobre el tema que se trate o sobre cualquier otro que te apetezca. Y en el twitter soy bastante m\u00e1s fiable que en el blog, he de reconocer<\/p>\n<p>P.- I\u00f1ako, no s\u00e9 si habr\u00e1s tratado personalmente a Germ\u00e1n &#8220;el mono&#8221; Burgos pero me parece un megacrack. Como portero era regulero pero, \u00bfc\u00f3mo es en el trato cercano?<\/p>\n<p>R.- Le he tratado. Un tipo diferente, muy divertido, pero a veces algo sobreactuado<\/p>\n<p>P.- I\u00f1akoooo!! \u00bfPara cu\u00e1ndo te vemos en otros medios que no sean el AS? Radio o tele, joder. Que estoy de Manolete y de Roncero hasta las orejas. Un saludo, truh\u00e1n. <\/p>\n<p>R.- Me parece que en el actual estilo de los programas deportivos yo tengo poca cabida<\/p>\n<p>P.- \u00bfPase lo que pase de aqu\u00ed a final de temporada prefieres que se quede Quique? Uno de los supuestos es perder la final de copa, quedar 10 y que nos elimine el Liverpool eh. Gracias<\/p>\n<p>R.- S\u00ed. Su trabajo ha sido mod\u00e9lico para coger un equipo descompuesto en plena temporada. El avance en ambas Copas ya es obra suya y la sensaci\u00f3n es que si hubiera llevado al equipo desde verano en Liga se estar\u00eda en puestos europeos. Ser\u00eda bueno que pudiera preparar una temporada entera<\/p>\n<p>P.- i\u00f1ako sueles celebrar los triunfos del atleti saliendo de juerga? has ido alguna vez bolinga al trabajo?<\/p>\n<p>R.- Si s\u00f3lo saliera on los triunfos del Atleti mi vida nocturna ser\u00eda mucho m\u00e1s aburrida de lo que es. Pero soy un profesional, primero curro y cuando acabo salgo<\/p>\n<p>P.- buenas crack. iras a hamburgo si ganamos las semifinales?<\/p>\n<p>R.- Eso espero<\/p>\n<p>P.- Buenas I\u00f1ako, con que jugadores har\u00edas caja?, no crees que eres un tanto injusto con A.L\u00f3pez?, no es que sea R.Carlos pero tampoco tan malo, al menos es mi opini\u00f3n. Gracias<\/p>\n<p>R.- Con Asenjo y Ra\u00fal Garc\u00eda seguro. Luego derpende de las ofertas. Por ejemplo, Simao por 18 lo vendo, por 10 no. Forl\u00e1n por 35, adelante, por 20, me lo quedo. Me parece que A. L\u00f3pez es un espanto defensivamente y, lo que es peor, a menudo no tiene ni actitud. Mira el gol de Xabi en el derbi. Est\u00e1 con \u00e9l y cuando Xabi se va al segundo palo no hace ni el amago de seguirle; pasa. Y as\u00ed ha sucedido tropecientas veces en su carrera. Y como en ataque no pasa de apa\u00f1ado, pues no compensa<\/p>\n<p>P.- \u00bfQu\u00e9 te parece Felipe Mattioni, el lateral del Mallorca? a m\u00ed me gusta mucho&#8230;<\/p>\n<p>R.- La pinta de Mattioni es espectacular. A nosotros, ya antes del golazo, nos hab\u00eda hecho un l\u00edo. T\u00edpico lateral brasile\u00f1o con calidad de centrocampista. Pero es propiedad del Mil\u00e1n, as\u00ed que no creo que est\u00e9 en el mercado<\/p>\n<p>P.- soy un aficionado del madrid q esta quemadisimo con el tito floren . nos parecemos al citi con los petrodolares . q opinas tu?<\/p>\n<p>R.- Me parece que si finalmente fracasa ese proyecto ser\u00eda justicia po\u00e9tica. No todo se puede comprar<\/p>\n<p>P.- Buenos d\u00edas I\u00f1ako.Nunca ha sido santo de mi devoci\u00f3n Reyes.Este a\u00f1o lo ha hecho decentemente,pero en mi opini\u00f3n es un jugador que hay que vender a final de temporada.Mucho me temo que este resurgir es para conseguir mejor contrato o cartel, como ya se ha visto de otros jugadores como Ibagaza&#8230; Siempre ha sido un jugador problem\u00e1tico y poco comprometido. Su actitud \u00faltimamente empieza a parecerse al anterior.\u00bfT\u00fa que opinas? Por cierto, por 6 millones podr\u00edamos fichar a Gojko Kacar, sensacional mediocentro serbio del Hertha, que este a\u00f1o va a estar de saldo<\/p>\n<p>R.- Yo creo que Reyes a este nivel es intransferible, a la altura de casi cualquier extremo de la Liga, pero comparto un poco tus dudas sobre si, una vez conseguido un nuevo contrato, va a mantener la concentraci\u00f3n. Yo le mantendr\u00eda con un contrato con incentivos<\/p>\n<p>P.- Hola crack!!!!! \u00bfQu\u00e9 opinas del canterano Koke (AT.Madrid B) crees que podr\u00eda dar el salto al primer equipo?\u00bfO pasara por una cesi\u00f3n? Y exactamente que funci\u00f3n tiene en el centro del campo porque yo las veces que le he visto no es que haya sido muy ofensivo.<\/p>\n<p>R.- Koke es un mediocnetron cl\u00e1sico, de los que no eran ni ofensivos ni defensivos, sencillamente mediocentros. Un poco a lo Tiago, digamos. Yo siempre estoy a favor de un a\u00f1ito de cesi\u00f3n en Primera salvo que seas un portento que vaya a jugar desde el principio en el primer equipo a lo De Gea o Torres. Si no, puede pasarte como a Camacho que lleva dos a\u00f1os perdidos en los q pod\u00eda haber jugado 6 partidos en Primera y volver ahora hecho.<\/p>\n<p>P.- Hola amigo, esta es la primera vez que te hago una pregunta: \u00bfEs cierto que Joel es mejor que De Gea?. S\u00e9 que tu respuesta va a ser dipl\u00f3matica y me hablar\u00e1s de,las condiciones de cada uno y que de ellos el primero a\u00fan no las ha demostrado. M\u00f3jate pr fa.<\/p>\n<p>R.- No, ahora mismo De Gea es mejor que Joel (que es buen\u00edsimo, ojo)<\/p>\n<p>P.- \u00bfNo crees que Quique se equivoca no dando descanso a los jugones? Me explico, todos sabemos que Europa por via Liga esta perdida, co\u00f1o dale descanso y centrate en los 3 partidos importantes que te quedan en la temporada. Me duele en el alma ver a jugadores como Pulido, Sergio Rodriguez, Ruben o Borja no debutando cuando los A.Lopez, Simao, Forlan y cia estan fundidos!<\/p>\n<p>R.- Veo que hay disparidad de criterios con esto. Algunos piensan como t\u00fa y otros opinan que no se debe desmantelar al filial cuando se est\u00e1 jugando el ascenso. Yo estoy en medio, me parece bien que rote a las estrellas de cara a los partidos gordos, pero el Atleti tampoco puede ni debe arrastrarse por la Liga<\/p>\n<p>P.- Hola I\u00f1ako. Acabo de leer que harias caja con raul garcia. Yo creo que tambi\u00e9n lo har\u00eda aunque es un jugador que me gusta y que no se le puede reprochar nada porque creo que se esfuerza cuando juega como el que m\u00e1s. Entonces con que jugadores te quedar\u00edas para el mediocentro el a\u00f1o que viene? Un slaudo<\/p>\n<p>R.- Assun\u00e7ao, Tiago, Mario Su\u00e1rez y otro m\u00e1s ofensivo que fichen, que pueda hacer de mediapunta en ciertos momentos o partir desde la banda en otros, tipo Misimovic<\/p>\n<p>P.- Muy buenas crack: Tengo en mente algunos fichajes para el a\u00f1o que viene, a ver que te parecen: &#8211; Fanni &#8211; Mikel Arteta &#8211; Griezzman( tenerlo un a\u00f1o cedido en la real.. este apunta a crack) -Marcos Alonso( tenerlo un a\u00f1ito cedido) -Zamora( Fulham)<\/p>\n<p>R.- Lo de Fanni tiene pinta de ir a suceder. Ya he dicho en otras ocasiones que Arteta no me parece fiable del todo, pese a su innegable calidad. La apuesta de Griezzman me parecer\u00eda interesante. A Marcos no lo va a soltar el Madrid. En cuanto a Zamora, ser\u00eda un buen tercer delantero porque es un tipo de punta que el Atleti no tiene, pero va acumplir 30 a\u00f1os y cuesta mucho dinero, no creo que compense la inversi\u00f3n teniendo en cuenta la edad y que ser\u00eda suplente<\/p>\n<p>P.- Hola I\u00f1ako, aqu\u00ed un cul\u00e9 Una pregunta algo malvada \u00bfDisfrutaste viendo al madrid perder con el Barsa? \u00bfQu\u00e9 jugador del Barsa e spara t\u00ed el buque insignia (yo me quedo con Puyol)? Y de m\u00fasica \u00bfHas escuchado algo de Nightwish (tanto de la cantante anterior como de la nueva, personalmente me quedo con la anterior)? Suerte al atleti en copa y europaleague Saludos<\/p>\n<p>R.- Disfrut\u00e9. Mucho. Puyol y Xavi a partes iguales En cuanto a Nightwish, no es mi rolloo.<\/p>\n<p>P.- Hola I\u00f1ako Por favor dime si hay algo de verdad en la posibilidad del fichaje de Javi Martinez Gracias <\/p>\n<p>R.- No<\/p>\n<p>P.- A ver como anda tu memoria I\u00f1ako&#8230;. \u00bfrecuerdas cu\u00e1l fue la primera cr\u00f3nica que hiciste de un partido del Atleti para As? \u00bfQu\u00e9 sensaci\u00f3n te dej\u00f3?<\/p>\n<p>R.- Un Racing-Atleti de finales de la 03-04. A\u00fan las hac\u00eda Manolete, pero le surgi\u00f3 un asunto personal y la hice de urgencia. Era el a\u00f1o de Manzano y el Atleti se jugaba la UEFA, ganaba 1-2 y se dej\u00f3 empatar en el \u00faltimo minuto, luego esos puntos le dejar\u00eda fuera de Europa. Como con todo lo que escribo, no me gust\u00f3 como qued\u00f3<\/p>\n<p>P.- como ves a Grecia para pasar a octavos en el mundial?<\/p>\n<p>R.- Bien. Sigue siendo una selecci\u00f3n muy seria y es superior a Corea del Sur y a la actual Nigeria<\/p>\n<p>P.- Buenos dias I\u00f1ako, me encanta leer tus art\u00edculos, de ah\u00ed mi pregunta: \u00bfpor qu\u00e9 no has hecho tu las cr\u00f3nicas de los partidos contra el Madrid, Valencia, Espa\u00f1ol???.Se echa de menos no leer tu punto de vista&#8230;Un saludo crack<\/p>\n<p>R.- Las del Madrid las hace siempre Juanma Trueba. En cuanto a las otras, donde tenemos delegaciones grandes a veces hace el partido de casa el cronista de all\u00ed. Adem\u00e1s me permite tomarme alg\u00fan respiro en un a\u00f1o de 60 cr\u00f3nicas como va a ser este<\/p>\n<p>P.- Buenas I\u00f1ako que te parece si pedimos al bar\u00e7a la cesi\u00f3n de dos santos, fontas y luego nos vamos a por cacau, eboue y merida? (estos ultimos acaban contrato) Solo pagamos las fichas y reconstruimos defensa y mediocampo<\/p>\n<p>R.- Buenas I\u00f1ako que te parece si pedimos al bar\u00e7a la cesi\u00f3n de dos santos, fontas y luego nos vamos a por cacau, eboue y merida? (estos ultimos acaban contrato) Solo pagamos las fichas y reconstruimos defensa y mediocampo<\/p>\n<p>P.- No te parece que ni hacer grupo ni gaitas y que Vald\u00e9s en estos momentos es el 2\u00ba mejor portero de Espa\u00f1a? Se puede permitir incluso el debate con Casillas pero con Reina o Diego L\u00f3pez&#8230;Me recuerda mucho a la \u00e9poca de Buyo y Abel con Zubizarreta, que al final llevaban a Ablanedo, Ochotorena, Lopetegui, ca\u00f1izares, etc&#8230;<\/p>\n<p>R.- Personalmente, en este instante me parece el primero. Yo le llevar\u00eda, pero creo que si va tiene que ser como titular. Para ser suplente no tiene sentido provocar un debate innecesario en un grupo que funciona muy bien. Y de tercero, De Gea.<\/p>\n<p>P.- Qu\u00e9 ciudad de Estados Unidos recomiendas por encima de todas, o que recomiendas de cada una si son varias? gracias<\/p>\n<p>R.- Nueva York, obviamente. Y segunda, San Francisco<\/p>\n<p>P.- Haber si tengo suerte y esta vez me la ponen, 2 preguntas 1- crees que cerezo piensa realmente que tiene una buena plantilla o lo dice por figurar?? de verdad cree que son de primera division juanito,perea , antonio lopez,pernia,valera o raul garcia??? me preocupa que no les busque sustitutos. 2- Cuando hables con el , por favor, recomiendale que venda a forlan y con lo que saque mas raul garcia, vaya a muerte a por llorente, seria una pieza importantisima en el equipo, y luego cuentanos que te dice, por cierto, javi martinez esta fuera de nuestro alcance , no??? gracias<\/p>\n<p>R.- 1. Cerezo no puede salir y decir que su plantilla es un desastre, l\u00f3gicamente. Pero la mayor\u00eda de los jugadores que citas no seguir\u00e1n la temporada q viene. 2. Soy fan absoluto de ir a por Llorente, pero me cuesta mucho pensar que el Athletic le vaya a vender si no es muy por encima de su valor real. En cuanto a Javi Mart\u00ednez, correcto, fuera de alcance<\/p>\n<p>P.- Pues yo a Asenjo lo ced\u00eda a un equipo de mitad de tabla de la Premier, y al a\u00f1o siguiente, que seguro que se revalorizaba, lo vend\u00eda por m\u00e1s pasta&#8230;<\/p>\n<p>R.- S\u00ed, pero las cesiones no son tan f\u00e1ciles. El jugador tiene que dar el visto bueno y no creo que Asenjo est\u00e9 por la labor. Y adem\u00e1s el Atleti necesita dinero ya para comprar a Tiago, no dentro de un a\u00f1o<\/p>\n<p>P.- Hola Monstruo. Dos preguntas: \u00bfQu\u00e9 entrenador es el adecuado para el a\u00f1o que viene? y, \u00bfQu\u00e9 hay que hacer para llegar a donde has llegado: ser muy forofo, tener muy buenas amistades o ser un periodista impecable? Gracias Crack.<\/p>\n<p>R.- 1. Quique 2. No soy especialmente forofo ni ten\u00eda amistades previas en este mundillo. Supongo que algo de talento y muuuucha suerte<\/p>\n<p>P.- I\u00f1ako. Recomiendame sitios para tomar un gyn tonic en madrid anda.. es que he palmado una apuesta rojiblanca.<\/p>\n<p>R.- En La Casa del Pez, en Malasa\u00f1a. Calle Jes\u00fas del Valle casi esquina con pez.<\/p>\n<p>P.- Hola I\u00f1ako! me voy a hacer 500 Km pa ver al Atleti el miercoles, dame una motivaci\u00f3n para que no me arrepienta!!!(saqu\u00e9 las entradas el jueves con la euforia jejeje) si juega salvio de titular y borja tiene minutos salgo de fiesta por Madrid pa celebrarlo&#8230;Un saludo<\/p>\n<p>R.- A\u00fan no s\u00e9 qui\u00e9n va a jugar, la verdad. Pero lo de salir luego por Madrid un mi\u00e9rcoles siempre es un buen aliciente<\/p>\n","protected":false},"excerpt":{"rendered":"<p>El redactor del Diario AS I\u00f1ako D\u00edaz-Guerra analiza cada semana la situaci\u00f3n del Atl\u00e9tico de Madrid. El periodista ha charlado con los lectores sobre la situaci\u00f3n deportiva que atraviesa el club del Manzanares as\u00ed como otros temas tan mundanos como el baloncesto, la m\u00fasica o el cine.<\/p>\n<p>TWITTER DE I\u00d1AKO D\u00cdAZ-GUERRA <\/p>\n<p>ARCHIVO DE ENTREVISTAS:<\/p>\n<p>06 de abril &#8211; 30 de marzo &#8211; 23 de marzo &#8211; 16 de marzo &#8211; 09 de marzo &#8211; 02 de marzo &#8211; 23 de febrero &#8211; 16 de febrero &#8211; 09 de febrero &#8211; 02 de febrero &#8211; 27 de enero &#8211; 20 de enero &#8211; 12 de enero &#8211; 05 de enero &#8211; 29 de diciembre &#8211; 22 de diciembre &#8211; 16 de diciembre &#8211; 10 de diciembre &#8211; 01 de diciembre &#8211; 24 de noviembre &#8211; 17 de noviembre &#8211; 10 de noviembre &#8211; 6 de noviembre &#8211; 3 de noviembre &#8211; 27 de octubre &#8211; 20 de octubre &#8211; 13 de octubre &#8211; 06 de octubre &#8211; 29 de septiembre &#8211; 22 de septiembre &#8211; 15 de septiembre &#8211; 08 de septiembre &#8211; 01 de septiembre &#8211; 25 de agosto &#8211; 18 de agosto &#8211; 11 de agosto &#8211; 27 de julio &#8211; 21 de julio &#8211; 14 de julio &#8211; 07 de julio &#8211; 30 de junio &#8211; 23 de junio &#8211; 16 de junio &#8211; 09 de junio &#8211; 02 de junio -26 de mayo -19 de mayo &#8211; 12 de mayo &#8211; 05 de mayo &#8211; 28 de abril &#8211; 21 de abril &#8211; 14 de abril &#8211; 07 de abril &#8211; 24 de marzo &#8211; 17 de marzo &#8211; 10 de marzo &#8211; 3 de marzo &#8211; 24 de febrero &#8211; 10 de febrero &#8211; 17 de febrero &#8211; 13 3 de enero &#8211; 2 3 de diciembre &#8211; 2 de diciembre &#8211; 25 de noviembre &#8211; 4 de noviembre &#8211; 18 de noviembre &#8211; 4 de noviembre &#8211; 11 de noviembre &#8211; 4 de noviembre &#8211; 24 de octubre &#8211; 7 de octubre &#8211; 30 de septiembre &#8211; 23 de septiembre &#8211; 16 de septiembre<\/p>\n","protected":false},"author":1,"featured_media":0,"comment_status":"open","ping_status":"open","sticky":false,"template":"","format":"standard","meta":{"footnotes":""},"categories":[],"tags":[],"class_list":["post-10075","post","type-post","status-publish","format-standard","hentry"],"_links":{"self":[{"href":"https:\/\/intervius.com\/index.html\/wp-json\/wp\/v2\/posts\/10075","targetHints":{"allow":["GET"]}}],"collection":[{"href":"https:\/\/intervius.com\/index.html\/wp-json\/wp\/v2\/posts"}],"about":[{"href":"https:\/\/intervius.com\/index.html\/wp-json\/wp\/v2\/types\/post"}],"author":[{"embeddable":true,"href":"https:\/\/intervius.com\/index.html\/wp-json\/wp\/v2\/users\/1"}],"replies":[{"embeddable":true,"href":"https:\/\/intervius.com\/index.html\/wp-json\/wp\/v2\/comments?post=10075"}],"version-history":[{"count":0,"href":"https:\/\/intervius.com\/index.html\/wp-json\/wp\/v2\/posts\/10075\/revisions"}],"wp:attachment":[{"href":"https:\/\/intervius.com\/index.html\/wp-json\/wp\/v2\/media?parent=10075"}],"wp:term":[{"taxonomy":"category","embeddable":true,"href":"https:\/\/intervius.com\/index.html\/wp-json\/wp\/v2\/categories?post=10075"},{"taxonomy":"post_tag","embeddable":true,"href":"https:\/\/intervius.com\/index.html\/wp-json\/wp\/v2\/tags?post=10075"}],"curies":[{"name":"wp","href":"https:\/\/api.w.org\/{rel}","templated":true}]}}