{"id":1005,"date":"2007-02-20T00:00:00","date_gmt":"2006-11-06T00:00:00","guid":{"rendered":"https:\/\/intervius.com\/index.html\/?p=1005"},"modified":"2006-11-06T00:00:00","modified_gmt":"2006-11-06T00:00:00","slug":"Juan_Senor1005","status":"publish","type":"post","link":"https:\/\/intervius.com\/index.html\/Juan_Senor1005\/","title":{"rendered":"Juan Se\u00f1or"},"content":{"rendered":"<p>Pregunta.- Me gustar\u00eda saber la cantidad de personas que van a realizar esta aventura y cu\u00e1nto es el coste de \u00e9sta ( si se puede decir)<\/p>\n<p>Respuesta.- El equipo ser\u00e1n cinco de estos cinco, tres ser\u00e1n con discapacidades f\u00edsicas. Uno ser\u00e9 yo, el lider, y otro Ram\u00f3n Larramendi que es nuestro gu\u00eda. La raz\u00f3n por la que son 5 es porque s\u00f3lo entran cinco en estas avionetas que hay que fletar y que te llevan de Punta Arenas hasta la Antartida, es un vuelo de cuatro horas y media, no hay ning\u00fan lugar donde pueda aterrizar,hay que ir con el peso justo. La idea es que los atletas discapacitados vayan a la vanguardia y nosotros a la retaguardia, se lo tendr\u00e1n que currar ellos, y llegar al Polo Sur por sus propios medios. Nosotrso estamso para dar orientaci\u00f3n, de eso se trata de que lleguen por sus propios medios. <\/p>\n<p>P.- Buenos dias. Toda una hazana sin empezar. A menudo miles de discapacitados transitan por los polos de la incomprension social e incluso familiar. Mi pregunta es de qu\u00e9 manera puedo ayudar como hiciera Sir Clements Markham, el pionero de las exploraciones polares y por aquel entonces Presidente de la Royal Geographical Society a principios del siglo XX al memorable Sir. Robert F. Scott. Por favor recibir todos un abrazo y toda mi admiracion por la consagracion de esta gran empresa. 20\/2\/06 Oslo<\/p>\n<p>R.- La idea es que cada una de estas personas discapacitadas se ocnviertan en un embajador de la capacidad de lso discpacitados. Los discapacitados no quieren pena, quieren que se les conozca por ser atletas y segundo por ser discapacitados. Y obviamente primero por ser seres humanos completos y segundo por ser seres humanos que viven una discapacidad. El esp\u00edritu de esta expedici\u00f3n es el que me gustar\u00eda que se viviera a todos los niveles de la sociedad espa\u00f1ola, donde como sociedad les damos todos los medios, todo el acceso y todas las oportunidades a que tengan una vida igual, el resto ellos ya nos mostrar\u00e1n su gran capacidad. Hay que tener en cuenta que ha habido grandes genios de la historia que han tenido discapacidades, desde Beethoven que ten\u00eda una sordera profunda, hasta Steven Hopkins , uno de los grandes cient\u00edficos. Como sociedad les tenemos que dar sus oportunidades y ellos nos mostrar\u00e1n su capacidad y es lo que estamos haceindo con esta Expedici\u00f3n<\/p>\n<p>P.- \u00bfQu\u00e9 crees que va a ser la mayor dificultad a la que vais a tener que hacer frente?<\/p>\n<p>R.- La mayor va a ser el fr\u00edo. Pero el fr\u00edo no como realidad f\u00edsica, pero como realidad mental. Si sufres fr\u00edo y lo puedes controlar no pasa nada, pero en los polos el problema es que tienes que mentalmente superarte a ti de que puedes vivir con ese fr\u00edo. Por eso dec\u00edmos que el 70% es capacidad de superaci\u00f3n mental y el 30% f\u00edsico. Los grandes exploradores de los polos siempre han tenido mucho aguante mental m\u00e1s que f\u00edsico. Nuestro proceso de selecci\u00f3n vamos a valorar mucho la capacidad mental de la persona de aguantar mucho dolor.<\/p>\n<p>P.- \u00bf Qu\u00e9 supone para ti y para un dis-capacitado hacer esta traves\u00eda hac\u00eda al Polo Sur 2007?<\/p>\n<p>R.- Para m\u00ed es un sue\u00f1o poder dar este mensaje a la sociedad. En el 2004 fui al Polo Norte para recaudar fondos para el s\u00edndrome de down y me dio una plataforma medi\u00e1tica y personal para hablar de lo bonito que es vivir con una ni\u00f1a con s\u00edndrome de down. Mi objetivo es que esta expedici\u00f3n nos ofrezca tambi\u00e9n una plataforma para hablar de la capacidad de los discapacitados, su gran capacidad. Ese es el \u00fanico y principal objetivo de esta haza\u00f1a, de esta aventura. Yo tengo la oportunidad personal de ir al Polo Sur cuando quiera, pero no me he resigando a ir s\u00f3lo y llevarme a un equipo de personas discapacitadas. Y \u00bfqu\u00e9 supondr\u00e1 pondr\u00e1 para los discapacitados? Espero que se conviertan en h\u00e9roes en Espa\u00f1a y que al regresar a Espa\u00f1a sean s\u00edmbolos personalizados que inspiren a todas las personas, a trav\u00e9s de charlas, contactos humanos, etc.<\/p>\n<p>P.- \u00bfNo ser\u00eda demasiado duro para discapacitados ? \u00bfCon qu\u00e9 tipo de transporte ir\u00e1n?<\/p>\n<p>R.- S\u00ed va a ser muy dura, y se trata de que sea muy dura. No hay que hacerlo faciliello porque sean discapacitados, si fuera facilillo no ser\u00eda una haza\u00f1a, no ser\u00eda un reto. Al mismo tiempo yo he esquiado al Polo Norte, Ram\u00f3n ha estado en la Ant\u00e1rtida muchas veces y sabemos que lo pueden conseguir. En El Polo iremos en esqu\u00ed, no hay ning\u00fan apoyo mec\u00e1nico. El discapacitado que tiene par\u00e1lesis de piernas ir\u00e1 en una silla de ruedas modificada con esqu\u00eds, la persona discapacitada ciega o que le falte alg\u00fan miembro tendr\u00e1 que esquiar como cualquier otra persona, no hay ning\u00fan tipo de apoyo, ni de nieve, ni de avionetas, son tres personas discapacitadas en esqu\u00ed.<\/p>\n<p>P.- Juan, \u00bfDe qui\u00e9n fue la idea de hacer esta expedici\u00f3n? \u00a1Gracias!<\/p>\n<p>R.- La idea fue m\u00eda. Despu\u00e9s de regresar del Polo Norte, la reacci\u00f3n p\u00fablica y familiar de mi \u00faltima expedici\u00f3n al Polo Norte para luchar contra el s\u00edndrome de down me ha llevado a hacer lo mismo, pero esta vez llev\u00e1ndome a personas discapacitadas. Adem\u00e1s yo soy una persona que no hace altitudes sino latitudes: he hecho el Polo Norte, el S\u00e1hara, el desierto de Mongolia, el Amazonas&#8230;<\/p>\n<p>P.- Se\u00f1or, Juan. Creo que tu apellido lo deber\u00edas llevar delante.\u00bfQu\u00e9 se siente o qu\u00e9 sentir\u00e1s cuando llegues al Polo Sur con esos chavales? Adem\u00e1s de llorar&#8230;<\/p>\n<p>R.- Mucha alegr\u00eda, much\u00edsima alegr\u00eda. Por ellos y alegr\u00eda porque ser\u00e1n espa\u00f1oles y alegr\u00eda porque esto ha sido una haza\u00f1a que llevamos desde 2004 planificando y ha costado mucho, est\u00e1 costando mucho. <\/p>\n<p>P.- Me gustar\u00eda saber dentro de que edad deben estar los discpacitados y qu\u00e9 tipo de discapacidad deben presentar&#8230; motora o ps\u00edquica, hay muchos tipos de discapacidad. Gracias<\/p>\n<p>R.- Estamos buscando a personas con discapacidades f\u00edsicas, solamente. La edad entre los 20 y los 55 a\u00f1os. <\/p>\n<p>P.- \u00bf Qu\u00e9 apoyos m\u00e9dicos y de seguridad lleva\u00eds a esta clase de aventuras? <\/p>\n<p>R.- Apoyo m\u00e9dico ser\u00e1 la experiencia de Ram\u00f3n y la m\u00eda de primeros auxilios. La seguridad es una radio UHF, que es onda corta con la que puedes contactar con la base. No hay convertura de tel\u00e9fono m\u00f3vil y tampoco de sat\u00e9lite. Esta es una expedici\u00f3in de equipo. Si hay que evacuar a uno , evacuamos todos o llegamos todos o no llega nadie. Siempre cabe la posibilidad de rescate por una avioneta, pero tendr\u00eda que salir todo el equipo. <\/p>\n<p>P.- Hola, me parece bien la propuesta de conseguir que los dis-Capacitados se integren en el deporte y dem\u00e1s actividades con las mismas posibilidades que el resto. Pero, \u00bfNo crees qu\u00e9 ser\u00eda mejor emplear ese dinero en conseguir mejores instalaciones en las que todos podamos participar?. El privilegio de llegar al polo sur es solo de unos pocos elegidos, sin embargo la posibilidad de hacer cualquier otra haza\u00f1a o deporte es de un n\u00famero mucho mayor<\/p>\n<p>R.- La idea de la expedici\u00f3n tiene como prop\u00f3sito recaudar dinero para estos objetivos. Cada atleta discapacitado dar\u00e1 dinero a la ONG que el escoga, e smuy posible que una de esas ONGs pueda hacer un centro deportivo o un programa de acceso al deporte. Al mismo tiempo al crear estos tres embajadores nacionales de alto perfil para el deporte de discapacitados ellos tendr\u00e1n mucha m\u00e1s facilidad de recaudar m\u00e1s dinero que si su perfil no existiera, estamso creando gente con gran capacidad de persuasi\u00f3n para recaudar fondos para estos objetivos. Un mensaje iimportante: esta no va a ser la \u00faltima expedici\u00f3n, esto va a ser algo frecuente donde vamos a dar la oportunidad much\u00edsimos m\u00e1s atletas discapacitados a hacer deporte de aventura, extremo, ser\u00e1 el comienzo de esas oportunidades. <\/p>\n<p>P.- \u00bfC\u00f3mo se ve el tratamiento otorgado a los discapacitados, en la Espa\u00f1a y en el mundo? <\/p>\n<p>R.- Espa\u00f1a est\u00e1 muy avanzada a todos los niveles, integraci\u00f3n social, laboral, educativa, somos un pa\u00eds vanguardia en este sentido. Pero siempre se puede hacer mucho m\u00e1s. <\/p>\n<p>P.- sabias que el 1\u00ba viaje en autonomia total al polo sur lo hizo un grupo que tenia de compa\u00f1ero a un hombre sin brazos? por los a\u00f1os 90 desde donde vais a salir (latitud) buen viaje<\/p>\n<p>R.- La latitud excata la decidiremos dependiendo del tiempo, se decidir\u00e1 en Chile. Ha habido una o dos personas con discapacidades f\u00edsicas que han llegado al Polo Sur, pero nunca han conseguido un equipo de personas, esta ser\u00e1 la primera expedici\u00f3n en la historia de un equipo de discapacitados sin apoyo, sin apoyo es un t\u00e9rmino polar que se refiere a apoyo motriz, ni cometas, no motos, esquiando solos. Es la primera y si lo conseguimos ser\u00e1 la primera persona ciega en conquistar el Polo Sur, yo quiero que sea un espa\u00f1ol, y espero que no se convierta en una carrera contra los noruegos o inlgleses. Pero bueno si quieren competencia adelante, ganaremos.<\/p>\n<p>P.- Qu\u00e9 temperaturas tendreis que aguantar? \u00bfhay personas que no resistir\u00edan esas temperaturas?<\/p>\n<p>R.- S\u00ed el metabolismo de una persona es muy importante en condiciones extremas de fr\u00edo, y haremos unas pruebas f\u00edsicas para valorar si la persona puede soportar esos fr\u00edos, el peligro de congelaci\u00f3n es permanente y muy alto. La temperatura media menos 15, la sensaci\u00f3n t\u00e9rmica puede llegar a menos 30&#8230;<\/p>\n<p>P.- Hola Juan.\u00bfcu\u00e1l es el motivo de esta dura expedici\u00f3n?\u00bfcomo se te ocurri\u00f3 la idea?Gracias y mucha suerte crack<\/p>\n<p>R.- La idea se me ocurre de 2004 despu\u00e9s de llegar al Polo Norte para recaudar fondos contra el s\u00edndrome de down en nombre de mi hija. Y decido que el pr\u00f3ximo reto tiene que ser este, llevarme a un equipo de discapacitados. <\/p>\n<p>P.- En unas sociedades tribales del mundo moderno, se suelen rechazar sus discapacitados. \u00bfCu\u00e1l es tu opini\u00f3n respecto a esa actitud? <\/p>\n<p>R.- Totalmente erronea esta actitud de rechazo. Rechazar a los discapacitados es rechazarse a uno mismo es una cuesti\u00f3n de racismo, intolerancia y de inhumanidad que no debe existir en nuestra sociedad. Las personas discpacitadas no escogen su discapacidad, nacen con ella o la vida les trae la discapacidad a medio camino. Si la vida ya es dif\u00edcil para una persona con capacidades totales f\u00edsicas y mentales, que se imagine esa persona lo que es vivir con una discapacidad seria. <\/p>\n<p>P.- \u00a1Hola Juan! Hay que ver qu\u00e9 valor que ten\u00e9is algunos&#8230; Sinceramente, yo no me atrever\u00eda. \u00bfQu\u00e9 piensas que pod\u00e9is conseguir con este duro reto? \u00a1Gracias y mucha suerte!<\/p>\n<p>R.- A nivel personal satisfacci\u00f3n. Y tambi\u00e9n abrir ilusi\u00f3n y nuevas fronteras al mundo de los discapacitados, que no hay lugar en el mundo donde una persona con discapacidad f\u00edsica no pueda llegar, y el Polo Sur es el fin del mundo, ya han llegado a Everest, pero los polos est\u00e1n sin conquistar. Vamos a abrir un nuevo horizonte, y me da mucha alegr\u00eda que sea espa\u00f1oles los primeros que conquisten este polo. <\/p>\n<p>P.- Hola Juan. Primero, felicitarte por tu valent\u00eda y tu sacrificio.\u00bfCu\u00e1l ser\u00e1 el principal rival de la expedici\u00f3n, la temperatura, las horas de camino diarias, la duraci\u00f3n?Es un honor para mi poder preguntarte, gracias y un abrazo<\/p>\n<p>R.- Much\u00edsimas gracias pro tu pregunta, es un honor poder hablar con vosotros por internet a 2.400 metros en la nieve y el gran reto va a ser la capaidad aguante mental del fr\u00edo. Que la gente pueda aguantar unos 20 d\u00edas en temperaturas extremas, d\u00eda y noche esquiando y haciendo esfuerzo f\u00edsico de unas diez horas medias cada d\u00eda, gastando 5.000 calor\u00edas diarias y durmiendo pocas horas. <\/p>\n<p>P.- me parece stupenda esta idea, creo que deber\u00eda haber muchos m\u00e1s proyectos como \u00e9ste para lograr una verdadera integraci\u00f3n. Felicidades y enhorabuena porque me parece un proyecto muy dif\u00edcil y arriesgado. A ver si la gente por fin se da cuenta de que son personas iguales que los dem\u00e1s y que no son ciudadanos de segunda.<\/p>\n<p>R.- Aciertas totalmente en tus reflexiones va a ser peligroso muy duro y precisamente por eso es algo que tenemos que ofrecerle a estas personas. <\/p>\n<p>P.- Hay un chico en Almendralejo, Santos Caballeros Gonz\u00e1lez, que es una m\u00e1quina. Acordaros de \u00e9l. Un saludo y mucha suerte.<\/p>\n<p>R.- No conozco a esta m\u00e1quina, me gustar\u00eda conocer a la am\u00e1quina de Almendralejo, y cualquier otra m\u00e1quina espa\u00f1ola que mande un email a info@masclaro.net. Le mandaremos un cuestionario donde nos cuentan su historia y donde la m\u00e1quina nos puede contar porque le tenemos que escoger.<\/p>\n<p>P.- \u00bfTiene otros proyectos con discapacitados si este sale bien?<\/p>\n<p>R.- S\u00ed tengo en mente el Polo Norte, tengo en mente el S\u00e1hara occidental y tambi\u00e9n una traves\u00eda en la jungla en Amazonas. Todo ello tambi\u00e9n con discapacitados claro. Yo en estos lugares ya he estado y al conocer como es me veo capaz de llevarlos a ellos, acompa\u00f1arlos, ellos se tendr\u00e1n que llevar a ellos mismos.<\/p>\n<p>P.- \u00bfSab\u00eda que en algunos lugares de Mesoam\u00e9rica a muchos discapacitados se les consideraba superiores y los adoraban?<\/p>\n<p>R.- No lo sab\u00eda, me parece extraordinario. Y de alguna manera no me sorprende porque he conocido mucha gente con discapacidades y en la mayor\u00eda de los casos el car\u00e1cter humano de esta persona es ejemplar porque tienen que compensar por lo que les falta y en muchos casos se convierten en seres humanos mucho m\u00e1s ricos y pueden contribuir en la sociedad. Tampoco me sorprende porque celebramos mucho el talento y el talante de Beethoven, Ray Charles&#8230; no nos tenemos que ir a mesoam\u00e9rica en Europa y Occidente siempre hemso celebrado personas con discapacidades. <\/p>\n<p>P.- \u00bfLlevar\u00e1s alg\u00fan amuleto o algo especial que te d\u00e9 suerte?<\/p>\n<p>R.- S\u00ed llevar\u00e9 una bandera, la misma que llev\u00e9 al Polo Norte con las manos pintadas en pintura de mi hija, con s\u00edndrome de down, los compa\u00f1eros de su clase y todas esas personas que quieran poner sus manos en esa bandera. Y hay una bandera que lleva tres a\u00f1os ondeando en el Polo Norte con sus manos y su mensaje de amor y solidaridad, me gustar\u00eda llevarme una bandera o quince banderas, as\u00ed las que sean necesarias, para transmitir este mensaje.<\/p>\n<p>P.- Hola, Juan. En primer lugar, mi enhorabuena por haber tenido esta tan brillante idea. Y gracias por hacer posible que personas con un handicap puedan demostrar que son tan v\u00e1lidos y capaces como los dem\u00e1s. Mi pregunta es si \u00bfse intentar\u00e1 que uno de los miembros de la expedici\u00f3n tenga alg\u00fan tipo de discapacidad mental, al igual que se intentar\u00e1 introducir una cuota de invidente. En caso de que esa posibilidad est\u00e9 descartada, a qu\u00e9 se debe? Muchas gracias. Suerte y mucho \u00e9xito a la expedici\u00f3n.<\/p>\n<p>R.- Una persona invidente est\u00e1 muy bienvenida y queremos que sea miembro del equipo. Pero nos limitamos a personas con discapacidades f\u00edsicas en esta expedici\u00f3n. En otras expediciones no nos limitaremos a eso. Yo soy el que de alguna manera representar\u00e9 a personas con discapacidades f\u00edsicas mentales, por eso, por tener una hija con s\u00edndrome de down.<\/p>\n<p>P.- \u00bfQu\u00e9 te llev\u00f3 a aceptar esta aventura? \u00bfPensaste desde el principio que podr\u00eda salir adelante el proyecto? \u00bfQu\u00e9 se te pas\u00f3 por la cabeza en los momentos dif\u00edciles, si lo hubo, durante los preparativos?<\/p>\n<p>R.- El momento m\u00e1s dif\u00edcil es ahora, no hemos conseguido patrocinio al cien por cien. Vamos muy bien, es una expedici\u00f3n car\u00edsima y estamos en contacto con patrocinadores econ\u00f3micos muy potentes, pero que no est\u00e1 cerrado el asunto a\u00fan. Seguimos buscando patrocinadores econ\u00f3micos, tenemos grandes patrocinadores institucionales como la ONCE, el Ministerio de Asuntos Sociales y Trabajo, el apoyo del Comit\u00e9 Paraol\u00edmpico Europeo, tambi\u00e9n buscamos el patrocinio institucional de la Casa Real, pero el momento m\u00e1s dif\u00edcil es ahora: cerrar el patrocinio para obtener recursos econ\u00f3micos puesto que el coste es muy alto, pero no tengo dudas de que lo lograremos. Tambi\u00e9n invitamos desde aqu\u00ed a cualquier persona o empresa que quieran contribuir.<\/p>\n<p>P.- M\u00e1s que preguntas quisiera haceros llegar mi enhorabuena por vuestra fortaleza, las personas que no tienen problemas no saben a lo que os enfrentais, mi hijo es discapacitado, naci\u00f3 con espina b\u00edfida, pero es como vosotros, siempre est\u00e1 superando retos, aunque el reto principal son las personas, por eso no me gusta la palabra integraci\u00f3n sino convivencia. Esta noticia no est\u00e1 bien planteada, porque no sois discapacitados sino capaces para llevar a cabo lo que os habeis propuesto.ANIMO<\/p>\n<p>R.- Le mando mucho \u00e1nimo a ella, como padre de una ni\u00f1a con discapacidad mental comparto lo que dices, la importancia de la convivencia y que tenemos que ir m\u00e1s all\u00e1 de la integraci\u00f3n formal e insitucional, tenemos que aprender a convivir con personas que nacen con una discapacidad y eso como bien sabes como madre y yo como padre, requiere mucha paciencia, mucho \u00e1nimo y muchos cleanex para las l\u00e1grimas que te vienen de vez en cuando. Nosotros los que les ayudamos a ellos y ellos mismos no quieren pena para la sociedad quieren una sociedad que les acepte al 100% y que conviva con ellos al 100%. <\/p>\n","protected":false},"excerpt":{"rendered":"<p>Juan Se\u00f1or es el l\u00edder de la expedici\u00f3n que en diciembre de este a\u00f1o llevar\u00e1 a una expedici\u00f3n de discapacitados a conquistar el Polo Sur. Ser\u00e1n 25 d\u00edas caminando durante 10 horas diarias a 60 grados bajo cero. La expedici\u00f3n no est\u00e1 constituida para ello se har\u00e1 una selecci\u00f3n entre miles de personas discapacitadas que quieren demostrar que tambi\u00e9n pueden ser protagonistas de una aut\u00e9ntica aventura. Se\u00f1or ha charlado con los lectores. Vive la aventura con ELPAIS.com.<\/p>\n","protected":false},"author":1,"featured_media":0,"comment_status":"open","ping_status":"open","sticky":false,"template":"","format":"standard","meta":{"footnotes":""},"categories":[],"tags":[],"class_list":["post-1005","post","type-post","status-publish","format-standard","hentry"],"_links":{"self":[{"href":"https:\/\/intervius.com\/index.html\/wp-json\/wp\/v2\/posts\/1005","targetHints":{"allow":["GET"]}}],"collection":[{"href":"https:\/\/intervius.com\/index.html\/wp-json\/wp\/v2\/posts"}],"about":[{"href":"https:\/\/intervius.com\/index.html\/wp-json\/wp\/v2\/types\/post"}],"author":[{"embeddable":true,"href":"https:\/\/intervius.com\/index.html\/wp-json\/wp\/v2\/users\/1"}],"replies":[{"embeddable":true,"href":"https:\/\/intervius.com\/index.html\/wp-json\/wp\/v2\/comments?post=1005"}],"version-history":[{"count":0,"href":"https:\/\/intervius.com\/index.html\/wp-json\/wp\/v2\/posts\/1005\/revisions"}],"wp:attachment":[{"href":"https:\/\/intervius.com\/index.html\/wp-json\/wp\/v2\/media?parent=1005"}],"wp:term":[{"taxonomy":"category","embeddable":true,"href":"https:\/\/intervius.com\/index.html\/wp-json\/wp\/v2\/categories?post=1005"},{"taxonomy":"post_tag","embeddable":true,"href":"https:\/\/intervius.com\/index.html\/wp-json\/wp\/v2\/tags?post=1005"}],"curies":[{"name":"wp","href":"https:\/\/api.w.org\/{rel}","templated":true}]}}