{"id":10034,"date":"2010-03-29T00:00:00","date_gmt":"2006-11-06T00:00:00","guid":{"rendered":"https:\/\/intervius.com\/index.html\/?p=10034"},"modified":"2006-11-06T00:00:00","modified_gmt":"2006-11-06T00:00:00","slug":"Inako_Diaz_Guerra10034","status":"publish","type":"post","link":"https:\/\/intervius.com\/index.html\/Inako_Diaz_Guerra10034\/","title":{"rendered":"I\u00f1ako D\u00edaz Guerra"},"content":{"rendered":"<p>Pregunta.- Buenas I\u00f1ako,Si vendieras a Simao,que otro extremo te traerias???que te parece la apuesta de Aaron Lennon??rapidisimo,buen driblador,y con solo 22-23 a\u00f1os,ami me pareceria un fichaje hacertado para las bandas.Chao<\/p>\n<p>Respuesta.- Lennon me gusta, pero el Tottenham es ahora mismo equipo comprador, no vendedor, por lo que sacarle de all\u00ed me da que exigir\u00eda pagar m\u00e1s de lo que vale. Ya he dicho alguna vez que me gustar\u00eda Pedro Le\u00f3n, mandas luego a Reyes a la izquierda y ya est\u00e1.<\/p>\n<p>P.- Grande I\u00f1ako! \u00bfOpinas como yo que nos podemos quedar sin nada (Copa, Europa y Europa League) por falta de f\u00edsico? Ayer, falt\u00f3 eso para poder ganar, o empatar, y son muchos partidos (el equipo que m\u00e1s ha jugado de toda la LIga) para una plantilla tan escasa. Tema Dan Brawn: puede3 que no te guste como escribe (no lo comparto &#8211; aunque yo lo leo en franc\u00e9s), pero entretiene mucho, que es de lo que se trata tal y copmo est\u00e1 el mundo, adem\u00e1s de ser temas interesantes .Un abrazo.<\/p>\n<p>R.- Se vio despu\u00e9s del 3-2 que el equipo no tuvo furzas de ir a por el empate- S\u00ed me preocupa, sobre todo de cara a la Liga donde el desplome del Sevilla nos obliga a apretar m\u00e1s. Y a VAlencia, sin Reyes ni Tiago, llegamos muy justitos. En una final como la de Copa no creo que se note el cansancio<\/p>\n<p>P.- Hola I\u00f1ako. El Ath. Bilbao parece que quiere a Raul Garcia. Propongo un trueque, jugador por jugador. Nosotros traemos a Javi Martinez y ellos se llevan a Raul. Me gust\u00f3 mucho en el Calderon, Javi tiene mucho mas recorrido en el campo, creo que es m\u00e1s completo. Otra cosa, tambi\u00e9n segu\u00ed muy atento a Llorente. Creo que debe ir el al Mundial y no Negredo. Saludos<\/p>\n<p>R.- Si le propones eso al Athletic, te cuelgan el tel\u00e9fono sin contestarte. El valor de mercado de JAvi MArt\u00ednez es ahora mismo m\u00e1s del doble que el de Ra\u00fal GArc\u00eda, 15 millones a 6, m\u00e1s o menos. Eso mismo que le ves t\u00fa y que yo tambi\u00e9n comparto lo sabe el Athletic, as\u00ed que no cuela, me temo. Llorente es un delantero fabuloso. Para m\u00ed, el tercero de Espa\u00f1a bastante por delante de G\u00fciza y de Negredo<\/p>\n<p>P.- 37 puntos de diferencia, miles de millones gastados, 10 a\u00f1os sin ganar y al final todo se decide por los en\u00e9simos fallos de una defensa de chiste. Es un lunes muy muy duro I\u00f1ako.<\/p>\n<p>R.- S\u00ed, la sensaci\u00f3n de oportunidad perdida es enorme. Si en la primera parte se lo creen un poco, pod\u00edan haber sentenciado contra un Madrid atascad\u00edsimo, sin ideas y que permiti\u00f3 100 contras en las que nadie supo encontrar a Kun. Y en la segunda ya no hubo historia. El Madrid puso s\u00f3lo ganas y de que eso le sirviera para algo se encarg\u00f3 el Atleti. Si yo fuera madridista tampoco estar\u00eda muy tranquilo<\/p>\n<p>P.- Voy a empezar a pensar que Reyes es m\u00e1s importante que Forl\u00e1n y casi casi que el Kun, que por cierto, no dio se\u00f1ales de vida m\u00e1s all\u00e1 del pase de gol. \u00bfC\u00f3mo se puede hacer una segunda parte taaaan desastrosa (el equipo), en la que no hubo ni actitud ni verguenza? Gracias I\u00f1ako<\/p>\n<p>R.- Reyes es m\u00e1s importante que Forl\u00e1n ahora mismo. Que Kun, no. Para que Ag\u00fcero entre en juego necesita que aslguien env\u00ede el bal\u00f3n a sus inmediaciones, ni siquiera a sus pies. Pero no sucedi\u00f3 pese a que en la primera parte hubo 4 o 5 contras en las que si alguien sabe buscarle se hab\u00eda situado en posiciones muy ventajosas. Lo de la segunda parte fue un baj\u00f3n f\u00edsico descomunal, sobre todo de Tiago, sumado a la ausencia de Reyes. No falt\u00f3 actitud, falt\u00f3 fuerza<\/p>\n<p>P.- \u00bfC\u00f3mo ves el Arsenal- Bar\u00e7a del miercoles i\u00f1ako? Gracias<\/p>\n<p>R.- Bien, para el Bar\u00e7a. El Arsenal siemrpe se deshincha llegada la primavera y este a\u00f1o no tiene pinta de ser muy diferente. Juega muy bien, pero no mata. <\/p>\n<p>P.- Tu te compras la moto esa que habla de Real Madrid, equipo en construcci\u00f3n blabla bla. A mi este Madrid me recuerda a cuando jugabamos en el colegio contra chicos de cursos mayores y te ganaban al final como y cuando quer\u00edan. No creo que evolucione a nada mejor, ganar\u00e1n la liga al final supongo, pero no dejar\u00e1 en el recuerdo nada. Un saludo<\/p>\n<p>R.- Yo no creo que vayan a ganar la Liga. Y s\u00ed, a m\u00ed me deja muy fr\u00edo <\/p>\n<p>P.- hola i\u00f1ako.no te parecio ayer que en la segunda parte les falto espiritu ganador y sobretodo COJONES?cual crees que seran las bajas para el a\u00f1o que viene?imaginando que se fuera forlan cual de estos te parece mejor sustituto y cual tendriamos mas posibilidades de fichar(dzeko,suarez,rossi) podemos fichar a nani o gourcouff?y por ultimo pronostico para la final de copa yeliminatoria conta el valencia?<\/p>\n<p>R.- Insisto que lo qur m\u00e1s faltaron fueron fuerzas. Van muy justitos ya. LAs bajas seguras Pablo, Pern\u00eda, Juanito, supongo que RA\u00fal GArc\u00eda, talvez Simao y Forl\u00e1n. Si se fuera el uruguayo a m\u00ed el que m\u00e1s me gusta es Llorente, y ya lo dec\u00eda antes del partido del jueves. Nani es ahora mismo intransferible en el United, donde es el mejor lugarteniente de Rooney ahora mismo. En cuanto a Gourgouff, ojal\u00e1, pero creo que la puja se va a disputar en un escal\u00f3n superior de dinero y poder al del Atleti<\/p>\n<p>P.- Hola I\u00f1ako. \u00bfRenovar a Quique de qu\u00e9 depende, de qu\u00e9 \u00e9l quiera, de que gane alg\u00fan titulo o clasifique al equipo para Europa? Si renovase, que peso le dar\u00edas a la hora de configurar la plantilla de la temporada que viene?<\/p>\n<p>R.- Depende de que \u00e9l quiera y el club tambi\u00e9n. No hay cl\u00e1usula alguna por objetivos. Supongo que si la temporada acaba medio bien seguir\u00e1. Yo creo que debe. Pues mira, si eso implica quitarle poder a Pitarch, poderes absolutos<\/p>\n<p>P.- Hola I\u00f1ako. \u00bfQu\u00e9 te parece don Mariano (Pern\u00eda, claro)? Si el es futbolista, \u00bfpor qu\u00e9 no soy yo ministro de igualdad? Saludos jefe<\/p>\n<p>R.- Porque te apodas Metesaquer lo cual te inhabilita claramente para el puesto. En cuanto a Pern\u00eda, un hombre honrado y entra\u00f1able. Como futbolista, un desastre. Pero no peor que Antonio L\u00f3pez<\/p>\n<p>P.- Le interesaria al Osasuna alguno de nuestros jugadores transferibles a cambio de alguno de sus laterales??. Hasta luego, gracias.<\/p>\n<p>R.- Quiz\u00e1 Ra\u00fal Garc\u00eda, lo que no s\u00e9 es si Osasuna podr\u00eda o querr\u00eda pagarle su elevada ficha<\/p>\n<p>P.- T\u00fa dices en tu art\u00edculo que Kun tir\u00f3 muchos desmarques y no le vieron, pero yo adem\u00e1s de estar contigo en eso, tb reconozco que Kun y Forl\u00e1n estuvieron bastante grises y no entiendo si fue por al t\u00e1ctico y por eso te pregunto. La segunda parte fue un ejemplo de la nada futbol\u00edstica de este equipo en cuanto no est\u00e1 bien Tiago o el renacido reyes. Un saludo.<\/p>\n<p>R.- Es evidente que ambos estuvieron bastante mal, pero tambi\u00e9n que el equipo fue algo timorato en la primera parte y no les busc\u00f3 con la insistencia apropiadaa. En la segunda, el equipo se desfond\u00f3 y punto final<\/p>\n<p>P.- \u00bfQu\u00e9 tal, I\u00f1ako? Aunque a menudo no estoy de acuerdo contigo, normalmente me parece que tienes un planteamientos muy sensatos. Sin embargo, la semana pasada te columpiaste con eso de que los clubes no convertidos a SAD pagan con dinero del monopoly. \u00bfHan pagado el Madrid al Manchester y el Bar\u00e7a al Inter con ese dinero? \u00bfCobran a las televisiones, patrocinadores, abonados, etc. con \u00e9l? Ya s\u00e9 que los periodistas, salvo los especialistas, no sol\u00e9is tener mucha idea de econom\u00eda, pero eso de que los clubes tienen ventaja sobre las SAD es un rollo patatero que os creeis algunos aficionados del atleti, a pi\u00e9s juntillas, sin ninguna base. Es un cuento que os venden los gestores del club. \u00bfAcaso tienen ventaja por ser un club el Osasuna o el At. Bilbao? No, se\u00f1or. Lo que pasa es que los dos grandes tienen una capacidad de generar ingresos que no se puede comparar con la de los dem\u00e1s. De hecho, aunque sea solo en teor\u00eda, las SAD tienen la ventaja de que pueden ampliar capital cuando quieran. Vale, nunca lo hacen, pero podr\u00edan. Y el acceso a ayudas, dinero p\u00fablico, etc., lo tienen todos. Anda que no hubo ayuntamientos y comunidades aut\u00f3nomas que suscribieron capital en el 92 para evitar que desaparecieran clubes. O que patrocinan a equipos de f\u00fatbol. O que permiten pelotazos urban\u00edsticos. No solo lo hacen con los cuatro o cinco que no son SAD. No os dej\u00e9is vacilar por los Gil y cia. Anda que no hay SAD infinitamente mejor gestionadas que el Atleti. Perdona por el rollo. Un abrazo.<\/p>\n<p>R.- No soy un experto en econom\u00eda, as\u00ed que puedo equivocarme. Pero despu\u00e9s de muchos a\u00f1os ya en este mundillo s\u00ed s\u00e9 que, pese a todo lo que generan, el Madrid y el Barcelona presentan unas cuentas deficitarias a final de a\u00f1o casi cualquier temporada, pero que no tienen los l\u00edmites de deuda asumible que s\u00ed se pone a las SAD. Y con lo del dinero de Monopoly me refer\u00eda m\u00e1s a la responsabilidad que a los billetes. Quiero decir que el presidente del Real AMdrdi juega con dinero que no es suyo, luego si la cosa pinta fea se va y ya est\u00e1, que arr\u00e9e el siguiente. Sin embargo los due\u00f1os de los clubes juegan con su dinero y eso cambia mucho la situaci\u00f3n.<\/p>\n<p>P.- Buenas I\u00f1ako, leo con preocupaci\u00f3n la pol\u00edtica de fichajes del atleti. Luisao. Fanni, jugadores cercanos a la treintena y yo me pregunto si no ser\u00eda mejor fichar jugadores m\u00e1s jovenes tipo Filipe o Rafinha que no han ganado nada importante y seguramente tengan hambre de t\u00edtulos.<\/p>\n<p>R.- Claro, pero como son mejores y m\u00e1s j\u00f3venes tambi\u00e9n son m\u00e1s caros. L\u00f3gicamente.<\/p>\n<p>P.- Hola I\u00f1ako. No te parece que no hay buen rollo entre Kun y Forlan? Es por celos? K te parece la venta de Forlan para traer a Luis Suarez y Rafinha? Aparte de lateral izquierdo, otro central. Y cambiar a Simao por Riera? saludos crack<\/p>\n<p>R.- Ahora mismo Forl\u00e1n tiene mal rollo con el mundo, no con Kun. Se llevan bien. No creo que lo que alguien pagase ahora por Forl\u00e1n te diera para comprar a los dos. Y Riera es un futbolista buen\u00edsimo pero de fiabilidad escasa<\/p>\n<p>P.- I\u00f1ako, comenta la ovaci\u00f3n de ayer del Bernab\u00e9u a Perea. <\/p>\n<p>R.- Pues que Perea jug\u00f3 ayer mejor que Cristiano Ronaldo. As\u00ed que en el Calder\u00f3n ovaci\u00f3n a CR9 por los servicios prestados en el despeje ese de cabeza solo ante De Gea<\/p>\n<p>P.- Hola. Qu\u00e9 piensas de Pep Guardiola y Pelegrini? Salu2!<\/p>\n<p>R.- Para m\u00ed, pep Guardiola es un lujo para el f\u00fatbol. Cuando se le critica por moderno o culto o edcado yo alucino. Ahora resulta que eso son valores negativos. Pa\u00eds. Pellegrini me parece un buen entrenador que est\u00e1 llevando regular la presi\u00f3n del puesto y se eqyuivoca demasiadas veces al intentar reforzar sus m\u00e9ritos, evidentes, en sus declaraciones. Aunque qued\u00f3 esxpuesto ante el Lyon, est\u00e1 manej\u00e1ndose en un ambiente muy complicado<\/p>\n<p>P.- No te parecieron los jugadores del Madrid un tanto rastreros? Perdiendo tiempo como un equipo peque\u00f1o (la rubia de Sergio Ramos), tir\u00e1ndose al suelo despu\u00e9s de lipotimias ficticias (Marcelo y el supergal\u00e1ctico CR9) o pegando patadones a chavales de 18 a\u00f1os (Xabi Alonso). Me pareci\u00f3 vergonzoso. Indignos de un derby y del Madrid.<\/p>\n<p>R.- Lo de Xabi y Ramos fue para buscar una tarjeta amarilla, cuumplir sanci\u00f3n ante el RAcing y estar seguro ante el Bar\u00e7a. A m\u00ed no me gusta verlo y da lugar a esperpentos como el de NAvas hace unas jornadas, lesionado e intentando forzar una tarjeta. Si fuera \u00e1rbitro o no les sacaba nada o les echaba. Paro si fuera jugador har\u00eda exactamente lo mismo que hicieron ellos. En cuanto a Marcelo y Cristiano digamos que sus personalidades habituales no me hacen esperar comportamientos muy diferentes<\/p>\n<p>P.- \u00a1\u00bfNo te parece absurdo que Cristiano se cambie de botas al descanso?! (de lila a amarillo chill\u00f3n, encima) Ya s\u00e9 que el futbol de hoy en d\u00eda es m\u00e1s marketing ni nada, pero que quieres que te diga, lo de \u00e9ste hombre (por llamarlo de alguna manera), me parece odioso. Como todo su ser. <\/p>\n<p>R.- Bueno, con las lilas esas tan monas que llevaba en la primera parte no paraba de escurrirse, as\u00ed que quiz\u00e1s las cambi\u00f3 por eso. El problema fue que las amarillas de la segunda estaban programadas para tirar desde cualquier sitio y no pasar nunca a un compa\u00f1ero por solo que estuviera<\/p>\n<p>P.- I\u00f1ako estoy a punto de perder a la chica que m\u00e1s quiero en el mundo, el derbi me habr\u00eda aliviado algo, pero jug\u00f3 bien ehhh jug\u00f3 bien, vi miedo en las caras de los madridistas por primera vez en mucho tiempo. Se me pasan por la cabeza cosas como hacerme de FA y no pensar en nada, tu que d\u00f3nde te refugiabas en estos momentos?<\/p>\n<p>R.- En la m\u00fasica, en los bares, en otras chicas&#8230; Pero &#8220;a punto&#8221; no es ni seguro ni inamovible&#8230;<\/p>\n<p>P.- Buenos d\u00edas I\u00f1ako. Quer\u00eda manifestar mi disconformidad con lo que estamos haciendo entre todos con la liga espa\u00f1ola. Va a llegar un d\u00eda en que la liga espa\u00f1ola y la escocesa sean un calco. Existe la friolera diferencia de 21 puntos del 2\u00ba al 3\u00ba. \u00bfHasta cuanto se van a poder endeudar Madrid y Barsa? \u00bfHasta cuando se van a negociar los derechos de TV por separado? \u00bfPor qu\u00e9 no se plantan los otros 18? Por favor, publicad el comentario que me parece un tema serio que no deber\u00edamos dejarlo pasar.<\/p>\n<p>R.- Estoy de acuerdo contigo, esta Liga es un pe\u00f1azo por mucho que madridistas y barcelonistas quieran pintar lo contrario. El problema es que no veo soluci\u00f3n, dinero y poder mandan<\/p>\n<p>P.- Hola I\u00f1ako, no crees que jugar con Simao es jugar con un futbolista menos?? si si habr\u00e1 metido alguna falta qeu otra&#8230; pero cuantos partidos ha estado desaparecido durante esta temporada?? Un saludo crack<\/p>\n<p>R.- La verdad es que la temporada de Simao es para hac\u00e9rselo ver. Pero si su recambio es Jurado&#8230; Elecci\u00f3n tremebunda<\/p>\n<p>P.- \u00bfJurado? \u00bfMentalidad para ganar al Madrid? \u00bfCon la temporada que llevamos no es raro que estemos en la final de Copa y creyendonos que podemos ganar la Europa League? \u00bfEstamos salvados?<\/p>\n<p>R.- Es una temporada extra\u00f1a, s\u00ed, en la que siempre parece que el equipo est\u00e1 muerto pero sigue avanzando aunque sea a trompicones. M\u00e9rito de Quique, supongo. Estamos salvad\u00edsimo, la pena es que la victoria habr\u00eda puesto hasta la Champions a una distancia asumible.<\/p>\n<p>P.- \u00bfQue te parecen las ultimas actuaciones de Ujfalusi? Desde mi punto de vista el At.Madrid no deberia venderlo, \u00bfque opinas?<\/p>\n<p>R.- A m\u00ed siempre me ha gustado Ujfalusi y esta temporada ha cumplido en todos los puestos de la defensa. A m\u00ed una pareja de centrales Ujfalusi-Dom\u00ednguez, si se refuerzan bien los laterales, me parecer\u00eda estupendo<\/p>\n<p>P.- Buenas I\u00f1ako. Mi pregunta no es ni sobre el Bar\u00e7a ni sobre el Madrid. Ussted cree que el Deportivo vender\u00e1 a Filipe este verano y cree que ha bajado su nivel desde la lesion de este? <\/p>\n<p>R.- Es un tema delicado, porque Lendoiro siempre ha contado con la venta de Filipe para hacer caja y parec\u00eda que iba a lograrlo este verano con el MAdrid o el BAr\u00e7a. Pero ahora ningunod e ellos va a querer pagar ese pastizal por un futbolista del que no va a conocer su nivel real tras la lesi\u00f3n pues no va a tener tiempo de verle esta temporada. Puede ser una oportunidad buena para un equipo tipo Atleti o Valencia de fichar a un precio algo m\u00e1s bajo a un futbolista que parec\u00eda fuera de su alcance, eso s\u00ed corriendo un riesgo grande en cuanto a su salud. A doble o nada. Yo lo fichar\u00eda<\/p>\n<p>P.- Ya se que esta pregunta no tiene nada que ver, pero crees que Chygrynsky triunfar\u00e1? O es un fracaso? Gracias.<\/p>\n<p>R.- Le he visto lent\u00edsimo los d\u00edas que ha jugado, aunque t\u00e9cnicamente es apreciable. Ahora mismo, me huele ha bluf<\/p>\n<p>P.- Hay que sacar a los canteranos(Ruben,Pulido,Cedric,Koke)si no llegaran fundidos a la final de Copa \u00bfno crees?<\/p>\n<p>R.- S\u00ed lo cre\u00eda, pero es que ahora, con el Sevilla cuesta abajo, convendr\u00eda asegurarse Europa v\u00eda Liga por lo que pueda pasar en la final de Copa, as\u00ed que la encrucijada es complicada<\/p>\n<p>P.- Me ha gustado mucho el partido que realizo el At.Madrid ayer aunque me hubiera gustado la victoria pero no pudo ser&#8230; \u00bf que te parecio el partido que ha hizo el kun aguero? yo creo que el At.madrid no deberia vender ni al kun ni a forlan ya que estan sacandole las casta\u00f1as del fuego al equipo tu \u00bfque opinas?<\/p>\n<p>R.- A m\u00ed me gust\u00f3 bastante la primera parte del Atleti, la segunda fue muy floja. PAra m\u00ed, Ag\u00fcero es intocable y en cuanto a Forl\u00e1n habr\u00eda que pensarlo muy bien. Por los 36 millones del a\u00f1o pasado, vale. Pero ahora te van a dar 20 y no tengo tan claro que con eso vayan a treer a uno m\u00e1s joven y mejor. En un a\u00f1o horrible, el uruguayo lleva 15 goles en LIga, eh. La mayor\u00eda de los delanteros firman esas cifras a final de temporada<\/p>\n<p>P.- \u00bfque te parecio la actuacion de gago??<\/p>\n<p>R.- Como casi siempre con Gago, correct\u00edsimo, aunque no brillante. Y no digo esto como una cr\u00edtica porque es justo lo que el Madrid necesitaba de \u00e9l. <\/p>\n<p>P.- I\u00f1ako \u00bfque tal si el Atleti fichara a Arteta y a Hazard?<\/p>\n<p>R.- I\u00f1ako \u00bfque tal si el Atleti fichara a Arteta y a Hazard?<\/p>\n<p>P.- Hola I\u00f1ako. Tanto recomendar &#8220;The Company&#8221;, me lo compr\u00e9 y me decepcion\u00f3 un poco. Cual es tu opini\u00f3n final del libro?<\/p>\n<p>R.- Similar a la tuya. Est\u00e1 bien, pero no llena. Fui de m\u00e1s a menos con ella y lo acab\u00e9 levemente saturado<\/p>\n<p>P.- buenas, I\u00f1ako, \u00bfqu\u00e9 canteranos tienen m\u00e1s posibilidades de triunfar a largo plazo en el atleti? gracias<\/p>\n<p>R.- Aparte de De Gea y Dom\u00ednguez, Atienza y Borja. Tal vez tambi\u00e9n Koke. Keko y Cedric<\/p>\n<p>P.- \u00bfcrees que si guti se hubiera entrenado bien, y sin fiestas, padria haber llegado a ser el mejor jugador del mundo?<\/p>\n<p>R.- El mejor del mundo son palabras mayores, pero uno de los mejores, por supuesto. <\/p>\n","protected":false},"excerpt":{"rendered":"<p>El redactor del Diario AS I\u00f1ako D\u00edaz-Guerra analiza cada semana la situaci\u00f3n del Atl\u00e9tico de Madrid. El periodista ha charlado con los lectores sobre la situaci\u00f3n deportiva que atraviesa el club del Manzanares as\u00ed como otros temas tan mundanos como el baloncesto, la m\u00fasica o el cine.<\/p>\n<p>ARCHIVO DE ENTREVISTAS:<\/p>\n<p>23 de marzo &#8211; 16 de marzo &#8211; 09 de marzo &#8211; 02 de marzo &#8211; 23 de febrero &#8211; 16 de febrero &#8211; 09 de febrero &#8211; 02 de febrero &#8211; 27 de enero &#8211; 20 de enero &#8211; 12 de enero &#8211; 05 de enero &#8211; 29 de diciembre &#8211; 22 de diciembre &#8211; 16 de diciembre &#8211; 10 de diciembre &#8211; 01 de diciembre &#8211; 24 de noviembre &#8211; 17 de noviembre &#8211; 10 de noviembre &#8211; 6 de noviembre &#8211; 3 de noviembre &#8211; 27 de octubre &#8211; 20 de octubre &#8211; 13 de octubre &#8211; 06 de octubre &#8211; 29 de septiembre &#8211; 22 de septiembre &#8211; 15 de septiembre &#8211; 08 de septiembre &#8211; 01 de septiembre &#8211; 25 de agosto &#8211; 18 de agosto &#8211; 11 de agosto &#8211; 27 de julio &#8211; 21 de julio &#8211; 14 de julio &#8211; 07 de julio &#8211; 30 de junio &#8211; 23 de junio &#8211; 16 de junio &#8211; 09 de junio &#8211; 02 de junio -26 de mayo -19 de mayo &#8211; 12 de mayo &#8211; 05 de mayo &#8211; 28 de abril &#8211; 21 de abril &#8211; 14 de abril &#8211; 07 de abril &#8211; 24 de marzo &#8211; 17 de marzo &#8211; 10 de marzo &#8211; 3 de marzo &#8211; 24 de febrero &#8211; 10 de febrero &#8211; 17 de febrero &#8211; 13 3 de enero &#8211; 2 3 de diciembre &#8211; 2 de diciembre &#8211; 25 de noviembre &#8211; 4 de noviembre &#8211; 18 de noviembre &#8211; 4 de noviembre &#8211; 11 de noviembre &#8211; 4 de noviembre &#8211; 24 de octubre &#8211; 7 de octubre &#8211; 30 de septiembre &#8211; 23 de septiembre &#8211; 16 de septiembre<\/p>\n","protected":false},"author":1,"featured_media":0,"comment_status":"open","ping_status":"open","sticky":false,"template":"","format":"standard","meta":{"footnotes":""},"categories":[],"tags":[],"class_list":["post-10034","post","type-post","status-publish","format-standard","hentry"],"_links":{"self":[{"href":"https:\/\/intervius.com\/index.html\/wp-json\/wp\/v2\/posts\/10034","targetHints":{"allow":["GET"]}}],"collection":[{"href":"https:\/\/intervius.com\/index.html\/wp-json\/wp\/v2\/posts"}],"about":[{"href":"https:\/\/intervius.com\/index.html\/wp-json\/wp\/v2\/types\/post"}],"author":[{"embeddable":true,"href":"https:\/\/intervius.com\/index.html\/wp-json\/wp\/v2\/users\/1"}],"replies":[{"embeddable":true,"href":"https:\/\/intervius.com\/index.html\/wp-json\/wp\/v2\/comments?post=10034"}],"version-history":[{"count":0,"href":"https:\/\/intervius.com\/index.html\/wp-json\/wp\/v2\/posts\/10034\/revisions"}],"wp:attachment":[{"href":"https:\/\/intervius.com\/index.html\/wp-json\/wp\/v2\/media?parent=10034"}],"wp:term":[{"taxonomy":"category","embeddable":true,"href":"https:\/\/intervius.com\/index.html\/wp-json\/wp\/v2\/categories?post=10034"},{"taxonomy":"post_tag","embeddable":true,"href":"https:\/\/intervius.com\/index.html\/wp-json\/wp\/v2\/tags?post=10034"}],"curies":[{"name":"wp","href":"https:\/\/api.w.org\/{rel}","templated":true}]}}