{"id":10026,"date":"2010-04-08T00:00:00","date_gmt":"2006-11-06T00:00:00","guid":{"rendered":"https:\/\/intervius.com\/index.html\/?p=10026"},"modified":"2006-11-06T00:00:00","modified_gmt":"2006-11-06T00:00:00","slug":"Xavier_Roig10026","status":"publish","type":"post","link":"https:\/\/intervius.com\/index.html\/Xavier_Roig10026\/","title":{"rendered":"Xavier Roig"},"content":{"rendered":"<p>Pregunta.- Hola Xavier, \u00bfCrees que tiene soluci\u00f3n la situaci\u00f3n actual de las Administraciones P\u00fablicas que denuncias en tu libro? Gracias. <\/p>\n<p>Respuesta.- Hola Cristina. S\u00ed que la tiene, pero a largo plazo. Creo que cambiando el sistema electoral, despu\u00e9s de varias elecciones, el sistema p\u00fablico se ir\u00eda corrigiendo. La \u00fanica manera que tiene el contribuyente de amenazar a un servicio que no funciona consiste en no elegir a SU diputado y darle el puesto a otro&#8230;. <\/p>\n<p>P.- Hola Xavier. \u00bfqu\u00e9 crees que pasar\u00eda si en las pr\u00f3ximas elecciones hubiera una participaci\u00f3n hist\u00f3rica con un voto masivo nulo superior a cualquiera de los partidos pol\u00edticos que se presenten? \u00bfLos pol\u00edticos entender\u00edan el mensaje?<\/p>\n<p>R.- Yo creo que s\u00ed. No todos los pol\u00edticos son unos jetas. A base de aumentar la abstenci\u00f3n (que interesa a los pol\u00edticos vividores) acabar\u00e1 saliendo un \u201cSu\u00e1rez\u201d que crea que el sistema debe cambiar. Ahora bien \u00bfCu\u00e1ndo tendr\u00e1 esto lugar? \u00bfAntes o despu\u00e9s de que el pa\u00eds est\u00e9 desarticulado?<\/p>\n<p>P.- \u00bfCon cuantos guardaespaldas sale a la calle tras haber publicado su libro?<\/p>\n<p>R.- Con ninguno, gracias a Dios. Esto es como Sicilia pero sin violencia, por ahora. Adem\u00e1s, hay m\u00e1s gente que est\u00e1 a favor de mi libro que en contra\u2026<\/p>\n<p>P.- \u00bfPuede se\u00f1alar algunas multinacionales que est\u00e9n operando tambi\u00e9n en Espa\u00f1a y que sean dignas de destacar en sentido positivo? Gracias.<\/p>\n<p>R.- Yo creo que hay muchas. Ignoro si usted recuerda c\u00f3mo eran nuestros comercios y nivel de vida antes de entrar en la UE (antes de 1986). Como yo tengo familia francesa, recuerdo lo que tra\u00eda de all\u00ed cada vez que los visitaba\u2026 La mayor\u00eda son dignas, aunque no son hermanitas de la caridad (no es su misi\u00f3n). Se lo digo por experiencia.<\/p>\n<p>P.- \u00bfC\u00f3mo deber\u00edamos reaccionar ante tanta incompetencia y medriocridad?<\/p>\n<p>R.- Castigando de dos maneras. Mediante la abstenci\u00f3n cuando hay elecciones. En el d\u00eda a d\u00eda privado, ser exigente con todo: \u00bfQu\u00e9 no te atienden bien? No cortarse. Expresarlo y cambiar de proveedor (ya sea un restaurante, tienda, banco, etc.). Y decirle que deseas que se hundan. No tolerar la mediocridad es el secreto.<\/p>\n<p>P.- Hace unos a\u00f1os Espa\u00f1a era una econom\u00eda ejemplar, una maravilla, aunque los contratos en precario abundaban y los salarios eran y son, como promedio, un tercio de los de pa\u00edses como el Reino Unido. \u00bfD\u00f3nde est\u00e1 la culpa, en los empresarios que pagaban poco o en los sindicatos que no reclamaron, o en otras razones &#8220;macroecon\u00f3micas&#8221;?<\/p>\n<p>R.- La culpa la tenemos todos. Los que han especulado (ricos y pobres). Los que se han aprovechado de la ocasi\u00f3n (oportunistas). Etc. Sobre los sindicatos no entrar\u00e9, ya que la mayor\u00eda son corruptos y est\u00e1n subvencionados. Son la extensi\u00f3n laboral del sistema partitocr\u00e1tico instalado. Se debe criticar especialmente al empresario que cambi\u00f3 uno (de aqu\u00ed) por dos (de fuera) a efectos de mejorar competitividad bajando costes y no aumentando la productividad mediante incentivos y tecnolog\u00eda. Nos estamos cargando la clase media.<\/p>\n<p>P.- \u00bfCree Ud. que el ejemplo de un Presidente de los Empresarios espa\u00f1oles con las pr\u00e1cticas que realiza en sus empresas, con empleados sin cobrar, empresas en quiebra, etc&#8230;es el mejor ejemplo de la clase empresarial de este pa\u00eds, que solamente exije, encima, recortes constantes de los derechos de los trabajadores que vamos perdiendo tras siglos de luchas y reivindicaciones? <\/p>\n<p>R.- No, ni mucho menos. Pero por un motivo m\u00e1s grave al que usted expone. El gobierno le ha ayudado a salir de los atolladeros. Ello implica que ahora la CEOE tiene un presidente no independiente, subvencionado. La sociedad civil es m\u00e1s d\u00e9bil. Deber\u00edan haberle dejado hundir. <\/p>\n<p>P.- Bon dia. Estimado Xavier, el contenido del libro me ha resultado muy interesante. Sobre todo, las p\u00e1ginas que dedica al sistema educativo. Llevo pocos a\u00f1os ejerciendo de profesor en Catalu\u00f1a, pero suficientes para constatar los errores del modelo educativo impulsado por Rosa Insensat. \u00bfCree que la LOU corregir\u00e1 las disfunciones del anterior sistema? Reciba un cordial saludo Gr\u00e0cies <\/p>\n<p>R.- Tuve una reuni\u00f3n con maestros, hace un tiempo. Los hab\u00eda de todos tipos, pero buenos profesionales. Estuvimos de acuerdo totalmente en una cosa: mientras un director de centro educativo no pueda echar a un maestro, el tema no tiene soluci\u00f3n (por muchos casos injustos que, por desgracia, ello pueda conllevar, como sucede en las empresas). <\/p>\n<p>P.- \u00bfNo cree que el ser funcionario es una mentalidad de la que tambi\u00e9n participa la empresa privada, en la que hay trabajadores instalados en el sistema de trabajo de la empresa con sueldos altos, privilegios, que viven de aprovecharse del trabajo de los dem\u00e1s compa\u00f1eros? Un abrazo. <\/p>\n<p>R.- Absolutamente de acuerdo. Es un problema de gradaci\u00f3n. Unos no echan porque no pueden, los otros porque es caro. Pero, al final, un empleado ineficiente (de alta o baja categor\u00eda) tiene un l\u00edmite: que la empresa pierda dinero. La administraci\u00f3n p\u00fablica no est\u00e1 en este dilema, por ello necesita m\u00e1s control &#8230; y sospecha. <\/p>\n<p>P.- Quisiera su opini\u00f3n sobre la universidad. Problemas: influencia de catedr\u00e1ticos y directores de departamento a la hora de asignar plazas docentes; alumnos que no leen ni estudian de modo aut\u00f3nomo y quieren apuntes para exigir as\u00ed el aprobado,; personal administrativo con m\u00e1s poder, estabilidad y sueldo que docentes e investigadores; rectorado que busca su re-elecci\u00f3n en su complicidad con los beneficiados por este estado de cosas.<\/p>\n<p>R.- \u00a1Buf! Usted me pide un libro nuevo. Entiendo que hay m\u00e9todos que se aplican en otros pa\u00edses. En el libro se habla del estudio que hizo McKinsey\u2026 Creo que all\u00ed se dan algunas claves. NO hay f\u00f3rmulas secretas: trabajo, trabajo y trabajo. <\/p>\n<p>P.- Hola, Xavier. \u00bfLa incompetencia y la ausencia de mecanismos de control tienen que ver con el volumen? \u00bfUnidades electorales y unidades gestoras m\u00e1s peque\u00f1as y pr\u00f3ximas ofrecen m\u00e1s posibilidades de \u00e8ficiencia y control democr\u00e1tico? <\/p>\n<p>R.- Atenci\u00f3n. Unidades m\u00e1s peque\u00f1as requieren mayor control. Es m\u00e1s f\u00e1cil corromper a un alcalde que a un presidente de gobierno. Lo que debe ser m\u00e1s peque\u00f1o es el \u00e1mbito de exigencia de responsabilidades. El diputado de distrito se la juega. El miembro de una larga lista, no. Las responsabilidades no han de quedar nunca diluidas en la masa. Recuerde la an\u00e9cdota en la que el precio de la cena de un grupo es el promedio. \u00bfQui\u00e9n pidi\u00f3 langosta?<\/p>\n<p>P.- Hola Xavier, \u00bfentonces cree que habr\u00eda que cambiar la ley del funcionariado para que sea posible despedir a los incompetentes y no tengan trabajo a perpetuidad?<\/p>\n<p>R.- Creo que s\u00ed (atenci\u00f3n, que mi esposa es funcionaria en excedencia). El funcionario bueno no tiene miedo, se lo aseguro. \u00bfQue habr\u00eda casos injustos? S\u00ed. Pero menos que ahora. \u00bfO es que ahora no hay promociones por afinidades pol\u00edticas, simpat\u00edas, etc.? <\/p>\n<p>P.- Hola, Xavier. Me gustar\u00eda saber si coincides conmigo en que, con la excusa del Estado del Bienestar, el poder se ha dotado de unos medios econ\u00f3micos gigantescos que lo hacen incontrolable. Es casi un poder absoluto. \u00bfNo crees, adem\u00e1s, que un Estado tan descentralizado como el nuestro hace imposible tambi\u00e9n el control del ciudadano a los pol\u00edticos? Uno acaba por no tener claro a qui\u00e9n pedir cuentas cuando las cosas van mal&#8230;<\/p>\n<p>R.- Efectivamente, los primeros beneficiados son los que ejercen el poder (pol\u00edtico o administrativo). El sistema de control del gasto de los territorios descentralizados o federales se soluciona con que cada uno aguanta su gasto. Cuando se recaudan impuestos, se debe especificar qu\u00e9 cantidad va a cada nivel: \u00bfQu\u00e9 necesita el estado central? \u00bfCu\u00e1nto la autonom\u00eda? \u00bfCu\u00e1nto el municipio? Y luego, si se quiere, un pozo para redistribuir. Pero la zona del territorio que m\u00e1s gasta debe pagar m\u00e1s. No hay otra soluci\u00f3n\u2026<\/p>\n<p>P.- Hola Xavier, hace poco he terminado de leer la Rebeli\u00f3n de Atlas y ahora he topado con tu libro. Todo junto ha sido un shock. \u00bfComo se puede combatir el cortoplacismo imperante en los pol\u00edticos y el instinto de conservaci\u00f3n de la administraci\u00f3n como especie? Gracias<\/p>\n<p>R.- Insisto que, a largo plazo, la \u00fanica soluci\u00f3n consiste en tener el diputado de distrito. Aquel diputado al que se puede acudir entre semana a su oficina electoral y cantarle las cuarenta, si es el caso. Ello provoca independencia de los diputados respecto al partido\u2026 Y si es un buen profesional, mirar\u00e1 m\u00e1s all\u00e1 de los 4 a\u00f1os. <\/p>\n<p>P.- Buenos d\u00edas Don Xabier. \u00bfExiste libertad para crear un partido pol\u00edtico en Espa\u00f1a? \u00bfD\u00f3nde puedo consultar los requisitos? \u00bfD\u00f3nde puedo buscar fuentes de financiaci\u00f3n r\u00e1pidas de cara a las pr\u00f3ximas elecciones y c\u00f3mo buscar el apoyo del pueblo? <\/p>\n<p>R.- Muy complicado lo tiene. No tengo ni idea de c\u00f3mo hacerlo. El sistema no se ha movido des de la muerte de Franco. Primar grandes organizaciones para garantizar la no fragmentaci\u00f3n propia de un electorado balbuceante que sale de una dictadura\u2026 \u00a1Si logra crear un partido entrar\u00e1 en mi lista de admirados!<\/p>\n<p>P.- \u00bfEs este un pais en que se premia el perfil bajo, el del que no molesta?<\/p>\n<p>R.- S\u00ed, se tiene tendencia a obviar la meritocracia. En las sociedades mediterr\u00e1neas las relaciones siempre pesan m\u00e1s que las realidades. El estado del bienestar (importado del norte) nos ha hecho olvidar que somos mediterr\u00e1neos\u2026 <\/p>\n<p>P.- Con el desarrollo del AVE, un se\u00f1or de Segovia va a tener el centro de Madrid a poco m\u00e1s de media hora. Sin embargo, su capital seguir\u00e1 siendo Valladolid. Un se\u00f1or de Guadalajara tendr\u00e1 Madrid a veinte minutos, pero deber\u00e1 resolver sus problemas administrativos en Toledo. \u00bfNo es eso un absurdo, no ser\u00eda mejor replantearse el estado auton\u00f3mico en aras de una mayor competencia? <\/p>\n<p>R.- Es el peligro de haber hecho un AVE radial. \u00bfQue Madrid debe ser la capital de Castilla? No quiero entrar en pol\u00e9micas que no conozco\u2026 El mundo avanza hacia estructuras m\u00e1s descentralizadas. De aqu\u00ed a unos a\u00f1os los habitantes de Toulouse estar\u00e1n a una hora y media de Barcelona y a cuatro de Par\u00eds. \u00bfQu\u00e9 hacemos? <\/p>\n<p>P.- Xavier, en la sociedad actual el p\u00fablico entiende que el estado le debe proteger y que el gobierno le debe de cuidar. \u00bfTodo esto no es una justificaci\u00f3n de la incompetecia, ya que tengo lo mismo que los dem\u00e1s sin tener ninguna responsabilidad?. \u00bfAcaso los pol\u00edticos no deber\u00edan sacrificar sus votos por el beneficio general?. Quiz\u00e1s mi personal incompetencia me hace ver las cosas desde una atalya de intolerancia cuasi clasista.<\/p>\n<p>R.- El problema est\u00e1 en el abuso. Porqu\u00e9 el estado debe solucionarme mis problemas. El Estado del Bienestar debe ayudar a los que no llegan o no pueden. Pero una persona normal, \u00bfpor qu\u00e9 debe recibir ayudas del estado? \u00bfPor qu\u00e9 yo, que tengo un seguro m\u00e9dico privado, necesito el p\u00fablico? Diganme qu\u00e9 cuesta mantener a los necesitados y lo pago, pero a mi no me molesten con otras complejidades que acostumbran a esconder intereses corporativistas del poder funcionarial\u2026 De hecho, esta es la discusi\u00f3n que ha tenido lugar en USA y que aqu\u00ed se ha adulterado (\u00bfcensurado?) informativamente. <\/p>\n<p>P.- \u00bfC\u00f3mo abordar\u00edas con \u00e9xito un necesario cambio en la educaci\u00f3n, ahora que parece que Gabilondo ha tra\u00eddo aires de cambio?<\/p>\n<p>R.- Insisto en una respuesta que he dado anteriormente y que no repito por falta de tiempo (lo siento). Mientras un director de centro no tenga poder para poder echar a un profesor, no hay nada a hacer.<\/p>\n<p>P.- Hola Xavier, \u00bfcree usted que las administraciones p\u00fablicas deber\u00edan de ser m\u00e1s abiertas a los ciudadanos en cuanto a informaci\u00f3n en general que ellos poseen tanto de actuaci\u00f3n como informaci\u00f3n personal que incumbe a los ciudadanos?<\/p>\n<p>R.- Absolutamente. Pero las administraciones p\u00fablicas espa\u00f1olas no se sienten sujetas a control. Y sigo insistiendo: a\u00f1adir m\u00e1s niveles de control no sirve. Mientras no se pueda tratar a un empleado p\u00fablico como a un empleado privado (es decir, echarlo si conviene), no hay soluci\u00f3n. Seguro que no es condici\u00f3n suficiente, pero es necesaria.<\/p>\n<p>P.- Xavier, \u00bfQu\u00e9 nos ha llevado a padecer esta situaci\u00f3n en la poblaci\u00f3n espa\u00f1ola? \u00bfSe dan casos similares en otros pa\u00edses de Europa?<\/p>\n<p>R.- Hola Roc\u00edo. Creo que a diferencia de Italia, no nos conocemos a nosotros mismos. Ellos saben que son una sociedad mediterr\u00e1nea, y que pueden confiar en la cosa p\u00fablica hasta un l\u00edmite. Nosotros no. El exceso de ayudas europeas (m\u00e1s entradas que salidas econ\u00f3micas) ha instalado un \u201cestado del bienestar\u201d insostenible. No por injusto, sino porqu\u00e9 no se mantiene solo con nuestro esfuerzo. El espa\u00f1ol medio ha pasado a confiar en demas\u00eda en el poder. Y el poder ha jugado interesadamente. Ha matos el nervio de la sociedad civil (cosa que en Italia no se ha conseguido, por mucho que critiquemos a Berlusconi, que es un pallaso\u2026).<\/p>\n<p>P.- \u00bfSe ha planteado crear un partido pol\u00edtico, para poder presentarse a las elecciones?, si es as\u00ed yo le votar\u00e9, los toros desde la barrera parecen a veces mansos.<\/p>\n<p>R.- No. Yo no soy pol\u00edtico. Bastante hago trabajando y pagando mis impuestos. Yo no pido a los pol\u00edticos que hagan mi trabajo. Solo les pido que hagan el trabajo por el cual les pago. Lo que me exigen mis clientes, vaya\u2026<\/p>\n<p>P.- Que la Administraci\u00f3n P\u00fablica debe cambiar parece evidente pues arrastramos esquemas del siglo XIX. Seg\u00fan su opini\u00f3n, \u00bfc\u00f3mo deber\u00eda ser el nuevo modelo? Muchas gracias.<\/p>\n<p>R.- Hay modelos a los que copiar. Quiz\u00e1s no importar, que es peligroso. Pero merece la pena adaptar. Creo que a nuestros pol\u00edticos no les interesa. La p\u00f3lvora ya est\u00e1 inventada. En USA hay un web en que pones tu distrito postal y te sale en qu\u00e9 se gastan tus impuestos cada administraci\u00f3n y cada departamento. La tecnolog\u00eda y los medios existen. \u00a1Solo falta voluntad de importarlos! <\/p>\n<p>P.- \u00bfQu\u00e9 expone en &#8220;La dictadura de la incompetencia&#8221;?<\/p>\n<p>R.- Querida Nuria, creo que leyendo el chat averiguar\u00e1 usted el contenido. Es que si se lo cuento \u00a1igual no lo compra! Un saludo. <\/p>\n","protected":false},"excerpt":{"rendered":"<p>En La dictadora de la incompetencia(Gesti\u00f3n 2000), Xavier Roig hace un alegato contra el poder establecido, de funcionarios con cargos a perpetuidad, pol\u00edticos mediocres, un sistema educativo fracasado y enquistado, y empresarios, artistas e intelectuales subvencionados. El autor, que ha sido director general de multinacionales como Sema Group o Schlumberger, ha charlado con los lectores sobre este libro. <\/p>\n","protected":false},"author":1,"featured_media":0,"comment_status":"open","ping_status":"open","sticky":false,"template":"","format":"standard","meta":{"footnotes":""},"categories":[],"tags":[],"class_list":["post-10026","post","type-post","status-publish","format-standard","hentry"],"_links":{"self":[{"href":"https:\/\/intervius.com\/index.html\/wp-json\/wp\/v2\/posts\/10026","targetHints":{"allow":["GET"]}}],"collection":[{"href":"https:\/\/intervius.com\/index.html\/wp-json\/wp\/v2\/posts"}],"about":[{"href":"https:\/\/intervius.com\/index.html\/wp-json\/wp\/v2\/types\/post"}],"author":[{"embeddable":true,"href":"https:\/\/intervius.com\/index.html\/wp-json\/wp\/v2\/users\/1"}],"replies":[{"embeddable":true,"href":"https:\/\/intervius.com\/index.html\/wp-json\/wp\/v2\/comments?post=10026"}],"version-history":[{"count":0,"href":"https:\/\/intervius.com\/index.html\/wp-json\/wp\/v2\/posts\/10026\/revisions"}],"wp:attachment":[{"href":"https:\/\/intervius.com\/index.html\/wp-json\/wp\/v2\/media?parent=10026"}],"wp:term":[{"taxonomy":"category","embeddable":true,"href":"https:\/\/intervius.com\/index.html\/wp-json\/wp\/v2\/categories?post=10026"},{"taxonomy":"post_tag","embeddable":true,"href":"https:\/\/intervius.com\/index.html\/wp-json\/wp\/v2\/tags?post=10026"}],"curies":[{"name":"wp","href":"https:\/\/api.w.org\/{rel}","templated":true}]}}