{"id":10008,"date":"2012-03-26T00:00:00","date_gmt":"2006-11-06T00:00:00","guid":{"rendered":"https:\/\/intervius.com\/index.html\/?p=10008"},"modified":"2006-11-06T00:00:00","modified_gmt":"2006-11-06T00:00:00","slug":"Jose_Samano10008","status":"publish","type":"post","link":"https:\/\/intervius.com\/index.html\/Jose_Samano10008\/","title":{"rendered":"Jos\u00e9 S\u00e1mano"},"content":{"rendered":"<p>Pregunta.- \u00bfpor qu\u00e9 Guardiola dice que nos olvidemos de esta liga y que no se puede ganar?<\/p>\n<p>Respuesta.- Buenas tardesa todos y gracias por vuestra visita. No estoy en la cabeza de Guardiola, ni hablo con \u00e9l, pero intuyo que su discurso es una forma intencionada de motivar a sus jugadores, de ponerles un reto por delante. Y, de paso, de mantener en vilo al Madrid, que no se lo cree.<\/p>\n<p>P.- CR7=35 goles Messi=35 goles. Quien crees que ganara? Gracias y un saludo<\/p>\n<p>R.- El f\u00fatbol es un deporte colectivo, no importa qui\u00e9n gane un t\u00edtulo individual si su equipo pierde el campeonato. Lo de Messi y Cristiano es un lujo para el f\u00fatbol espa\u00f1ol. Dicen los sabios que es lo m\u00e1s parecido al &#8220;duelo&#8221; Kubala-Di St\u00e9fano&#8230; Me parecen una gozada, un motivo de disfrute en cada jornada.<\/p>\n<p>P.- Estimado se\u00f1or S\u00e1mano, \u00bfse puede defender el juego limpio con insultos?<\/p>\n<p>R.- Jam\u00e1s. No concibo el insulto en ning\u00fan caso.<\/p>\n<p>P.- Tras las \u00faltimas jornadas de recorte de puntos azulgrana , \u00bfCree que el Madrid aguantar\u00e1 el tir\u00f3n?,\u00bfQui\u00e9n cree que ganar\u00e1 la Liga?, \u00bfve al Bar\u00e7a con posibilidades de hacer el triplete?<\/p>\n<p>R.- Si se centra exclusivamente en el f\u00fatbol, creo que s\u00ed. Y tendr\u00e1 un m\u00e9rito extraordinario porque le esperan cuatro salidas dificil\u00edsimas: Pamplona, Calder\u00f3n, Barcelona y San Mam\u00e9s. En principio, el Bar\u00e7a lo tiene menos crudo, pero \u00a1cuidado!, nunca ha sido f\u00e1cil jugar al t\u00e9rmino de la Liga en campos donde los locales se jueguen el descenso. Ya vimos el domingo al Zaragoza.<\/p>\n<p>P.- Gracias por este tiempo que nos dedica cada semana. Lo valoro mucho. Cree Ud que Guardiola ha cambiado lo suficiente el Barsa para que no intente dar con atajos cuando empiece a perder? Tengo la impresi\u00f3n que, a pesar de los mensajes de Guardiola, abandonaran su modelo si ven que ya no se gana. Ser\u00eda una l\u00e1stima. Qu\u00e9 piensa Ud?<\/p>\n<p>R.- Por ahora, solo podemos juzgar lo que ha sucedido. Y los precedentes son: el Bar\u00e7a perdi\u00f3 la final de Copa ante el Madrid y sus jugadores y t\u00e9cnicos esperaron en el campo a que su rival recogiera el trofeo. Otro: el Bar\u00e7a de Guardiola perdi\u00f3 una semifinal de Copa con el Sevilla y la reacci\u00f3n m\u00e1s notoria fue que Messi no encontraba consuelo para sus lloros en el vestuario del Pizju\u00e1n. Lo que sucede en el futuro, habr\u00e1 que verlo y juzgarlo. Si hasta ahora ha sabido ganar, esperemos que el Bar\u00e7a sepa perder. De lo contrario ser\u00eda muy criticable y una enorme decepci\u00f3n. Para m\u00ed, la misma que cuando otros equipos grandes no saben metabolizar una derrota.<\/p>\n<p>P.- Buenas tardes, se\u00f1or S\u00e1mano. S\u00f3lo quer\u00eda felicitarle por la Secci\u00f3n y, especialmente, por contar con Paul Shirley, una visi\u00f3n distinta y original. La verdad, aunque Santiago Solari es una gran colaboraci\u00f3n, le animo a que busque una visi\u00f3n tan heterodoxa para el f\u00fatbol. \u00a1Ah! y no me diga que Mart\u00edn Girard, porque no se trata de eso. Se trata de la originalidad del planteamiento, del enfoque de los temas, del humor. En fin, magn\u00edfico.<\/p>\n<p>R.- Muchas gracias y seguiremos en la b\u00fasqueda que usted propone.<\/p>\n<p>P.- Est\u00e1 usted de acuerdo con el Editorial que su peri\u00f3dico dedic\u00f3 al Real Madrid? Gracias.<\/p>\n<p>R.- Los editoriales son la opini\u00f3n del peri\u00f3dico respecto a un tema concreto. Y as\u00ed lo expres\u00f3 el domingo en El acento. El peri\u00f3dico se posicion\u00f3 editorialmente en contra de la actitud de Mourinho y cada cual que juzgue si est\u00e1 de acuerdo o no, ya sea en su fondo o en las formas. Mi opini\u00f3n al respecto sobre sus actitudes creo que ha quedado bastante clara siempre en mis art\u00edculos de los \u00faltimos a\u00f1os y casi cada lunes en estas charlas. No me gusta el comportamiento de Mourinho, entrene a quien entrene. Me parece antideportivo, es perjudicial para el f\u00fatbol espa\u00f1ol, el deporte en general y el Real Madrid en particular. No concibo semejante intolerancia ante las derrotas, sobre todo cuando, adem\u00e1s, se tienen muy pocas. Si el Madrid empat\u00f3 en Vila-real es porque no supo cerrar el partido ante un rival muy angustiado, porque le pudo su tendencia al trivote y porque Senna estuvo m\u00e1s afortunado que Casillas. Puro f\u00fatbol, as\u00ed es el juego. Son muchos los partidos en los que los dos equipos pueden encontrar coartadas arbitrales. Sin ir m\u00e1s lejos, en el Madrigal: dos penaltis de Arbeloa, una tarjeta perdonada a Lass (lo vio hasta Mou, que le quit\u00f3 para no correr riesgos), una mal sacada a Pepe, una perdonada a Bruno, una falta bien pitada a Altintop, etc&#8230; Y una reflexi\u00f3n m\u00e1s: mientras Mourinho y su banquillo cargaban contra el \u00e1rbitro, Cristiano (no estuvo bien su gesto del robo, pero s\u00ed su respuesta deportiva) se ech\u00f3 al equipo a la espalda y con nueve el Madrid logr\u00f3 meter en el \u00e1rea al Villarreal. Esa es la respuesta de un grande, de un gran Cristiano y un gran Real Madrid. No puede ser que un equipo con tantos y tantos honores se desquicie por una falta (aunque hubiera estado mal pitada) a 30 metros de su porter\u00eda. <\/p>\n<p>P.- Cree que el referato espa\u00f1ol es de lo peor entre los pa\u00edses de primera linea en futbol?<\/p>\n<p>R.- De verdad que no me fijo mucho en los \u00e1rbitros, ni espa\u00f1oles ni chipriotas. Es Mourinho quien ha puesto el acento en asuntos arbitrales y conspiraciones que me parec\u00edan desterradas del f\u00fatbol espa\u00f1ol desde hace 30 a\u00f1os. Cre\u00eda (iluso de m\u00ed) que tras los \u00e9xitos de Madrid y Bar\u00e7a (y otros equipos espa\u00f1oles, por supuesto) en Europa, el un\u00e1nime reconocimiento universal a la selecci\u00f3n y el lujo de una Liga con Messi, Cristiano y muchos m\u00e1s, el relato ser\u00eda otro, no el dichoso fango arbitral, los despachos, etc&#8230; Desde lo puramente futbol\u00edstico, Espa\u00f1a se est\u00e1 perdiendo un debate de lo m\u00e1s enriquecedor. Ya quisieran muchos otros pa\u00edses. <\/p>\n<p>P.- Buenas Tardes, don Jos\u00e9. Despu\u00e9s de los tan reiterados desplantes a la prensa, \u00bf no cree usted que cuando se decida a levantar la ley del silencio, el Sr. Mourinho, los periodistas deber\u00edan de hacer alg\u00fan tipo de plante, o de boicot, avandonando la sala de prensa ?. Creo que alguna se\u00f1al habr\u00eda que mandarle a este se\u00f1or, para que no se crea del todo que es el amo del cotarro. Un saludo.<\/p>\n<p>R.- En mi modesta opini\u00f3n, los periodistas deben estar en su puesto. No est\u00e1n para hacer plantes. Cuando Mourinho se silencia lo pagan los aficionados que hubieran esperado alguna respuesta. \u00c9l lo hace para, entre otras cosas, poner a la prensa en el centro de la diana, al frente de todos los enemigos fantasmalmente imaginados. \u00bfEs posible creer la totalidad de enemigos que en casi dos temporadas ha querido ver Mourinho? Repasemos la lista: los periodistas, los \u00e1rbitros (primeros, segundos, terceros y cuartos), los entrenadores rivales que supuestamente no alinean ante el Bar\u00e7a a los mejores, la UEFA, la Federaci\u00f3n Espa\u00f1ola, el pseudomadridismo, el madridismo que no anima lo suficiente, Jorge Valdano, los futbolistas adversarios que presuntamente no son tan duros con Messi como con Cristiano, los encargados de sortear el calendario&#8230; <\/p>\n<p>P.- Buenas noches. A Segurola y a Vd les considero periodistas independientes y prestigosos. Es la primera vez en mi vida que intervengo en una entrevista. Gracias anticipado por atenderme: Independientemente de mis simpatias por el Bar\u00e7a,le pregunto : \u00bfCu\u00e1nto cobran los tres se\u00f1ores del comit\u00e9 de Competicion de la Federaci\u00f3n de futbol? Como se puede entender que &#8220;HP&#8221; no sea calficado de insulto? <\/p>\n<p>R.- No tengo ni idea de lo que cobran, pero lo mismo da, ese no es el problema. El problema es que interpretan la justicia como les da la gana, como veletas, al antojo de unos y otros. Guardiola tiene toda la raz\u00f3n: el desconcierto y desprestigio es may\u00fasculo. Cualquier d\u00eda sancionar\u00e1n con gravedad a alg\u00fan modesto jugador de un modest\u00edsimo equipo por no tratar de usted a un \u00e1rbitro.<\/p>\n<p>P.- Buenas Jos\u00e9.\u00bfQu\u00e9 opini\u00f3n te merece el tridente,Benzema,Higua\u00edn,Cristiano,es una opci\u00f3n m\u00e1s,o una soluci\u00f3n de urgencia,ante las bajas?<\/p>\n<p>R.- Me parece una soluci\u00f3n fant\u00e1stica, la mejor posible. El Bar\u00e7a ha ganado sus tres recientes Copas de Europa con tres delanteros al frente. Bien ordenados, con CR, el Pipa y Benzema, pocos podr\u00edan resistir a este Madrid. <\/p>\n<p>P.- Buenas , una peculiaridad de este Madrid es que o arrasa o se ponen nerviosos , parece que falta armon\u00eda , equilibrio , se le vi\u00f3 el otro d\u00eda cuando les marcaron en la Champions y tambien con el Villarrreal , no cree que la presi\u00f3n de Mou por ganar algo importante est\u00e1 afectando negativamente al equipo? Gracias .<\/p>\n<p>R.- Insisto: la intolerancia a la derrota nunca es buena, m\u00e1xime cuando se tienen tantos argumentos futbol\u00edsticos como tiene este Real Madrid. \u00bfPresi\u00f3n? Todo el que juega o entrena en un club semejante tiene que saber manejarla. \u00bfPodemos imaginarnos la presi\u00f3n que tienen el Sporting o el Racing, por ejemplo, que puede que tengan en juego hasta su supervivencia? Y hay una certidumbre a la vista: con Mou tranquilo, el Madrid ha ido como un tiro en la Liga y en la Copa de Europa, de r\u00e9cord en r\u00e9cord. <\/p>\n<p>P.- Hola Jos\u00e9, \u00bfCu\u00e1l crees que es el motivo por el que S\u00e1nchez Arminio no actua de oficio ante casos como los del dedo de Mou, el pisot\u00f3n de Pepe o lo del otro d\u00eda en Vilareal, y si lo hace por lo Piqu\u00e9?<\/p>\n<p>R.- El \u00fanico motivo es que es S\u00e1nchez Arminio, que act\u00faa como cuando era \u00e1rbitro: unas veces es mano y otras no, unas veces es tarjeta y otras no; eg\u00fan me d\u00e9 el aire.<\/p>\n<p>P.- Una de las m\u00e1ximas, no siempre cumplida, en comunicaci\u00f3n institucional es la presencia de un portavoz con un discurso claro en momentos de incertidumbre. En la primera plantilla de f\u00fatbol del Madrid no hay nada de esto en los \u00faltimos d\u00edas (excepto el Twitter de Parames), lo que me lleva a pensar que Mourinho no es tan buen gestor de comunicaci\u00f3n como lo venden. \u00bfUd. qu\u00e9 cree?<\/p>\n<p>R.- Solo digo que el Madrid tiene un fant\u00e1stico producto futbol\u00edstico que vender, si no el mejor del mundo, est\u00e1 a un mil\u00edmetro. El Madrid tienen millones de motivos para creer, so\u00f1ar y disfrutar. A cambio, prefiere silenciar sus mejores voces y no cortar del todo el hilo con los parameses&#8230; As\u00ed son los tiempos. <\/p>\n<p>P.- Don Jos\u00e9, quisiera solo hablar de F\u00fatbol pero lamentablemente hay mucho ruido alrededor! Que le parecen las decisiones del Comite de disiplina? para m\u00ed es como decir: &#8220;le perdono una al Barca (Pique -premeditado-) y por eso tambien una al madrid (Cristiano -robar, robar &#8230;-)&#8221;! eso no es justo con el resto de equipos? que har\u00eda usted para acabar con esta payasada? <\/p>\n<p>R.- Crear un comit\u00e9 de competici\u00f3n en Marte.<\/p>\n<p>P.- Hola Jos\u00e9. \u00bfCu\u00e1les crees que son las razones de la buena temporada de Osasuna?\u00bfLo ves jugando en Europa el pr\u00f3ximo a\u00f1o?<\/p>\n<p>R.- Si no en Europa, a un paso. Creo que Osasuna ha recuperado los mejores valores gen\u00e9ticos de Osasuna. Un club ejemplar por muchas cosas.<\/p>\n<p>P.- Mundial. Eurocopa. Mundial de Clubes, Champions. Copa UEFA. \u00bfCu\u00e1ndo ser\u00e1 que el madridismo va a comportarse a la altura de esta \u00e9poca dorada del f\u00fatbol espa\u00f1ol? Y de paso, en horabuena por la mejor secci\u00f3n de deportes del planeta hispano.<\/p>\n<p>R.- Yo creo que el madridismo (amplio concepto) en general est\u00e1 muy a la altura y no olvidemos que su contribuci\u00f3n a esta \u00e9poca dorada del f\u00fatbol espa\u00f1ol es may\u00fascula, de Del Bosque a Casillas pasando por otros muchos. <\/p>\n<p>P.- Buenas tardes. Usted nunca me responde y agradecer\u00eda una excepcion. La pregunta es: Cree usted que el poder del dinero juega al futbol, digamos como el numero 12?<\/p>\n<p>R.- \u00bfY en qu\u00e9 sector de la vida no juega el dinero? Por supuesto que el dinero manda en el f\u00fatbol, como en tantas y tantas actividades. Por eso celebramos los milagros de esos equipos sorpresa o cuando un director es capaz de hacer un pelicul\u00f3n con cuatro perras.<\/p>\n<p>P.- sr. s\u00e1mano, si Mourinho &#8220;ha comido el coco&#8221; incluso a Butrague\u00f1o \u00bfqu\u00e9 nos queda?<\/p>\n<p>R.- Tengo una enorme estima por Butrague\u00f1o desde sus tiempos de jugador. Y me dio l\u00e1stima su intervenci\u00f3n en Canal +, sus apuros para justificar la injustificable actitud de Mourinho. Un madridista de sangre intentando justificar una causa en la que seguramente no cree. Lo mismo que Pardeza, por el que tambi\u00e9n siento una gran estima. <\/p>\n<p>P.- Hola Pepe &#8211; Tan importantes son las opiniones de los jugadores o de los entrenadores post-partido? Yo prefiero los analisis de los periodistas y de los expertos. Las respuestas de los futbolistas\/entrenadores son casi siempre discursos preparados con poca auto-critica. En muchos casos estas declaraciones en caliente solo sirven para crear polemicas y generar violencia verbal. Gracias y saludos desde Suiza.<\/p>\n<p>R.- El inter\u00e9s de los periodistas parte del inter\u00e9s de los lectores, oyentes o espectadores. Y muchas veces los destemples de algunos no tienen nada que ver con un calent\u00f3n. Recuerdo que varios minutos despu\u00e9s de meter el dedo en el ojo a Tito Vilanova, Mourinho a\u00fan hizo una chifla en la rueda de prensa en torno a &#8220;Pito&#8221;. Tuvo tiempo de darse una ducha fr\u00eda y no lo hizo.<\/p>\n<p>P.- Buenas tardes: A mi modo de ver la plantilla madridista es mejor que la del Bar\u00e7a, \u00bfNo cree que Mouri\u00f1o deber\u00eda gestionar esta ventaja de otra manera?\u00bfQue jugadores considera que deber\u00edan tener m\u00e1s oportunidades? Saludos.<\/p>\n<p>R.- Por distintas circunstancias, Mourinho no encontrado en Sahin o Altintop lo que Guardiola en Cuenca o Tello. Las plantillas se pueden manejar de muchas formas, pero no olvidemos que el l\u00edder es el Madrid, luego la gesti\u00f3n de su t\u00e9cnico al respecto parece la adecuada.<\/p>\n<p>P.- Admirador soy de los prosemas que usted escribe en El Pa\u00eds. Gracias por inspirar a los que amamos nuestro idioma. Pero vamos al grano. He notado en los \u00faltimos meses a un ab\u00falico y displicente Cesc F\u00e1bregas deambulando sobre el c\u00e9sped cerca de la porter\u00eda de los adversarios como espectador del esfuerzo de sus compa\u00f1eros para vencer al conjunto contrario. Si lo ha notado,\u00bfgusta usted compartir con nos explicaci\u00f3n del comportamiento aludido?<\/p>\n<p>R.- Yo tambi\u00e9n he notado un baj\u00f3n considerable en el rendimiento de Cesc respecto al inicio de la temporada, pero desconozco las causas. Ha pasado de ser un tercer delantero a un centrocampista con llegada cuando el equipo juega con Messi y dos extremos (Pedro, Alexis, Cuenca o Tello) y su peso en el juego ha ca\u00eddo. Quiz\u00e1 porque como volante para llevar el juego est\u00e1 por debajo de Iniesta y Xavi.<\/p>\n<p>P.- Tranquil\u00edzame, Jos\u00e9, o ratifica el diagn\u00f3stico. Despu\u00e9s de ver el partido del RM en Vila-real y observar la reacci\u00f3n de varios jugadores, he llegado a pensar seriamente que me hab\u00eda vuelto loco porque no entend\u00eda nada. Debo ir al psiquiatra? O debe hacerlo el inefable Mou?<\/p>\n<p>R.- Solo debe pensar que vio un simple partido de f\u00fatbol en el que no apareci\u00f3 el mejor Madrid, pero a\u00fan as\u00ed estuvo a punto de ganar. Lo impidi\u00f3 una jugada aislada, un acierto de Senna y un descuido nada habitual de Casillas. F\u00fatbol y nada m\u00e1s que f\u00fatbol. Todo lo dem\u00e1s me parecen cortinas de humo. El Bar\u00e7a regal\u00f3 un tiempo en Pamplona, casi nada hizo en Getafe, se dej\u00f3 remontar en Anoeta, pag\u00f3 una actuaci\u00f3n sublime de Javi Varas en el Camp Nou, etc&#8230; <\/p>\n<p>P.- Buenas tardes, Jos\u00e9. Creo que somos bastantes los madridistas a los que no nos gusta la actitud de Mourinho, pero que al mismo tiempo desconfiamos de quienes desde un evidente antimadridismo dicen velar por la imagen del Real Madrid. \u00bfQu\u00e9 cree que podemos hacer aparte de ver los partidos, que al fin y al cabo es lo que m\u00e1s nos gusta a los futboleros?<\/p>\n<p>R.- Disfrutar de lo lindo con un equipazo que lleva 75 puntos y 95 goles, que ha sacado de media un notable muy alto en 24 de los 29 partidos de Liga que ha jugado (salvo Levante, Racing, Bar\u00e7a, M\u00e1laga -empat\u00f3 mereciendo ganar- y Villarreal), que lleva una Champions inmaculada y que se corrigi\u00f3 de forma maravillosa en la vuelta de Copa del Camp Nou. <\/p>\n<p>P.- Buenas Jos\u00e9: Me sigue impactando la caida libre del Valencia \u00bflo ve aguantando la tercera plaza o seguir\u00e1 as\u00ed sudando por la europa league? yo lo veo muy negro.<\/p>\n<p>R.- Valencia es una plaza dificil\u00edsima, siempre convulsa, casi nunca se ve a la gente satisfecha. El equipo ha sufrido un baj\u00f3n, de acuerdo. \u00a1Pero si hasta Bar\u00e7a y Madrid han tropezado! Y el Bayern, y el City, y el Chelsea&#8230; El Valencia, por ahora, lo m\u00e1s arriba que puede estar y compite ah\u00ed con un equipo con m\u00e1s chequera (el M\u00e1laga). Y en Europa tiene recorrido&#8230;<\/p>\n<p>P.- Se\u00f1or S\u00e1mano, su medio es de los pocos que hace una lectura objetiva de lo que pasa en esta liga. Se lo agradecemos. Parece que el sue\u00f1o del M\u00e1laga se materializa en resultados concretos. \u00bfDe qui\u00e9n ha sido el acierto? \u00bfHa conseguido Pellegrini poner su sello al equipo?\u00bfDebemos los malaguistas seguir so\u00f1ando? Muchas gracias por atendernos<\/p>\n<p>R.- Poco a poco Pellegrini ha impuesto su sello y en la segunda vuelta el equipo ha mejorado mucho, sobre todo en defensa, su l\u00ednea m\u00e1s floja. Lo m\u00e1s inquietante de su futuro me parece la baja de Toulalan, un jugador que me encanta desde sus tiempos en Lyon. Pero con todo veo al M\u00e1laga muy arriba al final del curso. Puede que sea el inicio de algo m\u00e1s grande, gestores como Hierro y Antonio Fern\u00e1ndez saben lo que hacen.<\/p>\n<p>P.- Hola Jos\u00e9. Lo del Zaragoza no hay quien lo explique. Sinceramente, \u00bfle ve con posibilidades de salvarse? \u00bfes m\u00e1s m\u00e9rito suyo o dem\u00e9rito del resto de equipos de la zona baja?<\/p>\n<p>R.- La fe que demostr\u00f3 en Mestalla y el domingo ante el Atl\u00e9tico merecen darle una oportunidad. Tras su paso por el Molin\u00f3n en la pr\u00f3xima jornada pueden despejarse a\u00fan m\u00e1s dudas. S\u00ed parece que el equipo ha recobrado el orgullo tras el 5-1 de La Rosaleda y aquella leve espantada de Jim\u00e9nez.<\/p>\n<p>P.- Buenas tardes Jose. \u00bfNo crees que el Madrid est\u00e1 echando mucho de menos a Di Mar\u00eda, m\u00e1s si se tiene en cuenta que quien ocupa su puesto es Kaka? El brasile\u00f1o no sabe leer el juego, conduce cuando no debe, ralentiza el ritmo de juego, pierde infinidad de balones comprometidos&#8230; Por no hablar de que la ausencia de Di Maria hace que el equipo se parta en dos constantemente. Gracias<\/p>\n<p>R.- Kak\u00e1 ha tenido ratos buenos, pero solo eso, ratos. Me sorprendi\u00f3 su poca actividad del s\u00e1bado ante la Real, en un partido para lucirse, c\u00f3modo, sin colmillos, a placer. En todo caso, hoy me quedo con Di Mar\u00eda. Su vuelta ser\u00e1 un enorme plus para el Madrid. Es intenso, tiene desborde, asiste y marca goles. Su regreso ser\u00eda la mejor noticia para el Madrid. Dicho lo cual, prefiero al Kak\u00e1 de ratos que a Altintop, Lass o Khedira por el eje. <\/p>\n","protected":false},"excerpt":{"rendered":"<p>El Redactor Jefe de Deportes charla con los lectores de EL PA\u00cdS sobre la Liga y toda la actualidad deportiva. <\/p>\n","protected":false},"author":1,"featured_media":0,"comment_status":"open","ping_status":"open","sticky":false,"template":"","format":"standard","meta":{"footnotes":""},"categories":[],"tags":[],"class_list":["post-10008","post","type-post","status-publish","format-standard","hentry"],"_links":{"self":[{"href":"https:\/\/intervius.com\/index.html\/wp-json\/wp\/v2\/posts\/10008","targetHints":{"allow":["GET"]}}],"collection":[{"href":"https:\/\/intervius.com\/index.html\/wp-json\/wp\/v2\/posts"}],"about":[{"href":"https:\/\/intervius.com\/index.html\/wp-json\/wp\/v2\/types\/post"}],"author":[{"embeddable":true,"href":"https:\/\/intervius.com\/index.html\/wp-json\/wp\/v2\/users\/1"}],"replies":[{"embeddable":true,"href":"https:\/\/intervius.com\/index.html\/wp-json\/wp\/v2\/comments?post=10008"}],"version-history":[{"count":0,"href":"https:\/\/intervius.com\/index.html\/wp-json\/wp\/v2\/posts\/10008\/revisions"}],"wp:attachment":[{"href":"https:\/\/intervius.com\/index.html\/wp-json\/wp\/v2\/media?parent=10008"}],"wp:term":[{"taxonomy":"category","embeddable":true,"href":"https:\/\/intervius.com\/index.html\/wp-json\/wp\/v2\/categories?post=10008"},{"taxonomy":"post_tag","embeddable":true,"href":"https:\/\/intervius.com\/index.html\/wp-json\/wp\/v2\/tags?post=10008"}],"curies":[{"name":"wp","href":"https:\/\/api.w.org\/{rel}","templated":true}]}}