{"id":10004,"date":"2010-03-31T00:00:00","date_gmt":"2006-11-06T00:00:00","guid":{"rendered":"https:\/\/intervius.com\/index.html\/?p=10004"},"modified":"2006-11-06T00:00:00","modified_gmt":"2006-11-06T00:00:00","slug":"Marc_Marquez10004","status":"publish","type":"post","link":"https:\/\/intervius.com\/index.html\/Marc_Marquez10004\/","title":{"rendered":"Marc M\u00e1rquez"},"content":{"rendered":"<p>Pregunta.- Hola Marc, lo primero de todo enhorabuena por esa gran vuelta en los test de Jerez, ha sido increible. Mi pregunta es, viendo el resultado que estas obteniendo con la Derbi, \u00bfen que puestos crees que estar\u00e1s esta temporada?, yo viendo la progresi\u00f3n de estos a\u00f1os, creo que vas a estar en lo m\u00e1s alto del podio. Mucha suerte. Este abril nos vemos en Jap\u00f3n, ya que estoy viviendo aqu\u00ed, a ver si nos vemos por el padock. Un saludo y suerte.<\/p>\n<p>Respuesta.- Mi ilusi\u00f3n es luchar por los puestos de delante, aunque est\u00e1 claro acabar ah\u00ed en todas las carreras y a lo largo del campeonato, ya que un factor importante es la regularidad m\u00e1s que conseguir victorias. Muchas veces es mejor mantenerse entre los cinco primeros que ir a por la victoria y arriesgarte a una ca\u00edda. <\/p>\n<p>P.- Marc,como perteneciente a la quinta del 93 al igual que tu,decirte que me siento orgulloso de lo que estas consiguiendo a los 17 a\u00f1os y,como aficionado a las motos,de que seas uno de los nuestros. Mucho \u00e1nimo este a\u00f1o,porque estoy seguro de que vas a dar mucha guerra,y ojal\u00e1 consigas el titulo,porque creo que serias el m\u00e1s j\u00f3ven en ganarlo Mi pregunta es la siguiente: Como te ves en la lucha cuerpo a cuerpo con los demas pilotos de la categoria ahora que cuentas con una moto que te va a hacer jugartela menos que la KTM y siendo este tu tercer a\u00f1o? Mucha suerte Marc!! \ud83d\ude42<\/p>\n<p>R.- La lucha cuerpo a cuerpo ser\u00e1 m\u00e1s f\u00e1cil porque la moto corre un pel\u00edn m\u00e1s y voy m\u00e1s c\u00f3modo. Espero que en Qatar si se da una carrera de grupo me pueda defender bien y hacer una buena carrera. Con la KTM siempre iba al l\u00edmite y con la de ahora me permite ir un poco mejor.<\/p>\n<p>P.- Hola Marc, paciencia este a\u00f1o, que con el talento que tienes los resultados vendr\u00e1n solos! ya ver\u00e1s! Estuviste en Madrid en la presentaci\u00f3n de Pedrosa, el que dices que es tu \u00eddolo y modelo. \u00bfTe dio alg\u00fan consejo para ganar? \u00bfC\u00f3mo le ves a \u00e9l este a\u00f1o en MotoGP? Felicidades m\u00e1quina!<\/p>\n<p>R.- Pedrosa no me dio ninguno en concreto, aunque para consejos los de Emilio Alzamora, que me los da muy buenos. A Dani parece que de momento no le est\u00e1n saliendo las cosas como \u00e9l desear\u00eda, est\u00e1 sufriendo un poco, pero no me cabe duda que en Qatar estar\u00e1 bien con todo el apoyo de Honda.<\/p>\n<p>P.- Hola crack, te quiero preguntar tres cosas: 1) \u00bfA qui\u00e9n dedicar\u00edas tu primera victoria en 125? 2) \u00bfEst\u00e1s estudiando o te dedicas plenamente a las motos? Si Derbi fuera cualquier equipo de f\u00fatbol, \u00bfcu\u00e1l ser\u00eda?<\/p>\n<p>R.- La victoria se la dedicar\u00eda a mi familia, a Emilio Alzamora y a toda la gente que me ha estado apoyando estos a\u00f1os. Compagino las motos con los estudios (estoy estudiando un ciclo de administraci\u00f3n e inform\u00e1tica). Y la tercera pregunta\u2026 Creo que ser\u00eda el Bar\u00e7a.<\/p>\n<p>P.- hola Marc mi pregunta es conoces a Rossi y alguna vez te ha dado algun consejo?<\/p>\n<p>R.- Tuve la oportunidad de conocerlo en Montmel\u00f3, y me recomend\u00f3 ir poco a poco, paso a paso, que no corriese demasiado. Me recomend\u00f3 prudencia.<\/p>\n<p>P.- Hola Marc.\u00bfC\u00f3mo te encuentras con tu nueva moto?\u00bfQu\u00e9 diferencia hay entre esta y la KTM del a\u00f1o pasado? Gracias y suerte campe\u00f3n,que este a\u00f1o ganas el mundial.<\/p>\n<p>R.- La Derbi es totalmente diferente, empezando por el motor, que es mucho m\u00e1s el\u00e9ctrico, responde mucho m\u00e1s fino en las curvas, y sobre todo el chasis, que lo estoy notando mucho. Me dijeron que me costar\u00eda, pero de momento, al ser r\u00edgido, lo estoy controlando bien. <\/p>\n<p>P.- Hola Mark.todo el mundo cree que llevas una aprilia por que vas muy rapido.en el campeonato del mundo nunca has llevado una aprilia pero en la medida de lo posible \u00bfen que se direferencian una APRILIA RSA a una DERBI RSA? mucha suerte y este a\u00f1o te llevas el mundial.suerte<\/p>\n<p>R.- T\u00e9cnicamente es lo mismo, tanto Derbi como Aprilia est\u00e1n dentro del grupo Piaggio y la moto es pr\u00e1cticamente la misma, solo cambia el nombre.<\/p>\n<p>P.- \u00bfQu\u00e9 tal Marc? Alzamora ha influido en tu manera de pilotar y de c\u00f3mo trazar en curvas y adelantamientos o es algo natural tuyo, a\u00fan d\u00e1ndote consejos. Gracias futuro campe\u00f3n.<\/p>\n<p>R.- Alzamora me cogi\u00f3 desde los doce a\u00f1os y me ha metido \u2018vicios\u2019 que son muy buenos. Tambi\u00e9n me ha ayudado en la trazada. Yo ya era un piloto que ya la ten\u00eda muy fina, pero \u00e9l me ha ayudado a acabarla de pulir. Y esto posiblemente haya influido en mi pilotaje. Otra de las cosas que en las que me ha ayudado ha sido al decirme que las frenadas son importantes, pero donde m\u00e1s tiempo se gana es a las salidas de las curvas. <\/p>\n<p>P.- te conformas a donde has llegado o que meta buscas? mucha suerte en la temporada y a seguir asi. felicidades<\/p>\n<p>R.- Est\u00e1 claro que no me puedo confirmar, a\u00fan soy un novato de la categor\u00eda. La experiencia del a\u00f1o pasado me lleva a intentar luchar cada carrera en el podio, y si puedo ganar, mejor que mejor. Siempre hay que aspirar a m\u00e1s.<\/p>\n<p>P.- Buenos d\u00edas Marc. Enhorabuena por tu prometedor futuro, vas a darnos muchas alegr\u00edas a todos. \u00bfEres periquito o cul\u00e9?<\/p>\n<p>R.- Cul\u00e9, cul\u00e9. Toda mi familia es cul\u00e9\u2026 Aunque al Espanyol le tengo mucha simpat\u00eda. Y el mejor es Messi, sin duda.<\/p>\n<p>P.- Marc,este a\u00f1o por fin parece que tienes una moto competitiva, sinceramente \u00bfpiensas que puedes ganar el Mundial o lo de Jerez, es una mera an\u00e9cdota?.Yo pienso que el futuro es tuyo,\u00c1nimo.<\/p>\n<p>R.- Est\u00e1 claro que en Jerez hice un tiempo muy bueno, pero las carreras a\u00fan no han empezado. Qui\u00e9n sabe si voy a Qatar y me surge cualquier problema que me puede dejar fuera de la pelea\u2026Pero est\u00e1 claro que la ilusi\u00f3n es estar lo m\u00e1s arriba posible, peleando adelante e intentar conquistar el t\u00edtulo, aunque esto \u00faltimo es otra cosa.<\/p>\n<p>P.- Hola que tal Marc, me alegra mucho que haya chavales como tu con 16 dando ca\u00f1a en el mundial. El otro dia Lorenzo dijo que no tenia carnet de motos. Tu supongo por tu edad que no lo tendr\u00e1s, pero \u00bfsolo os gusta conducir en circuito no os gusta pasear con una moto en la calle?. gracias marc<\/p>\n<p>R.- Por la calle es m\u00e1s peligroso, evidentemente. Si tengo la posibilidad de ir a un circuito prefiero correr en \u00e9l que en la calle. Es mucho m\u00e1s seguro.<\/p>\n<p>P.- Hola Marc, para serte sincero me resulta estra\u00f1o ver a un chico de mi edad donde estas tu, espero que te vaya muy bien. Aqui van mis preguntas:\u00bf Te has adaptado bien a la derbi?\u00bf hay mucha diferencia entre esta y la ktm?\u00bf desde el principio notaste que es una moto mucho mejor y que te permitira estar delante mas facilmente? Muchas gracias colega, y mucha suerte<\/p>\n<p>R.- Desde el primer entreno que hice con la Derbi me adapt\u00e9 muy bien, vi que era una moto muy competitiva y que era mejor que la KTM. A lo largo de la pretemporada esas primeras sensaciones se han convertido en una realidad. Me adapt\u00e9 r\u00e1pido a ella, es m\u00e1s f\u00e1cil de llevar que la KTM.<\/p>\n<p>P.- Qui\u00e9nes van a ser tus principales rivales de cara a la lucha por el t\u00edtulo? \u00bfDe no ganar t\u00fa \u00bfqui\u00e9n querr\u00edas que lo hiciese? \u00bfqui\u00e9n crees que va a ganar Moto2 y MotoGP?<\/p>\n<p>R.- Los rivales creo que van a ser los que se han visto bien en pretemporada: Pol Espargar\u00f3, Nico Terol e incluso Bradley Smith, a pesar de los problemas de este \u00faltimo durante los test de pretemporada. Luego Efr\u00e9n V\u00e1zquez y Cort\u00e9s tambi\u00e9n lo est\u00e1n haciendo bien\u2026 El tema de qui\u00e9n me gustar\u00eda que ganase si no lo hiciese yo\u2026 pues no tengo respuesta, porque est\u00e1 claro que a todos nos gusta ganar siempre. Campe\u00f3n de Moto2 veo a Toni El\u00edas y en MotoGP Valentino tiene una experiencia que no se la quita nadie.<\/p>\n","protected":false},"excerpt":{"rendered":"<p>La \u00faltima joya de la cantera espa\u00f1ola afronta su tercera temporada mundialista con el t\u00edtulo de 125 cc. como gran objetivo. Ya conoce el sabor del podio, pero le falta lograr la primera victoria. espera que llegue cuanto antes con su nueva Derbi RSA para iniciar as\u00ed su asalto al t\u00edtulo. Marc M\u00e1rquez ha charlado con todos vosotros de su campa\u00f1a m\u00e1s prometedora.<\/p>\n","protected":false},"author":1,"featured_media":0,"comment_status":"open","ping_status":"open","sticky":false,"template":"","format":"standard","meta":{"footnotes":""},"categories":[],"tags":[],"class_list":["post-10004","post","type-post","status-publish","format-standard","hentry"],"_links":{"self":[{"href":"https:\/\/intervius.com\/index.html\/wp-json\/wp\/v2\/posts\/10004","targetHints":{"allow":["GET"]}}],"collection":[{"href":"https:\/\/intervius.com\/index.html\/wp-json\/wp\/v2\/posts"}],"about":[{"href":"https:\/\/intervius.com\/index.html\/wp-json\/wp\/v2\/types\/post"}],"author":[{"embeddable":true,"href":"https:\/\/intervius.com\/index.html\/wp-json\/wp\/v2\/users\/1"}],"replies":[{"embeddable":true,"href":"https:\/\/intervius.com\/index.html\/wp-json\/wp\/v2\/comments?post=10004"}],"version-history":[{"count":0,"href":"https:\/\/intervius.com\/index.html\/wp-json\/wp\/v2\/posts\/10004\/revisions"}],"wp:attachment":[{"href":"https:\/\/intervius.com\/index.html\/wp-json\/wp\/v2\/media?parent=10004"}],"wp:term":[{"taxonomy":"category","embeddable":true,"href":"https:\/\/intervius.com\/index.html\/wp-json\/wp\/v2\/categories?post=10004"},{"taxonomy":"post_tag","embeddable":true,"href":"https:\/\/intervius.com\/index.html\/wp-json\/wp\/v2\/tags?post=10004"}],"curies":[{"name":"wp","href":"https:\/\/api.w.org\/{rel}","templated":true}]}}